{"id":15668,"date":"2015-12-22T19:27:34","date_gmt":"2015-12-22T18:27:34","guid":{"rendered":"http:\/\/www.susannavaris.com\/blogg\/?p=15668"},"modified":"2015-12-22T19:27:34","modified_gmt":"2015-12-22T18:27:34","slug":"soders-hjaltar-recension-av-karl-olof-arnstberg","status":"publish","type":"post","link":"http:\/\/www.susannavaris.com\/blogg\/2015\/12\/soders-hjaltar-recension-av-karl-olof-arnstberg\/","title":{"rendered":"S\u00f6ders hj\u00e4ltar &#8211; recension av Karl Olof Arnstberg"},"content":{"rendered":"<p style=\"text-align: center;\"><a href=\"http:\/\/www.susannavaris.com\/blogg\/2015\/12\/soders-hjaltar-recension-av-karl-olof-arnstberg\/pelle-k\/\" rel=\"attachment wp-att-15669\"><img loading=\"lazy\" decoding=\"async\" class=\"aligncenter size-full wp-image-15669\" src=\"http:\/\/www.susannavaris.com\/blogg\/wp-content\/uploads\/2015\/12\/pelle-k.jpg\" alt=\"pelle-k\" width=\"720\" height=\"960\" srcset=\"http:\/\/www.susannavaris.com\/blogg\/wp-content\/uploads\/2015\/12\/pelle-k.jpg 720w, http:\/\/www.susannavaris.com\/blogg\/wp-content\/uploads\/2015\/12\/pelle-k-225x300.jpg 225w\" sizes=\"auto, (max-width: 720px) 100vw, 720px\" \/><\/a><em>Pelle Karlsson. Foto: Idiothem<\/em><\/p>\n<p>Humorgruppen Idiothem, som jag har en ganska s\u00e5 n\u00e4ra relation till, g\u00f6r sm\u00e5 filmer om den politiskt korrekte Pelle Karlsson p\u00e5 S\u00f6dermalm. Nu har filmerna recenserats av Karl Olof Arnstberg:<\/p>\n<blockquote class=\"wp-embedded-content\" data-secret=\"4L5BIXp1aJ\"><p><a href=\"https:\/\/morklaggning.wordpress.com\/2015\/12\/21\/soders-hjaltar\/\">S\u00f6ders hj\u00e4ltar<\/a><\/p><\/blockquote>\n<p><iframe loading=\"lazy\" class=\"wp-embedded-content\" sandbox=\"allow-scripts\" security=\"restricted\" style=\"position: absolute; clip: rect(1px, 1px, 1px, 1px);\" title=\"&#8221;S\u00f6ders hj\u00e4ltar&#8221; &#8212; Invandring och m\u00f6rkl\u00e4ggning\" src=\"https:\/\/morklaggning.wordpress.com\/2015\/12\/21\/soders-hjaltar\/embed\/#?secret=HsbKffVBdn#?secret=4L5BIXp1aJ\" data-secret=\"4L5BIXp1aJ\" width=\"600\" height=\"338\" frameborder=\"0\" marginwidth=\"0\" marginheight=\"0\" scrolling=\"no\"><\/iframe><\/p>\n<p>Alla filmerna finns p\u00e5 Idiothems Youtube-kanal: <a href=\"https:\/\/www.youtube.com\/channel\/UCcQaZBZHE4K96o5pKMiKS1A\">https:\/\/www.youtube.com\/channel\/UCcQaZBZHE4K96o5pKMiKS1A<\/a><\/p>\n<p>Idiothem finns \u00e4ven p\u00e5 Facebook: <a href=\"https:\/\/www.facebook.com\/idiothem\/?fref=ts\">Idiothem Facebook<\/a><\/p>\n<p>\u00c4ven sj\u00e4lvaste Pelle Karlsson finns p\u00e5 Facebook: <a href=\"https:\/\/www.facebook.com\/profile.php?id=100010347163343&amp;fref=ts\">Pelle Karlsson Facebook\u00a0<\/a><\/p>\n<p>Hj\u00e4lp g\u00e4rna till att dela filmerna!<\/p>\n<p>&nbsp;<\/p>\n","protected":false},"excerpt":{"rendered":"<p>Pelle Karlsson. Foto: Idiothem Humorgruppen Idiothem, som jag har en ganska s\u00e5 n\u00e4ra relation till, g\u00f6r sm\u00e5 filmer om den politiskt korrekte Pelle Karlsson p\u00e5 S\u00f6dermalm. Nu har filmerna recenserats av Karl Olof Arnstberg: Alla filmerna finns p\u00e5 Idiothems Youtube-kanal: &hellip; <a href=\"http:\/\/www.susannavaris.com\/blogg\/2015\/12\/soders-hjaltar-recension-av-karl-olof-arnstberg\/\">Forts\u00e4tt l\u00e4sa <span class=\"meta-nav\">&rarr;<\/span><\/a><\/p>\n","protected":false},"author":1,"featured_media":0,"comment_status":"open","ping_status":"open","sticky":false,"template":"","format":"standard","meta":{"footnotes":""},"categories":[181,9,154,259,4808,3358,4515,1321,1162,589,590],"tags":[4224,2413,5062,5161,4875,5064,1462,1562,4225,5162,5150],"class_list":["post-15668","post","type-post","status-publish","format-standard","hentry","category-feminism","category-film","category-genus","category-genusvetenskap","category-humor","category-identitetspolitik","category-invandring-och-integration","category-jamstalldhet","category-kultur","category-medier","category-politik","tag-asiktskorridor","tag-film-2","tag-idiothem","tag-karl-olof-arnstberg","tag-kortfilm","tag-pelle-karlsson","tag-pk","tag-recension","tag-satir","tag-sketch","tag-soders-hjaltar"],"_links":{"self":[{"href":"http:\/\/www.susannavaris.com\/blogg\/wp-json\/wp\/v2\/posts\/15668","targetHints":{"allow":["GET"]}}],"collection":[{"href":"http:\/\/www.susannavaris.com\/blogg\/wp-json\/wp\/v2\/posts"}],"about":[{"href":"http:\/\/www.susannavaris.com\/blogg\/wp-json\/wp\/v2\/types\/post"}],"author":[{"embeddable":true,"href":"http:\/\/www.susannavaris.com\/blogg\/wp-json\/wp\/v2\/users\/1"}],"replies":[{"embeddable":true,"href":"http:\/\/www.susannavaris.com\/blogg\/wp-json\/wp\/v2\/comments?post=15668"}],"version-history":[{"count":2,"href":"http:\/\/www.susannavaris.com\/blogg\/wp-json\/wp\/v2\/posts\/15668\/revisions"}],"predecessor-version":[{"id":15671,"href":"http:\/\/www.susannavaris.com\/blogg\/wp-json\/wp\/v2\/posts\/15668\/revisions\/15671"}],"wp:attachment":[{"href":"http:\/\/www.susannavaris.com\/blogg\/wp-json\/wp\/v2\/media?parent=15668"}],"wp:term":[{"taxonomy":"category","embeddable":true,"href":"http:\/\/www.susannavaris.com\/blogg\/wp-json\/wp\/v2\/categories?post=15668"},{"taxonomy":"post_tag","embeddable":true,"href":"http:\/\/www.susannavaris.com\/blogg\/wp-json\/wp\/v2\/tags?post=15668"}],"curies":[{"name":"wp","href":"https:\/\/api.w.org\/{rel}","templated":true}]}}