{"id":15672,"date":"2015-12-23T23:16:43","date_gmt":"2015-12-23T22:16:43","guid":{"rendered":"http:\/\/www.susannavaris.com\/blogg\/?p=15672"},"modified":"2015-12-23T23:16:44","modified_gmt":"2015-12-23T22:16:44","slug":"victoria-lovelace-som-gothic-christmas-elf","status":"publish","type":"post","link":"http:\/\/www.susannavaris.com\/blogg\/2015\/12\/victoria-lovelace-som-gothic-christmas-elf\/","title":{"rendered":"Victoria Lovelace som Gothic Christmas Elf"},"content":{"rendered":"<p>H\u00e4romveckan s\u00e5g jag en helt fantastisk, gotisk jultomte p\u00e5 Stockholms Centralstation. Hon stannade till vid Burger King, s\u00e5 jag fick tillf\u00e4lle att g\u00e5 fram och fr\u00e5ga om jag fick fotografera henne (s\u00e5dant \u00e4r ju alltid roligt att ha p\u00e5 Instagram etc, t\u00e4nkte jag&#8230;). Jovisst, det gick bra. Hon hette Victoria Lovelace och det visade sig att hon \u00e4r en etablerad alternativ -\/goth-modell. Jag har roat mig med att g\u00f6ra ett digitalt collage p\u00e5 den bild jag tog d\u00e5 vi tr\u00e4ffades&#8230;<\/p>\n<p style=\"text-align: center;\"><a href=\"http:\/\/www.susannavaris.com\/blogg\/2015\/12\/victoria-lovelace-som-gothic-christmas-elf\/victoria-lovelace-christmas-elf-diff-50-text\/\" rel=\"attachment wp-att-15673\"><img loading=\"lazy\" decoding=\"async\" class=\"aligncenter size-full wp-image-15673\" src=\"http:\/\/www.susannavaris.com\/blogg\/wp-content\/uploads\/2015\/12\/Victoria-Lovelace-Christmas-Elf-diff-50-text.jpg\" alt=\"Victoria Lovelace Christmas Elf diff 50 text\" width=\"1772\" height=\"2362\" srcset=\"http:\/\/www.susannavaris.com\/blogg\/wp-content\/uploads\/2015\/12\/Victoria-Lovelace-Christmas-Elf-diff-50-text.jpg 1772w, http:\/\/www.susannavaris.com\/blogg\/wp-content\/uploads\/2015\/12\/Victoria-Lovelace-Christmas-Elf-diff-50-text-225x300.jpg 225w, http:\/\/www.susannavaris.com\/blogg\/wp-content\/uploads\/2015\/12\/Victoria-Lovelace-Christmas-Elf-diff-50-text-768x1024.jpg 768w\" sizes=\"auto, (max-width: 1772px) 100vw, 1772px\" \/><\/a><em><span id=\"fbPhotoSnowliftCaption\" class=\"fbPhotosPhotoCaption\" tabindex=\"0\" data-ft=\"{&quot;tn&quot;:&quot;K&quot;}\"><span class=\"hasCaption\">Gothic Christmas Elf, digital assemblage. <\/span><\/span><span id=\"fbPhotoSnowliftCaption\" class=\"fbPhotosPhotoCaption\" tabindex=\"0\" data-ft=\"{&quot;tn&quot;:&quot;K&quot;}\"><span class=\"hasCaption\">Artwork\/photos: Susanna Varis Model: Victoria Lovelace <\/span><\/span><\/em><\/p>\n<p style=\"text-align: left;\">Victoria Lovelace <a href=\"https:\/\/www.facebook.com\/officialvictorialovelace\">Facebook<\/a> och <a href=\"https:\/\/www.instagram.com\/victorialovelace\/\">Instagram<\/a><\/p>\n","protected":false},"excerpt":{"rendered":"<p>H\u00e4romveckan s\u00e5g jag en helt fantastisk, gotisk jultomte p\u00e5 Stockholms Centralstation. Hon stannade till vid Burger King, s\u00e5 jag fick tillf\u00e4lle att g\u00e5 fram och fr\u00e5ga om jag fick fotografera henne (s\u00e5dant \u00e4r ju alltid roligt att ha p\u00e5 Instagram &hellip; <a href=\"http:\/\/www.susannavaris.com\/blogg\/2015\/12\/victoria-lovelace-som-gothic-christmas-elf\/\">Forts\u00e4tt l\u00e4sa <span class=\"meta-nav\">&rarr;<\/span><\/a><\/p>\n","protected":false},"author":1,"featured_media":0,"comment_status":"open","ping_status":"open","sticky":false,"template":"","format":"standard","meta":{"footnotes":""},"categories":[7,361,3,415,14,2262],"tags":[3812,1891,4905,2016,5164,949,17,4907,4924,5163],"class_list":["post-15672","post","type-post","status-publish","format-standard","hentry","category-egna-verk","category-goth","category-konst","category-lowbrow","category-mode","category-pop-surrealism","tag-digital-assemblage","tag-digital-konst","tag-goth","tag-gothic","tag-gothic-christmas-elf","tag-jul","tag-konst-2","tag-lowbrow","tag-pop-surrealism","tag-victoria-lovelace"],"_links":{"self":[{"href":"http:\/\/www.susannavaris.com\/blogg\/wp-json\/wp\/v2\/posts\/15672","targetHints":{"allow":["GET"]}}],"collection":[{"href":"http:\/\/www.susannavaris.com\/blogg\/wp-json\/wp\/v2\/posts"}],"about":[{"href":"http:\/\/www.susannavaris.com\/blogg\/wp-json\/wp\/v2\/types\/post"}],"author":[{"embeddable":true,"href":"http:\/\/www.susannavaris.com\/blogg\/wp-json\/wp\/v2\/users\/1"}],"replies":[{"embeddable":true,"href":"http:\/\/www.susannavaris.com\/blogg\/wp-json\/wp\/v2\/comments?post=15672"}],"version-history":[{"count":2,"href":"http:\/\/www.susannavaris.com\/blogg\/wp-json\/wp\/v2\/posts\/15672\/revisions"}],"predecessor-version":[{"id":15675,"href":"http:\/\/www.susannavaris.com\/blogg\/wp-json\/wp\/v2\/posts\/15672\/revisions\/15675"}],"wp:attachment":[{"href":"http:\/\/www.susannavaris.com\/blogg\/wp-json\/wp\/v2\/media?parent=15672"}],"wp:term":[{"taxonomy":"category","embeddable":true,"href":"http:\/\/www.susannavaris.com\/blogg\/wp-json\/wp\/v2\/categories?post=15672"},{"taxonomy":"post_tag","embeddable":true,"href":"http:\/\/www.susannavaris.com\/blogg\/wp-json\/wp\/v2\/tags?post=15672"}],"curies":[{"name":"wp","href":"https:\/\/api.w.org\/{rel}","templated":true}]}}