{"id":15676,"date":"2015-12-24T14:35:46","date_gmt":"2015-12-24T13:35:46","guid":{"rendered":"http:\/\/www.susannavaris.com\/blogg\/?p=15676"},"modified":"2015-12-24T14:35:47","modified_gmt":"2015-12-24T13:35:47","slug":"god-jul-4","status":"publish","type":"post","link":"http:\/\/www.susannavaris.com\/blogg\/2015\/12\/god-jul-4\/","title":{"rendered":"God jul!"},"content":{"rendered":"<p>God jul, alla gamla och nya bloggl\u00e4sare!! Som vanligt, kan julen vara b\u00e5de alldeles, alldeles underbar och n\u00e5got av det hemskaste som finns. Jag hoppas \u00e4nd\u00e5 att ni alla f\u00e5r en fin dag, hur ni \u00e4n har det och jag t\u00e4nker speciellt p\u00e5 alla er som ofrivilligt \u00e4r ensamma p\u00e5 julafton (eller f\u00f6r den delen med andra, men d\u00e4r julen \u00e4r allt annat \u00e4n den d\u00e4r glittriga och varma h\u00f6gtiden man \u00f6nskar sig). En stor julkram p\u00e5 er alla!<\/p>\n<p><a href=\"http:\/\/www.susannavaris.com\/blogg\/2015\/12\/god-jul-4\/christmas-2015-jpg\/\" rel=\"attachment wp-att-15677\"><img loading=\"lazy\" decoding=\"async\" class=\"aligncenter size-full wp-image-15677\" src=\"http:\/\/www.susannavaris.com\/blogg\/wp-content\/uploads\/2015\/12\/christmas-2015-jpg.jpg\" alt=\"christmas-2015 jpg\" width=\"1531\" height=\"1835\" srcset=\"http:\/\/www.susannavaris.com\/blogg\/wp-content\/uploads\/2015\/12\/christmas-2015-jpg.jpg 1531w, http:\/\/www.susannavaris.com\/blogg\/wp-content\/uploads\/2015\/12\/christmas-2015-jpg-250x300.jpg 250w, http:\/\/www.susannavaris.com\/blogg\/wp-content\/uploads\/2015\/12\/christmas-2015-jpg-768x920.jpg 768w, http:\/\/www.susannavaris.com\/blogg\/wp-content\/uploads\/2015\/12\/christmas-2015-jpg-854x1024.jpg 854w\" sizes=\"auto, (max-width: 1531px) 100vw, 1531px\" \/><\/a><\/p>\n","protected":false},"excerpt":{"rendered":"<p>God jul, alla gamla och nya bloggl\u00e4sare!! Som vanligt, kan julen vara b\u00e5de alldeles, alldeles underbar och n\u00e5got av det hemskaste som finns. Jag hoppas \u00e4nd\u00e5 att ni alla f\u00e5r en fin dag, hur ni \u00e4n har det och jag &hellip; <a href=\"http:\/\/www.susannavaris.com\/blogg\/2015\/12\/god-jul-4\/\">Forts\u00e4tt l\u00e4sa <span class=\"meta-nav\">&rarr;<\/span><\/a><\/p>\n","protected":false},"author":1,"featured_media":0,"comment_status":"open","ping_status":"open","sticky":false,"template":"","format":"standard","meta":{"footnotes":""},"categories":[1162],"tags":[3812,4482,949,5165],"class_list":["post-15676","post","type-post","status-publish","format-standard","hentry","category-kultur","tag-digital-assemblage","tag-god-jul","tag-jul","tag-julhalsning"],"_links":{"self":[{"href":"http:\/\/www.susannavaris.com\/blogg\/wp-json\/wp\/v2\/posts\/15676","targetHints":{"allow":["GET"]}}],"collection":[{"href":"http:\/\/www.susannavaris.com\/blogg\/wp-json\/wp\/v2\/posts"}],"about":[{"href":"http:\/\/www.susannavaris.com\/blogg\/wp-json\/wp\/v2\/types\/post"}],"author":[{"embeddable":true,"href":"http:\/\/www.susannavaris.com\/blogg\/wp-json\/wp\/v2\/users\/1"}],"replies":[{"embeddable":true,"href":"http:\/\/www.susannavaris.com\/blogg\/wp-json\/wp\/v2\/comments?post=15676"}],"version-history":[{"count":2,"href":"http:\/\/www.susannavaris.com\/blogg\/wp-json\/wp\/v2\/posts\/15676\/revisions"}],"predecessor-version":[{"id":15679,"href":"http:\/\/www.susannavaris.com\/blogg\/wp-json\/wp\/v2\/posts\/15676\/revisions\/15679"}],"wp:attachment":[{"href":"http:\/\/www.susannavaris.com\/blogg\/wp-json\/wp\/v2\/media?parent=15676"}],"wp:term":[{"taxonomy":"category","embeddable":true,"href":"http:\/\/www.susannavaris.com\/blogg\/wp-json\/wp\/v2\/categories?post=15676"},{"taxonomy":"post_tag","embeddable":true,"href":"http:\/\/www.susannavaris.com\/blogg\/wp-json\/wp\/v2\/tags?post=15676"}],"curies":[{"name":"wp","href":"https:\/\/api.w.org\/{rel}","templated":true}]}}