{"id":15764,"date":"2016-02-06T09:00:33","date_gmt":"2016-02-06T08:00:33","guid":{"rendered":"http:\/\/www.susannavaris.com\/blogg\/?p=15764"},"modified":"2016-02-04T18:40:30","modified_gmt":"2016-02-04T17:40:30","slug":"gastinlagg-oravsky-jag-en-miljobulimiker","status":"publish","type":"post","link":"http:\/\/www.susannavaris.com\/blogg\/2016\/02\/gastinlagg-oravsky-jag-en-miljobulimiker\/","title":{"rendered":"G\u00e4stinl\u00e4gg: Oravsky &#8211; Jag, en milj\u00f6bulimiker"},"content":{"rendered":"<p><strong>Jag, en milj\u00f6bulimiker<\/strong><\/p>\n<p>&nbsp;<\/p>\n<p>Jag jobbade p\u00e5 en stor statlig institution som under en alldaglig arbetsonsdag, pl\u00f6tsligt drabbades av uppjagat milj\u00f6medvetande. D\u00e5 skulle de som tog en cykel till jobbet f\u00e5 en klotformad, i r\u00f6tt vax indr\u00e4nkt ost, en edamerost. Denna ystade mj\u00f6lkprodukt blev bel\u00f6ning f\u00f6r de anst\u00e4lldas milj\u00f6medvetenhetsstr\u00e4van.<\/p>\n<p>Att ha cykel med sig till jobbet, beh\u00f6ver inte alltid betyda att man cyklar p\u00e5 den till jobbet. Men s\u00e5nt begrep inte jag, liksom jag inte heller begrep vad en r\u00f6d ost har med cyklandet att g\u00f6ra, och varf\u00f6r osten heter edamer n\u00e4r den tillverkas i \u00d6stersund och inte i den nederl\u00e4ndska staden Edam.<\/p>\n<p>Men det mesta har sin f\u00f6rklaring, bara man har t\u00e5lamod att l\u00e5ta sig \u00f6verraskas av den. F\u00f6rs\u00f6k lyssna under en hel svensk minut p\u00e5 v\u00e5ra politikers bortf\u00f6rklaringar, s\u00e5 bekantar du dig med det jag menar.<\/p>\n<p>Edamerost kallas i flera l\u00e4nders folkmun babianrumpa, och min gissning \u00e4r att detta har sitt ursprung i den p\u00e5tagliga likheten mellan den i\u00f6gonfallande r\u00f6da ostytan och babianernas lika r\u00f6da matsm\u00e4ltningsmynning.<\/p>\n<p>Och cykling och r\u00f6d rumpa\u2026 Got it.<\/p>\n<p>D\u00e4r ser du, jag sa att det mesta kan f\u00f6rklaras p\u00e5 n\u00e5got vis, eftersom inget i denna f\u00f6rg\u00e4ngliga v\u00e4rld \u00e4r s\u00e5 formbart och b\u00f6jbart som m\u00e4nniskans samvete och hennes ordfl\u00f6de.<\/p>\n<p>&nbsp;<\/p>\n<p>Jag var den ende p\u00e5 f\u00f6retaget som cyklade till jobbet oavsett \u00e5rstider och det r\u00e5dande v\u00e4dret. Det spelade inte den minsta roll om solen sm\u00e4lte asfalten eller om sn\u00f6yran omvandlade v\u00e4gunderlaget till en hal isbana, jag och min cykel var alltid oskiljaktiga fr\u00e5n varandra. \u00c4nd\u00e5 gick den r\u00f6da rumposten till n\u00e4stan samtliga mina kolleger, men jag, jag fick vara utan.<\/p>\n<p>F\u00f6rklaringen: eftersom jag \u00e4ndock cyklade, oavsett vad. Det \u00e4r \u201dsyndarna\u201d, de veka, de \u00e4nnu ofr\u00e4lsta som beh\u00f6vde uppmuntras, sades det.<\/p>\n<p>Touch\u00e9.<\/p>\n<p>&nbsp;<\/p>\n<p>Jag \u00e4r milj\u00f6medveten. Mycket. Jag tar aldrig hiss, spelar ingen roll vilken v\u00e5ning jag skall kl\u00e4ttra till. Hissen \u00e4r en energitjuv som dessutom inte utnyttjas effektivt. Hur m\u00e5nga g\u00e5nger finns det inte bara en eller tv\u00e5 passagerare i en hiss, som enligt f\u00f6reskriften l\u00e4tt kan ta upp sju fullvuxna svenskar men i verkligheten fyrtio sju, n\u00e5got jag vet, eftersom jag organiserade en demonstration av detta f\u00f6r en slapp HSB styrelse.<\/p>\n<p>Dessutom f\u00e4rdas en hiss upp till 50 procent utan att inneh\u00e5lla n\u00e5gon last alls. Det senast n\u00e4mnda skulle kunna avhj\u00e4lpas genom att bemanna hissarna med uniformerade hissflickor och hisspojkar som 24\/7, dvs. alltid, skulle finnas inne i f\u00f6r dem betrodda hissar.<\/p>\n<p>G\u00e5r jag trappan, t\u00e4nder jag inte i trapphuset. Jag beh\u00f6ver inte ha ljuset p\u00e5 f\u00f6r att se hur jag f\u00f6rflyttar mina f\u00f6tter fr\u00e5n ett trappsteg till ett annat. Har du n\u00e5gonsin sett en tusenfoting med en pannlampa kanske? Och den har flera f\u00f6tter att koordinera \u00e4n en tvefoting. (Jag h\u00f6r dig redan br\u00e5ka med mig och argumentera med att h\u00f6gsta antal ben hos en tusenfoting uppg\u00e5r till 750. Det kan jag h\u00e5lla med om, mestadels p\u00e5 grund av att det faktiskt f\u00f6rh\u00e5ller sig s\u00e5, men skulle du f\u00f6rst\u00e5 vad jag menar om jag skrev en sjuhundrafemtio-foting i st\u00e4llet?)<\/p>\n<p>Jag cyklar eller g\u00e5r, men helst cyklar jag, eftersom att slita skor, p\u00e5verkar milj\u00f6n mer \u00e4n att slita p\u00e5 cykeld\u00e4ck.<\/p>\n<p>Jag har ingen bil och jag anv\u00e4nder mig inte av lokal kollektivtrafik, som jag menar, och kan \u00e4ven bevisa, \u00e4r st\u00f6rre milj\u00f6bov \u00e4n privatbilism. Dessutom finns det inga svenska st\u00e4der vars storlek avkr\u00e4ver av sina friska medborgare motoriserade fordon. Det finns dessv\u00e4rre alltid och \u00f6verallt ett undantag, och i det h\u00e4r specifika fallet, heter undantaget Kiruna. Och andra sidan, i Kiruna p\u00e5g\u00e5r stadsflytt, s\u00e5 om man inte har alltf\u00f6r br\u00e5ttom, kan man i lugn och ro inv\u00e4nta tills byggnaderna och adresserna kommer till en.<\/p>\n<p>&nbsp;<\/p>\n<p>Jag r\u00f6ker inte. Mest av h\u00e4nsyn till dig. R\u00f6kare kostar samh\u00e4llet, det vill s\u00e4ga dig och mig, stora summor. Och du \u00e4r medskyldig, eftersom du g\u00e5r med p\u00e5 att subventionera cancerodlarna. Det \u00e4r som att subventionera v\u00e5ra karri\u00e4rpolitiker. R\u00f6kare har i allm\u00e4nhet flera sjukdagar \u00e4n icke r\u00f6kare. Tycker du att det \u00e4r okej? Politiker beh\u00f6ver inte vara sjuka f\u00f6r att kunna avnjuta arbetsdagar utstr\u00e4ckta i sina bekv\u00e4ma s\u00e4ngar.<\/p>\n<p>En r\u00f6kare betalar 3 kronor f\u00f6r en cigarrett. Hen br\u00e4nner ner till grunden 3 av egna kronor tillsammans med varje cigarrett. I st\u00e4llet f\u00f6r att sk\u00e4nka dem till beh\u00f6vande.<\/p>\n<p>Men f\u00f6rutom de tre kronorna, br\u00e4nner hen till aska ytterligare cirka 10 kronor, de som du har bidragit med, genom olika subventioner som tobaksindustri lobbade sig till. \u00c4ven detta \u00e4r dessv\u00e4rre kontrollerbar sanning.<\/p>\n<p>Vart enskilt tobaksblad f\u00e4rdas flera mil \u00e4n John Glenn, innan det och dess tj\u00e4ra, nikotin och kolmonoxid, slutar som potenta cancerframkallande \u00e4mne i n\u00e5gons lunga. Och Glenn gjorde inte mindre \u00e4n hela tv\u00e5 rymdflygningar\u2026 (Jag vill p\u00e5peka dock, att det varken var John Glenn, Glenn Miller eller ens Glenn Quagmire, som l\u00e5nade sitt namn till cigarrettm\u00e4rket Glenn. Fast den hj\u00e4rtl\u00f6se sexgalningen, v\u00e5ldt\u00e4ktsmannen och till r\u00e5ga p\u00e5 allt piloten Glenn Quagmire, skulle ligga b\u00e4st till.)<\/p>\n<p>N\u00e4r \u00e5r 2016 b\u00f6rjade tr\u00e4dde flera nya lagar och lagf\u00f6r\u00e4ndringar i kraft. Exempelvis: Punktskatterna p\u00e5 alla tobaksvaror s\u00e4nktes j\u00e4mf\u00f6rt med 2015 och d\u00e4rmed blev samtliga tobaksprodukter billigare. Precis vad det svenska folket beh\u00f6vde mest.<\/p>\n<p>&nbsp;<\/p>\n<p>Jag anv\u00e4nder n\u00e4stan inget varmt vatten. Jag v\u00e4rmer inte mitt hus, d\u00e5 min kroppsv\u00e4rme och min k\u00e4rlek till n\u00e4stan, alstrar och str\u00e5lar ut s\u00e5 mycket v\u00e4rme att jag l\u00e4tt skulle kunna ta upp t\u00e4vlan &#8211; hur osannolikt det \u00e4n l\u00e5ter &#8211; till och med \u00c5sa Romson.<\/p>\n<p>Jag v\u00e4grar att elda f\u00f6r kr\u00e5korna, s\u00e5 jag v\u00e4drar inte. Jag duschar inte. Jag tv\u00e4ttar inte. Kl\u00e4der slits mer i tv\u00e4tten \u00e4n n\u00e4r man har dem p\u00e5 sig\u2026 Men skulle jag till \u00e4ventyrs beh\u00f6va b\u00e5de duscha och \u00e4ven tv\u00e4tta mina kl\u00e4der, och jag erk\u00e4nner att s\u00e5nt har h\u00e4nt i n\u00e5gra enstaka fall, s\u00e5 duschar jag med kl\u00e4derna p\u00e5.<\/p>\n<p>Jag k\u00f6per n\u00e4stan inga skor och inga kl\u00e4der, men skulle omst\u00e4ndigheterna tvinga mig till det, d\u00e5 blir det i tredje- och i s\u00e4msta fall, secondhand.<\/p>\n<p>S\u00e5n \u00e4r jag.<\/p>\n<p>Maten f\u00e5r jag genom dumpstring fr\u00e5n containers uppst\u00e4llda n\u00e4ra matbutiker. Det \u00e4r fullgod mat som ofta sk\u00e4mmer ut den uppdiktade b\u00e4st f\u00f6re datum- och klockslagsgr\u00e4nsen. S\u00e4g mig: Hur skulle en m\u00f6gelost kunna g\u00e5 \u00f6ver n\u00e5gon datumgr\u00e4ns? Vad skulle den kunna drabbas av? Psoriasis kanske?<\/p>\n<p>K\u00e4nns det att n\u00e5gon matrest h\u00e5ller p\u00e5 att lukta kvargl\u00f6md gympap\u00e5se och likna Arne Weise, d\u00e5 \u00e4r det bara att l\u00e5ta den j\u00e4sa. Eller l\u00e4gga den i lut. Jag menar maten, inte Arne W. \u00c4r surstr\u00f6mming inte en delikatess kanske? \u00c4r inte lutfisken varje lyckat julfirandes h\u00f6jdpunkt?<\/p>\n<p>D\u00e4r ser du, du med din paranoia b\u00e4st f\u00f6re-datum nojan.<\/p>\n<p>&nbsp;<\/p>\n<p>Jag \u00e4ter mest raw food, men om jag mot allt klimatf\u00f6rnuft \u00e4nd\u00e5 beh\u00f6ver v\u00e4rma upp n\u00e5got, s\u00e5 v\u00e4rmer och kokar jag allt p\u00e5 en och samma g\u00e5ng. Varf\u00f6r skulle ett \u00e4gg inte kunna tillagas i kaffevattnet, f\u00f6r att anv\u00e4nda mig av ett mycket l\u00e4ttfattligt om \u00e4n fel valt exempel, eftersom ett \u00e4gg \u00e4r mera h\u00e4lsobringande n\u00e4r det s\u00f6rplas r\u00e5tt och nescaf\u00e9 har exakt samma verkan p\u00e5 dig kallt som varmt. Dessutom \u00e4r kaffe en milj\u00f6bov. Kaffeb\u00f6nan kr\u00e4ver mycket vatten, som sedan extraheras n\u00e4r den torkas och s\u00e5 s\u00e4tter man till energin n\u00e4r man rostar den. Sedan paketeras den och fraktas hit och dit p\u00e5 l\u00e5nga v\u00e4gar och \u00e4nnu l\u00e4ngre flygturer\u2026<\/p>\n<p>Kaffe borde f\u00f6rbjudas. Liksom all l\u00e5ngv\u00e4ga mat. Man skall \u00e4ta som jag, n\u00e4rproducerat. Ekologisk och g\u00e4rna krokig och b\u00f6jd mat med m\u00e5nga maskar i. Mask \u00e4r ocks\u00e5 m\u00e4nniskor och dessutom med en myckenhet nyttiga n\u00e4rings\u00e4mnen i. Det \u00e4r v\u00e5r framtida f\u00f6da, hoppas jag. Lika bra att v\u00e4nja sig redan nu.<\/p>\n<p>&nbsp;<\/p>\n<p>Jag \u00e4lskar meloner av alla dess sorter, galiamelon, honungsmelon, Piel de Sapo, cantaloupmelon et cetera. Men jag \u00e4ter dem inte. Inte bara p\u00e5 grund av att de inte odlas utanf\u00f6r Huskvarna, utan ocks\u00e5 p\u00e5 grund av att meloner inneh\u00e5ller ca 90% vatten. Vill jag till \u00e4ventyrs f\u00e5 vatten i mig, s\u00e5 \u00f6ppnar jag kranen\u2026 Och det \u00e4r verkligen inte alla f\u00f6runnat. Sm\u00e5 barn exempelvis, n\u00e5r inte till den.<\/p>\n<p>Dessutom, och det \u00e4r n\u00e4ra p\u00e5 det v\u00e4rsta, det som inte \u00e4r vatten och kissas ut, det brukar man kasta: skalet och alla dessa f\u00f6rbannade k\u00e4rnor. Vem stoppade i dem? Skall jag betala f\u00f6r dem ocks\u00e5? Vilken aff\u00e4rsid\u00e9, att ta betalt f\u00f6r avfall.<\/p>\n<p>En gr\u00f6nsakshandlare bad mig att inte skriva negativt om hans grodskinnsmeloner och jag lovade att upph\u00f6ra med det, s\u00e5 snart dessa kommer att odlas skinn- och k\u00e4rnl\u00f6sa. Eller att det blir kutym att dessa betydande rester \u00e5terk\u00f6ps, ungef\u00e4r som aluminiumburkar fr\u00e5n svenskproducerat \u00f6l med 2,8 volymprocent alkoholhalt.<br \/>\nQuid pro quo, som man s\u00e4ger i mina kretsar.<\/p>\n<p>&nbsp;<\/p>\n<p>Jag klipper inte mitt h\u00e5r, det gjorde inte spartaner heller. Eftersom de levde spartanskt. Liksom jag lever i dag.<\/p>\n<p>Ett helt annat liv \u00e4gnade sig sybariter \u00e5t. Och var \u00e4r de idag? Sybaris och all dess f\u00f6rf\u00f6riska lyx f\u00f6rst\u00f6rdes redan \u00e5r 510 f\u00f6re Kristus, eftersom Gud inte ville ha med deras oh\u00e5llbart utsv\u00e4vande leverne att g\u00f6ra.<\/p>\n<p>Lyx, girighet liksom frosseri \u00e4ro d\u00f6dssynder. T\u00e4nk p\u00e5 det. Eller vill du kanske spendera din d\u00f6d i helvetet?<\/p>\n<p>&nbsp;<\/p>\n<p>Jag f\u00f6rbrukar s\u00e5 lite pengar som m\u00f6jligt \u2013 eftersom det kostar pengar att tillverka dem\u2026<\/p>\n<p>&nbsp;<\/p>\n<p>Museer, teatrar, slott, kyrkor\u2026 vilket sl\u00f6seri med v\u00e4rmeenergin. Tomma salar s\u00e5 l\u00e5ngt \u00f6gat n\u00e5r. Men de skall \u00e4nd\u00e5 underh\u00e5llas och v\u00e4rmas upp. F\u00f6r vem? F\u00f6r sybariterna. F\u00f6r eliten, som per definition inte kan vara st\u00f6rre \u00e4n liten. \u00c4r det demokratiskt kanske? \u00c4r det f\u00f6rnuftigt? Tj\u00e4nar jorden p\u00e5 det? Tj\u00e4nar m\u00e4nskligheten p\u00e5 det?<\/p>\n<p>Sjukhus d\u00e4remot &#8211; det \u00e4r n\u00e5got helt annat. De \u00e4r proppfulla. Folk ligger precis \u00f6verallt, till och med i korridorerna. Och \u00e4nd\u00e5 finns det sjuklingar som inte orkar tillk\u00e4mpa sig en liggplats. Att leva i sm\u00e5 utrymmen, kr\u00e4ver mindre uppv\u00e4rmningsenergi. P\u00e5 sjukhus nyttjas s\u00e5ledes v\u00e4rmeenergin till fullo. Precis s\u00e5 som det borde vara. Jorden beh\u00f6ver flera institutioner som liknar sjukhus. Varf\u00f6r inte bygga om de tomma museer, teatrar et cetera till sjukhus och mentalanstalter? D\u00e5 skulle vi kunna ha flera sjuka. Fysiskt som psykiskt.<\/p>\n<p>P\u00e5verka beslutsfattarna och bidra \u00e4ven du till byggandet av flera sjukhus. Exempelvis genom att dra till dig flera allvarliga och l\u00e5ngvariga sjukdomar.<\/p>\n<p>&nbsp;<\/p>\n<p>Det klagas p\u00e5 att v\u00e5ra sjukhus inte \u00e4r tillr\u00e4ckligt rena. Vad \u00e4r det f\u00f6r dumheter? Varf\u00f6r skall just sjukhusen st\u00e4das \u00f6vernitiskt mycket? Vore det inte mera rationellt om patienterna h\u00f6ll sig rena? Finns det ingen l\u00e4ngre vi kan avkr\u00e4va visst personligt ansvar?<\/p>\n<p>Att dammsuga, p\u00e5 sjukhus eller var som helst annanstans, borde vara helt uteslutet, \u00e5tminstone ur energisynpunkt. Att dammsuga \u00e4r som att tv\u00e5ngsmata diabetiker med veritabla kaloribomber.<\/p>\n<p>&nbsp;<\/p>\n<p>Folk i allm\u00e4nhet \u00e4ter fel mat. I ett h\u00e5llbart samh\u00e4lle b\u00f6r vi \u00e4ta s\u00e5 att vi f\u00e5r kronisk f\u00f6rstoppning. H\u00e5rd avf\u00f6ring brinner lika klart och energisn\u00e5lt som soltorkad komocka. T\u00e4nk p\u00e5 det. Dessutom \u00e4r det s\u00e5, att man \u00e4ter mindre ofta om man fordrar sig med riktigt sv\u00e5rsm\u00e4lt mat.<\/p>\n<p>Toaletter spolas alltf\u00f6r ofta. What a waste som den store Ian Dury sj\u00f6ng i hans hitl\u00e5t \u201cWhat a waste\u201d. Varf\u00f6r inte v\u00e4nta med att spola n\u00e5gon vecka? Precis s\u00e5 som jag har f\u00f6r vana. Varf\u00f6r spola efter varje anv\u00e4ndning, n\u00e4r toastolen knappast \u00e4r ens till h\u00e4lften fylld.<\/p>\n<p>Anv\u00e4nd inte toapapper. En naturm\u00e4nniska, en m\u00e4nniska som lever i samklang med naturen, anv\u00e4nder palmblad. Vi lever i 21:a \u00e5rhundrandet, s\u00e5 visst kan \u00e4ven du leva upp till naturm\u00e4nniskans flertusen\u00e5riga levnadss\u00e4tt. Torka dig med palmblad. Det \u00e4r bra f\u00f6r milj\u00f6n och det \u00e4r bra f\u00f6r dig. Inte minst om du \u00e5tnjuter hemorrojder: palmblad b\u00e5de torkar och sm\u00f6rjer samtidigt.<\/p>\n<p>&nbsp;<\/p>\n<p>L\u00e5t mig f\u00f6resl\u00e5 vissa f\u00f6rb\u00e4ttrande \u00e5tg\u00e4rder, \u00e4ven om det inte kommer f\u00f6rv\u00e5na mig alls, om dessa inte kommer att accepteras och antas med det samma. Den breda populasen \u00e4r inte mogen \u00e4n, men jag tvivlar inte en enda svensk sekund, att den kommer att mogna l\u00e4ngre fram i tiden, bara vi f\u00e5r n\u00e5gra grader varmare klimat h\u00e4r i Norden.<\/p>\n<p>Allt i varje hus, sm\u00e5hus som h\u00f6ghus, skall byggas av genomskinligt material, f\u00f6retr\u00e4desvis av glas. F\u00f6r att f\u00e5 full insyn och full kontroll. Alla skall veta allt om alla. Alla husv\u00e4ggar, alla golv, alla tak, alla d\u00f6rrar, alla spisar, alla sk\u00e5p, alla bord allt, allt, allt, skall vara av genomskinligt material. \u00c4ven toaletter, r\u00f6r och ledningar. Det \u00e4r n\u00e4mligen i avf\u00f6ring som mycket skit kan g\u00f6mmas, som vi som verkligen bryr oss brukar s\u00e4ga. Man b\u00f6r kunna f\u00f6lja skitens v\u00e4g fr\u00e5n v\u00e5ning till v\u00e5ning, fr\u00e5n tak till golv, fr\u00e5n checkstation till checkstation\u2026 Men som sagt, vi \u00e4r dessv\u00e4rre inte d\u00e4r \u00e4n.<\/p>\n<p>&nbsp;<\/p>\n<p>Fr\u00e5n rumpan till munnen \u00e4r steget kort. S\u00e5 lyssna.<\/p>\n<p>Borsta inte t\u00e4nderna. Men om du nu till \u00e4ventyrs t\u00e4nker g\u00f6ra det, i st\u00e4llet f\u00f6r att mera l\u00e5ngvarigt f\u00e5 njuta av den eftersmak som den senaste munsbiten sk\u00e4nkte dig, anv\u00e4nd inte eltandborste. Den \u00e4r ocks\u00e5 en i en l\u00e5ng rad f\u00f6rf\u00e4rliga milj\u00f6bovar.<\/p>\n<p>Inte heller skall du anv\u00e4nda dig av tandkr\u00e4m. Den stj\u00e4l dina pengar och slipar bort och f\u00f6rsvagar dina t\u00e4nders friska yta. Och har du funderat \u00f6ver hur det kommer sig att man i Sverige ingenstans kan k\u00f6pa tandkr\u00e4msrefill?<\/p>\n<p>Varf\u00f6r tvingas vi att alltid k\u00f6pa en hel ny tub? Vad \u00e4r det f\u00f6r fel p\u00e5 den gamla? \u00c4r den sliten kanske?<\/p>\n<p>Det enda felet ur konsumentsynpunkt som den kan ha, \u00e4r att den fortfarande inneh\u00e5ller \u00e5tminstone 14 procent oanv\u00e4nd tandkr\u00e4m och som inte kan gr\u00e4vas fram ens med en av medicinalverket godk\u00e4nd vakuumpump.<\/p>\n<p>&nbsp;<\/p>\n<p>Vill du bli omtyckt, av oss milj\u00f6aktivister, s\u00e5 t\u00e4nk p\u00e5 f\u00f6ljande: Inga julklappar, inga f\u00f6delsedagspresenter, inga morsdag-presenter, \u00f6verhuvudtaget inget s\u00e5dant som h\u00f6jer m\u00e4nniskans konsumtion till niv\u00e5er som \u00e4r h\u00f6gre \u00e4n de sopberg som v\u00e5ra samh\u00e4llen numera omg\u00e4rdas av.<\/p>\n<p>Om du nu sk\u00e4nker bort n\u00e5got, s\u00e5 hoppas jag att du sk\u00e4nker bort det som du sj\u00e4lv f\u00e5tt n\u00e5gon g\u00e5ng tidigare och som du med det samma m\u00e4rkte, att du inte har n\u00e5gon som helst anv\u00e4ndning f\u00f6r. En present som f\u00f6r dig var v\u00e4rdel\u00f6s d\u00e5 n\u00e4r du fick den, \u00e4r v\u00e4rdel\u00f6s nu och kommer att vara v\u00e4rdel\u00f6s i all kommande framtid. Eller t\u00e4nker du kanske l\u00e5ta ditt huvud v\u00e4xa, bara f\u00f6r att den sk\u00e4nkta hatten skall passa den? Good luck, Jonathan.<\/p>\n<p>Och sk\u00e4nk bort sk\u00e4nken helst till den som du sj\u00e4lv fick den fr\u00e5n. S\u00e5 hen l\u00e4r sig att leva utan ber\u00e4knande mutor, som varje g\u00e5va oeftergivligt m\u00e5ste betraktas som.<\/p>\n<p>Julklappspapper, sn\u00f6re, tejp och liknande \u00e4r ett definitivt no no. Det finns ingen levande m\u00e4nniska som vill ha julklappspapper. Detta kan ganska s\u00e5 l\u00e4tt bevisas med det faktum att n\u00e4stan alla avl\u00e4gsnar det under sin nyfikna kamp att n\u00e5 fram till det egentliga g\u00e5voobjektet.<\/p>\n<p>H\u00e5ll med mig om det.<\/p>\n<p>&nbsp;<\/p>\n<p>Inga julstj\u00e4rnor och annat julpynt i f\u00f6nstren eller annorst\u00e4des som lyser och f\u00f6rbrukar el, inga levande ljus som \u00e4ter upp syre, inga julstj\u00e4rnor och andra blommor som kr\u00e4ver bevattning\u2026 Vatten \u00e4r en bristvara.<\/p>\n<p>Det leder mig helt os\u00f6kt till den st\u00e4ndigt gnagande fr\u00e5gan, varf\u00f6r f\u00f6rvaras tonfisk p\u00e5 konserv i vatten? Den \u00e4r ju d\u00f6d, for Christ&#8217;s sake. Varken vatten, eller ens olja, kan komma till dess unds\u00e4ttning.<\/p>\n<p>&nbsp;<\/p>\n<p>Lyssna inte p\u00e5 radio, titta inte p\u00e5 tv, l\u00e4s inga tidningar. De \u00e4r energikr\u00e4vande b\u00e5de n\u00e4r dess tveksamma inneh\u00e5ll produceras och n\u00e4r det konsumeras. Dessutom f\u00f6rleder dessa till milj\u00f6d\u00e5ligheter.<\/p>\n<p>&nbsp;<\/p>\n<p>\u00c5tervinn bokst\u00e4ver och ord. H\u00e4r kan \u00e4ntligen v\u00e5ra politiker tj\u00e4na som ett gott exempel med sina \u00e5terkommande och kroniskt ouppfyllda l\u00f6ften om mindre arbetsl\u00f6shet, st\u00f6rre social r\u00e4ttvisa, b\u00e4ttre v\u00e5rdomsorg och liknande, som de till t\u00e4nderna i tid och otid \u00e4r bev\u00e4pnade med.<\/p>\n<p>&nbsp;<\/p>\n<p>Jag \u00e5tervinner ocks\u00e5. Min pekbok \u201dDU \u00c4R MITT BARNBARN &#8211; JAG \u00c4R DIN MORFAR\u201d \u00e4r ett exemplariskt exempel p\u00e5 detta. I den \u00e5teranv\u00e4nder jag konsthistorien, det vill s\u00e4ga bilder och tankar av gamla t\u00e4nkare och m\u00e4stare. De reinkarneras i den, de fick i den ett nytt och dessutom v\u00e4rdigt liv.<\/p>\n<p>&nbsp;<\/p>\n<p>Mahatma Gandhi var min f\u00f6rebild. I mycket. Bland annat i att han sydde sin dhoti av tyg som han sj\u00e4lv v\u00e4vde av tr\u00e5d som han sj\u00e4lv spunnit. Att han \u00e4ven tv\u00e4ttade sina kl\u00e4der sj\u00e4lv var en sj\u00e4lvklarhet f\u00f6r honom, liksom det \u00e4ven vore f\u00f6r mig om jag nu inte avstod fr\u00e5n tv\u00e4tten av milj\u00f6sk\u00e4l. Till fots och i enkla sandaler marscherade han 40 mil f\u00f6r att i den lilla byn Dandi vid Arabiska havet, framst\u00e4lla sitt eget salt. Det du.<\/p>\n<p>Jag vill inte skryta och inte heller framh\u00e4va mig, men i dag skulle det vara jag som l\u00e4tt skulle kunna tj\u00e4na som exempel f\u00f6r Gandhi: Jag \u00e5teranv\u00e4nder allt. Tre slitna lastbilsd\u00e4ck och en br\u00e4da, anv\u00e4nder jag mig av som ett bord, tv\u00e5 mindre bild\u00e4ck \u00e4r stolar p\u00e5 var sin sida av mitt lastbild\u00e4cksbord. Flera beh\u00f6ver jag inte ha, eftersom jag inte \u00f6ppnar d\u00f6rren n\u00e4r n\u00e5gon knackar p\u00e5. Jag vill inte slita ut g\u00e5ngj\u00e4rnen.<\/p>\n<p>Anteckningar och allt annat skriver jag p\u00e5 kanter av de reklamblad och flyers som brevb\u00e4raren gener\u00f6st l\u00e4mnar i min brevl\u00e5da. Som tallrikar anv\u00e4nder jag de polypropen- och polystyrenf\u00f6rpackningar i vilka man s\u00e4ljer exempelvis k\u00f6tt. De funkar utm\u00e4rkt. Faktiskt b\u00e4ttre \u00e4n traditionella tallrikar. Dessutom slipper jag diska dem, jag slickar dem rena i st\u00e4llet. F\u00f6r mig k\u00e4nns det naturligt och inte som n\u00e5got jag offrar. Men skulle det ha varit det, s\u00e5 skulle jag \u00e4nd\u00e5 handla s\u00e5. Lite m\u00e5ste man offra f\u00f6r milj\u00f6n.<\/p>\n<p>&nbsp;<\/p>\n<p>Som telefon anv\u00e4nder jag simpla tomma konservburkar, mellan vilka jag sp\u00e4nner en tr\u00e5d. Det funkade n\u00e4r jag var barn och det funkade \u00e4ven n\u00e4r min far var barn. S\u00e5 varf\u00f6r skulle det inte funka i dag? You can&#8217;t argue with success, som liberalismens f\u00f6rsta budord lyder.<\/p>\n<p>&nbsp;<\/p>\n<p>Jag \u00f6verl\u00e5ter stora delar av mitt hus till andra. B\u00e5de d\u00e4rf\u00f6r att alla dessa m\u00e4nniskokroppar v\u00e4rmer upp \u00e4ven mitt rum och f\u00f6r att staten och dess representanter betalar mig s\u00e5 pass mycket f\u00f6r denna humanit\u00e4ra insats att \u00e4ven det st\u00e4rker mitt sj\u00e4lvf\u00f6rtroende: Jag blev genom min insats en stolt \u00e4gare till ett femstj\u00e4rnigt hotell med plats f\u00f6r hundra. Om Jesus kunde f\u00f6rvalta fem br\u00f6d och tv\u00e5 fiskar s\u00e5 att de r\u00e4ckte till att m\u00e4tta femtusen m\u00e4n enligt Markus, s\u00e5 kan jag\u00a0 hysa 101 personer p\u00e5 90 kvadratmeter, enligt Migrationsverket.<\/p>\n<p>&nbsp;<\/p>\n<p>Jag brukar ge r\u00e5d till mina bostadsg\u00e4ster. Riktigt anv\u00e4ndbara r\u00e5d. Som till exempel detta: Packa inte upp alla dina flyttl\u00e5dor och annat, utan bara den som du f\u00f6r stunden \u00e4r tvungen till. Du kommer uppt\u00e4cka att n\u00e4sta och n\u00e4st-n\u00e4sta \u00e5r kommer det mesta fortfarande vara ouppackat. M\u00e4nniskor, inte minst de p\u00e5 flykt, omger sig med alltf\u00f6r m\u00e5nga pinaler, som de egentligen galant kan klara sig utan.<\/p>\n<p>&nbsp;<\/p>\n<p>Jag sorterar. Men helst m\u00e4nniskor. I olika fack och anv\u00e4ndningsomr\u00e5den. Hen och hen kan jag utnyttja i det och det syftet, s\u00e5 jag kan nog tvinga mig att st\u00e5 ut med henom trots att hen saknar ett absolut geh\u00f6r, kl\u00e4r sig inte fullt moderiktigt och luktar fotsvett i h\u00e5ret. Mitt toleranta jag, st\u00e4rker mitt sj\u00e4lvf\u00f6rtroende, det ger mig ett varaktigt bevis p\u00e5 att jag \u00e4r beaktansv\u00e4rt b\u00e4ttre \u00e4n alla de som jag fortfarande t\u00e5l.<\/p>\n<p>&nbsp;<\/p>\n<p>Jag vaknar varje morgon med en enda tanke i huvudet, \u201dt\u00e4nk milj\u00f6m\u00e4ssigt\u201d, och sedan upprepar jag den som ett meditativt mantra. Att upprepa och upprepa, och att upprepa, \u00e4r bra, tv\u00e5ngstankar \u00e4r bra, tv\u00e5ngstankar hj\u00e4lper oss ur krisen.<\/p>\n<p>&nbsp;<\/p>\n<p>\u00a9 vladmir oravsky<\/p>\n<p>(egentligen heter jag vladimir, men jag t\u00e4nkte spara in en bokstav. M\u00e5nga b\u00e4ckar sm\u00e5, som man i mina kretsar s\u00e4ger. De mera sl\u00f6saktiga pl\u00e4gar fullt oh\u00e4mmat utbrista \u201dm\u00e5nga b\u00e4ckar sm\u00e5 g\u00f6r en stor \u00e5\u201d.)<\/p>\n","protected":false},"excerpt":{"rendered":"<p>Jag, en milj\u00f6bulimiker &nbsp; Jag jobbade p\u00e5 en stor statlig institution som under en alldaglig arbetsonsdag, pl\u00f6tsligt drabbades av uppjagat milj\u00f6medvetande. D\u00e5 skulle de som tog en cykel till jobbet f\u00e5 en klotformad, i r\u00f6tt vax indr\u00e4nkt ost, en edamerost. &hellip; <a href=\"http:\/\/www.susannavaris.com\/blogg\/2016\/02\/gastinlagg-oravsky-jag-en-miljobulimiker\/\">Forts\u00e4tt l\u00e4sa <span class=\"meta-nav\">&rarr;<\/span><\/a><\/p>\n","protected":false},"author":1,"featured_media":0,"comment_status":"open","ping_status":"open","sticky":false,"template":"","format":"standard","meta":{"footnotes":""},"categories":[1364,3280,4808,590],"tags":[2238,5025,4926,1464,5202,5201,3279],"class_list":["post-15764","post","type-post","status-publish","format-standard","hentry","category-bocker","category-gastinlagg","category-humor","category-politik","tag-eko","tag-ekologisk","tag-gastinlagg","tag-miljo","tag-miljomedvetenhet","tag-miljovanlig","tag-vladimir-oravsky"],"_links":{"self":[{"href":"http:\/\/www.susannavaris.com\/blogg\/wp-json\/wp\/v2\/posts\/15764","targetHints":{"allow":["GET"]}}],"collection":[{"href":"http:\/\/www.susannavaris.com\/blogg\/wp-json\/wp\/v2\/posts"}],"about":[{"href":"http:\/\/www.susannavaris.com\/blogg\/wp-json\/wp\/v2\/types\/post"}],"author":[{"embeddable":true,"href":"http:\/\/www.susannavaris.com\/blogg\/wp-json\/wp\/v2\/users\/1"}],"replies":[{"embeddable":true,"href":"http:\/\/www.susannavaris.com\/blogg\/wp-json\/wp\/v2\/comments?post=15764"}],"version-history":[{"count":1,"href":"http:\/\/www.susannavaris.com\/blogg\/wp-json\/wp\/v2\/posts\/15764\/revisions"}],"predecessor-version":[{"id":15765,"href":"http:\/\/www.susannavaris.com\/blogg\/wp-json\/wp\/v2\/posts\/15764\/revisions\/15765"}],"wp:attachment":[{"href":"http:\/\/www.susannavaris.com\/blogg\/wp-json\/wp\/v2\/media?parent=15764"}],"wp:term":[{"taxonomy":"category","embeddable":true,"href":"http:\/\/www.susannavaris.com\/blogg\/wp-json\/wp\/v2\/categories?post=15764"},{"taxonomy":"post_tag","embeddable":true,"href":"http:\/\/www.susannavaris.com\/blogg\/wp-json\/wp\/v2\/tags?post=15764"}],"curies":[{"name":"wp","href":"https:\/\/api.w.org\/{rel}","templated":true}]}}