{"id":1577,"date":"2011-07-27T22:28:06","date_gmt":"2011-07-27T20:28:06","guid":{"rendered":"http:\/\/www.susannavaris.com\/blogg\/?p=1577"},"modified":"2011-09-21T10:38:48","modified_gmt":"2011-09-21T08:38:48","slug":"middag-pa-wendela-hebbe","status":"publish","type":"post","link":"http:\/\/www.susannavaris.com\/blogg\/2011\/07\/middag-pa-wendela-hebbe\/","title":{"rendered":"Middag p\u00e5 Wendela Hebbe"},"content":{"rendered":"<p>Ikv\u00e4ll var det middagstr\u00e4ff med en av mina \u00e4ldsta (allts\u00e5 \u00a0\u00e4ldsta i v\u00e4nskap, \u00e5ldersm\u00e4ssigt blir vi ju, som bekant bara yngre) v\u00e4ninnor, Sarijaana och familj. Sarijaana och jag b\u00f6rjade samtidigt i en redan hopsvetsad (d\u00e5ligt visserligen, men \u00e4nd\u00e5) skolklass och blev b\u00e5da tv\u00e5 p\u00e5 olika s\u00e4tt lite utanf\u00f6r. Desto b\u00e4ttre f\u00f6r mig egentligen, f\u00f6r jag fick en fantastisk person som min v\u00e4n. Hur skulle jag ha klarat mig igenom mellanstadiet i St\u00e5lhamra och \u00e4nd\u00e5 v\u00e4rre, h\u00f6gstadiet i fullkomligt vidriga Hovsj\u00f6-skolan? I inl\u00e4gget om nedbrunna skolor finns n\u00e5gra tankar om den anstalten&#8230;<\/p>\n<p>Vi har beh\u00e5llit kontakten genom \u00e5ren, ibland mera sporadiskt, men nu, specifikt genom Facebook, mera t\u00e4tt. I \u00e5r och i fjol tr\u00e4ffades vi \u00f6ver en bit mat och det \u00e4r alltid lika roligt. Sarijaana har fantastisk humor och vi underh\u00f6ll varandra genom skoltiden med diverse f\u00e5nigheter, surrealistiska konversationer medelst lappar, ytterst f\u00e5niga miner&#8230;ja, s\u00e5nt man kan roa sig med f\u00f6r att beh\u00e5lla f\u00f6rst\u00e5ndet i en fruktansv\u00e4rt syrefattig milj\u00f6.<\/p>\n<p>Sarijaanas bror var,som jag ber\u00e4ttat, min musikaliska langare, men hon f\u00f6ljde aldrig mitt sp\u00e5r in i punkens och h\u00e5rdrockens v\u00e4rld. Ett tag under den perioden umgicks vi inte s\u00e5 ofta, men vi har alltid beh\u00e5llit v\u00e4nskapen. Redan i slutet av 80-talet flyttade Sarijaana till Finland och har bott d\u00e4r sedan dess, lustigt nog i Iisalmi, d\u00e4r min mors sl\u00e4kt kommer ifr\u00e5n.<\/p>\n<p style=\"text-align: center;\"><a href=\"http:\/\/www.susannavaris.com\/blogg\/wp-content\/uploads\/2011\/07\/11072702-60.jpg\"><img loading=\"lazy\" decoding=\"async\" class=\"aligncenter size-large wp-image-1578\" title=\"11072702-60\" src=\"http:\/\/www.susannavaris.com\/blogg\/wp-content\/uploads\/2011\/07\/11072702-60-1024x680.jpg\" alt=\"\" width=\"640\" height=\"425\" srcset=\"http:\/\/www.susannavaris.com\/blogg\/wp-content\/uploads\/2011\/07\/11072702-60-1024x680.jpg 1024w, http:\/\/www.susannavaris.com\/blogg\/wp-content\/uploads\/2011\/07\/11072702-60-300x199.jpg 300w\" sizes=\"auto, (max-width: 640px) 100vw, 640px\" \/><\/a><a href=\"http:\/\/www.susannavaris.com\/blogg\/wp-content\/uploads\/2011\/07\/11072703-60.jpg\"><img loading=\"lazy\" decoding=\"async\" class=\"aligncenter size-large wp-image-1579\" title=\"11072703-60\" src=\"http:\/\/www.susannavaris.com\/blogg\/wp-content\/uploads\/2011\/07\/11072703-60-1024x680.jpg\" alt=\"\" width=\"640\" height=\"425\" srcset=\"http:\/\/www.susannavaris.com\/blogg\/wp-content\/uploads\/2011\/07\/11072703-60-1024x680.jpg 1024w, http:\/\/www.susannavaris.com\/blogg\/wp-content\/uploads\/2011\/07\/11072703-60-300x199.jpg 300w\" sizes=\"auto, (max-width: 640px) 100vw, 640px\" \/><\/a><em>Miner har alltid varit n\u00e5got av Sarijaanas specialitet&#8230;p\u00e5 Wendela Hebbe-mus\u00e9et i S\u00f6dert\u00e4lje.<\/em><\/p>\n<p style=\"text-align: center;\"><a href=\"http:\/\/www.susannavaris.com\/blogg\/wp-content\/uploads\/2011\/07\/Dalarna8501.jpg\"><img loading=\"lazy\" decoding=\"async\" class=\"aligncenter size-large wp-image-1580\" title=\"Dalarna8501\" src=\"http:\/\/www.susannavaris.com\/blogg\/wp-content\/uploads\/2011\/07\/Dalarna8501-1024x680.jpg\" alt=\"\" width=\"640\" height=\"425\" srcset=\"http:\/\/www.susannavaris.com\/blogg\/wp-content\/uploads\/2011\/07\/Dalarna8501-1024x680.jpg 1024w, http:\/\/www.susannavaris.com\/blogg\/wp-content\/uploads\/2011\/07\/Dalarna8501-300x199.jpg 300w, http:\/\/www.susannavaris.com\/blogg\/wp-content\/uploads\/2011\/07\/Dalarna8501.jpg 1764w\" sizes=\"auto, (max-width: 640px) 100vw, 640px\" \/><\/a><em>En Sarijaana-min fr\u00e5n f\u00f6rr&#8230;p\u00e5 v\u00e4g till Dalarna 1985.<\/em><\/p>\n<p style=\"text-align: center;\"><a href=\"http:\/\/www.susannavaris.com\/blogg\/wp-content\/uploads\/2011\/07\/dalarna8502.jpg\"><img loading=\"lazy\" decoding=\"async\" class=\"aligncenter size-full wp-image-1581\" title=\"dalarna8502\" src=\"http:\/\/www.susannavaris.com\/blogg\/wp-content\/uploads\/2011\/07\/dalarna8502.jpg\" alt=\"\" width=\"635\" height=\"942\" srcset=\"http:\/\/www.susannavaris.com\/blogg\/wp-content\/uploads\/2011\/07\/dalarna8502.jpg 635w, http:\/\/www.susannavaris.com\/blogg\/wp-content\/uploads\/2011\/07\/dalarna8502-202x300.jpg 202w\" sizes=\"auto, (max-width: 635px) 100vw, 635px\" \/><\/a><em>Ljuva 80-tal&#8230;(?) En skog i Dalarna, gummist\u00f6vlar&#8230;Sarijaana och jag.<\/em><\/p>\n<p style=\"text-align: center;\"><a href=\"http:\/\/www.susannavaris.com\/blogg\/wp-content\/uploads\/2011\/07\/hovsj\u00f683.jpg\"><img loading=\"lazy\" decoding=\"async\" class=\"aligncenter size-full wp-image-1582\" title=\"hovsj\u00f683\" src=\"http:\/\/www.susannavaris.com\/blogg\/wp-content\/uploads\/2011\/07\/hovsj\u00f683.jpg\" alt=\"\" width=\"695\" height=\"651\" srcset=\"http:\/\/www.susannavaris.com\/blogg\/wp-content\/uploads\/2011\/07\/hovsj\u00f683.jpg 695w, http:\/\/www.susannavaris.com\/blogg\/wp-content\/uploads\/2011\/07\/hovsj\u00f683-300x281.jpg 300w\" sizes=\"auto, (max-width: 695px) 100vw, 695px\" \/><\/a><em>Hospitalet Hovsj\u00f6. Sarijaana, Anita och jag interagerar med konst.<\/em><\/p>\n","protected":false},"excerpt":{"rendered":"<p>Ikv\u00e4ll var det middagstr\u00e4ff med en av mina \u00e4ldsta (allts\u00e5 \u00a0\u00e4ldsta i v\u00e4nskap, \u00e5ldersm\u00e4ssigt blir vi ju, som bekant bara yngre) v\u00e4ninnor, Sarijaana och familj. Sarijaana och jag b\u00f6rjade samtidigt i en redan hopsvetsad (d\u00e5ligt visserligen, men \u00e4nd\u00e5) skolklass och &hellip; <a href=\"http:\/\/www.susannavaris.com\/blogg\/2011\/07\/middag-pa-wendela-hebbe\/\">Forts\u00e4tt l\u00e4sa <span class=\"meta-nav\">&rarr;<\/span><\/a><\/p>\n","protected":false},"author":1,"featured_media":1578,"comment_status":"open","ping_status":"open","sticky":false,"template":"","format":"standard","meta":{"footnotes":""},"categories":[674,1],"tags":[327,481,82,83,479,121,480],"class_list":["post-1577","post","type-post","status-publish","format-standard","has-post-thumbnail","hentry","category-historia","category-okategoriserade","tag-80-tal","tag-dalarna","tag-hovsjo","tag-hovsjoskolan","tag-sarijaana","tag-sodertalje","tag-wendela-hebbe-museet"],"_links":{"self":[{"href":"http:\/\/www.susannavaris.com\/blogg\/wp-json\/wp\/v2\/posts\/1577","targetHints":{"allow":["GET"]}}],"collection":[{"href":"http:\/\/www.susannavaris.com\/blogg\/wp-json\/wp\/v2\/posts"}],"about":[{"href":"http:\/\/www.susannavaris.com\/blogg\/wp-json\/wp\/v2\/types\/post"}],"author":[{"embeddable":true,"href":"http:\/\/www.susannavaris.com\/blogg\/wp-json\/wp\/v2\/users\/1"}],"replies":[{"embeddable":true,"href":"http:\/\/www.susannavaris.com\/blogg\/wp-json\/wp\/v2\/comments?post=1577"}],"version-history":[{"count":3,"href":"http:\/\/www.susannavaris.com\/blogg\/wp-json\/wp\/v2\/posts\/1577\/revisions"}],"predecessor-version":[{"id":2486,"href":"http:\/\/www.susannavaris.com\/blogg\/wp-json\/wp\/v2\/posts\/1577\/revisions\/2486"}],"wp:featuredmedia":[{"embeddable":true,"href":"http:\/\/www.susannavaris.com\/blogg\/wp-json\/wp\/v2\/media\/1578"}],"wp:attachment":[{"href":"http:\/\/www.susannavaris.com\/blogg\/wp-json\/wp\/v2\/media?parent=1577"}],"wp:term":[{"taxonomy":"category","embeddable":true,"href":"http:\/\/www.susannavaris.com\/blogg\/wp-json\/wp\/v2\/categories?post=1577"},{"taxonomy":"post_tag","embeddable":true,"href":"http:\/\/www.susannavaris.com\/blogg\/wp-json\/wp\/v2\/tags?post=1577"}],"curies":[{"name":"wp","href":"https:\/\/api.w.org\/{rel}","templated":true}]}}