{"id":15785,"date":"2016-02-07T17:15:19","date_gmt":"2016-02-07T16:15:19","guid":{"rendered":"http:\/\/www.susannavaris.com\/blogg\/?p=15785"},"modified":"2016-02-07T17:15:36","modified_gmt":"2016-02-07T16:15:36","slug":"uttryck-din-asikt-men-se-till-att-inte-fel-oron-lyssnar","status":"publish","type":"post","link":"http:\/\/www.susannavaris.com\/blogg\/2016\/02\/uttryck-din-asikt-men-se-till-att-inte-fel-oron-lyssnar\/","title":{"rendered":"Uttryck din \u00e5sikt men se till att inte fel \u00f6ron lyssnar"},"content":{"rendered":"<p>I dagens SvD\u00a0<a href=\"http:\/\/www.svd.se\/sd-har-ett-sarskilt-ansvar\/om\/ledare\">skriver<\/a> Tove Lifvendahl om extremistiska element i demonstrationer och om r\u00e4tten att demonstrera. Med avstamp i vad som kallades f\u00f6r Folkets Demonstration f\u00f6rra l\u00f6rdagen i Stockholm, menar ledarskribenten att SD har ett s\u00e4rskilt ansvar f\u00f6r att h\u00e5lla en tydlig r\u00e5g\u00e5ng mellan sig sj\u00e4lva och extremister i demonstrationer. Folkets demonstration tycks ha organiserats av \u00e5tminstone en, aktiv SD-politiker och talarlistan bestod av en blandad skara m\u00e4nniskor. Som Lifvendahl skriver, har alla r\u00e4tt att demonstrera och uttrycka \u00e5sikter i ett demokratiskt samh\u00e4lle &#8211; \u00e4ven antidemokrater. Varf\u00f6r det skulle enbart vara viktigt f\u00f6r SD att h\u00e5lla extremisterna p\u00e5 arml\u00e4ngds avst\u00e5nd f\u00f6rst\u00e5r jag d\u00e4remot inte. \u00c4r det d\u00e5 inte lika viktigt f\u00f6r v\u00e4nstern, d\u00e4r det ofta ses genom fingrarna med v\u00e5ldsam, utomparlamentarisk aktivitet? Varf\u00f6r blir inte varje v\u00e4nsterdemonstration d\u00e4r medlemmar fr\u00e5n AFA och RF finns med likv\u00e4l stigmatiserad?<\/p>\n<p>En annan fr\u00e5ga \u00e4r varf\u00f6r en arrang\u00f6r av en demonstration h\u00e5llas ansvarig f\u00f6r vilka som dyker upp vid den? \u00c4r det arrang\u00f6ren som dels ska identifiera och sedan mota bort m\u00e4nniskor med extremistiska \u00e5sikter? Sj\u00e4lvklart b\u00f6r en arrang\u00f6r som inte \u00f6nskar extremistiska element i sin demonstration i m\u00e5n av k\u00e4nnedom motverka dessa. Fr\u00e5n talarstolen kan man markera mot grupperingar man inte \u00f6nskar medverka i sin demonstration.<\/p>\n<p>I media har hela Folkets demonstration s\u00f6kt brunm\u00e5las och jag har inte tillr\u00e4cklig k\u00e4nnedom om vem som eventuellt visste vad f\u00f6r att kunna g\u00f6ra en bed\u00f6mning, men ska verkligen demonstranter och talare h\u00e5llas ansvariga f\u00f6r vilka som st\u00e5r i publiken? \u00c4r inte en demonstration med tal ett tillf\u00e4lle att sprida sin \u00e5sikt och s\u00f6ka \u00f6vertyga alla slags m\u00e4nniskor?<\/p>\n<p style=\"text-align: center;\"><a href=\"http:\/\/www.susannavaris.com\/blogg\/2016\/02\/uttryck-din-asikt-men-se-till-att-inte-fel-oron-lyssnar\/brasilia_aerea_eixo_monumental\/\" rel=\"attachment wp-att-15786\"><img loading=\"lazy\" decoding=\"async\" class=\"aligncenter size-large wp-image-15786\" src=\"http:\/\/www.susannavaris.com\/blogg\/wp-content\/uploads\/2016\/02\/Brasilia_aerea_eixo_monumental-1024x683.jpg\" alt=\"Brasilia_aerea_eixo_monumental\" width=\"640\" height=\"427\" srcset=\"http:\/\/www.susannavaris.com\/blogg\/wp-content\/uploads\/2016\/02\/Brasilia_aerea_eixo_monumental.jpg 1024w, http:\/\/www.susannavaris.com\/blogg\/wp-content\/uploads\/2016\/02\/Brasilia_aerea_eixo_monumental-300x200.jpg 300w, http:\/\/www.susannavaris.com\/blogg\/wp-content\/uploads\/2016\/02\/Brasilia_aerea_eixo_monumental-768x512.jpg 768w\" sizes=\"auto, (max-width: 640px) 100vw, 640px\" \/><\/a><em>Brasilia &#8211; snart \u00e4ven i Sverige? Foto: By Governo do Brasil &#8211; Portal da Copa, CC BY 3.0 br, https:\/\/commons.wikimedia.org\/w\/index.php?curid=33240683<\/em><\/p>\n<p>En annan besvikelse p\u00e5 dagens ledarsida i SvD var en\u00a0<a href=\"http:\/\/www.svd.se\/stockholm-fast-i-goteborgsmantrat\/om\/ledare-kolumnister\">text<\/a> av Mats Johansson. Att ok\u00e4nsliga rivningar i Stockholms city, som den planerade rivningen vid Stureplan (\u00e4r dom inte kloka?) \u00e4r ett gissel och n\u00e5got som omedelbart borde stoppas h\u00e5ller jag med om, men:<\/p>\n<blockquote><p>&#8221;I\u2009st\u00e4llet f\u00f6r ett allt tr\u00e4ngre Stockholm kunde vi t\u00e4nka nytt: Bygg ett Stockholm till p\u00e5 annan plats d\u00e4r de hundratusentals nytillkomna kan f\u00e5 en b\u00e4ttre tillvaro \u00e4n i k\u00f6staden.&#8221;<\/p><\/blockquote>\n<p>Varf\u00f6r bor d\u00e5 skribenten sj\u00e4lv i Stockholm? Kan inte han flytta till det nybyggda G\u00f6teborg p\u00e5 vischan med de nytillkomna? L\u00f6sningen p\u00e5 k\u00f6staden \u00e4r allts\u00e5 att de som lyckats tillskansa sig bost\u00e4der innanf\u00f6r tullarna ska lugnt f\u00e5 ha sitt reservat i fred och de som nu st\u00e5r utanf\u00f6r, samt de &#8221;nytillkomna&#8221;, ska f\u00f6rpassas till n\u00e5got nybyggt bauta-miljonprogram helst l\u00e5ngt ifr\u00e5n \u00e5syn? Om det nu enkom handlar om utbytbar mark fungerar detta resonemang, men det finns en hel del andra v\u00e4rden i en stad \u00e4n stabilt berg att bygga p\u00e5. Arbeten, exempelvis. Och kultur. Ja, allt det som nu \u00e4r lockelsen med en stad som Stockholm. Det p\u00e5g\u00e5r en urbanisering globalt. M\u00e4nniskor s\u00f6ker sig till storst\u00e4derna och detta kommer att forts\u00e4tta med likheten av en naturkraft. Det \u00e4r ett mycket vanskligt projekt att bygga en stad fr\u00e5n grunden och f\u00e5 det att fungera, vilket bl a exemplet Brasil visar. Om nu tanken fr\u00e5n b\u00f6rjan dessutom \u00e4r att fylla den med marginaliserade m\u00e4nniskor l\u00e4r inte prognosen bli b\u00e4ttre.<\/p>\n<p>&nbsp;<\/p>\n","protected":false},"excerpt":{"rendered":"<p>I dagens SvD\u00a0skriver Tove Lifvendahl om extremistiska element i demonstrationer och om r\u00e4tten att demonstrera. Med avstamp i vad som kallades f\u00f6r Folkets Demonstration f\u00f6rra l\u00f6rdagen i Stockholm, menar ledarskribenten att SD har ett s\u00e4rskilt ansvar f\u00f6r att h\u00e5lla en &hellip; <a href=\"http:\/\/www.susannavaris.com\/blogg\/2016\/02\/uttryck-din-asikt-men-se-till-att-inte-fel-oron-lyssnar\/\">Forts\u00e4tt l\u00e4sa <span class=\"meta-nav\">&rarr;<\/span><\/a><\/p>\n","protected":false},"author":1,"featured_media":0,"comment_status":"open","ping_status":"open","sticky":false,"template":"","format":"standard","meta":{"footnotes":""},"categories":[4515,1928,589,590,1060],"tags":[3737,5224,2983,450,5221,4518,5223,4516,5222,5225,5226,4916,1227,1024,504,3703],"class_list":["post-15785","post","type-post","status-publish","format-standard","hentry","category-invandring-och-integration","category-journalistik","category-medier","category-politik","category-samhallsplanering","tag-afa","tag-brasilia","tag-demonstration","tag-extremism","tag-folkets-demonstration","tag-inflyttning","tag-mats-johansson","tag-migration","tag-rf","tag-rivning","tag-rivningshysteri","tag-samhallsplanering","tag-stadsplanering","tag-stureplan","tag-svd","tag-tove-lifvendahl"],"_links":{"self":[{"href":"http:\/\/www.susannavaris.com\/blogg\/wp-json\/wp\/v2\/posts\/15785","targetHints":{"allow":["GET"]}}],"collection":[{"href":"http:\/\/www.susannavaris.com\/blogg\/wp-json\/wp\/v2\/posts"}],"about":[{"href":"http:\/\/www.susannavaris.com\/blogg\/wp-json\/wp\/v2\/types\/post"}],"author":[{"embeddable":true,"href":"http:\/\/www.susannavaris.com\/blogg\/wp-json\/wp\/v2\/users\/1"}],"replies":[{"embeddable":true,"href":"http:\/\/www.susannavaris.com\/blogg\/wp-json\/wp\/v2\/comments?post=15785"}],"version-history":[{"count":2,"href":"http:\/\/www.susannavaris.com\/blogg\/wp-json\/wp\/v2\/posts\/15785\/revisions"}],"predecessor-version":[{"id":15788,"href":"http:\/\/www.susannavaris.com\/blogg\/wp-json\/wp\/v2\/posts\/15785\/revisions\/15788"}],"wp:attachment":[{"href":"http:\/\/www.susannavaris.com\/blogg\/wp-json\/wp\/v2\/media?parent=15785"}],"wp:term":[{"taxonomy":"category","embeddable":true,"href":"http:\/\/www.susannavaris.com\/blogg\/wp-json\/wp\/v2\/categories?post=15785"},{"taxonomy":"post_tag","embeddable":true,"href":"http:\/\/www.susannavaris.com\/blogg\/wp-json\/wp\/v2\/tags?post=15785"}],"curies":[{"name":"wp","href":"https:\/\/api.w.org\/{rel}","templated":true}]}}