{"id":15802,"date":"2016-02-19T23:48:30","date_gmt":"2016-02-19T22:48:30","guid":{"rendered":"http:\/\/www.susannavaris.com\/blogg\/?p=15802"},"modified":"2016-03-02T18:33:56","modified_gmt":"2016-03-02T17:33:56","slug":"utdelning-av-selma-priset-pa-vulkan","status":"publish","type":"post","link":"http:\/\/www.susannavaris.com\/blogg\/2016\/02\/utdelning-av-selma-priset-pa-vulkan\/","title":{"rendered":"Utdelning av Selma-priset p\u00e5 Vulkan"},"content":{"rendered":"<p>Den digitala revolutionen har ju inneburit en ren\u00e4ssans \u00e4ven inom sektorn f\u00f6r bokutgivning och f\u00f6rlagsbranschen kanske \u00e4r p\u00e5 v\u00e4g att genomg\u00e5 en f\u00f6r\u00e4ndring. Vem som helst kan numera p\u00e5 ett n\u00e4rmast skr\u00e4ddarsytt s\u00e4tt hantera en utgivning av en egen bok, till mindre och st\u00f6rre kostnad och med varierande grad av egna arbetsinsatser ut\u00f6ver skrivandet tack vare en uppsj\u00f6 av olika f\u00f6rlag\/tryckerier\/bokutgivningsservice f\u00f6r just egenutgivning. En av dessa \u00e4r\u00a0<a href=\"https:\/\/www.vulkanmedia.se\/\">Vulkan<\/a> (eller egentligen Lava f\u00f6rlag, som st\u00e5r f\u00f6r Selma-priset), d\u00e4r det idag delades ut ett pris f\u00f6r \u00e5rets egenutgivna bok och vi var f\u00f6rst\u00e5s p\u00e5 plats. (Foto, om inget annat anges: Susanna Varis)<\/p>\n<p style=\"text-align: center;\"><a href=\"http:\/\/www.susannavaris.com\/blogg\/2016\/02\/utdelning-av-selma-priset-pa-vulkan\/dsc_0140-50-5\/\" rel=\"attachment wp-att-15803\"><img loading=\"lazy\" decoding=\"async\" class=\"aligncenter size-large wp-image-15803\" src=\"http:\/\/www.susannavaris.com\/blogg\/wp-content\/uploads\/2016\/02\/DSC_0140-50-774x1024.jpg\" alt=\"DSC_0140-50\" width=\"640\" height=\"847\" srcset=\"http:\/\/www.susannavaris.com\/blogg\/wp-content\/uploads\/2016\/02\/DSC_0140-50-774x1024.jpg 774w, http:\/\/www.susannavaris.com\/blogg\/wp-content\/uploads\/2016\/02\/DSC_0140-50-227x300.jpg 227w, http:\/\/www.susannavaris.com\/blogg\/wp-content\/uploads\/2016\/02\/DSC_0140-50-768x1016.jpg 768w, http:\/\/www.susannavaris.com\/blogg\/wp-content\/uploads\/2016\/02\/DSC_0140-50.jpg 1532w\" sizes=\"auto, (max-width: 640px) 100vw, 640px\" \/><\/a> <a href=\"http:\/\/www.susannavaris.com\/blogg\/2016\/02\/utdelning-av-selma-priset-pa-vulkan\/dsc_0142-50-6\/\" rel=\"attachment wp-att-15804\"><img loading=\"lazy\" decoding=\"async\" class=\"aligncenter size-large wp-image-15804\" src=\"http:\/\/www.susannavaris.com\/blogg\/wp-content\/uploads\/2016\/02\/DSC_0142-50-1024x683.jpg\" alt=\"DSC_0142-50\" width=\"640\" height=\"427\" srcset=\"http:\/\/www.susannavaris.com\/blogg\/wp-content\/uploads\/2016\/02\/DSC_0142-50-1024x683.jpg 1024w, http:\/\/www.susannavaris.com\/blogg\/wp-content\/uploads\/2016\/02\/DSC_0142-50-300x200.jpg 300w, http:\/\/www.susannavaris.com\/blogg\/wp-content\/uploads\/2016\/02\/DSC_0142-50-768x512.jpg 768w\" sizes=\"auto, (max-width: 640px) 100vw, 640px\" \/><\/a><em>Vi var tidiga, och tog d\u00e4rf\u00f6r en liten promenad ner till Hornstulls strand.<\/em><\/p>\n<p style=\"text-align: center;\"><a href=\"http:\/\/www.susannavaris.com\/blogg\/2016\/02\/utdelning-av-selma-priset-pa-vulkan\/dsc_0173-01-50\/\" rel=\"attachment wp-att-15805\"><img loading=\"lazy\" decoding=\"async\" class=\"aligncenter size-large wp-image-15805\" src=\"http:\/\/www.susannavaris.com\/blogg\/wp-content\/uploads\/2016\/02\/DSC_0173-01-50-680x1024.jpg\" alt=\"DSC_0173-01-50\" width=\"640\" height=\"964\" srcset=\"http:\/\/www.susannavaris.com\/blogg\/wp-content\/uploads\/2016\/02\/DSC_0173-01-50-680x1024.jpg 680w, http:\/\/www.susannavaris.com\/blogg\/wp-content\/uploads\/2016\/02\/DSC_0173-01-50-199x300.jpg 199w, http:\/\/www.susannavaris.com\/blogg\/wp-content\/uploads\/2016\/02\/DSC_0173-01-50-768x1156.jpg 768w, http:\/\/www.susannavaris.com\/blogg\/wp-content\/uploads\/2016\/02\/DSC_0173-01-50.jpg 1424w\" sizes=\"auto, (max-width: 640px) 100vw, 640px\" \/><\/a><em>Foto: Ulf Holm\u00e9n<\/em><\/p>\n<p style=\"text-align: center;\"><a href=\"http:\/\/www.susannavaris.com\/blogg\/2016\/02\/utdelning-av-selma-priset-pa-vulkan\/wp_20160219_15_52_27_pro__highres-50\/\" rel=\"attachment wp-att-15838\"><img loading=\"lazy\" decoding=\"async\" class=\"aligncenter size-large wp-image-15838\" src=\"http:\/\/www.susannavaris.com\/blogg\/wp-content\/uploads\/2016\/02\/WP_20160219_15_52_27_Pro__highres-50-662x1024.jpg\" alt=\"WP_20160219_15_52_27_Pro__highres-50\" width=\"640\" height=\"990\" srcset=\"http:\/\/www.susannavaris.com\/blogg\/wp-content\/uploads\/2016\/02\/WP_20160219_15_52_27_Pro__highres-50-662x1024.jpg 662w, http:\/\/www.susannavaris.com\/blogg\/wp-content\/uploads\/2016\/02\/WP_20160219_15_52_27_Pro__highres-50-194x300.jpg 194w, http:\/\/www.susannavaris.com\/blogg\/wp-content\/uploads\/2016\/02\/WP_20160219_15_52_27_Pro__highres-50-768x1188.jpg 768w\" sizes=\"auto, (max-width: 640px) 100vw, 640px\" \/><\/a><\/p>\n<p style=\"text-align: center;\"><a href=\"http:\/\/www.susannavaris.com\/blogg\/2016\/02\/utdelning-av-selma-priset-pa-vulkan\/12657387_970594856356614_4266920635310568655_o\/\" rel=\"attachment wp-att-15834\"><img loading=\"lazy\" decoding=\"async\" class=\"aligncenter size-large wp-image-15834\" src=\"http:\/\/www.susannavaris.com\/blogg\/wp-content\/uploads\/2016\/02\/12657387_970594856356614_4266920635310568655_o-1024x722.jpg\" alt=\"12657387_970594856356614_4266920635310568655_o\" width=\"640\" height=\"451\" srcset=\"http:\/\/www.susannavaris.com\/blogg\/wp-content\/uploads\/2016\/02\/12657387_970594856356614_4266920635310568655_o-1024x722.jpg 1024w, http:\/\/www.susannavaris.com\/blogg\/wp-content\/uploads\/2016\/02\/12657387_970594856356614_4266920635310568655_o-300x211.jpg 300w, http:\/\/www.susannavaris.com\/blogg\/wp-content\/uploads\/2016\/02\/12657387_970594856356614_4266920635310568655_o-768x541.jpg 768w, http:\/\/www.susannavaris.com\/blogg\/wp-content\/uploads\/2016\/02\/12657387_970594856356614_4266920635310568655_o.jpg 2048w\" sizes=\"auto, (max-width: 640px) 100vw, 640px\" \/><\/a><\/p>\n<p style=\"text-align: center;\"><a href=\"http:\/\/www.susannavaris.com\/blogg\/2016\/02\/utdelning-av-selma-priset-pa-vulkan\/dsc_0138-50-crop\/\" rel=\"attachment wp-att-15806\"><img loading=\"lazy\" decoding=\"async\" class=\"aligncenter size-large wp-image-15806\" src=\"http:\/\/www.susannavaris.com\/blogg\/wp-content\/uploads\/2016\/02\/DSC_0138-50-crop-1024x373.jpg\" alt=\"DSC_0138-50-crop\" width=\"640\" height=\"233\" srcset=\"http:\/\/www.susannavaris.com\/blogg\/wp-content\/uploads\/2016\/02\/DSC_0138-50-crop-1024x373.jpg 1024w, http:\/\/www.susannavaris.com\/blogg\/wp-content\/uploads\/2016\/02\/DSC_0138-50-crop-300x109.jpg 300w, http:\/\/www.susannavaris.com\/blogg\/wp-content\/uploads\/2016\/02\/DSC_0138-50-crop-768x280.jpg 768w, http:\/\/www.susannavaris.com\/blogg\/wp-content\/uploads\/2016\/02\/DSC_0138-50-crop.jpg 1959w\" sizes=\"auto, (max-width: 640px) 100vw, 640px\" \/><\/a> <a href=\"http:\/\/www.susannavaris.com\/blogg\/2016\/02\/utdelning-av-selma-priset-pa-vulkan\/dsc_0143-50-6\/\" rel=\"attachment wp-att-15807\"><img loading=\"lazy\" decoding=\"async\" class=\"aligncenter size-large wp-image-15807\" src=\"http:\/\/www.susannavaris.com\/blogg\/wp-content\/uploads\/2016\/02\/DSC_0143-50-1024x683.jpg\" alt=\"DSC_0143-50\" width=\"640\" height=\"427\" srcset=\"http:\/\/www.susannavaris.com\/blogg\/wp-content\/uploads\/2016\/02\/DSC_0143-50-1024x683.jpg 1024w, http:\/\/www.susannavaris.com\/blogg\/wp-content\/uploads\/2016\/02\/DSC_0143-50-300x200.jpg 300w, http:\/\/www.susannavaris.com\/blogg\/wp-content\/uploads\/2016\/02\/DSC_0143-50-768x512.jpg 768w\" sizes=\"auto, (max-width: 640px) 100vw, 640px\" \/><\/a> <a href=\"http:\/\/www.susannavaris.com\/blogg\/2016\/02\/utdelning-av-selma-priset-pa-vulkan\/dsc_0144-50-4\/\" rel=\"attachment wp-att-15808\"><img loading=\"lazy\" decoding=\"async\" class=\"aligncenter size-large wp-image-15808\" src=\"http:\/\/www.susannavaris.com\/blogg\/wp-content\/uploads\/2016\/02\/DSC_0144-50-1024x683.jpg\" alt=\"DSC_0144-50\" width=\"640\" height=\"427\" srcset=\"http:\/\/www.susannavaris.com\/blogg\/wp-content\/uploads\/2016\/02\/DSC_0144-50-1024x683.jpg 1024w, http:\/\/www.susannavaris.com\/blogg\/wp-content\/uploads\/2016\/02\/DSC_0144-50-300x200.jpg 300w, http:\/\/www.susannavaris.com\/blogg\/wp-content\/uploads\/2016\/02\/DSC_0144-50-768x512.jpg 768w\" sizes=\"auto, (max-width: 640px) 100vw, 640px\" \/><\/a> <a href=\"http:\/\/www.susannavaris.com\/blogg\/2016\/02\/utdelning-av-selma-priset-pa-vulkan\/dsc_0146-50-2\/\" rel=\"attachment wp-att-15809\"><img loading=\"lazy\" decoding=\"async\" class=\"aligncenter size-large wp-image-15809\" src=\"http:\/\/www.susannavaris.com\/blogg\/wp-content\/uploads\/2016\/02\/DSC_0146-50-1024x683.jpg\" alt=\"DSC_0146-50\" width=\"640\" height=\"427\" srcset=\"http:\/\/www.susannavaris.com\/blogg\/wp-content\/uploads\/2016\/02\/DSC_0146-50-1024x683.jpg 1024w, http:\/\/www.susannavaris.com\/blogg\/wp-content\/uploads\/2016\/02\/DSC_0146-50-300x200.jpg 300w, http:\/\/www.susannavaris.com\/blogg\/wp-content\/uploads\/2016\/02\/DSC_0146-50-768x512.jpg 768w\" sizes=\"auto, (max-width: 640px) 100vw, 640px\" \/><\/a> <a href=\"http:\/\/www.susannavaris.com\/blogg\/2016\/02\/utdelning-av-selma-priset-pa-vulkan\/dsc_0148-50-4\/\" rel=\"attachment wp-att-15810\"><img loading=\"lazy\" decoding=\"async\" class=\"aligncenter size-large wp-image-15810\" src=\"http:\/\/www.susannavaris.com\/blogg\/wp-content\/uploads\/2016\/02\/DSC_0148-50-791x1024.jpg\" alt=\"DSC_0148-50\" width=\"640\" height=\"829\" srcset=\"http:\/\/www.susannavaris.com\/blogg\/wp-content\/uploads\/2016\/02\/DSC_0148-50-791x1024.jpg 791w, http:\/\/www.susannavaris.com\/blogg\/wp-content\/uploads\/2016\/02\/DSC_0148-50-232x300.jpg 232w, http:\/\/www.susannavaris.com\/blogg\/wp-content\/uploads\/2016\/02\/DSC_0148-50-768x995.jpg 768w, http:\/\/www.susannavaris.com\/blogg\/wp-content\/uploads\/2016\/02\/DSC_0148-50.jpg 1450w\" sizes=\"auto, (max-width: 640px) 100vw, 640px\" \/><\/a><em>En av de topp-5-nominerade f\u00f6rfattarna, Lena Jannesdotter och \u00e5rets Selma-prisvinnare, Jonas Aspegren.<\/em><\/p>\n<p style=\"text-align: center;\"><a href=\"http:\/\/www.susannavaris.com\/blogg\/2016\/02\/utdelning-av-selma-priset-pa-vulkan\/dsc_0149-50-7\/\" rel=\"attachment wp-att-15811\"><img loading=\"lazy\" decoding=\"async\" class=\"aligncenter size-large wp-image-15811\" src=\"http:\/\/www.susannavaris.com\/blogg\/wp-content\/uploads\/2016\/02\/DSC_0149-50-766x1024.jpg\" alt=\"DSC_0149-50\" width=\"640\" height=\"856\" srcset=\"http:\/\/www.susannavaris.com\/blogg\/wp-content\/uploads\/2016\/02\/DSC_0149-50-766x1024.jpg 766w, http:\/\/www.susannavaris.com\/blogg\/wp-content\/uploads\/2016\/02\/DSC_0149-50-224x300.jpg 224w, http:\/\/www.susannavaris.com\/blogg\/wp-content\/uploads\/2016\/02\/DSC_0149-50-768x1027.jpg 768w, http:\/\/www.susannavaris.com\/blogg\/wp-content\/uploads\/2016\/02\/DSC_0149-50.jpg 1532w\" sizes=\"auto, (max-width: 640px) 100vw, 640px\" \/><\/a> <a href=\"http:\/\/www.susannavaris.com\/blogg\/2016\/02\/utdelning-av-selma-priset-pa-vulkan\/dsc_0150-50-8\/\" rel=\"attachment wp-att-15812\"><img loading=\"lazy\" decoding=\"async\" class=\"aligncenter size-large wp-image-15812\" src=\"http:\/\/www.susannavaris.com\/blogg\/wp-content\/uploads\/2016\/02\/DSC_0150-50-1024x683.jpg\" alt=\"DSC_0150-50\" width=\"640\" height=\"427\" srcset=\"http:\/\/www.susannavaris.com\/blogg\/wp-content\/uploads\/2016\/02\/DSC_0150-50-1024x683.jpg 1024w, http:\/\/www.susannavaris.com\/blogg\/wp-content\/uploads\/2016\/02\/DSC_0150-50-300x200.jpg 300w, http:\/\/www.susannavaris.com\/blogg\/wp-content\/uploads\/2016\/02\/DSC_0150-50-768x512.jpg 768w\" sizes=\"auto, (max-width: 640px) 100vw, 640px\" \/><\/a> <a href=\"http:\/\/www.susannavaris.com\/blogg\/2016\/02\/utdelning-av-selma-priset-pa-vulkan\/dsc_0153-50-4\/\" rel=\"attachment wp-att-15813\"><img loading=\"lazy\" decoding=\"async\" class=\"aligncenter size-large wp-image-15813\" src=\"http:\/\/www.susannavaris.com\/blogg\/wp-content\/uploads\/2016\/02\/DSC_0153-50-1024x683.jpg\" alt=\"DSC_0153-50\" width=\"640\" height=\"427\" srcset=\"http:\/\/www.susannavaris.com\/blogg\/wp-content\/uploads\/2016\/02\/DSC_0153-50-1024x683.jpg 1024w, http:\/\/www.susannavaris.com\/blogg\/wp-content\/uploads\/2016\/02\/DSC_0153-50-300x200.jpg 300w, http:\/\/www.susannavaris.com\/blogg\/wp-content\/uploads\/2016\/02\/DSC_0153-50-768x512.jpg 768w\" sizes=\"auto, (max-width: 640px) 100vw, 640px\" \/><\/a> <a href=\"http:\/\/www.susannavaris.com\/blogg\/2016\/02\/utdelning-av-selma-priset-pa-vulkan\/dsc_0154-crop\/\" rel=\"attachment wp-att-15814\"><img loading=\"lazy\" decoding=\"async\" class=\"aligncenter size-large wp-image-15814\" src=\"http:\/\/www.susannavaris.com\/blogg\/wp-content\/uploads\/2016\/02\/DSC_0154-crop-908x1024.jpg\" alt=\"DSC_0154-crop\" width=\"640\" height=\"722\" srcset=\"http:\/\/www.susannavaris.com\/blogg\/wp-content\/uploads\/2016\/02\/DSC_0154-crop-908x1024.jpg 908w, http:\/\/www.susannavaris.com\/blogg\/wp-content\/uploads\/2016\/02\/DSC_0154-crop-266x300.jpg 266w, http:\/\/www.susannavaris.com\/blogg\/wp-content\/uploads\/2016\/02\/DSC_0154-crop-768x866.jpg 768w, http:\/\/www.susannavaris.com\/blogg\/wp-content\/uploads\/2016\/02\/DSC_0154-crop.jpg 1267w\" sizes=\"auto, (max-width: 640px) 100vw, 640px\" \/><\/a> <a href=\"http:\/\/www.susannavaris.com\/blogg\/2016\/02\/utdelning-av-selma-priset-pa-vulkan\/dsc_0154-crop-2\/\" rel=\"attachment wp-att-15815\"><img loading=\"lazy\" decoding=\"async\" class=\"aligncenter size-large wp-image-15815\" src=\"http:\/\/www.susannavaris.com\/blogg\/wp-content\/uploads\/2016\/02\/DSC_0154-crop-2-1024x728.jpg\" alt=\"DSC_0154-crop-2\" width=\"640\" height=\"455\" srcset=\"http:\/\/www.susannavaris.com\/blogg\/wp-content\/uploads\/2016\/02\/DSC_0154-crop-2-1024x728.jpg 1024w, http:\/\/www.susannavaris.com\/blogg\/wp-content\/uploads\/2016\/02\/DSC_0154-crop-2-300x213.jpg 300w, http:\/\/www.susannavaris.com\/blogg\/wp-content\/uploads\/2016\/02\/DSC_0154-crop-2-768x546.jpg 768w, http:\/\/www.susannavaris.com\/blogg\/wp-content\/uploads\/2016\/02\/DSC_0154-crop-2.jpg 1607w\" sizes=\"auto, (max-width: 640px) 100vw, 640px\" \/><\/a> <a href=\"http:\/\/www.susannavaris.com\/blogg\/2016\/02\/utdelning-av-selma-priset-pa-vulkan\/dsc_0155-crop\/\" rel=\"attachment wp-att-15816\"><img loading=\"lazy\" decoding=\"async\" class=\"aligncenter size-large wp-image-15816\" src=\"http:\/\/www.susannavaris.com\/blogg\/wp-content\/uploads\/2016\/02\/DSC_0155-crop-861x1024.jpg\" alt=\"DSC_0155-crop\" width=\"640\" height=\"761\" srcset=\"http:\/\/www.susannavaris.com\/blogg\/wp-content\/uploads\/2016\/02\/DSC_0155-crop-861x1024.jpg 861w, http:\/\/www.susannavaris.com\/blogg\/wp-content\/uploads\/2016\/02\/DSC_0155-crop-252x300.jpg 252w, http:\/\/www.susannavaris.com\/blogg\/wp-content\/uploads\/2016\/02\/DSC_0155-crop-768x913.jpg 768w, http:\/\/www.susannavaris.com\/blogg\/wp-content\/uploads\/2016\/02\/DSC_0155-crop.jpg 1782w\" sizes=\"auto, (max-width: 640px) 100vw, 640px\" \/><\/a><\/p>\n<p style=\"text-align: center;\"><a href=\"http:\/\/www.susannavaris.com\/blogg\/2016\/02\/utdelning-av-selma-priset-pa-vulkan\/dsc_0174-01-crop\/\" rel=\"attachment wp-att-15833\"><img loading=\"lazy\" decoding=\"async\" class=\"aligncenter size-large wp-image-15833\" src=\"http:\/\/www.susannavaris.com\/blogg\/wp-content\/uploads\/2016\/02\/DSC_0174-01-crop-750x1024.jpg\" alt=\"DSC_0174-01-crop\" width=\"640\" height=\"874\" srcset=\"http:\/\/www.susannavaris.com\/blogg\/wp-content\/uploads\/2016\/02\/DSC_0174-01-crop-750x1024.jpg 750w, http:\/\/www.susannavaris.com\/blogg\/wp-content\/uploads\/2016\/02\/DSC_0174-01-crop-220x300.jpg 220w, http:\/\/www.susannavaris.com\/blogg\/wp-content\/uploads\/2016\/02\/DSC_0174-01-crop-768x1048.jpg 768w, http:\/\/www.susannavaris.com\/blogg\/wp-content\/uploads\/2016\/02\/DSC_0174-01-crop.jpg 992w\" sizes=\"auto, (max-width: 640px) 100vw, 640px\" \/><\/a><em>Foto: Ulf Holm\u00e9n<\/em><\/p>\n<p style=\"text-align: center;\"><a href=\"http:\/\/www.susannavaris.com\/blogg\/2016\/02\/utdelning-av-selma-priset-pa-vulkan\/dsc_0158-50-5\/\" rel=\"attachment wp-att-15817\"><img loading=\"lazy\" decoding=\"async\" class=\"aligncenter size-large wp-image-15817\" src=\"http:\/\/www.susannavaris.com\/blogg\/wp-content\/uploads\/2016\/02\/DSC_0158-50-1024x683.jpg\" alt=\"DSC_0158-50\" width=\"640\" height=\"427\" srcset=\"http:\/\/www.susannavaris.com\/blogg\/wp-content\/uploads\/2016\/02\/DSC_0158-50-1024x683.jpg 1024w, http:\/\/www.susannavaris.com\/blogg\/wp-content\/uploads\/2016\/02\/DSC_0158-50-300x200.jpg 300w, http:\/\/www.susannavaris.com\/blogg\/wp-content\/uploads\/2016\/02\/DSC_0158-50-768x512.jpg 768w\" sizes=\"auto, (max-width: 640px) 100vw, 640px\" \/><\/a><a href=\"http:\/\/www.susannavaris.com\/blogg\/2016\/02\/utdelning-av-selma-priset-pa-vulkan\/dsc_0159-50-5\/\" rel=\"attachment wp-att-15818\"><img loading=\"lazy\" decoding=\"async\" class=\"aligncenter size-large wp-image-15818\" src=\"http:\/\/www.susannavaris.com\/blogg\/wp-content\/uploads\/2016\/02\/DSC_0159-50-1024x683.jpg\" alt=\"DSC_0159-50\" width=\"640\" height=\"427\" srcset=\"http:\/\/www.susannavaris.com\/blogg\/wp-content\/uploads\/2016\/02\/DSC_0159-50-1024x683.jpg 1024w, http:\/\/www.susannavaris.com\/blogg\/wp-content\/uploads\/2016\/02\/DSC_0159-50-300x200.jpg 300w, http:\/\/www.susannavaris.com\/blogg\/wp-content\/uploads\/2016\/02\/DSC_0159-50-768x512.jpg 768w\" sizes=\"auto, (max-width: 640px) 100vw, 640px\" \/><\/a><em>Katarina Vastam\u00e4ki fr\u00e5n Lava f\u00f6rlag och prisvinnaren.<\/em><\/p>\n<p style=\"text-align: center;\"><a href=\"http:\/\/www.susannavaris.com\/blogg\/2016\/02\/utdelning-av-selma-priset-pa-vulkan\/dsc_0160-50-8\/\" rel=\"attachment wp-att-15819\"><img loading=\"lazy\" decoding=\"async\" class=\"aligncenter size-large wp-image-15819\" src=\"http:\/\/www.susannavaris.com\/blogg\/wp-content\/uploads\/2016\/02\/DSC_0160-50-1024x685.jpg\" alt=\"DSC_0160-50\" width=\"640\" height=\"428\" srcset=\"http:\/\/www.susannavaris.com\/blogg\/wp-content\/uploads\/2016\/02\/DSC_0160-50-1024x685.jpg 1024w, http:\/\/www.susannavaris.com\/blogg\/wp-content\/uploads\/2016\/02\/DSC_0160-50-300x201.jpg 300w, http:\/\/www.susannavaris.com\/blogg\/wp-content\/uploads\/2016\/02\/DSC_0160-50-768x513.jpg 768w, http:\/\/www.susannavaris.com\/blogg\/wp-content\/uploads\/2016\/02\/DSC_0160-50.jpg 1931w\" sizes=\"auto, (max-width: 640px) 100vw, 640px\" \/><\/a> <a href=\"http:\/\/www.susannavaris.com\/blogg\/2016\/02\/utdelning-av-selma-priset-pa-vulkan\/dsc_0162-50-3\/\" rel=\"attachment wp-att-15820\"><img loading=\"lazy\" decoding=\"async\" class=\"aligncenter size-large wp-image-15820\" src=\"http:\/\/www.susannavaris.com\/blogg\/wp-content\/uploads\/2016\/02\/DSC_0162-50-683x1024.jpg\" alt=\"DSC_0162-50\" width=\"640\" height=\"960\" srcset=\"http:\/\/www.susannavaris.com\/blogg\/wp-content\/uploads\/2016\/02\/DSC_0162-50-683x1024.jpg 683w, http:\/\/www.susannavaris.com\/blogg\/wp-content\/uploads\/2016\/02\/DSC_0162-50-200x300.jpg 200w, http:\/\/www.susannavaris.com\/blogg\/wp-content\/uploads\/2016\/02\/DSC_0162-50-768x1152.jpg 768w, http:\/\/www.susannavaris.com\/blogg\/wp-content\/uploads\/2016\/02\/DSC_0162-50.jpg 1536w\" sizes=\"auto, (max-width: 640px) 100vw, 640px\" \/><\/a><em>Leffe Delo, f\u00f6rfattare och bloggare samt jurymedlem.<\/em><\/p>\n<p style=\"text-align: center;\"><a href=\"http:\/\/www.susannavaris.com\/blogg\/2016\/02\/utdelning-av-selma-priset-pa-vulkan\/dsc_0166-50-6\/\" rel=\"attachment wp-att-15821\"><img loading=\"lazy\" decoding=\"async\" class=\"aligncenter size-large wp-image-15821\" src=\"http:\/\/www.susannavaris.com\/blogg\/wp-content\/uploads\/2016\/02\/DSC_0166-50-683x1024.jpg\" alt=\"DSC_0166-50\" width=\"640\" height=\"960\" srcset=\"http:\/\/www.susannavaris.com\/blogg\/wp-content\/uploads\/2016\/02\/DSC_0166-50-683x1024.jpg 683w, http:\/\/www.susannavaris.com\/blogg\/wp-content\/uploads\/2016\/02\/DSC_0166-50-200x300.jpg 200w, http:\/\/www.susannavaris.com\/blogg\/wp-content\/uploads\/2016\/02\/DSC_0166-50-768x1152.jpg 768w, http:\/\/www.susannavaris.com\/blogg\/wp-content\/uploads\/2016\/02\/DSC_0166-50.jpg 1536w\" sizes=\"auto, (max-width: 640px) 100vw, 640px\" \/><\/a><em>Mats Lundgren, en av topp-5-f\u00f6rfattarna.<\/em><\/p>\n<p style=\"text-align: center;\"><a href=\"http:\/\/www.susannavaris.com\/blogg\/2016\/02\/utdelning-av-selma-priset-pa-vulkan\/dsc_0167-50-2\/\" rel=\"attachment wp-att-15822\"><img loading=\"lazy\" decoding=\"async\" class=\"aligncenter size-large wp-image-15822\" src=\"http:\/\/www.susannavaris.com\/blogg\/wp-content\/uploads\/2016\/02\/DSC_0167-50-683x1024.jpg\" alt=\"DSC_0167-50\" width=\"640\" height=\"960\" srcset=\"http:\/\/www.susannavaris.com\/blogg\/wp-content\/uploads\/2016\/02\/DSC_0167-50-683x1024.jpg 683w, http:\/\/www.susannavaris.com\/blogg\/wp-content\/uploads\/2016\/02\/DSC_0167-50-200x300.jpg 200w, http:\/\/www.susannavaris.com\/blogg\/wp-content\/uploads\/2016\/02\/DSC_0167-50-768x1152.jpg 768w, http:\/\/www.susannavaris.com\/blogg\/wp-content\/uploads\/2016\/02\/DSC_0167-50.jpg 1536w\" sizes=\"auto, (max-width: 640px) 100vw, 640px\" \/><\/a><em>Carl Axel Gyllenram (ocks\u00e5 topp-5), vars bok &#8221;Jag, Anna, vill g\u00e5 vidare nu&#8221;, verkade sp\u00e4nnande&#8230;<\/em><\/p>\n<p style=\"text-align: center;\"><a href=\"http:\/\/www.susannavaris.com\/blogg\/2016\/02\/utdelning-av-selma-priset-pa-vulkan\/dsc_0170-50-3\/\" rel=\"attachment wp-att-15823\"><img loading=\"lazy\" decoding=\"async\" class=\"aligncenter size-large wp-image-15823\" src=\"http:\/\/www.susannavaris.com\/blogg\/wp-content\/uploads\/2016\/02\/DSC_0170-50-683x1024.jpg\" alt=\"DSC_0170-50\" width=\"640\" height=\"960\" srcset=\"http:\/\/www.susannavaris.com\/blogg\/wp-content\/uploads\/2016\/02\/DSC_0170-50-683x1024.jpg 683w, http:\/\/www.susannavaris.com\/blogg\/wp-content\/uploads\/2016\/02\/DSC_0170-50-200x300.jpg 200w, http:\/\/www.susannavaris.com\/blogg\/wp-content\/uploads\/2016\/02\/DSC_0170-50-768x1152.jpg 768w, http:\/\/www.susannavaris.com\/blogg\/wp-content\/uploads\/2016\/02\/DSC_0170-50.jpg 1536w\" sizes=\"auto, (max-width: 640px) 100vw, 640px\" \/><\/a><em>Jakob Sverker, \u00e4ven han en av de topp-5-placerade f\u00f6rfattarna i t\u00e4vlingen&#8230;<\/em><\/p>\n<p style=\"text-align: center;\"><a href=\"http:\/\/www.susannavaris.com\/blogg\/2016\/02\/utdelning-av-selma-priset-pa-vulkan\/dsc_0174-50-4\/\" rel=\"attachment wp-att-15824\"><img loading=\"lazy\" decoding=\"async\" class=\"aligncenter size-large wp-image-15824\" src=\"http:\/\/www.susannavaris.com\/blogg\/wp-content\/uploads\/2016\/02\/DSC_0174-50-723x1024.jpg\" alt=\"DSC_0174-50\" width=\"640\" height=\"906\" srcset=\"http:\/\/www.susannavaris.com\/blogg\/wp-content\/uploads\/2016\/02\/DSC_0174-50-723x1024.jpg 723w, http:\/\/www.susannavaris.com\/blogg\/wp-content\/uploads\/2016\/02\/DSC_0174-50-212x300.jpg 212w, http:\/\/www.susannavaris.com\/blogg\/wp-content\/uploads\/2016\/02\/DSC_0174-50-768x1088.jpg 768w, http:\/\/www.susannavaris.com\/blogg\/wp-content\/uploads\/2016\/02\/DSC_0174-50.jpg 1330w\" sizes=\"auto, (max-width: 640px) 100vw, 640px\" \/><\/a><em>Yllka Sheqiris ber\u00e4ttade gripande om sin bakgrund och om kulturkrockarna med det svenska spr\u00e5ket, n\u00e5got som boken ocks\u00e5 handlar om, efter det att familjen flytt till Sverige fr\u00e5n Kosovo.<\/em><\/p>\n<p style=\"text-align: center;\"><a href=\"http:\/\/www.susannavaris.com\/blogg\/2016\/02\/utdelning-av-selma-priset-pa-vulkan\/dsc_0175-50-5\/\" rel=\"attachment wp-att-15825\"><img loading=\"lazy\" decoding=\"async\" class=\"aligncenter size-large wp-image-15825\" src=\"http:\/\/www.susannavaris.com\/blogg\/wp-content\/uploads\/2016\/02\/DSC_0175-50-1024x683.jpg\" alt=\"DSC_0175-50\" width=\"640\" height=\"427\" srcset=\"http:\/\/www.susannavaris.com\/blogg\/wp-content\/uploads\/2016\/02\/DSC_0175-50-1024x683.jpg 1024w, http:\/\/www.susannavaris.com\/blogg\/wp-content\/uploads\/2016\/02\/DSC_0175-50-300x200.jpg 300w, http:\/\/www.susannavaris.com\/blogg\/wp-content\/uploads\/2016\/02\/DSC_0175-50-768x512.jpg 768w\" sizes=\"auto, (max-width: 640px) 100vw, 640px\" \/><\/a><a href=\"http:\/\/www.susannavaris.com\/blogg\/2016\/02\/utdelning-av-selma-priset-pa-vulkan\/dsc_0176-50-4\/\" rel=\"attachment wp-att-15826\"><img loading=\"lazy\" decoding=\"async\" class=\"aligncenter size-large wp-image-15826\" src=\"http:\/\/www.susannavaris.com\/blogg\/wp-content\/uploads\/2016\/02\/DSC_0176-50-695x1024.jpg\" alt=\"DSC_0176-50\" width=\"640\" height=\"943\" srcset=\"http:\/\/www.susannavaris.com\/blogg\/wp-content\/uploads\/2016\/02\/DSC_0176-50-695x1024.jpg 695w, http:\/\/www.susannavaris.com\/blogg\/wp-content\/uploads\/2016\/02\/DSC_0176-50-204x300.jpg 204w, http:\/\/www.susannavaris.com\/blogg\/wp-content\/uploads\/2016\/02\/DSC_0176-50-768x1132.jpg 768w, http:\/\/www.susannavaris.com\/blogg\/wp-content\/uploads\/2016\/02\/DSC_0176-50.jpg 1252w\" sizes=\"auto, (max-width: 640px) 100vw, 640px\" \/><\/a><em>Lena Jannesdotter l\u00e4ste upp starka passage ur sin bok&#8230;<\/em><\/p>\n<p style=\"text-align: center;\"><a href=\"http:\/\/www.susannavaris.com\/blogg\/2016\/02\/utdelning-av-selma-priset-pa-vulkan\/dsc_0180-50-4\/\" rel=\"attachment wp-att-15827\"><img loading=\"lazy\" decoding=\"async\" class=\"aligncenter size-large wp-image-15827\" src=\"http:\/\/www.susannavaris.com\/blogg\/wp-content\/uploads\/2016\/02\/DSC_0180-50-683x1024.jpg\" alt=\"DSC_0180-50\" width=\"640\" height=\"960\" srcset=\"http:\/\/www.susannavaris.com\/blogg\/wp-content\/uploads\/2016\/02\/DSC_0180-50-683x1024.jpg 683w, http:\/\/www.susannavaris.com\/blogg\/wp-content\/uploads\/2016\/02\/DSC_0180-50-200x300.jpg 200w, http:\/\/www.susannavaris.com\/blogg\/wp-content\/uploads\/2016\/02\/DSC_0180-50-768x1152.jpg 768w, http:\/\/www.susannavaris.com\/blogg\/wp-content\/uploads\/2016\/02\/DSC_0180-50.jpg 1536w\" sizes=\"auto, (max-width: 640px) 100vw, 640px\" \/><\/a><em>Till slut fick vi \u00e4ven h\u00f6ra avsnitt ur den vinnande Heml\u00e4xan, av Jonas Aspegren.<\/em><\/p>\n<p style=\"text-align: center;\"><a href=\"http:\/\/www.susannavaris.com\/blogg\/2016\/02\/utdelning-av-selma-priset-pa-vulkan\/dsc_0183-50-6\/\" rel=\"attachment wp-att-15829\"><img loading=\"lazy\" decoding=\"async\" class=\"aligncenter size-large wp-image-15829\" src=\"http:\/\/www.susannavaris.com\/blogg\/wp-content\/uploads\/2016\/02\/DSC_0183-50-1024x787.jpg\" alt=\"DSC_0183-50\" width=\"640\" height=\"492\" srcset=\"http:\/\/www.susannavaris.com\/blogg\/wp-content\/uploads\/2016\/02\/DSC_0183-50-1024x787.jpg 1024w, http:\/\/www.susannavaris.com\/blogg\/wp-content\/uploads\/2016\/02\/DSC_0183-50-300x231.jpg 300w, http:\/\/www.susannavaris.com\/blogg\/wp-content\/uploads\/2016\/02\/DSC_0183-50-768x590.jpg 768w, http:\/\/www.susannavaris.com\/blogg\/wp-content\/uploads\/2016\/02\/DSC_0183-50.jpg 1920w\" sizes=\"auto, (max-width: 640px) 100vw, 640px\" \/><\/a> <a href=\"http:\/\/www.susannavaris.com\/blogg\/2016\/02\/utdelning-av-selma-priset-pa-vulkan\/dsc_0184-50-5\/\" rel=\"attachment wp-att-15830\"><img loading=\"lazy\" decoding=\"async\" class=\"aligncenter size-large wp-image-15830\" src=\"http:\/\/www.susannavaris.com\/blogg\/wp-content\/uploads\/2016\/02\/DSC_0184-50-1024x730.jpg\" alt=\"DSC_0184-50\" width=\"640\" height=\"456\" srcset=\"http:\/\/www.susannavaris.com\/blogg\/wp-content\/uploads\/2016\/02\/DSC_0184-50-1024x730.jpg 1024w, http:\/\/www.susannavaris.com\/blogg\/wp-content\/uploads\/2016\/02\/DSC_0184-50-300x214.jpg 300w, http:\/\/www.susannavaris.com\/blogg\/wp-content\/uploads\/2016\/02\/DSC_0184-50-768x547.jpg 768w, http:\/\/www.susannavaris.com\/blogg\/wp-content\/uploads\/2016\/02\/DSC_0184-50.jpg 1890w\" sizes=\"auto, (max-width: 640px) 100vw, 640px\" \/><\/a><em>Diplomutdelning.<\/em><\/p>\n<p style=\"text-align: center;\"><a href=\"http:\/\/www.susannavaris.com\/blogg\/2016\/02\/utdelning-av-selma-priset-pa-vulkan\/dsc_0185-50-4\/\" rel=\"attachment wp-att-15831\"><img loading=\"lazy\" decoding=\"async\" class=\"aligncenter size-large wp-image-15831\" src=\"http:\/\/www.susannavaris.com\/blogg\/wp-content\/uploads\/2016\/02\/DSC_0185-50-817x1024.jpg\" alt=\"DSC_0185-50\" width=\"640\" height=\"802\" srcset=\"http:\/\/www.susannavaris.com\/blogg\/wp-content\/uploads\/2016\/02\/DSC_0185-50-817x1024.jpg 817w, http:\/\/www.susannavaris.com\/blogg\/wp-content\/uploads\/2016\/02\/DSC_0185-50-239x300.jpg 239w, http:\/\/www.susannavaris.com\/blogg\/wp-content\/uploads\/2016\/02\/DSC_0185-50-768x963.jpg 768w, http:\/\/www.susannavaris.com\/blogg\/wp-content\/uploads\/2016\/02\/DSC_0185-50.jpg 971w\" sizes=\"auto, (max-width: 640px) 100vw, 640px\" \/><\/a> <a href=\"http:\/\/www.susannavaris.com\/blogg\/2016\/02\/utdelning-av-selma-priset-pa-vulkan\/dsc_0186-crop\/\" rel=\"attachment wp-att-15832\"><img loading=\"lazy\" decoding=\"async\" class=\"aligncenter size-large wp-image-15832\" src=\"http:\/\/www.susannavaris.com\/blogg\/wp-content\/uploads\/2016\/02\/DSC_0186-crop-814x1024.jpg\" alt=\"DSC_0186-crop\" width=\"640\" height=\"805\" srcset=\"http:\/\/www.susannavaris.com\/blogg\/wp-content\/uploads\/2016\/02\/DSC_0186-crop-814x1024.jpg 814w, http:\/\/www.susannavaris.com\/blogg\/wp-content\/uploads\/2016\/02\/DSC_0186-crop-238x300.jpg 238w, http:\/\/www.susannavaris.com\/blogg\/wp-content\/uploads\/2016\/02\/DSC_0186-crop-768x966.jpg 768w, http:\/\/www.susannavaris.com\/blogg\/wp-content\/uploads\/2016\/02\/DSC_0186-crop.jpg 1607w\" sizes=\"auto, (max-width: 640px) 100vw, 640px\" \/><\/a><\/p>\n<p style=\"text-align: left;\">Efter\u00e5t tog vi en liten sv\u00e4ng ner till strandpromenaden igen&#8230;<\/p>\n<p style=\"text-align: center;\"><a href=\"http:\/\/www.susannavaris.com\/blogg\/2016\/02\/utdelning-av-selma-priset-pa-vulkan\/dsc_0188-50-4\/\" rel=\"attachment wp-att-15835\"><img loading=\"lazy\" decoding=\"async\" class=\"aligncenter size-large wp-image-15835\" src=\"http:\/\/www.susannavaris.com\/blogg\/wp-content\/uploads\/2016\/02\/DSC_0188-50-1024x683.jpg\" alt=\"DSC_0188-50\" width=\"640\" height=\"427\" srcset=\"http:\/\/www.susannavaris.com\/blogg\/wp-content\/uploads\/2016\/02\/DSC_0188-50-1024x683.jpg 1024w, http:\/\/www.susannavaris.com\/blogg\/wp-content\/uploads\/2016\/02\/DSC_0188-50-300x200.jpg 300w, http:\/\/www.susannavaris.com\/blogg\/wp-content\/uploads\/2016\/02\/DSC_0188-50-768x512.jpg 768w\" sizes=\"auto, (max-width: 640px) 100vw, 640px\" \/><\/a> <a href=\"http:\/\/www.susannavaris.com\/blogg\/2016\/02\/utdelning-av-selma-priset-pa-vulkan\/dsc_0191-50-4\/\" rel=\"attachment wp-att-15836\"><img loading=\"lazy\" decoding=\"async\" class=\"aligncenter size-large wp-image-15836\" src=\"http:\/\/www.susannavaris.com\/blogg\/wp-content\/uploads\/2016\/02\/DSC_0191-50-1024x691.jpg\" alt=\"DSC_0191-50\" width=\"640\" height=\"432\" srcset=\"http:\/\/www.susannavaris.com\/blogg\/wp-content\/uploads\/2016\/02\/DSC_0191-50-1024x691.jpg 1024w, http:\/\/www.susannavaris.com\/blogg\/wp-content\/uploads\/2016\/02\/DSC_0191-50-300x202.jpg 300w, http:\/\/www.susannavaris.com\/blogg\/wp-content\/uploads\/2016\/02\/DSC_0191-50-768x518.jpg 768w\" sizes=\"auto, (max-width: 640px) 100vw, 640px\" \/><\/a><a href=\"http:\/\/www.susannavaris.com\/blogg\/2016\/02\/utdelning-av-selma-priset-pa-vulkan\/dsc_0194-50-5\/\" rel=\"attachment wp-att-15839\"><img loading=\"lazy\" decoding=\"async\" class=\"aligncenter size-large wp-image-15839\" src=\"http:\/\/www.susannavaris.com\/blogg\/wp-content\/uploads\/2016\/02\/DSC_0194-50-808x1024.jpg\" alt=\"DSC_0194-50\" width=\"640\" height=\"811\" srcset=\"http:\/\/www.susannavaris.com\/blogg\/wp-content\/uploads\/2016\/02\/DSC_0194-50-808x1024.jpg 808w, http:\/\/www.susannavaris.com\/blogg\/wp-content\/uploads\/2016\/02\/DSC_0194-50-237x300.jpg 237w, http:\/\/www.susannavaris.com\/blogg\/wp-content\/uploads\/2016\/02\/DSC_0194-50-768x973.jpg 768w, http:\/\/www.susannavaris.com\/blogg\/wp-content\/uploads\/2016\/02\/DSC_0194-50.jpg 1530w\" sizes=\"auto, (max-width: 640px) 100vw, 640px\" \/><\/a><em>En goodiebag med b\u00f6cker fick vi ocks\u00e5&#8230; :)<\/em><\/p>\n<p style=\"text-align: center;\">\n","protected":false},"excerpt":{"rendered":"<p>Den digitala revolutionen har ju inneburit en ren\u00e4ssans \u00e4ven inom sektorn f\u00f6r bokutgivning och f\u00f6rlagsbranschen kanske \u00e4r p\u00e5 v\u00e4g att genomg\u00e5 en f\u00f6r\u00e4ndring. Vem som helst kan numera p\u00e5 ett n\u00e4rmast skr\u00e4ddarsytt s\u00e4tt hantera en utgivning av en egen bok, &hellip; <a href=\"http:\/\/www.susannavaris.com\/blogg\/2016\/02\/utdelning-av-selma-priset-pa-vulkan\/\">Forts\u00e4tt l\u00e4sa <span class=\"meta-nav\">&rarr;<\/span><\/a><\/p>\n","protected":false},"author":1,"featured_media":0,"comment_status":"open","ping_status":"open","sticky":false,"template":"","format":"standard","meta":{"footnotes":""},"categories":[1364,555,1162],"tags":[4919,1372,5252,5248,5246,1286,4755,5258,5259,5251,5257,5255,5245,5254,5256,3196,5253,3046,5247,4954,3263,5249,5244,5250],"class_list":["post-15802","post","type-post","status-publish","format-standard","hentry","category-bocker","category-events","category-kultur","tag-bocker","tag-bok","tag-carl-axel-gyllenram","tag-egenutgivare","tag-egenutgivning","tag-forfattare","tag-forlag","tag-hemlaxan","tag-hornstulls-strand","tag-jakob-sverker","tag-jonas-aspegren","tag-katarina-vastamaki","tag-lava","tag-leffe-delo","tag-lena-jannesdotter","tag-litteratur","tag-mats-lundgren","tag-roman","tag-selma-priset","tag-skonlitteratur","tag-skriva","tag-tryckeri","tag-vulkan","tag-yllka-sheqiri"],"_links":{"self":[{"href":"http:\/\/www.susannavaris.com\/blogg\/wp-json\/wp\/v2\/posts\/15802","targetHints":{"allow":["GET"]}}],"collection":[{"href":"http:\/\/www.susannavaris.com\/blogg\/wp-json\/wp\/v2\/posts"}],"about":[{"href":"http:\/\/www.susannavaris.com\/blogg\/wp-json\/wp\/v2\/types\/post"}],"author":[{"embeddable":true,"href":"http:\/\/www.susannavaris.com\/blogg\/wp-json\/wp\/v2\/users\/1"}],"replies":[{"embeddable":true,"href":"http:\/\/www.susannavaris.com\/blogg\/wp-json\/wp\/v2\/comments?post=15802"}],"version-history":[{"count":3,"href":"http:\/\/www.susannavaris.com\/blogg\/wp-json\/wp\/v2\/posts\/15802\/revisions"}],"predecessor-version":[{"id":15860,"href":"http:\/\/www.susannavaris.com\/blogg\/wp-json\/wp\/v2\/posts\/15802\/revisions\/15860"}],"wp:attachment":[{"href":"http:\/\/www.susannavaris.com\/blogg\/wp-json\/wp\/v2\/media?parent=15802"}],"wp:term":[{"taxonomy":"category","embeddable":true,"href":"http:\/\/www.susannavaris.com\/blogg\/wp-json\/wp\/v2\/categories?post=15802"},{"taxonomy":"post_tag","embeddable":true,"href":"http:\/\/www.susannavaris.com\/blogg\/wp-json\/wp\/v2\/tags?post=15802"}],"curies":[{"name":"wp","href":"https:\/\/api.w.org\/{rel}","templated":true}]}}