{"id":15843,"date":"2016-02-20T12:29:48","date_gmt":"2016-02-20T11:29:48","guid":{"rendered":"http:\/\/www.susannavaris.com\/blogg\/?p=15843"},"modified":"2016-02-20T12:29:48","modified_gmt":"2016-02-20T11:29:48","slug":"grupputstallning-pa-nybroviken","status":"publish","type":"post","link":"http:\/\/www.susannavaris.com\/blogg\/2016\/02\/grupputstallning-pa-nybroviken\/","title":{"rendered":"Grupputst\u00e4llning p\u00e5 Nybroviken"},"content":{"rendered":"<p>Varmt v\u00e4lkomna p\u00e5 grupputst\u00e4llningen p\u00e5 Nybroviken kontorshotell som jag kommer att delta i! I skrivande stund \u00e4r jag inte alldeles s\u00e4ker p\u00e5 att jag kan delta vid vernissagen, men jag ska f\u00f6rs\u00f6ka ordna s\u00e5 att jag kan vara d\u00e4r.<\/p>\n<p><a href=\"http:\/\/www.susannavaris.com\/blogg\/2016\/02\/grupputstallning-pa-nybroviken\/header-lilycrow-facebook-nybroviken-text\/\" rel=\"attachment wp-att-15844\"><img loading=\"lazy\" decoding=\"async\" class=\"aligncenter size-large wp-image-15844\" src=\"http:\/\/www.susannavaris.com\/blogg\/wp-content\/uploads\/2016\/02\/header-lilycrow-facebook-nybroviken-text-1024x394.jpg\" alt=\"header-lilycrow-facebook-nybroviken-text\" width=\"640\" height=\"246\" srcset=\"http:\/\/www.susannavaris.com\/blogg\/wp-content\/uploads\/2016\/02\/header-lilycrow-facebook-nybroviken-text-1024x394.jpg 1024w, http:\/\/www.susannavaris.com\/blogg\/wp-content\/uploads\/2016\/02\/header-lilycrow-facebook-nybroviken-text-300x115.jpg 300w, http:\/\/www.susannavaris.com\/blogg\/wp-content\/uploads\/2016\/02\/header-lilycrow-facebook-nybroviken-text-768x296.jpg 768w, http:\/\/www.susannavaris.com\/blogg\/wp-content\/uploads\/2016\/02\/header-lilycrow-facebook-nybroviken-text.jpg 1382w\" sizes=\"auto, (max-width: 640px) 100vw, 640px\" \/><\/a>I will be participating in this group exhibition at Nybroviken starting next week! Grand opening on wednesday 24.th february, 18-20 (6 pm &#8211; 8 pm), Birger Jarlsgatan 2 (call on Kontoret Nybroviken). Welcome!!<\/p>\n","protected":false},"excerpt":{"rendered":"<p>Varmt v\u00e4lkomna p\u00e5 grupputst\u00e4llningen p\u00e5 Nybroviken kontorshotell som jag kommer att delta i! I skrivande stund \u00e4r jag inte alldeles s\u00e4ker p\u00e5 att jag kan delta vid vernissagen, men jag ska f\u00f6rs\u00f6ka ordna s\u00e5 att jag kan vara d\u00e4r. I &hellip; <a href=\"http:\/\/www.susannavaris.com\/blogg\/2016\/02\/grupputstallning-pa-nybroviken\/\">Forts\u00e4tt l\u00e4sa <span class=\"meta-nav\">&rarr;<\/span><\/a><\/p>\n","protected":false},"author":1,"featured_media":0,"comment_status":"open","ping_status":"open","sticky":false,"template":"","format":"standard","meta":{"footnotes":""},"categories":[7,555,3,1162,4],"tags":[418,4318,1147,5262,17,5261,3274,5260,1024,122],"class_list":["post-15843","post","type-post","status-publish","format-standard","hentry","category-egna-verk","category-events","category-konst","category-kultur","category-utstallning","tag-art","tag-cecilia-haupt","tag-exhibition","tag-grupputstallning","tag-konst-2","tag-kontorshotell","tag-lilycrow-art-of-susanna-varis","tag-nybroviken","tag-stureplan","tag-utstallning-2"],"_links":{"self":[{"href":"http:\/\/www.susannavaris.com\/blogg\/wp-json\/wp\/v2\/posts\/15843","targetHints":{"allow":["GET"]}}],"collection":[{"href":"http:\/\/www.susannavaris.com\/blogg\/wp-json\/wp\/v2\/posts"}],"about":[{"href":"http:\/\/www.susannavaris.com\/blogg\/wp-json\/wp\/v2\/types\/post"}],"author":[{"embeddable":true,"href":"http:\/\/www.susannavaris.com\/blogg\/wp-json\/wp\/v2\/users\/1"}],"replies":[{"embeddable":true,"href":"http:\/\/www.susannavaris.com\/blogg\/wp-json\/wp\/v2\/comments?post=15843"}],"version-history":[{"count":2,"href":"http:\/\/www.susannavaris.com\/blogg\/wp-json\/wp\/v2\/posts\/15843\/revisions"}],"predecessor-version":[{"id":15846,"href":"http:\/\/www.susannavaris.com\/blogg\/wp-json\/wp\/v2\/posts\/15843\/revisions\/15846"}],"wp:attachment":[{"href":"http:\/\/www.susannavaris.com\/blogg\/wp-json\/wp\/v2\/media?parent=15843"}],"wp:term":[{"taxonomy":"category","embeddable":true,"href":"http:\/\/www.susannavaris.com\/blogg\/wp-json\/wp\/v2\/categories?post=15843"},{"taxonomy":"post_tag","embeddable":true,"href":"http:\/\/www.susannavaris.com\/blogg\/wp-json\/wp\/v2\/tags?post=15843"}],"curies":[{"name":"wp","href":"https:\/\/api.w.org\/{rel}","templated":true}]}}