{"id":15861,"date":"2016-03-02T19:52:01","date_gmt":"2016-03-02T18:52:01","guid":{"rendered":"http:\/\/www.susannavaris.com\/blogg\/?p=15861"},"modified":"2016-03-02T21:00:43","modified_gmt":"2016-03-02T20:00:43","slug":"vernissage-pa-nybrovik","status":"publish","type":"post","link":"http:\/\/www.susannavaris.com\/blogg\/2016\/03\/vernissage-pa-nybrovik\/","title":{"rendered":"Vernissage p\u00e5 Nybroviken"},"content":{"rendered":"<p>I f\u00f6rra veckan var det vernissage p\u00e5 Nybrovik Kontorshotell:<\/p>\n<p><a href=\"http:\/\/www.susannavaris.com\/blogg\/2016\/03\/vernissage-pa-nybrovik\/vernissagekort-original-2\/\" rel=\"attachment wp-att-15882\"><img loading=\"lazy\" decoding=\"async\" class=\"aligncenter size-medium wp-image-15882\" src=\"http:\/\/www.susannavaris.com\/blogg\/wp-content\/uploads\/2016\/03\/vernissagekort-original-218x300.png\" alt=\"vernissagekort original\" width=\"218\" height=\"300\" srcset=\"http:\/\/www.susannavaris.com\/blogg\/wp-content\/uploads\/2016\/03\/vernissagekort-original-218x300.png 218w, http:\/\/www.susannavaris.com\/blogg\/wp-content\/uploads\/2016\/03\/vernissagekort-original.png 643w\" sizes=\"auto, (max-width: 218px) 100vw, 218px\" \/><\/a><\/p>\n<p><a href=\"http:\/\/www.susannavaris.com\/blogg\/2016\/03\/vernissage-pa-nybrovik\/dsc_0184-crop-50\/\" rel=\"attachment wp-att-15862\"><img loading=\"lazy\" decoding=\"async\" class=\"aligncenter size-large wp-image-15862\" src=\"http:\/\/www.susannavaris.com\/blogg\/wp-content\/uploads\/2016\/03\/DSC_0184-crop-50-864x1024.jpg\" alt=\"DSC_0184-crop-50\" width=\"640\" height=\"759\" srcset=\"http:\/\/www.susannavaris.com\/blogg\/wp-content\/uploads\/2016\/03\/DSC_0184-crop-50-864x1024.jpg 864w, http:\/\/www.susannavaris.com\/blogg\/wp-content\/uploads\/2016\/03\/DSC_0184-crop-50-253x300.jpg 253w, http:\/\/www.susannavaris.com\/blogg\/wp-content\/uploads\/2016\/03\/DSC_0184-crop-50-768x910.jpg 768w, http:\/\/www.susannavaris.com\/blogg\/wp-content\/uploads\/2016\/03\/DSC_0184-crop-50.jpg 1424w\" sizes=\"auto, (max-width: 640px) 100vw, 640px\" \/><\/a><\/p>\n<p style=\"text-align: center;\"><em>Med mina verk Titania, Interrupted och Evening Walk.<\/em><\/p>\n<p><a href=\"http:\/\/www.susannavaris.com\/blogg\/2016\/03\/vernissage-pa-nybrovik\/dsc_0185-50-5\/\" rel=\"attachment wp-att-15863\"><img loading=\"lazy\" decoding=\"async\" class=\"aligncenter size-large wp-image-15863\" src=\"http:\/\/www.susannavaris.com\/blogg\/wp-content\/uploads\/2016\/03\/DSC_0185-50-680x1024.jpg\" alt=\"DSC_0185-50\" width=\"640\" height=\"964\" srcset=\"http:\/\/www.susannavaris.com\/blogg\/wp-content\/uploads\/2016\/03\/DSC_0185-50-680x1024.jpg 680w, http:\/\/www.susannavaris.com\/blogg\/wp-content\/uploads\/2016\/03\/DSC_0185-50-199x300.jpg 199w, http:\/\/www.susannavaris.com\/blogg\/wp-content\/uploads\/2016\/03\/DSC_0185-50-768x1156.jpg 768w, http:\/\/www.susannavaris.com\/blogg\/wp-content\/uploads\/2016\/03\/DSC_0185-50.jpg 1424w\" sizes=\"auto, (max-width: 640px) 100vw, 640px\" \/><\/a><a href=\"http:\/\/www.susannavaris.com\/blogg\/2016\/03\/vernissage-pa-nybrovik\/dsc_0195-50-3\/\" rel=\"attachment wp-att-15864\"><img loading=\"lazy\" decoding=\"async\" class=\"aligncenter size-large wp-image-15864\" src=\"http:\/\/www.susannavaris.com\/blogg\/wp-content\/uploads\/2016\/03\/DSC_0195-50-1024x693.png\" alt=\"DSC_0195-50\" width=\"640\" height=\"433\" srcset=\"http:\/\/www.susannavaris.com\/blogg\/wp-content\/uploads\/2016\/03\/DSC_0195-50-1024x693.png 1024w, http:\/\/www.susannavaris.com\/blogg\/wp-content\/uploads\/2016\/03\/DSC_0195-50-300x203.png 300w, http:\/\/www.susannavaris.com\/blogg\/wp-content\/uploads\/2016\/03\/DSC_0195-50-768x520.png 768w\" sizes=\"auto, (max-width: 640px) 100vw, 640px\" \/><\/a> <a href=\"http:\/\/www.susannavaris.com\/blogg\/2016\/03\/vernissage-pa-nybrovik\/dsc_0198-50-4\/\" rel=\"attachment wp-att-15865\"><img loading=\"lazy\" decoding=\"async\" class=\"aligncenter size-large wp-image-15865\" src=\"http:\/\/www.susannavaris.com\/blogg\/wp-content\/uploads\/2016\/03\/DSC_0198-50-683x1024.jpg\" alt=\"DSC_0198-50\" width=\"640\" height=\"960\" srcset=\"http:\/\/www.susannavaris.com\/blogg\/wp-content\/uploads\/2016\/03\/DSC_0198-50-683x1024.jpg 683w, http:\/\/www.susannavaris.com\/blogg\/wp-content\/uploads\/2016\/03\/DSC_0198-50-200x300.jpg 200w, http:\/\/www.susannavaris.com\/blogg\/wp-content\/uploads\/2016\/03\/DSC_0198-50-768x1152.jpg 768w, http:\/\/www.susannavaris.com\/blogg\/wp-content\/uploads\/2016\/03\/DSC_0198-50.jpg 1536w\" sizes=\"auto, (max-width: 640px) 100vw, 640px\" \/><\/a> <a href=\"http:\/\/www.susannavaris.com\/blogg\/2016\/03\/vernissage-pa-nybrovik\/dsc_0199-50-5\/\" rel=\"attachment wp-att-15866\"><img loading=\"lazy\" decoding=\"async\" class=\"aligncenter size-large wp-image-15866\" src=\"http:\/\/www.susannavaris.com\/blogg\/wp-content\/uploads\/2016\/03\/DSC_0199-50-1024x804.jpg\" alt=\"DSC_0199-50\" width=\"640\" height=\"503\" srcset=\"http:\/\/www.susannavaris.com\/blogg\/wp-content\/uploads\/2016\/03\/DSC_0199-50-1024x804.jpg 1024w, http:\/\/www.susannavaris.com\/blogg\/wp-content\/uploads\/2016\/03\/DSC_0199-50-300x235.jpg 300w, http:\/\/www.susannavaris.com\/blogg\/wp-content\/uploads\/2016\/03\/DSC_0199-50-768x603.jpg 768w, http:\/\/www.susannavaris.com\/blogg\/wp-content\/uploads\/2016\/03\/DSC_0199-50.jpg 1273w\" sizes=\"auto, (max-width: 640px) 100vw, 640px\" \/><\/a> <a href=\"http:\/\/www.susannavaris.com\/blogg\/2016\/03\/vernissage-pa-nybrovik\/dsc_0201-50-4\/\" rel=\"attachment wp-att-15867\"><img loading=\"lazy\" decoding=\"async\" class=\"aligncenter size-large wp-image-15867\" src=\"http:\/\/www.susannavaris.com\/blogg\/wp-content\/uploads\/2016\/03\/DSC_0201-50-1024x683.jpg\" alt=\"DSC_0201-50\" width=\"640\" height=\"427\" srcset=\"http:\/\/www.susannavaris.com\/blogg\/wp-content\/uploads\/2016\/03\/DSC_0201-50-1024x683.jpg 1024w, http:\/\/www.susannavaris.com\/blogg\/wp-content\/uploads\/2016\/03\/DSC_0201-50-300x200.jpg 300w, http:\/\/www.susannavaris.com\/blogg\/wp-content\/uploads\/2016\/03\/DSC_0201-50-768x512.jpg 768w\" sizes=\"auto, (max-width: 640px) 100vw, 640px\" \/><\/a> <a href=\"http:\/\/www.susannavaris.com\/blogg\/2016\/03\/vernissage-pa-nybrovik\/dsc_0202-50-4\/\" rel=\"attachment wp-att-15868\"><img loading=\"lazy\" decoding=\"async\" class=\"aligncenter size-large wp-image-15868\" src=\"http:\/\/www.susannavaris.com\/blogg\/wp-content\/uploads\/2016\/03\/DSC_0202-50-1024x683.jpg\" alt=\"DSC_0202-50\" width=\"640\" height=\"427\" srcset=\"http:\/\/www.susannavaris.com\/blogg\/wp-content\/uploads\/2016\/03\/DSC_0202-50-1024x683.jpg 1024w, http:\/\/www.susannavaris.com\/blogg\/wp-content\/uploads\/2016\/03\/DSC_0202-50-300x200.jpg 300w, http:\/\/www.susannavaris.com\/blogg\/wp-content\/uploads\/2016\/03\/DSC_0202-50-768x512.jpg 768w\" sizes=\"auto, (max-width: 640px) 100vw, 640px\" \/><\/a> <a href=\"http:\/\/www.susannavaris.com\/blogg\/2016\/03\/vernissage-pa-nybrovik\/dsc_0203-50-5\/\" rel=\"attachment wp-att-15869\"><img loading=\"lazy\" decoding=\"async\" class=\"aligncenter size-large wp-image-15869\" src=\"http:\/\/www.susannavaris.com\/blogg\/wp-content\/uploads\/2016\/03\/DSC_0203-50-1024x683.jpg\" alt=\"DSC_0203-50\" width=\"640\" height=\"427\" srcset=\"http:\/\/www.susannavaris.com\/blogg\/wp-content\/uploads\/2016\/03\/DSC_0203-50-1024x683.jpg 1024w, http:\/\/www.susannavaris.com\/blogg\/wp-content\/uploads\/2016\/03\/DSC_0203-50-300x200.jpg 300w, http:\/\/www.susannavaris.com\/blogg\/wp-content\/uploads\/2016\/03\/DSC_0203-50-768x512.jpg 768w\" sizes=\"auto, (max-width: 640px) 100vw, 640px\" \/><\/a> <a href=\"http:\/\/www.susannavaris.com\/blogg\/2016\/03\/vernissage-pa-nybrovik\/dsc_0205-50-6\/\" rel=\"attachment wp-att-15870\"><img loading=\"lazy\" decoding=\"async\" class=\"aligncenter size-large wp-image-15870\" src=\"http:\/\/www.susannavaris.com\/blogg\/wp-content\/uploads\/2016\/03\/DSC_0205-50-1024x563.jpg\" alt=\"DSC_0205-50\" width=\"640\" height=\"352\" srcset=\"http:\/\/www.susannavaris.com\/blogg\/wp-content\/uploads\/2016\/03\/DSC_0205-50-1024x563.jpg 1024w, http:\/\/www.susannavaris.com\/blogg\/wp-content\/uploads\/2016\/03\/DSC_0205-50-300x165.jpg 300w, http:\/\/www.susannavaris.com\/blogg\/wp-content\/uploads\/2016\/03\/DSC_0205-50-768x422.jpg 768w\" sizes=\"auto, (max-width: 640px) 100vw, 640px\" \/><\/a> <a href=\"http:\/\/www.susannavaris.com\/blogg\/2016\/03\/vernissage-pa-nybrovik\/dsc_0208-50-5\/\" rel=\"attachment wp-att-15871\"><img loading=\"lazy\" decoding=\"async\" class=\"aligncenter size-large wp-image-15871\" src=\"http:\/\/www.susannavaris.com\/blogg\/wp-content\/uploads\/2016\/03\/DSC_0208-50-1024x492.jpg\" alt=\"DSC_0208-50\" width=\"640\" height=\"308\" srcset=\"http:\/\/www.susannavaris.com\/blogg\/wp-content\/uploads\/2016\/03\/DSC_0208-50-1024x492.jpg 1024w, http:\/\/www.susannavaris.com\/blogg\/wp-content\/uploads\/2016\/03\/DSC_0208-50-300x144.jpg 300w, http:\/\/www.susannavaris.com\/blogg\/wp-content\/uploads\/2016\/03\/DSC_0208-50-768x369.jpg 768w\" sizes=\"auto, (max-width: 640px) 100vw, 640px\" \/><\/a><\/p>\n<p style=\"text-align: center;\"><a href=\"http:\/\/www.susannavaris.com\/blogg\/2016\/03\/vernissage-pa-nybrovik\/dsc_0206-50-6\/\" rel=\"attachment wp-att-15874\"><img loading=\"lazy\" decoding=\"async\" class=\"aligncenter size-large wp-image-15874\" src=\"http:\/\/www.susannavaris.com\/blogg\/wp-content\/uploads\/2016\/03\/DSC_0206-50-1024x464.jpg\" alt=\"DSC_0206-50\" width=\"640\" height=\"290\" srcset=\"http:\/\/www.susannavaris.com\/blogg\/wp-content\/uploads\/2016\/03\/DSC_0206-50-1024x464.jpg 1024w, http:\/\/www.susannavaris.com\/blogg\/wp-content\/uploads\/2016\/03\/DSC_0206-50-300x136.jpg 300w, http:\/\/www.susannavaris.com\/blogg\/wp-content\/uploads\/2016\/03\/DSC_0206-50-768x348.jpg 768w\" sizes=\"auto, (max-width: 640px) 100vw, 640px\" \/><\/a><em>De tv\u00e5 kollagen v\u00e4ckte en del uppm\u00e4rksamhet&#8230;<\/em><\/p>\n<p><a href=\"http:\/\/www.susannavaris.com\/blogg\/2016\/03\/vernissage-pa-nybrovik\/dsc_0197-50-4\/\" rel=\"attachment wp-att-15872\"><img loading=\"lazy\" decoding=\"async\" class=\"aligncenter size-large wp-image-15872\" src=\"http:\/\/www.susannavaris.com\/blogg\/wp-content\/uploads\/2016\/03\/DSC_0197-50-1024x725.jpg\" alt=\"DSC_0197-50\" width=\"640\" height=\"453\" srcset=\"http:\/\/www.susannavaris.com\/blogg\/wp-content\/uploads\/2016\/03\/DSC_0197-50-1024x725.jpg 1024w, http:\/\/www.susannavaris.com\/blogg\/wp-content\/uploads\/2016\/03\/DSC_0197-50-300x212.jpg 300w, http:\/\/www.susannavaris.com\/blogg\/wp-content\/uploads\/2016\/03\/DSC_0197-50-768x544.jpg 768w\" sizes=\"auto, (max-width: 640px) 100vw, 640px\" \/><\/a> <a href=\"http:\/\/www.susannavaris.com\/blogg\/2016\/03\/vernissage-pa-nybrovik\/dsc_0209-50-6\/\" rel=\"attachment wp-att-15873\"><img loading=\"lazy\" decoding=\"async\" class=\"aligncenter size-large wp-image-15873\" src=\"http:\/\/www.susannavaris.com\/blogg\/wp-content\/uploads\/2016\/03\/DSC_0209-50-767x1024.jpg\" alt=\"DSC_0209-50\" width=\"640\" height=\"854\" srcset=\"http:\/\/www.susannavaris.com\/blogg\/wp-content\/uploads\/2016\/03\/DSC_0209-50-767x1024.jpg 767w, http:\/\/www.susannavaris.com\/blogg\/wp-content\/uploads\/2016\/03\/DSC_0209-50-225x300.jpg 225w, http:\/\/www.susannavaris.com\/blogg\/wp-content\/uploads\/2016\/03\/DSC_0209-50-768x1025.jpg 768w, http:\/\/www.susannavaris.com\/blogg\/wp-content\/uploads\/2016\/03\/DSC_0209-50.jpg 1068w\" sizes=\"auto, (max-width: 640px) 100vw, 640px\" \/><\/a><a href=\"http:\/\/www.susannavaris.com\/blogg\/2016\/03\/vernissage-pa-nybrovik\/dsc_0191-crop-50\/\" rel=\"attachment wp-att-15875\"><img loading=\"lazy\" decoding=\"async\" class=\"aligncenter size-large wp-image-15875\" src=\"http:\/\/www.susannavaris.com\/blogg\/wp-content\/uploads\/2016\/03\/DSC_0191-crop-50-899x1024.png\" alt=\"DSC_0191-crop-50\" width=\"640\" height=\"729\" srcset=\"http:\/\/www.susannavaris.com\/blogg\/wp-content\/uploads\/2016\/03\/DSC_0191-crop-50-899x1024.png 899w, http:\/\/www.susannavaris.com\/blogg\/wp-content\/uploads\/2016\/03\/DSC_0191-crop-50-263x300.png 263w, http:\/\/www.susannavaris.com\/blogg\/wp-content\/uploads\/2016\/03\/DSC_0191-crop-50-768x875.png 768w, http:\/\/www.susannavaris.com\/blogg\/wp-content\/uploads\/2016\/03\/DSC_0191-crop-50.png 1420w\" sizes=\"auto, (max-width: 640px) 100vw, 640px\" \/><\/a><\/p>\n<p style=\"text-align: center;\"><em>En (1) g\u00e4st av 120 inbjudna d\u00f6k upp. Tack, Peter Palm (f\u00f6rfattare)! Nu visste jag inte ens sj\u00e4lv om jag kunde g\u00e5 f\u00f6rr\u00e4n dagen innan och skapade ett evenemang p\u00e5 facebook vid samma tidpunkt (d\u00e4r alla de 120 var inbjudna), s\u00e5 det kanske \u00e4r f\u00f6rst\u00e5eligt, men n\u00e4sta g\u00e5ng f\u00f6rv\u00e4ntar jag mig nog n\u00e5got b\u00e4ttre uppslutning! ;)<\/em><\/p>\n<p style=\"text-align: center;\"><a href=\"http:\/\/www.susannavaris.com\/blogg\/2016\/03\/vernissage-pa-nybrovik\/peter-palm-01\/\" rel=\"attachment wp-att-15876\"><img loading=\"lazy\" decoding=\"async\" class=\"aligncenter size-large wp-image-15876\" src=\"http:\/\/www.susannavaris.com\/blogg\/wp-content\/uploads\/2016\/03\/peter-palm-01-1024x614.jpg\" alt=\"peter-palm-01\" width=\"640\" height=\"384\" srcset=\"http:\/\/www.susannavaris.com\/blogg\/wp-content\/uploads\/2016\/03\/peter-palm-01-1024x614.jpg 1024w, http:\/\/www.susannavaris.com\/blogg\/wp-content\/uploads\/2016\/03\/peter-palm-01-300x180.jpg 300w, http:\/\/www.susannavaris.com\/blogg\/wp-content\/uploads\/2016\/03\/peter-palm-01-768x461.jpg 768w, http:\/\/www.susannavaris.com\/blogg\/wp-content\/uploads\/2016\/03\/peter-palm-01.jpg 2048w\" sizes=\"auto, (max-width: 640px) 100vw, 640px\" \/><\/a><em>Foto: Peter Palm<\/em><\/p>\n<p style=\"text-align: center;\">\u00a0<a href=\"http:\/\/www.susannavaris.com\/blogg\/2016\/03\/vernissage-pa-nybrovik\/dsc_0192-crop-50-2\/\" rel=\"attachment wp-att-15878\"><img loading=\"lazy\" decoding=\"async\" class=\"aligncenter size-large wp-image-15878\" src=\"http:\/\/www.susannavaris.com\/blogg\/wp-content\/uploads\/2016\/03\/DSC_0192-crop-50-813x1024.png\" alt=\"DSC_0192-crop-50\" width=\"640\" height=\"806\" srcset=\"http:\/\/www.susannavaris.com\/blogg\/wp-content\/uploads\/2016\/03\/DSC_0192-crop-50-813x1024.png 813w, http:\/\/www.susannavaris.com\/blogg\/wp-content\/uploads\/2016\/03\/DSC_0192-crop-50-238x300.png 238w, http:\/\/www.susannavaris.com\/blogg\/wp-content\/uploads\/2016\/03\/DSC_0192-crop-50-768x968.png 768w, http:\/\/www.susannavaris.com\/blogg\/wp-content\/uploads\/2016\/03\/DSC_0192-crop-50.png 1420w\" sizes=\"auto, (max-width: 640px) 100vw, 640px\" \/><\/a> <a href=\"http:\/\/www.susannavaris.com\/blogg\/2016\/03\/vernissage-pa-nybrovik\/dsc_0211-50-4\/\" rel=\"attachment wp-att-15879\"><img loading=\"lazy\" decoding=\"async\" class=\"aligncenter size-large wp-image-15879\" src=\"http:\/\/www.susannavaris.com\/blogg\/wp-content\/uploads\/2016\/03\/DSC_0211-50-1024x718.jpg\" alt=\"DSC_0211-50\" width=\"640\" height=\"449\" srcset=\"http:\/\/www.susannavaris.com\/blogg\/wp-content\/uploads\/2016\/03\/DSC_0211-50-1024x718.jpg 1024w, http:\/\/www.susannavaris.com\/blogg\/wp-content\/uploads\/2016\/03\/DSC_0211-50-300x210.jpg 300w, http:\/\/www.susannavaris.com\/blogg\/wp-content\/uploads\/2016\/03\/DSC_0211-50-768x539.jpg 768w\" sizes=\"auto, (max-width: 640px) 100vw, 640px\" \/><\/a> <a href=\"http:\/\/www.susannavaris.com\/blogg\/2016\/03\/vernissage-pa-nybrovik\/dsc_0212-50-4\/\" rel=\"attachment wp-att-15880\"><img loading=\"lazy\" decoding=\"async\" class=\"aligncenter size-large wp-image-15880\" src=\"http:\/\/www.susannavaris.com\/blogg\/wp-content\/uploads\/2016\/03\/DSC_0212-50-683x1024.jpg\" alt=\"DSC_0212-50\" width=\"640\" height=\"960\" srcset=\"http:\/\/www.susannavaris.com\/blogg\/wp-content\/uploads\/2016\/03\/DSC_0212-50-683x1024.jpg 683w, http:\/\/www.susannavaris.com\/blogg\/wp-content\/uploads\/2016\/03\/DSC_0212-50-200x300.jpg 200w, http:\/\/www.susannavaris.com\/blogg\/wp-content\/uploads\/2016\/03\/DSC_0212-50-768x1152.jpg 768w, http:\/\/www.susannavaris.com\/blogg\/wp-content\/uploads\/2016\/03\/DSC_0212-50.jpg 1536w\" sizes=\"auto, (max-width: 640px) 100vw, 640px\" \/><\/a><em>Med konstn\u00e4ren Niki Cash.<\/em><\/p>\n<p style=\"text-align: center;\"><a href=\"http:\/\/www.susannavaris.com\/blogg\/2016\/03\/vernissage-pa-nybrovik\/dsc_0213-crop\/\" rel=\"attachment wp-att-15881\"><img loading=\"lazy\" decoding=\"async\" class=\"aligncenter size-large wp-image-15881\" src=\"http:\/\/www.susannavaris.com\/blogg\/wp-content\/uploads\/2016\/03\/DSC_0213-crop-1024x646.jpg\" alt=\"DSC_0213-crop\" width=\"640\" height=\"404\" srcset=\"http:\/\/www.susannavaris.com\/blogg\/wp-content\/uploads\/2016\/03\/DSC_0213-crop-1024x646.jpg 1024w, http:\/\/www.susannavaris.com\/blogg\/wp-content\/uploads\/2016\/03\/DSC_0213-crop-300x189.jpg 300w, http:\/\/www.susannavaris.com\/blogg\/wp-content\/uploads\/2016\/03\/DSC_0213-crop-768x484.jpg 768w\" sizes=\"auto, (max-width: 640px) 100vw, 640px\" \/><\/a><em>Ett trevligt och v\u00e4lbes\u00f6kt vernissage med m\u00e5nga fina alster. Om man vill bes\u00f6ka utst\u00e4llningen, som h\u00e5ller p\u00e5 tom maj, f\u00e5r man boka tid genom mig eller Kim Sandefeldt p\u00e5 Kontoret Nybroviken. \u00c4r man intresserad av att k\u00f6pa n\u00e5got av verken kontaktar man Kim.<\/em><\/p>\n","protected":false},"excerpt":{"rendered":"<p>I f\u00f6rra veckan var det vernissage p\u00e5 Nybrovik Kontorshotell: Med mina verk Titania, Interrupted och Evening Walk. De tv\u00e5 kollagen v\u00e4ckte en del uppm\u00e4rksamhet&#8230; En (1) g\u00e4st av 120 inbjudna d\u00f6k upp. Tack, Peter Palm (f\u00f6rfattare)! Nu visste jag inte &hellip; <a href=\"http:\/\/www.susannavaris.com\/blogg\/2016\/03\/vernissage-pa-nybrovik\/\">Forts\u00e4tt l\u00e4sa <span class=\"meta-nav\">&rarr;<\/span><\/a><\/p>\n","protected":false},"author":1,"featured_media":0,"comment_status":"open","ping_status":"open","sticky":false,"template":"","format":"standard","meta":{"footnotes":""},"categories":[5012,7,555,3,1162,415,285,1,2262,4],"tags":[1281,164,3786,5262,5266,3675,17,5265,3274,286,4993,4893,122],"class_list":["post-15861","post","type-post","status-publish","format-standard","hentry","category-cecilia-haupt-konstbyra","category-egna-verk","category-events","category-konst","category-kultur","category-lowbrow","category-marilyn-monroe","category-okategoriserade","category-pop-surrealism","category-utstallning","tag-art-exhibition","tag-collage","tag-evening-walk","tag-grupputstallning","tag-kim-sandefeldt","tag-kollage","tag-konst-2","tag-kontoret-nybroviken","tag-lilycrow-art-of-susanna-varis","tag-marilyn-monroe-2","tag-niki-cash","tag-titania-interrupted","tag-utstallning-2"],"_links":{"self":[{"href":"http:\/\/www.susannavaris.com\/blogg\/wp-json\/wp\/v2\/posts\/15861","targetHints":{"allow":["GET"]}}],"collection":[{"href":"http:\/\/www.susannavaris.com\/blogg\/wp-json\/wp\/v2\/posts"}],"about":[{"href":"http:\/\/www.susannavaris.com\/blogg\/wp-json\/wp\/v2\/types\/post"}],"author":[{"embeddable":true,"href":"http:\/\/www.susannavaris.com\/blogg\/wp-json\/wp\/v2\/users\/1"}],"replies":[{"embeddable":true,"href":"http:\/\/www.susannavaris.com\/blogg\/wp-json\/wp\/v2\/comments?post=15861"}],"version-history":[{"count":4,"href":"http:\/\/www.susannavaris.com\/blogg\/wp-json\/wp\/v2\/posts\/15861\/revisions"}],"predecessor-version":[{"id":15885,"href":"http:\/\/www.susannavaris.com\/blogg\/wp-json\/wp\/v2\/posts\/15861\/revisions\/15885"}],"wp:attachment":[{"href":"http:\/\/www.susannavaris.com\/blogg\/wp-json\/wp\/v2\/media?parent=15861"}],"wp:term":[{"taxonomy":"category","embeddable":true,"href":"http:\/\/www.susannavaris.com\/blogg\/wp-json\/wp\/v2\/categories?post=15861"},{"taxonomy":"post_tag","embeddable":true,"href":"http:\/\/www.susannavaris.com\/blogg\/wp-json\/wp\/v2\/tags?post=15861"}],"curies":[{"name":"wp","href":"https:\/\/api.w.org\/{rel}","templated":true}]}}