{"id":15886,"date":"2016-03-05T11:53:39","date_gmt":"2016-03-05T10:53:39","guid":{"rendered":"http:\/\/www.susannavaris.com\/blogg\/?p=15886"},"modified":"2016-03-05T11:53:39","modified_gmt":"2016-03-05T10:53:39","slug":"gastinlagg-oravsky-aven-idag-ar-myten-starkare-an-sanningen","status":"publish","type":"post","link":"http:\/\/www.susannavaris.com\/blogg\/2016\/03\/gastinlagg-oravsky-aven-idag-ar-myten-starkare-an-sanningen\/","title":{"rendered":"G\u00e4stinl\u00e4gg: Oravsky &#8211; \u00c4ven idag \u00e4r myten starkare \u00e4n sanningen"},"content":{"rendered":"<p><strong>\u00c4ven i dag \u00e4r myten starkare \u00e4n sanningen <\/strong><\/p>\n<p>&nbsp;<\/p>\n<p>Myten ber\u00e4ttar, att det Romerska kejsard\u00f6met som bildades ur Romerska republiken \u00e5r 27 f. Kr., f\u00f6rf\u00f6ljde kristna. \u201dDen stora f\u00f6rf\u00f6ljelsen\u201d, den som gett upprinnelser till en uppsj\u00f6 martyrber\u00e4ttelser om arla kristna som dog f\u00f6r sin tro, b\u00f6rjade dock p\u00e5 allvar f\u00f6rst \u00e5r 302, det vill s\u00e4ga under Diocletianus kejsarera.<\/p>\n<p>Det \u00e4r f\u00f6rst Diocletianus som beordrade att kristna kyrkor skulle rivas och kristna skrifter br\u00e4nnas.<\/p>\n<p>I slutet av februari 303 brann Diocletianus kejserliga palats ner och kejsaren l\u00e4t sig \u00f6vertygas om att det var kristna som l\u00e5g bakom denna handling, tillsammans med palatsets eunucker.<\/p>\n<p>Diocletianus kammarherre Peter Cubicularius var kristen, s\u00e5 han blev p\u00e5 ett okristligt vis piskad och i hans s\u00e5r h\u00e4lldes \u00e4ttika och salt. F\u00f6rst efter det, grillades han till d\u00f6ds \u00f6ver \u00f6ppen eld.<\/p>\n<p>Att Diocletianus skulle l\u00e5ta slakta alla kristna hans soldater kom \u00e5t, \u00e4r inte med sanningen \u00f6verensst\u00e4mmande, d\u00e5 Diocletianus var k\u00e4nd f\u00f6r en rad f\u00f6r samh\u00e4llet och dess fria inv\u00e5nare tj\u00e4nliga byggen, som exempelvis en rad termer, det vill s\u00e4ga stora inr\u00e4ttningar f\u00f6r varm- och kallbad och simbass\u00e4nger och tempererade vilorum. F\u00f6r att kunna realisera dessa, beh\u00f6vde han en m\u00e5ngtalig arbetsstyrka och han l\u00e4t d\u00e4rf\u00f6r tv\u00e5ngskommendera tiotusentals f\u00e5ngar, mestadels kristna, som byggarbetare.<\/p>\n<p>&nbsp;<\/p>\n<p>Den 7 mars 203, allts\u00e5 100 \u00e5r innan Diocletianus av historiska k\u00e4llor omtalade \u201dden stora f\u00f6rf\u00f6ljelsen\u201d, tog Perpetua, en 22-\u00e5rig, gift, romersk adelsdam och mor, sitt liv p\u00e5 Karthagos amfiteater.<\/p>\n<p>Den Romersk-katolska kyrkan, \u00d6stortodoxa kyrkor och Orientaliskt ortodoxa kyrkor v\u00f6rdar Perpetua, och hon hyllas med sin egen helgondag. Myten kring henne gjorde henne till martyr, d\u00e5 den h\u00e4vdar att hon dog martyrd\u00f6den f\u00f6r sin kristna tro.<\/p>\n<p>Ber\u00e4ttelsen kring och om Perpetua och hennes slav Felicitas, som ocks\u00e5 dog p\u00e5 samma dag och i samma arena, anses vara tillf\u00f6rlitlig inte minst p\u00e5 grund av att Perpetua f\u00f6rde en detaljerad och \u00e4ven bevarad dag- och dr\u00f6mbok.<\/p>\n<p>&nbsp;<\/p>\n<p>Bet\u00e4nk dock, att vid Perpetuas d\u00f6d \u00e5r 203, var det p\u00e5 inget vis olagligt att vara kristen och ej heller arresterades Perpetua med anledning av sin tro. Faktum \u00e4r att Septimius Severus, som p\u00e5 den givna tiden var romersk kejsare, hade en personlig l\u00e4kare som var uttalat och \u00f6ppet, kristen.<\/p>\n<p>Det var speciellt tv\u00e5 lagar som kristna, dock l\u00e5ngt ifr\u00e5n alla, br\u00f6t mot och f\u00f6r vilkas \u00f6vertr\u00e4delse \u00e4ven straffades f\u00f6r. Den ena var f\u00f6rbudet att f\u00f6rsamlas i st\u00f6rre grupper &#8211; ett f\u00f6rbud som var fullt f\u00f6rst\u00e5eligt utifr\u00e5n maktens alltid r\u00e4ddh\u00e5gsna \u00f6gon sett. Det var en orolig tid, d\u00e5 romarna k\u00e4mpade p\u00e5 flera fronter samtidigt f\u00f6r att beh\u00e5lla makten, det p\u00e5gick inb\u00f6rdeskrig i \u00f6st och v\u00e4st och dessutom h\u00f6ll sig de olika samh\u00e4llsgrupperna inte tillfredst\u00e4llande lugna och passiva\u2026 D\u00e4rf\u00f6r fick inte ens brandm\u00e4n h\u00e5lla st\u00f6rre sammankomster, n\u00e5got som Vesta, eldens gudinna, verkade uppskatta och firade det med oh\u00e4mmade eldsv\u00e5dsaktiviteter.<\/p>\n<p>&nbsp;<\/p>\n<p>Den andra lagen som somliga kristna v\u00e4grade att acceptera, var att offra till de romerska gudarna. Denna v\u00e4gran kunde i v\u00e4rsta fall bestraffas med d\u00f6den, eftersom offerriter var en starkt sammanh\u00e5llande ritual inte bara i Romarriket, som var en annan ben\u00e4mning p\u00e5 kejsard\u00f6met, utan \u00e4ven i andra tidigare kulturer, exempelvis den hellenistiska, och d\u00e4r k\u00f6tt fr\u00e5n offerdjuren delades ut bland de mindre bemedlade och p\u00e5 det viset f\u00f6regrep eventuella hungersuppror.<\/p>\n<p>&nbsp;<\/p>\n<p>Perpetua s\u00e5g martyrskapet som sitt livs mening och inneb\u00f6rd, och f\u00f6ljaktligen v\u00e4grade hon att lyssna p\u00e5 alla de r\u00e5d hon fick fr\u00e5n sina kristna br\u00f6der och hedniska v\u00e4nner, att \u00e5tminstone pro forma, l\u00e5ta offra en av hennes kvigor.<\/p>\n<p>Hennes man, en v\u00e4lb\u00e4rgad k\u00f6pman, bad henne att inte \u00e4ventyra sitt liv och hennes familjs v\u00e4l och ve\u2026 \u00c4ven hennes far, som upprepade g\u00e5nger bes\u00f6kte henne i f\u00e4ngelset, bad henne, att om inte av andra sj\u00e4l, s\u00e5 \u00e5tminstone f\u00f6r sitt eget barns skull, underordna sig lagarna, utan att f\u00f6r den delen fr\u00e5ns\u00e4ga sig sin kristna tro. Men Perpetua valde att vara d\u00f6v f\u00f6r all denna fullt sk\u00e4liga v\u00e4djan.<\/p>\n<p>&nbsp;<\/p>\n<p>Tv\u00e5 av hennes slavar fanns med henne i f\u00e4ngelset, d\u00e4ribland \u00e4ven Felicitas, som, h\u00e4vdas det, inte kunde t\u00e4nka sig att inte f\u00f6lja sin h\u00e4rskarinna in i d\u00f6den.<\/p>\n<p>Eftersom Perpetua var gravid, och romarna inte straffade havande med d\u00f6den, fick hennes avr\u00e4ttning v\u00e4nta cirka tv\u00e5 m\u00e5nader och under tiden hoppades man, att Perpetua skulle komma p\u00e5 b\u00e4ttre tankar och \u00e4ndra sig.<\/p>\n<p>&nbsp;<\/p>\n<p>Perpetua var en katekumen, det vill s\u00e4ga att hon i f\u00e4ngelset gick igenom undervisning i kristendomen, i avsikt att d\u00f6pas. Den 7 mars f\u00f6rdes b\u00e5de den nyd\u00f6pta Perpetua och Felicitas ut i arenan, ikl\u00e4dda ett n\u00e4t. De bands vid en p\u00e5le och piskades, och sedan skulle en kviga st\u00e5ngas mot dem. Efter denna f\u00f6reskrivna bestraffning, f\u00f6rdes de till platsen d\u00e4r en soldat skulle sticka en dolk i deras hals, om de inte ben\u00e5dades i sista minuten, n\u00e5got som inte var alldeles ovanligt. Perpetua ville dock annorlunda: Medan rekryten v\u00e4ntade p\u00e5 den slutgiltiga domen, f\u00f6rde hon soldatens dolkf\u00f6rsedda hand mot sin strupe och spetsade sig p\u00e5 dolken genom att kraftigt och m\u00e5lmedvetet kasta sig fram.<\/p>\n<p>&nbsp;<\/p>\n<p>Perpetuas yngre bror dog redan i barn\u00e5rs\u00e5ldern och Perpetuas f\u00f6r\u00e4ldrar hoppades p\u00e5 att Perpetua skulle ta hand om dem, s\u00e5 som var och fortfarande \u00e4r brukligt i samh\u00e4llen utan organiserad statlig eller kommunal \u00e5ldersv\u00e5rd.<\/p>\n<p>Perpetua och \u00e4ven Felicitas l\u00e4mnade efter sig barn, flickor i sp\u00e4dbarns\u00e5lder, men trots det, betraktas de \u00e4ven i dag som skyddshelgon f\u00f6r m\u00f6drar och gravida kvinnor\u2026 Den manipulerade och \u00e4ndam\u00e5lsstyrda myten \u00e4r starkare \u00e4n verklighetens dokumenterade fakta, och varje g\u00e5ng den upprepas, st\u00e4rks dess budskap, samtidigt som sanningen mer och mer uppl\u00f6ses i ideologiernas giftiga och allt mindre genomsk\u00e5dliga propagandar\u00f6k.<\/p>\n<p>&nbsp;<\/p>\n<p>\u00a9 vladimir oravsky<\/p>\n","protected":false},"excerpt":{"rendered":"<p>\u00c4ven i dag \u00e4r myten starkare \u00e4n sanningen &nbsp; Myten ber\u00e4ttar, att det Romerska kejsard\u00f6met som bildades ur Romerska republiken \u00e5r 27 f. Kr., f\u00f6rf\u00f6ljde kristna. \u201dDen stora f\u00f6rf\u00f6ljelsen\u201d, den som gett upprinnelser till en uppsj\u00f6 martyrber\u00e4ttelser om arla kristna &hellip; <a href=\"http:\/\/www.susannavaris.com\/blogg\/2016\/03\/gastinlagg-oravsky-aven-idag-ar-myten-starkare-an-sanningen\/\">Forts\u00e4tt l\u00e4sa <span class=\"meta-nav\">&rarr;<\/span><\/a><\/p>\n","protected":false},"author":1,"featured_media":0,"comment_status":"open","ping_status":"open","sticky":false,"template":"","format":"standard","meta":{"footnotes":""},"categories":[3280,674,1162,303],"tags":[5269,5272,4926,482,5267,5268,4904,5270,5271,3279],"class_list":["post-15886","post","type-post","status-publish","format-standard","hentry","category-gastinlagg","category-historia","category-kultur","category-religion","tag-diocletianus","tag-forfoljelse","tag-gastinlagg","tag-kristendom","tag-myt","tag-perpetua","tag-religion","tag-rom","tag-romerska-riket","tag-vladimir-oravsky"],"_links":{"self":[{"href":"http:\/\/www.susannavaris.com\/blogg\/wp-json\/wp\/v2\/posts\/15886","targetHints":{"allow":["GET"]}}],"collection":[{"href":"http:\/\/www.susannavaris.com\/blogg\/wp-json\/wp\/v2\/posts"}],"about":[{"href":"http:\/\/www.susannavaris.com\/blogg\/wp-json\/wp\/v2\/types\/post"}],"author":[{"embeddable":true,"href":"http:\/\/www.susannavaris.com\/blogg\/wp-json\/wp\/v2\/users\/1"}],"replies":[{"embeddable":true,"href":"http:\/\/www.susannavaris.com\/blogg\/wp-json\/wp\/v2\/comments?post=15886"}],"version-history":[{"count":1,"href":"http:\/\/www.susannavaris.com\/blogg\/wp-json\/wp\/v2\/posts\/15886\/revisions"}],"predecessor-version":[{"id":15887,"href":"http:\/\/www.susannavaris.com\/blogg\/wp-json\/wp\/v2\/posts\/15886\/revisions\/15887"}],"wp:attachment":[{"href":"http:\/\/www.susannavaris.com\/blogg\/wp-json\/wp\/v2\/media?parent=15886"}],"wp:term":[{"taxonomy":"category","embeddable":true,"href":"http:\/\/www.susannavaris.com\/blogg\/wp-json\/wp\/v2\/categories?post=15886"},{"taxonomy":"post_tag","embeddable":true,"href":"http:\/\/www.susannavaris.com\/blogg\/wp-json\/wp\/v2\/tags?post=15886"}],"curies":[{"name":"wp","href":"https:\/\/api.w.org\/{rel}","templated":true}]}}