{"id":15951,"date":"2016-05-18T19:42:59","date_gmt":"2016-05-18T17:42:59","guid":{"rendered":"http:\/\/www.susannavaris.com\/blogg\/?p=15951"},"modified":"2016-05-18T21:03:17","modified_gmt":"2016-05-18T19:03:17","slug":"vernissage-14-maj-pa-cecilia-haupt-konstbyra","status":"publish","type":"post","link":"http:\/\/www.susannavaris.com\/blogg\/2016\/05\/vernissage-14-maj-pa-cecilia-haupt-konstbyra\/","title":{"rendered":"VERNISSAGE! 14. maj p\u00e5 Cecilia Haupt Konstbyr\u00e5"},"content":{"rendered":"<p>I helgen var det vernissage f\u00f6r min och Fredrik Sk\u00f6lds gemensamma utst\u00e4llning p\u00e5 Cecilia Haupt Konstbyr\u00e5. Tack alla som kom, umgicks och kanske dessutom handlade n\u00e5got litet verk!! Ett s\u00e4rskilt tack till Isa Lisa Dykhoff som gjorde en livetatuering\/performance och Christer Magnusson som underh\u00f6ll med livemusik! Foton, om inget annat anges: Susanna Varis<\/p>\n<p style=\"text-align: center;\"><a href=\"http:\/\/www.susannavaris.com\/blogg\/2016\/05\/vernissage-14-maj-pa-cecilia-haupt-konstbyra\/01-2\/\" rel=\"attachment wp-att-15952\"><img loading=\"lazy\" decoding=\"async\" class=\"aligncenter size-full wp-image-15952\" src=\"http:\/\/www.susannavaris.com\/blogg\/wp-content\/uploads\/2016\/05\/01.jpg\" alt=\"01\" width=\"568\" height=\"947\" srcset=\"http:\/\/www.susannavaris.com\/blogg\/wp-content\/uploads\/2016\/05\/01.jpg 568w, http:\/\/www.susannavaris.com\/blogg\/wp-content\/uploads\/2016\/05\/01-180x300.jpg 180w\" sizes=\"auto, (max-width: 568px) 100vw, 568px\" \/><\/a> <a href=\"http:\/\/www.susannavaris.com\/blogg\/2016\/05\/vernissage-14-maj-pa-cecilia-haupt-konstbyra\/attachment\/02\/\" rel=\"attachment wp-att-15953\"><img loading=\"lazy\" decoding=\"async\" class=\"aligncenter size-full wp-image-15953\" src=\"http:\/\/www.susannavaris.com\/blogg\/wp-content\/uploads\/2016\/05\/02.jpg\" alt=\"02\" width=\"568\" height=\"947\" srcset=\"http:\/\/www.susannavaris.com\/blogg\/wp-content\/uploads\/2016\/05\/02.jpg 568w, http:\/\/www.susannavaris.com\/blogg\/wp-content\/uploads\/2016\/05\/02-180x300.jpg 180w\" sizes=\"auto, (max-width: 568px) 100vw, 568px\" \/><\/a> <a href=\"http:\/\/www.susannavaris.com\/blogg\/2016\/05\/vernissage-14-maj-pa-cecilia-haupt-konstbyra\/attachment\/03\/\" rel=\"attachment wp-att-15954\"><img loading=\"lazy\" decoding=\"async\" class=\"aligncenter size-full wp-image-15954\" src=\"http:\/\/www.susannavaris.com\/blogg\/wp-content\/uploads\/2016\/05\/03.jpg\" alt=\"03\" width=\"1132\" height=\"679\" srcset=\"http:\/\/www.susannavaris.com\/blogg\/wp-content\/uploads\/2016\/05\/03.jpg 1132w, http:\/\/www.susannavaris.com\/blogg\/wp-content\/uploads\/2016\/05\/03-300x180.jpg 300w, http:\/\/www.susannavaris.com\/blogg\/wp-content\/uploads\/2016\/05\/03-768x461.jpg 768w, http:\/\/www.susannavaris.com\/blogg\/wp-content\/uploads\/2016\/05\/03-1024x614.jpg 1024w\" sizes=\"auto, (max-width: 1132px) 100vw, 1132px\" \/><\/a><em>Med Fredrik och Cecilia. Foton: Ulf Holm\u00e9n<\/em><\/p>\n<p style=\"text-align: center;\"><a href=\"http:\/\/www.susannavaris.com\/blogg\/2016\/05\/vernissage-14-maj-pa-cecilia-haupt-konstbyra\/dsc_0259-50-3\/\" rel=\"attachment wp-att-15955\"><img loading=\"lazy\" decoding=\"async\" class=\"aligncenter size-full wp-image-15955\" src=\"http:\/\/www.susannavaris.com\/blogg\/wp-content\/uploads\/2016\/05\/DSC_0259-50.jpg\" alt=\"DSC_0259-50\" width=\"2304\" height=\"1536\" srcset=\"http:\/\/www.susannavaris.com\/blogg\/wp-content\/uploads\/2016\/05\/DSC_0259-50.jpg 2304w, http:\/\/www.susannavaris.com\/blogg\/wp-content\/uploads\/2016\/05\/DSC_0259-50-300x200.jpg 300w, http:\/\/www.susannavaris.com\/blogg\/wp-content\/uploads\/2016\/05\/DSC_0259-50-768x512.jpg 768w, http:\/\/www.susannavaris.com\/blogg\/wp-content\/uploads\/2016\/05\/DSC_0259-50-1024x683.jpg 1024w\" sizes=\"auto, (max-width: 2304px) 100vw, 2304px\" \/><\/a> <a href=\"http:\/\/www.susannavaris.com\/blogg\/2016\/05\/vernissage-14-maj-pa-cecilia-haupt-konstbyra\/dsc_0261-50-4\/\" rel=\"attachment wp-att-15956\"><img loading=\"lazy\" decoding=\"async\" class=\"aligncenter size-full wp-image-15956\" src=\"http:\/\/www.susannavaris.com\/blogg\/wp-content\/uploads\/2016\/05\/DSC_0261-50.jpg\" alt=\"DSC_0261-50\" width=\"2304\" height=\"1536\" srcset=\"http:\/\/www.susannavaris.com\/blogg\/wp-content\/uploads\/2016\/05\/DSC_0261-50.jpg 2304w, http:\/\/www.susannavaris.com\/blogg\/wp-content\/uploads\/2016\/05\/DSC_0261-50-300x200.jpg 300w, http:\/\/www.susannavaris.com\/blogg\/wp-content\/uploads\/2016\/05\/DSC_0261-50-768x512.jpg 768w, http:\/\/www.susannavaris.com\/blogg\/wp-content\/uploads\/2016\/05\/DSC_0261-50-1024x683.jpg 1024w\" sizes=\"auto, (max-width: 2304px) 100vw, 2304px\" \/><\/a> <a href=\"http:\/\/www.susannavaris.com\/blogg\/2016\/05\/vernissage-14-maj-pa-cecilia-haupt-konstbyra\/dsc_0262-50-3\/\" rel=\"attachment wp-att-15957\"><img loading=\"lazy\" decoding=\"async\" class=\"aligncenter size-full wp-image-15957\" src=\"http:\/\/www.susannavaris.com\/blogg\/wp-content\/uploads\/2016\/05\/DSC_0262-50.jpg\" alt=\"DSC_0262-50\" width=\"2304\" height=\"1536\" srcset=\"http:\/\/www.susannavaris.com\/blogg\/wp-content\/uploads\/2016\/05\/DSC_0262-50.jpg 2304w, http:\/\/www.susannavaris.com\/blogg\/wp-content\/uploads\/2016\/05\/DSC_0262-50-300x200.jpg 300w, http:\/\/www.susannavaris.com\/blogg\/wp-content\/uploads\/2016\/05\/DSC_0262-50-768x512.jpg 768w, http:\/\/www.susannavaris.com\/blogg\/wp-content\/uploads\/2016\/05\/DSC_0262-50-1024x683.jpg 1024w\" sizes=\"auto, (max-width: 2304px) 100vw, 2304px\" \/><\/a><em>Konsten att v\u00e4lja verk. Isa Lisa assisterar Fredrik.<\/em><\/p>\n<p style=\"text-align: center;\"><a href=\"http:\/\/www.susannavaris.com\/blogg\/2016\/05\/vernissage-14-maj-pa-cecilia-haupt-konstbyra\/dsc_0264-50-3\/\" rel=\"attachment wp-att-15958\"><img loading=\"lazy\" decoding=\"async\" class=\"aligncenter size-full wp-image-15958\" src=\"http:\/\/www.susannavaris.com\/blogg\/wp-content\/uploads\/2016\/05\/DSC_0264-50.jpg\" alt=\"DSC_0264-50\" width=\"2304\" height=\"1536\" srcset=\"http:\/\/www.susannavaris.com\/blogg\/wp-content\/uploads\/2016\/05\/DSC_0264-50.jpg 2304w, http:\/\/www.susannavaris.com\/blogg\/wp-content\/uploads\/2016\/05\/DSC_0264-50-300x200.jpg 300w, http:\/\/www.susannavaris.com\/blogg\/wp-content\/uploads\/2016\/05\/DSC_0264-50-768x512.jpg 768w, http:\/\/www.susannavaris.com\/blogg\/wp-content\/uploads\/2016\/05\/DSC_0264-50-1024x683.jpg 1024w\" sizes=\"auto, (max-width: 2304px) 100vw, 2304px\" \/><\/a> <a href=\"http:\/\/www.susannavaris.com\/blogg\/2016\/05\/vernissage-14-maj-pa-cecilia-haupt-konstbyra\/dsc_0266-50-6\/\" rel=\"attachment wp-att-15959\"><img loading=\"lazy\" decoding=\"async\" class=\"aligncenter size-full wp-image-15959\" src=\"http:\/\/www.susannavaris.com\/blogg\/wp-content\/uploads\/2016\/05\/DSC_0266-50.jpg\" alt=\"DSC_0266-50\" width=\"1536\" height=\"2304\" srcset=\"http:\/\/www.susannavaris.com\/blogg\/wp-content\/uploads\/2016\/05\/DSC_0266-50.jpg 1536w, http:\/\/www.susannavaris.com\/blogg\/wp-content\/uploads\/2016\/05\/DSC_0266-50-200x300.jpg 200w, http:\/\/www.susannavaris.com\/blogg\/wp-content\/uploads\/2016\/05\/DSC_0266-50-768x1152.jpg 768w, http:\/\/www.susannavaris.com\/blogg\/wp-content\/uploads\/2016\/05\/DSC_0266-50-683x1024.jpg 683w\" sizes=\"auto, (max-width: 1536px) 100vw, 1536px\" \/><\/a> <em>Niki Cash med Fredrik Sk\u00f6lds konst bakom sig.<\/em><\/p>\n<p style=\"text-align: center;\"><a href=\"http:\/\/www.susannavaris.com\/blogg\/2016\/05\/vernissage-14-maj-pa-cecilia-haupt-konstbyra\/attachment\/05\/\" rel=\"attachment wp-att-15961\"><img loading=\"lazy\" decoding=\"async\" class=\"aligncenter size-full wp-image-15961\" src=\"http:\/\/www.susannavaris.com\/blogg\/wp-content\/uploads\/2016\/05\/05.jpg\" alt=\"05\" width=\"1420\" height=\"947\" srcset=\"http:\/\/www.susannavaris.com\/blogg\/wp-content\/uploads\/2016\/05\/05.jpg 1420w, http:\/\/www.susannavaris.com\/blogg\/wp-content\/uploads\/2016\/05\/05-300x200.jpg 300w, http:\/\/www.susannavaris.com\/blogg\/wp-content\/uploads\/2016\/05\/05-768x512.jpg 768w, http:\/\/www.susannavaris.com\/blogg\/wp-content\/uploads\/2016\/05\/05-1024x683.jpg 1024w\" sizes=\"auto, (max-width: 1420px) 100vw, 1420px\" \/><\/a><em>Niki Cash medverkade p\u00e5 ett h\u00f6rn&#8230;Foton: jag<\/em><\/p>\n<p style=\"text-align: center;\"><a href=\"http:\/\/www.susannavaris.com\/blogg\/2016\/05\/vernissage-14-maj-pa-cecilia-haupt-konstbyra\/u-dsc_0199-50\/\" rel=\"attachment wp-att-15962\"><img loading=\"lazy\" decoding=\"async\" class=\"aligncenter size-full wp-image-15962\" src=\"http:\/\/www.susannavaris.com\/blogg\/wp-content\/uploads\/2016\/05\/u-DSC_0199-50.jpg\" alt=\"u-DSC_0199-50\" width=\"2144\" height=\"1424\" srcset=\"http:\/\/www.susannavaris.com\/blogg\/wp-content\/uploads\/2016\/05\/u-DSC_0199-50.jpg 2144w, http:\/\/www.susannavaris.com\/blogg\/wp-content\/uploads\/2016\/05\/u-DSC_0199-50-300x199.jpg 300w, http:\/\/www.susannavaris.com\/blogg\/wp-content\/uploads\/2016\/05\/u-DSC_0199-50-768x510.jpg 768w, http:\/\/www.susannavaris.com\/blogg\/wp-content\/uploads\/2016\/05\/u-DSC_0199-50-1024x680.jpg 1024w\" sizes=\"auto, (max-width: 2144px) 100vw, 2144px\" \/><\/a> <a href=\"http:\/\/www.susannavaris.com\/blogg\/2016\/05\/vernissage-14-maj-pa-cecilia-haupt-konstbyra\/u-dsc_0201-50\/\" rel=\"attachment wp-att-15964\"><img loading=\"lazy\" decoding=\"async\" class=\"aligncenter size-full wp-image-15964\" src=\"http:\/\/www.susannavaris.com\/blogg\/wp-content\/uploads\/2016\/05\/u-DSC_0201-50.jpg\" alt=\"u-DSC_0201-50\" width=\"1424\" height=\"2144\" srcset=\"http:\/\/www.susannavaris.com\/blogg\/wp-content\/uploads\/2016\/05\/u-DSC_0201-50.jpg 1424w, http:\/\/www.susannavaris.com\/blogg\/wp-content\/uploads\/2016\/05\/u-DSC_0201-50-199x300.jpg 199w, http:\/\/www.susannavaris.com\/blogg\/wp-content\/uploads\/2016\/05\/u-DSC_0201-50-768x1156.jpg 768w, http:\/\/www.susannavaris.com\/blogg\/wp-content\/uploads\/2016\/05\/u-DSC_0201-50-680x1024.jpg 680w\" sizes=\"auto, (max-width: 1424px) 100vw, 1424px\" \/><\/a><em>Foton: Niki Cash<\/em><\/p>\n<p style=\"text-align: center;\"><a href=\"http:\/\/www.susannavaris.com\/blogg\/2016\/05\/vernissage-14-maj-pa-cecilia-haupt-konstbyra\/dsc_0268-50-3\/\" rel=\"attachment wp-att-15965\"><img loading=\"lazy\" decoding=\"async\" class=\"aligncenter size-full wp-image-15965\" src=\"http:\/\/www.susannavaris.com\/blogg\/wp-content\/uploads\/2016\/05\/DSC_0268-50.jpg\" alt=\"DSC_0268-50\" width=\"2096\" height=\"1505\" srcset=\"http:\/\/www.susannavaris.com\/blogg\/wp-content\/uploads\/2016\/05\/DSC_0268-50.jpg 2096w, http:\/\/www.susannavaris.com\/blogg\/wp-content\/uploads\/2016\/05\/DSC_0268-50-300x215.jpg 300w, http:\/\/www.susannavaris.com\/blogg\/wp-content\/uploads\/2016\/05\/DSC_0268-50-768x551.jpg 768w, http:\/\/www.susannavaris.com\/blogg\/wp-content\/uploads\/2016\/05\/DSC_0268-50-1024x735.jpg 1024w\" sizes=\"auto, (max-width: 2096px) 100vw, 2096px\" \/><\/a><\/p>\n<p style=\"text-align: center;\"><em>Konst av Cecilia Haupt till v\u00e4nster och nederst, Niki Cash uppe i h\u00f6ra h\u00f6rnet.<\/em><\/p>\n<p style=\"text-align: center;\"><a href=\"http:\/\/www.susannavaris.com\/blogg\/2016\/05\/vernissage-14-maj-pa-cecilia-haupt-konstbyra\/dsc_0269-50-5\/\" rel=\"attachment wp-att-15966\"><img loading=\"lazy\" decoding=\"async\" class=\"aligncenter size-full wp-image-15966\" src=\"http:\/\/www.susannavaris.com\/blogg\/wp-content\/uploads\/2016\/05\/DSC_0269-50.jpg\" alt=\"DSC_0269-50\" width=\"2304\" height=\"1536\" srcset=\"http:\/\/www.susannavaris.com\/blogg\/wp-content\/uploads\/2016\/05\/DSC_0269-50.jpg 2304w, http:\/\/www.susannavaris.com\/blogg\/wp-content\/uploads\/2016\/05\/DSC_0269-50-300x200.jpg 300w, http:\/\/www.susannavaris.com\/blogg\/wp-content\/uploads\/2016\/05\/DSC_0269-50-768x512.jpg 768w, http:\/\/www.susannavaris.com\/blogg\/wp-content\/uploads\/2016\/05\/DSC_0269-50-1024x683.jpg 1024w\" sizes=\"auto, (max-width: 2304px) 100vw, 2304px\" \/><\/a> <a href=\"http:\/\/www.susannavaris.com\/blogg\/2016\/05\/vernissage-14-maj-pa-cecilia-haupt-konstbyra\/dsc_0270-50-5\/\" rel=\"attachment wp-att-15967\"><img loading=\"lazy\" decoding=\"async\" class=\"aligncenter size-full wp-image-15967\" src=\"http:\/\/www.susannavaris.com\/blogg\/wp-content\/uploads\/2016\/05\/DSC_0270-50.jpg\" alt=\"DSC_0270-50\" width=\"1536\" height=\"2304\" srcset=\"http:\/\/www.susannavaris.com\/blogg\/wp-content\/uploads\/2016\/05\/DSC_0270-50.jpg 1536w, http:\/\/www.susannavaris.com\/blogg\/wp-content\/uploads\/2016\/05\/DSC_0270-50-200x300.jpg 200w, http:\/\/www.susannavaris.com\/blogg\/wp-content\/uploads\/2016\/05\/DSC_0270-50-768x1152.jpg 768w, http:\/\/www.susannavaris.com\/blogg\/wp-content\/uploads\/2016\/05\/DSC_0270-50-683x1024.jpg 683w\" sizes=\"auto, (max-width: 1536px) 100vw, 1536px\" \/><\/a><\/p>\n<p style=\"text-align: center;\"><em>Dags f\u00f6r tatuering och Fredrik ser lite blek om nosen ut&#8230;<\/em><\/p>\n<p style=\"text-align: center;\"><a href=\"http:\/\/www.susannavaris.com\/blogg\/2016\/05\/vernissage-14-maj-pa-cecilia-haupt-konstbyra\/dsc_0271-50-4\/\" rel=\"attachment wp-att-15968\"><img loading=\"lazy\" decoding=\"async\" class=\"aligncenter size-full wp-image-15968\" src=\"http:\/\/www.susannavaris.com\/blogg\/wp-content\/uploads\/2016\/05\/DSC_0271-50.jpg\" alt=\"DSC_0271-50\" width=\"1536\" height=\"2304\" srcset=\"http:\/\/www.susannavaris.com\/blogg\/wp-content\/uploads\/2016\/05\/DSC_0271-50.jpg 1536w, http:\/\/www.susannavaris.com\/blogg\/wp-content\/uploads\/2016\/05\/DSC_0271-50-200x300.jpg 200w, http:\/\/www.susannavaris.com\/blogg\/wp-content\/uploads\/2016\/05\/DSC_0271-50-768x1152.jpg 768w, http:\/\/www.susannavaris.com\/blogg\/wp-content\/uploads\/2016\/05\/DSC_0271-50-683x1024.jpg 683w\" sizes=\"auto, (max-width: 1536px) 100vw, 1536px\" \/><\/a> <a href=\"http:\/\/www.susannavaris.com\/blogg\/2016\/05\/vernissage-14-maj-pa-cecilia-haupt-konstbyra\/dsc_0272-50-3\/\" rel=\"attachment wp-att-15969\"><img loading=\"lazy\" decoding=\"async\" class=\"aligncenter size-full wp-image-15969\" src=\"http:\/\/www.susannavaris.com\/blogg\/wp-content\/uploads\/2016\/05\/DSC_0272-50.jpg\" alt=\"DSC_0272-50\" width=\"1536\" height=\"2304\" srcset=\"http:\/\/www.susannavaris.com\/blogg\/wp-content\/uploads\/2016\/05\/DSC_0272-50.jpg 1536w, http:\/\/www.susannavaris.com\/blogg\/wp-content\/uploads\/2016\/05\/DSC_0272-50-200x300.jpg 200w, http:\/\/www.susannavaris.com\/blogg\/wp-content\/uploads\/2016\/05\/DSC_0272-50-768x1152.jpg 768w, http:\/\/www.susannavaris.com\/blogg\/wp-content\/uploads\/2016\/05\/DSC_0272-50-683x1024.jpg 683w\" sizes=\"auto, (max-width: 1536px) 100vw, 1536px\" \/><\/a> <a href=\"http:\/\/www.susannavaris.com\/blogg\/2016\/05\/vernissage-14-maj-pa-cecilia-haupt-konstbyra\/dsc_0276-50-6\/\" rel=\"attachment wp-att-15970\"><img loading=\"lazy\" decoding=\"async\" class=\"aligncenter size-full wp-image-15970\" src=\"http:\/\/www.susannavaris.com\/blogg\/wp-content\/uploads\/2016\/05\/DSC_0276-50.jpg\" alt=\"DSC_0276-50\" width=\"2304\" height=\"1536\" srcset=\"http:\/\/www.susannavaris.com\/blogg\/wp-content\/uploads\/2016\/05\/DSC_0276-50.jpg 2304w, http:\/\/www.susannavaris.com\/blogg\/wp-content\/uploads\/2016\/05\/DSC_0276-50-300x200.jpg 300w, http:\/\/www.susannavaris.com\/blogg\/wp-content\/uploads\/2016\/05\/DSC_0276-50-768x512.jpg 768w, http:\/\/www.susannavaris.com\/blogg\/wp-content\/uploads\/2016\/05\/DSC_0276-50-1024x683.jpg 1024w\" sizes=\"auto, (max-width: 2304px) 100vw, 2304px\" \/><\/a> <a href=\"http:\/\/www.susannavaris.com\/blogg\/2016\/05\/vernissage-14-maj-pa-cecilia-haupt-konstbyra\/dsc_0277-50-5\/\" rel=\"attachment wp-att-15971\"><img loading=\"lazy\" decoding=\"async\" class=\"aligncenter size-full wp-image-15971\" src=\"http:\/\/www.susannavaris.com\/blogg\/wp-content\/uploads\/2016\/05\/DSC_0277-50.jpg\" alt=\"DSC_0277-50\" width=\"2304\" height=\"1536\" srcset=\"http:\/\/www.susannavaris.com\/blogg\/wp-content\/uploads\/2016\/05\/DSC_0277-50.jpg 2304w, http:\/\/www.susannavaris.com\/blogg\/wp-content\/uploads\/2016\/05\/DSC_0277-50-300x200.jpg 300w, http:\/\/www.susannavaris.com\/blogg\/wp-content\/uploads\/2016\/05\/DSC_0277-50-768x512.jpg 768w, http:\/\/www.susannavaris.com\/blogg\/wp-content\/uploads\/2016\/05\/DSC_0277-50-1024x683.jpg 1024w\" sizes=\"auto, (max-width: 2304px) 100vw, 2304px\" \/><\/a><a href=\"http:\/\/www.susannavaris.com\/blogg\/2016\/05\/vernissage-14-maj-pa-cecilia-haupt-konstbyra\/attachment\/06\/\" rel=\"attachment wp-att-15972\"><img loading=\"lazy\" decoding=\"async\" class=\"aligncenter size-full wp-image-15972\" src=\"http:\/\/www.susannavaris.com\/blogg\/wp-content\/uploads\/2016\/05\/06.jpg\" alt=\"06\" width=\"568\" height=\"947\" srcset=\"http:\/\/www.susannavaris.com\/blogg\/wp-content\/uploads\/2016\/05\/06.jpg 568w, http:\/\/www.susannavaris.com\/blogg\/wp-content\/uploads\/2016\/05\/06-180x300.jpg 180w\" sizes=\"auto, (max-width: 568px) 100vw, 568px\" \/><\/a><\/p>\n<p style=\"text-align: center;\"><em>Min tryck-guru: Lars Erik Sj\u00f6berg<\/em><\/p>\n<p style=\"text-align: center;\"><a href=\"http:\/\/www.susannavaris.com\/blogg\/2016\/05\/vernissage-14-maj-pa-cecilia-haupt-konstbyra\/attachment\/07\/\" rel=\"attachment wp-att-15973\"><img loading=\"lazy\" decoding=\"async\" class=\"aligncenter size-full wp-image-15973\" src=\"http:\/\/www.susannavaris.com\/blogg\/wp-content\/uploads\/2016\/05\/07.jpg\" alt=\"07\" width=\"1580\" height=\"947\" srcset=\"http:\/\/www.susannavaris.com\/blogg\/wp-content\/uploads\/2016\/05\/07.jpg 1580w, http:\/\/www.susannavaris.com\/blogg\/wp-content\/uploads\/2016\/05\/07-300x180.jpg 300w, http:\/\/www.susannavaris.com\/blogg\/wp-content\/uploads\/2016\/05\/07-768x460.jpg 768w, http:\/\/www.susannavaris.com\/blogg\/wp-content\/uploads\/2016\/05\/07-1024x614.jpg 1024w\" sizes=\"auto, (max-width: 1580px) 100vw, 1580px\" \/><\/a><\/p>\n<p style=\"text-align: center;\"><em>Chefredakt\u00f6r f\u00f6r Blaskan, Micheles Kindh har dykt upp&#8230;<\/em><\/p>\n<p style=\"text-align: center;\"><a href=\"http:\/\/www.susannavaris.com\/blogg\/2016\/05\/vernissage-14-maj-pa-cecilia-haupt-konstbyra\/attachment\/08\/\" rel=\"attachment wp-att-15974\"><img loading=\"lazy\" decoding=\"async\" class=\"aligncenter size-full wp-image-15974\" src=\"http:\/\/www.susannavaris.com\/blogg\/wp-content\/uploads\/2016\/05\/08.jpg\" alt=\"08\" width=\"568\" height=\"947\" srcset=\"http:\/\/www.susannavaris.com\/blogg\/wp-content\/uploads\/2016\/05\/08.jpg 568w, http:\/\/www.susannavaris.com\/blogg\/wp-content\/uploads\/2016\/05\/08-180x300.jpg 180w\" sizes=\"auto, (max-width: 568px) 100vw, 568px\" \/><\/a><a href=\"http:\/\/www.susannavaris.com\/blogg\/2016\/05\/vernissage-14-maj-pa-cecilia-haupt-konstbyra\/dsc_0280-50-4\/\" rel=\"attachment wp-att-15975\"><img loading=\"lazy\" decoding=\"async\" class=\"aligncenter size-full wp-image-15975\" src=\"http:\/\/www.susannavaris.com\/blogg\/wp-content\/uploads\/2016\/05\/DSC_0280-50.jpg\" alt=\"DSC_0280-50\" width=\"2304\" height=\"1536\" srcset=\"http:\/\/www.susannavaris.com\/blogg\/wp-content\/uploads\/2016\/05\/DSC_0280-50.jpg 2304w, http:\/\/www.susannavaris.com\/blogg\/wp-content\/uploads\/2016\/05\/DSC_0280-50-300x200.jpg 300w, http:\/\/www.susannavaris.com\/blogg\/wp-content\/uploads\/2016\/05\/DSC_0280-50-768x512.jpg 768w, http:\/\/www.susannavaris.com\/blogg\/wp-content\/uploads\/2016\/05\/DSC_0280-50-1024x683.jpg 1024w\" sizes=\"auto, (max-width: 2304px) 100vw, 2304px\" \/><\/a> <a href=\"http:\/\/www.susannavaris.com\/blogg\/2016\/05\/vernissage-14-maj-pa-cecilia-haupt-konstbyra\/dsc_0281-50-4\/\" rel=\"attachment wp-att-15976\"><img loading=\"lazy\" decoding=\"async\" class=\"aligncenter size-full wp-image-15976\" src=\"http:\/\/www.susannavaris.com\/blogg\/wp-content\/uploads\/2016\/05\/DSC_0281-50.jpg\" alt=\"DSC_0281-50\" width=\"2304\" height=\"1536\" srcset=\"http:\/\/www.susannavaris.com\/blogg\/wp-content\/uploads\/2016\/05\/DSC_0281-50.jpg 2304w, http:\/\/www.susannavaris.com\/blogg\/wp-content\/uploads\/2016\/05\/DSC_0281-50-300x200.jpg 300w, http:\/\/www.susannavaris.com\/blogg\/wp-content\/uploads\/2016\/05\/DSC_0281-50-768x512.jpg 768w, http:\/\/www.susannavaris.com\/blogg\/wp-content\/uploads\/2016\/05\/DSC_0281-50-1024x683.jpg 1024w\" sizes=\"auto, (max-width: 2304px) 100vw, 2304px\" \/><\/a> <a href=\"http:\/\/www.susannavaris.com\/blogg\/2016\/05\/vernissage-14-maj-pa-cecilia-haupt-konstbyra\/dsc_0283-50-2\/\" rel=\"attachment wp-att-15977\"><img loading=\"lazy\" decoding=\"async\" class=\"aligncenter size-full wp-image-15977\" src=\"http:\/\/www.susannavaris.com\/blogg\/wp-content\/uploads\/2016\/05\/DSC_0283-50.jpg\" alt=\"DSC_0283-50\" width=\"2304\" height=\"1536\" srcset=\"http:\/\/www.susannavaris.com\/blogg\/wp-content\/uploads\/2016\/05\/DSC_0283-50.jpg 2304w, http:\/\/www.susannavaris.com\/blogg\/wp-content\/uploads\/2016\/05\/DSC_0283-50-300x200.jpg 300w, http:\/\/www.susannavaris.com\/blogg\/wp-content\/uploads\/2016\/05\/DSC_0283-50-768x512.jpg 768w, http:\/\/www.susannavaris.com\/blogg\/wp-content\/uploads\/2016\/05\/DSC_0283-50-1024x683.jpg 1024w\" sizes=\"auto, (max-width: 2304px) 100vw, 2304px\" \/><\/a><\/p>\n<p style=\"text-align: center;\"><em>Det rotas efter fler verk i de bakre utrymmena&#8230;<\/em><\/p>\n<p style=\"text-align: center;\"><a href=\"http:\/\/www.susannavaris.com\/blogg\/2016\/05\/vernissage-14-maj-pa-cecilia-haupt-konstbyra\/dsc_0285-50-3\/\" rel=\"attachment wp-att-15978\"><img loading=\"lazy\" decoding=\"async\" class=\"aligncenter size-full wp-image-15978\" src=\"http:\/\/www.susannavaris.com\/blogg\/wp-content\/uploads\/2016\/05\/DSC_0285-50.jpg\" alt=\"DSC_0285-50\" width=\"1536\" height=\"2304\" srcset=\"http:\/\/www.susannavaris.com\/blogg\/wp-content\/uploads\/2016\/05\/DSC_0285-50.jpg 1536w, http:\/\/www.susannavaris.com\/blogg\/wp-content\/uploads\/2016\/05\/DSC_0285-50-200x300.jpg 200w, http:\/\/www.susannavaris.com\/blogg\/wp-content\/uploads\/2016\/05\/DSC_0285-50-768x1152.jpg 768w, http:\/\/www.susannavaris.com\/blogg\/wp-content\/uploads\/2016\/05\/DSC_0285-50-683x1024.jpg 683w\" sizes=\"auto, (max-width: 1536px) 100vw, 1536px\" \/><\/a> <a href=\"http:\/\/www.susannavaris.com\/blogg\/2016\/05\/vernissage-14-maj-pa-cecilia-haupt-konstbyra\/dsc_0286-50-3\/\" rel=\"attachment wp-att-15979\"><img loading=\"lazy\" decoding=\"async\" class=\"aligncenter size-full wp-image-15979\" src=\"http:\/\/www.susannavaris.com\/blogg\/wp-content\/uploads\/2016\/05\/DSC_0286-50.jpg\" alt=\"DSC_0286-50\" width=\"2304\" height=\"1536\" srcset=\"http:\/\/www.susannavaris.com\/blogg\/wp-content\/uploads\/2016\/05\/DSC_0286-50.jpg 2304w, http:\/\/www.susannavaris.com\/blogg\/wp-content\/uploads\/2016\/05\/DSC_0286-50-300x200.jpg 300w, http:\/\/www.susannavaris.com\/blogg\/wp-content\/uploads\/2016\/05\/DSC_0286-50-768x512.jpg 768w, http:\/\/www.susannavaris.com\/blogg\/wp-content\/uploads\/2016\/05\/DSC_0286-50-1024x683.jpg 1024w\" sizes=\"auto, (max-width: 2304px) 100vw, 2304px\" \/><\/a><a href=\"http:\/\/www.susannavaris.com\/blogg\/2016\/05\/vernissage-14-maj-pa-cecilia-haupt-konstbyra\/attachment\/09\/\" rel=\"attachment wp-att-15980\"><img loading=\"lazy\" decoding=\"async\" class=\"aligncenter size-full wp-image-15980\" src=\"http:\/\/www.susannavaris.com\/blogg\/wp-content\/uploads\/2016\/05\/09.jpg\" alt=\"09\" width=\"568\" height=\"947\" srcset=\"http:\/\/www.susannavaris.com\/blogg\/wp-content\/uploads\/2016\/05\/09.jpg 568w, http:\/\/www.susannavaris.com\/blogg\/wp-content\/uploads\/2016\/05\/09-180x300.jpg 180w\" sizes=\"auto, (max-width: 568px) 100vw, 568px\" \/><\/a> <a href=\"http:\/\/www.susannavaris.com\/blogg\/2016\/05\/vernissage-14-maj-pa-cecilia-haupt-konstbyra\/attachment\/10\/\" rel=\"attachment wp-att-15981\"><img loading=\"lazy\" decoding=\"async\" class=\"aligncenter size-full wp-image-15981\" src=\"http:\/\/www.susannavaris.com\/blogg\/wp-content\/uploads\/2016\/05\/10.jpg\" alt=\"10\" width=\"568\" height=\"947\" srcset=\"http:\/\/www.susannavaris.com\/blogg\/wp-content\/uploads\/2016\/05\/10.jpg 568w, http:\/\/www.susannavaris.com\/blogg\/wp-content\/uploads\/2016\/05\/10-180x300.jpg 180w\" sizes=\"auto, (max-width: 568px) 100vw, 568px\" \/><\/a> <a href=\"http:\/\/www.susannavaris.com\/blogg\/2016\/05\/vernissage-14-maj-pa-cecilia-haupt-konstbyra\/dsc_0289-50-3\/\" rel=\"attachment wp-att-15982\"><img loading=\"lazy\" decoding=\"async\" class=\"aligncenter size-full wp-image-15982\" src=\"http:\/\/www.susannavaris.com\/blogg\/wp-content\/uploads\/2016\/05\/DSC_0289-50.jpg\" alt=\"DSC_0289-50\" width=\"2304\" height=\"1536\" srcset=\"http:\/\/www.susannavaris.com\/blogg\/wp-content\/uploads\/2016\/05\/DSC_0289-50.jpg 2304w, http:\/\/www.susannavaris.com\/blogg\/wp-content\/uploads\/2016\/05\/DSC_0289-50-300x200.jpg 300w, http:\/\/www.susannavaris.com\/blogg\/wp-content\/uploads\/2016\/05\/DSC_0289-50-768x512.jpg 768w, http:\/\/www.susannavaris.com\/blogg\/wp-content\/uploads\/2016\/05\/DSC_0289-50-1024x683.jpg 1024w\" sizes=\"auto, (max-width: 2304px) 100vw, 2304px\" \/><\/a> <a href=\"http:\/\/www.susannavaris.com\/blogg\/2016\/05\/vernissage-14-maj-pa-cecilia-haupt-konstbyra\/dsc_0290-50-4\/\" rel=\"attachment wp-att-15983\"><img loading=\"lazy\" decoding=\"async\" class=\"aligncenter size-full wp-image-15983\" src=\"http:\/\/www.susannavaris.com\/blogg\/wp-content\/uploads\/2016\/05\/DSC_0290-50.jpg\" alt=\"DSC_0290-50\" width=\"1536\" height=\"2304\" srcset=\"http:\/\/www.susannavaris.com\/blogg\/wp-content\/uploads\/2016\/05\/DSC_0290-50.jpg 1536w, http:\/\/www.susannavaris.com\/blogg\/wp-content\/uploads\/2016\/05\/DSC_0290-50-200x300.jpg 200w, http:\/\/www.susannavaris.com\/blogg\/wp-content\/uploads\/2016\/05\/DSC_0290-50-768x1152.jpg 768w, http:\/\/www.susannavaris.com\/blogg\/wp-content\/uploads\/2016\/05\/DSC_0290-50-683x1024.jpg 683w\" sizes=\"auto, (max-width: 1536px) 100vw, 1536px\" \/><\/a> <a href=\"http:\/\/www.susannavaris.com\/blogg\/2016\/05\/vernissage-14-maj-pa-cecilia-haupt-konstbyra\/dsc_0292-50-2\/\" rel=\"attachment wp-att-15984\"><img loading=\"lazy\" decoding=\"async\" class=\"aligncenter size-full wp-image-15984\" src=\"http:\/\/www.susannavaris.com\/blogg\/wp-content\/uploads\/2016\/05\/DSC_0292-50.jpg\" alt=\"DSC_0292-50\" width=\"1536\" height=\"2304\" srcset=\"http:\/\/www.susannavaris.com\/blogg\/wp-content\/uploads\/2016\/05\/DSC_0292-50.jpg 1536w, http:\/\/www.susannavaris.com\/blogg\/wp-content\/uploads\/2016\/05\/DSC_0292-50-200x300.jpg 200w, http:\/\/www.susannavaris.com\/blogg\/wp-content\/uploads\/2016\/05\/DSC_0292-50-768x1152.jpg 768w, http:\/\/www.susannavaris.com\/blogg\/wp-content\/uploads\/2016\/05\/DSC_0292-50-683x1024.jpg 683w\" sizes=\"auto, (max-width: 1536px) 100vw, 1536px\" \/><\/a> <a href=\"http:\/\/www.susannavaris.com\/blogg\/2016\/05\/vernissage-14-maj-pa-cecilia-haupt-konstbyra\/dsc_0296-50-3\/\" rel=\"attachment wp-att-15985\"><img loading=\"lazy\" decoding=\"async\" class=\"aligncenter size-full wp-image-15985\" src=\"http:\/\/www.susannavaris.com\/blogg\/wp-content\/uploads\/2016\/05\/DSC_0296-50.jpg\" alt=\"DSC_0296-50\" width=\"2304\" height=\"1536\" srcset=\"http:\/\/www.susannavaris.com\/blogg\/wp-content\/uploads\/2016\/05\/DSC_0296-50.jpg 2304w, http:\/\/www.susannavaris.com\/blogg\/wp-content\/uploads\/2016\/05\/DSC_0296-50-300x200.jpg 300w, http:\/\/www.susannavaris.com\/blogg\/wp-content\/uploads\/2016\/05\/DSC_0296-50-768x512.jpg 768w, http:\/\/www.susannavaris.com\/blogg\/wp-content\/uploads\/2016\/05\/DSC_0296-50-1024x683.jpg 1024w\" sizes=\"auto, (max-width: 2304px) 100vw, 2304px\" \/><\/a> <a href=\"http:\/\/www.susannavaris.com\/blogg\/2016\/05\/vernissage-14-maj-pa-cecilia-haupt-konstbyra\/dsc_0298-50-8\/\" rel=\"attachment wp-att-15986\"><img loading=\"lazy\" decoding=\"async\" class=\"aligncenter size-full wp-image-15986\" src=\"http:\/\/www.susannavaris.com\/blogg\/wp-content\/uploads\/2016\/05\/DSC_0298-50.jpg\" alt=\"DSC_0298-50\" width=\"2304\" height=\"1536\" srcset=\"http:\/\/www.susannavaris.com\/blogg\/wp-content\/uploads\/2016\/05\/DSC_0298-50.jpg 2304w, http:\/\/www.susannavaris.com\/blogg\/wp-content\/uploads\/2016\/05\/DSC_0298-50-300x200.jpg 300w, http:\/\/www.susannavaris.com\/blogg\/wp-content\/uploads\/2016\/05\/DSC_0298-50-768x512.jpg 768w, http:\/\/www.susannavaris.com\/blogg\/wp-content\/uploads\/2016\/05\/DSC_0298-50-1024x683.jpg 1024w\" sizes=\"auto, (max-width: 2304px) 100vw, 2304px\" \/><\/a> <a href=\"http:\/\/www.susannavaris.com\/blogg\/2016\/05\/vernissage-14-maj-pa-cecilia-haupt-konstbyra\/dsc_0299-50-3\/\" rel=\"attachment wp-att-15987\"><img loading=\"lazy\" decoding=\"async\" class=\"aligncenter size-full wp-image-15987\" src=\"http:\/\/www.susannavaris.com\/blogg\/wp-content\/uploads\/2016\/05\/DSC_0299-50.jpg\" alt=\"DSC_0299-50\" width=\"2304\" height=\"1536\" srcset=\"http:\/\/www.susannavaris.com\/blogg\/wp-content\/uploads\/2016\/05\/DSC_0299-50.jpg 2304w, http:\/\/www.susannavaris.com\/blogg\/wp-content\/uploads\/2016\/05\/DSC_0299-50-300x200.jpg 300w, http:\/\/www.susannavaris.com\/blogg\/wp-content\/uploads\/2016\/05\/DSC_0299-50-768x512.jpg 768w, http:\/\/www.susannavaris.com\/blogg\/wp-content\/uploads\/2016\/05\/DSC_0299-50-1024x683.jpg 1024w\" sizes=\"auto, (max-width: 2304px) 100vw, 2304px\" \/><\/a> <a href=\"http:\/\/www.susannavaris.com\/blogg\/2016\/05\/vernissage-14-maj-pa-cecilia-haupt-konstbyra\/dsc_0300-50-3\/\" rel=\"attachment wp-att-15988\"><img loading=\"lazy\" decoding=\"async\" class=\"aligncenter size-full wp-image-15988\" src=\"http:\/\/www.susannavaris.com\/blogg\/wp-content\/uploads\/2016\/05\/DSC_0300-50.jpg\" alt=\"DSC_0300-50\" width=\"2304\" height=\"1536\" srcset=\"http:\/\/www.susannavaris.com\/blogg\/wp-content\/uploads\/2016\/05\/DSC_0300-50.jpg 2304w, http:\/\/www.susannavaris.com\/blogg\/wp-content\/uploads\/2016\/05\/DSC_0300-50-300x200.jpg 300w, http:\/\/www.susannavaris.com\/blogg\/wp-content\/uploads\/2016\/05\/DSC_0300-50-768x512.jpg 768w, http:\/\/www.susannavaris.com\/blogg\/wp-content\/uploads\/2016\/05\/DSC_0300-50-1024x683.jpg 1024w\" sizes=\"auto, (max-width: 2304px) 100vw, 2304px\" \/><\/a> <a href=\"http:\/\/www.susannavaris.com\/blogg\/2016\/05\/vernissage-14-maj-pa-cecilia-haupt-konstbyra\/dsc_0302-50-3\/\" rel=\"attachment wp-att-15989\"><img loading=\"lazy\" decoding=\"async\" class=\"aligncenter size-full wp-image-15989\" src=\"http:\/\/www.susannavaris.com\/blogg\/wp-content\/uploads\/2016\/05\/DSC_0302-50.jpg\" alt=\"DSC_0302-50\" width=\"2304\" height=\"1536\" srcset=\"http:\/\/www.susannavaris.com\/blogg\/wp-content\/uploads\/2016\/05\/DSC_0302-50.jpg 2304w, http:\/\/www.susannavaris.com\/blogg\/wp-content\/uploads\/2016\/05\/DSC_0302-50-300x200.jpg 300w, http:\/\/www.susannavaris.com\/blogg\/wp-content\/uploads\/2016\/05\/DSC_0302-50-768x512.jpg 768w, http:\/\/www.susannavaris.com\/blogg\/wp-content\/uploads\/2016\/05\/DSC_0302-50-1024x683.jpg 1024w\" sizes=\"auto, (max-width: 2304px) 100vw, 2304px\" \/><\/a> <a href=\"http:\/\/www.susannavaris.com\/blogg\/2016\/05\/vernissage-14-maj-pa-cecilia-haupt-konstbyra\/dsc_0304-50-4\/\" rel=\"attachment wp-att-15990\"><img loading=\"lazy\" decoding=\"async\" class=\"aligncenter size-full wp-image-15990\" src=\"http:\/\/www.susannavaris.com\/blogg\/wp-content\/uploads\/2016\/05\/DSC_0304-50.jpg\" alt=\"DSC_0304-50\" width=\"1536\" height=\"2304\" srcset=\"http:\/\/www.susannavaris.com\/blogg\/wp-content\/uploads\/2016\/05\/DSC_0304-50.jpg 1536w, http:\/\/www.susannavaris.com\/blogg\/wp-content\/uploads\/2016\/05\/DSC_0304-50-200x300.jpg 200w, http:\/\/www.susannavaris.com\/blogg\/wp-content\/uploads\/2016\/05\/DSC_0304-50-768x1152.jpg 768w, http:\/\/www.susannavaris.com\/blogg\/wp-content\/uploads\/2016\/05\/DSC_0304-50-683x1024.jpg 683w\" sizes=\"auto, (max-width: 1536px) 100vw, 1536px\" \/><\/a> <a href=\"http:\/\/www.susannavaris.com\/blogg\/2016\/05\/vernissage-14-maj-pa-cecilia-haupt-konstbyra\/dsc_0305-50-2\/\" rel=\"attachment wp-att-15991\"><img loading=\"lazy\" decoding=\"async\" class=\"aligncenter size-full wp-image-15991\" src=\"http:\/\/www.susannavaris.com\/blogg\/wp-content\/uploads\/2016\/05\/DSC_0305-50.jpg\" alt=\"DSC_0305-50\" width=\"2304\" height=\"1536\" srcset=\"http:\/\/www.susannavaris.com\/blogg\/wp-content\/uploads\/2016\/05\/DSC_0305-50.jpg 2304w, http:\/\/www.susannavaris.com\/blogg\/wp-content\/uploads\/2016\/05\/DSC_0305-50-300x200.jpg 300w, http:\/\/www.susannavaris.com\/blogg\/wp-content\/uploads\/2016\/05\/DSC_0305-50-768x512.jpg 768w, http:\/\/www.susannavaris.com\/blogg\/wp-content\/uploads\/2016\/05\/DSC_0305-50-1024x683.jpg 1024w\" sizes=\"auto, (max-width: 2304px) 100vw, 2304px\" \/><\/a> <a href=\"http:\/\/www.susannavaris.com\/blogg\/2016\/05\/vernissage-14-maj-pa-cecilia-haupt-konstbyra\/dsc_0306-50-6\/\" rel=\"attachment wp-att-15992\"><img loading=\"lazy\" decoding=\"async\" class=\"aligncenter size-full wp-image-15992\" src=\"http:\/\/www.susannavaris.com\/blogg\/wp-content\/uploads\/2016\/05\/DSC_0306-50.jpg\" alt=\"DSC_0306-50\" width=\"2304\" height=\"1536\" srcset=\"http:\/\/www.susannavaris.com\/blogg\/wp-content\/uploads\/2016\/05\/DSC_0306-50.jpg 2304w, http:\/\/www.susannavaris.com\/blogg\/wp-content\/uploads\/2016\/05\/DSC_0306-50-300x200.jpg 300w, http:\/\/www.susannavaris.com\/blogg\/wp-content\/uploads\/2016\/05\/DSC_0306-50-768x512.jpg 768w, http:\/\/www.susannavaris.com\/blogg\/wp-content\/uploads\/2016\/05\/DSC_0306-50-1024x683.jpg 1024w\" sizes=\"auto, (max-width: 2304px) 100vw, 2304px\" \/><\/a> <a href=\"http:\/\/www.susannavaris.com\/blogg\/2016\/05\/vernissage-14-maj-pa-cecilia-haupt-konstbyra\/dsc_0307-50-6\/\" rel=\"attachment wp-att-15993\"><img loading=\"lazy\" decoding=\"async\" class=\"aligncenter size-full wp-image-15993\" src=\"http:\/\/www.susannavaris.com\/blogg\/wp-content\/uploads\/2016\/05\/DSC_0307-50.jpg\" alt=\"DSC_0307-50\" width=\"2304\" height=\"1536\" srcset=\"http:\/\/www.susannavaris.com\/blogg\/wp-content\/uploads\/2016\/05\/DSC_0307-50.jpg 2304w, http:\/\/www.susannavaris.com\/blogg\/wp-content\/uploads\/2016\/05\/DSC_0307-50-300x200.jpg 300w, http:\/\/www.susannavaris.com\/blogg\/wp-content\/uploads\/2016\/05\/DSC_0307-50-768x512.jpg 768w, http:\/\/www.susannavaris.com\/blogg\/wp-content\/uploads\/2016\/05\/DSC_0307-50-1024x683.jpg 1024w\" sizes=\"auto, (max-width: 2304px) 100vw, 2304px\" \/><\/a> <a href=\"http:\/\/www.susannavaris.com\/blogg\/2016\/05\/vernissage-14-maj-pa-cecilia-haupt-konstbyra\/dsc_0308-50-4\/\" rel=\"attachment wp-att-15994\"><img loading=\"lazy\" decoding=\"async\" class=\"aligncenter size-full wp-image-15994\" src=\"http:\/\/www.susannavaris.com\/blogg\/wp-content\/uploads\/2016\/05\/DSC_0308-50.jpg\" alt=\"DSC_0308-50\" width=\"1536\" height=\"2036\" srcset=\"http:\/\/www.susannavaris.com\/blogg\/wp-content\/uploads\/2016\/05\/DSC_0308-50.jpg 1536w, http:\/\/www.susannavaris.com\/blogg\/wp-content\/uploads\/2016\/05\/DSC_0308-50-226x300.jpg 226w, http:\/\/www.susannavaris.com\/blogg\/wp-content\/uploads\/2016\/05\/DSC_0308-50-768x1018.jpg 768w, http:\/\/www.susannavaris.com\/blogg\/wp-content\/uploads\/2016\/05\/DSC_0308-50-773x1024.jpg 773w\" sizes=\"auto, (max-width: 1536px) 100vw, 1536px\" \/><\/a><a href=\"http:\/\/www.susannavaris.com\/blogg\/2016\/05\/vernissage-14-maj-pa-cecilia-haupt-konstbyra\/11-2\/\" rel=\"attachment wp-att-15995\"><img loading=\"lazy\" decoding=\"async\" class=\"aligncenter size-full wp-image-15995\" src=\"http:\/\/www.susannavaris.com\/blogg\/wp-content\/uploads\/2016\/05\/11.jpg\" alt=\"11\" width=\"1580\" height=\"947\" srcset=\"http:\/\/www.susannavaris.com\/blogg\/wp-content\/uploads\/2016\/05\/11.jpg 1580w, http:\/\/www.susannavaris.com\/blogg\/wp-content\/uploads\/2016\/05\/11-300x180.jpg 300w, http:\/\/www.susannavaris.com\/blogg\/wp-content\/uploads\/2016\/05\/11-768x460.jpg 768w, http:\/\/www.susannavaris.com\/blogg\/wp-content\/uploads\/2016\/05\/11-1024x614.jpg 1024w\" sizes=\"auto, (max-width: 1580px) 100vw, 1580px\" \/><\/a><\/p>\n<p style=\"text-align: center;\"><a href=\"http:\/\/www.susannavaris.com\/blogg\/2016\/05\/vernissage-14-maj-pa-cecilia-haupt-konstbyra\/u-dsc_0214-50\/\" rel=\"attachment wp-att-15996\"><img loading=\"lazy\" decoding=\"async\" class=\"aligncenter size-full wp-image-15996\" src=\"http:\/\/www.susannavaris.com\/blogg\/wp-content\/uploads\/2016\/05\/u-DSC_0214-50.jpg\" alt=\"u-DSC_0214-50\" width=\"1424\" height=\"2144\" srcset=\"http:\/\/www.susannavaris.com\/blogg\/wp-content\/uploads\/2016\/05\/u-DSC_0214-50.jpg 1424w, http:\/\/www.susannavaris.com\/blogg\/wp-content\/uploads\/2016\/05\/u-DSC_0214-50-199x300.jpg 199w, http:\/\/www.susannavaris.com\/blogg\/wp-content\/uploads\/2016\/05\/u-DSC_0214-50-768x1156.jpg 768w, http:\/\/www.susannavaris.com\/blogg\/wp-content\/uploads\/2016\/05\/u-DSC_0214-50-680x1024.jpg 680w\" sizes=\"auto, (max-width: 1424px) 100vw, 1424px\" \/><\/a> <a href=\"http:\/\/www.susannavaris.com\/blogg\/2016\/05\/vernissage-14-maj-pa-cecilia-haupt-konstbyra\/u-dsc_0218-50\/\" rel=\"attachment wp-att-15997\"><img loading=\"lazy\" decoding=\"async\" class=\"aligncenter size-full wp-image-15997\" src=\"http:\/\/www.susannavaris.com\/blogg\/wp-content\/uploads\/2016\/05\/u-DSC_0218-50.jpg\" alt=\"u-DSC_0218-50\" width=\"2144\" height=\"1424\" srcset=\"http:\/\/www.susannavaris.com\/blogg\/wp-content\/uploads\/2016\/05\/u-DSC_0218-50.jpg 2144w, http:\/\/www.susannavaris.com\/blogg\/wp-content\/uploads\/2016\/05\/u-DSC_0218-50-300x199.jpg 300w, http:\/\/www.susannavaris.com\/blogg\/wp-content\/uploads\/2016\/05\/u-DSC_0218-50-768x510.jpg 768w, http:\/\/www.susannavaris.com\/blogg\/wp-content\/uploads\/2016\/05\/u-DSC_0218-50-1024x680.jpg 1024w\" sizes=\"auto, (max-width: 2144px) 100vw, 2144px\" \/><\/a><em>Foto (tre nedersta bilderna): Ulf Holm\u00e9n <\/em><\/p>\n<p style=\"text-align: center;\">Nedan foton av Benji Nord:<\/p>\n<p style=\"text-align: center;\"><a href=\"http:\/\/www.susannavaris.com\/blogg\/2016\/05\/vernissage-14-maj-pa-cecilia-haupt-konstbyra\/u-dsc_0219-50\/\" rel=\"attachment wp-att-15998\"><img loading=\"lazy\" decoding=\"async\" class=\"aligncenter size-full wp-image-15998\" src=\"http:\/\/www.susannavaris.com\/blogg\/wp-content\/uploads\/2016\/05\/u-DSC_0219-50.jpg\" alt=\"u-DSC_0219-50\" width=\"2144\" height=\"1424\" srcset=\"http:\/\/www.susannavaris.com\/blogg\/wp-content\/uploads\/2016\/05\/u-DSC_0219-50.jpg 2144w, http:\/\/www.susannavaris.com\/blogg\/wp-content\/uploads\/2016\/05\/u-DSC_0219-50-300x199.jpg 300w, http:\/\/www.susannavaris.com\/blogg\/wp-content\/uploads\/2016\/05\/u-DSC_0219-50-768x510.jpg 768w, http:\/\/www.susannavaris.com\/blogg\/wp-content\/uploads\/2016\/05\/u-DSC_0219-50-1024x680.jpg 1024w\" sizes=\"auto, (max-width: 2144px) 100vw, 2144px\" \/><\/a> <a href=\"http:\/\/www.susannavaris.com\/blogg\/2016\/05\/vernissage-14-maj-pa-cecilia-haupt-konstbyra\/u-dsc_0222-50\/\" rel=\"attachment wp-att-16000\"><img loading=\"lazy\" decoding=\"async\" class=\"aligncenter size-full wp-image-16000\" src=\"http:\/\/www.susannavaris.com\/blogg\/wp-content\/uploads\/2016\/05\/u-DSC_0222-50.jpg\" alt=\"u-DSC_0222-50\" width=\"2144\" height=\"1424\" srcset=\"http:\/\/www.susannavaris.com\/blogg\/wp-content\/uploads\/2016\/05\/u-DSC_0222-50.jpg 2144w, http:\/\/www.susannavaris.com\/blogg\/wp-content\/uploads\/2016\/05\/u-DSC_0222-50-300x199.jpg 300w, http:\/\/www.susannavaris.com\/blogg\/wp-content\/uploads\/2016\/05\/u-DSC_0222-50-768x510.jpg 768w, http:\/\/www.susannavaris.com\/blogg\/wp-content\/uploads\/2016\/05\/u-DSC_0222-50-1024x680.jpg 1024w\" sizes=\"auto, (max-width: 2144px) 100vw, 2144px\" \/><\/a> <a href=\"http:\/\/www.susannavaris.com\/blogg\/2016\/05\/vernissage-14-maj-pa-cecilia-haupt-konstbyra\/u-dsc_0224-50\/\" rel=\"attachment wp-att-16001\"><img loading=\"lazy\" decoding=\"async\" class=\"aligncenter size-full wp-image-16001\" src=\"http:\/\/www.susannavaris.com\/blogg\/wp-content\/uploads\/2016\/05\/u-DSC_0224-50.jpg\" alt=\"u-DSC_0224-50\" width=\"2144\" height=\"1424\" srcset=\"http:\/\/www.susannavaris.com\/blogg\/wp-content\/uploads\/2016\/05\/u-DSC_0224-50.jpg 2144w, http:\/\/www.susannavaris.com\/blogg\/wp-content\/uploads\/2016\/05\/u-DSC_0224-50-300x199.jpg 300w, http:\/\/www.susannavaris.com\/blogg\/wp-content\/uploads\/2016\/05\/u-DSC_0224-50-768x510.jpg 768w, http:\/\/www.susannavaris.com\/blogg\/wp-content\/uploads\/2016\/05\/u-DSC_0224-50-1024x680.jpg 1024w\" sizes=\"auto, (max-width: 2144px) 100vw, 2144px\" \/><\/a> <a href=\"http:\/\/www.susannavaris.com\/blogg\/2016\/05\/vernissage-14-maj-pa-cecilia-haupt-konstbyra\/u-dsc_0226-50\/\" rel=\"attachment wp-att-16002\"><img loading=\"lazy\" decoding=\"async\" class=\"aligncenter size-full wp-image-16002\" src=\"http:\/\/www.susannavaris.com\/blogg\/wp-content\/uploads\/2016\/05\/u-DSC_0226-50.jpg\" alt=\"u-DSC_0226-50\" width=\"2144\" height=\"1424\" srcset=\"http:\/\/www.susannavaris.com\/blogg\/wp-content\/uploads\/2016\/05\/u-DSC_0226-50.jpg 2144w, http:\/\/www.susannavaris.com\/blogg\/wp-content\/uploads\/2016\/05\/u-DSC_0226-50-300x199.jpg 300w, http:\/\/www.susannavaris.com\/blogg\/wp-content\/uploads\/2016\/05\/u-DSC_0226-50-768x510.jpg 768w, http:\/\/www.susannavaris.com\/blogg\/wp-content\/uploads\/2016\/05\/u-DSC_0226-50-1024x680.jpg 1024w\" sizes=\"auto, (max-width: 2144px) 100vw, 2144px\" \/><\/a> <a href=\"http:\/\/www.susannavaris.com\/blogg\/2016\/05\/vernissage-14-maj-pa-cecilia-haupt-konstbyra\/u-dsc_0227-50\/\" rel=\"attachment wp-att-16003\"><img loading=\"lazy\" decoding=\"async\" class=\"aligncenter size-full wp-image-16003\" src=\"http:\/\/www.susannavaris.com\/blogg\/wp-content\/uploads\/2016\/05\/u-DSC_0227-50.jpg\" alt=\"u-DSC_0227-50\" width=\"2144\" height=\"1424\" srcset=\"http:\/\/www.susannavaris.com\/blogg\/wp-content\/uploads\/2016\/05\/u-DSC_0227-50.jpg 2144w, http:\/\/www.susannavaris.com\/blogg\/wp-content\/uploads\/2016\/05\/u-DSC_0227-50-300x199.jpg 300w, http:\/\/www.susannavaris.com\/blogg\/wp-content\/uploads\/2016\/05\/u-DSC_0227-50-768x510.jpg 768w, http:\/\/www.susannavaris.com\/blogg\/wp-content\/uploads\/2016\/05\/u-DSC_0227-50-1024x680.jpg 1024w\" sizes=\"auto, (max-width: 2144px) 100vw, 2144px\" \/><\/a><a href=\"http:\/\/www.susannavaris.com\/blogg\/2016\/05\/vernissage-14-maj-pa-cecilia-haupt-konstbyra\/fredrik-01\/\" rel=\"attachment wp-att-16004\"><img loading=\"lazy\" decoding=\"async\" class=\"aligncenter size-full wp-image-16004\" src=\"http:\/\/www.susannavaris.com\/blogg\/wp-content\/uploads\/2016\/05\/fredrik-01.jpg\" alt=\"fredrik-01\" width=\"1024\" height=\"768\" srcset=\"http:\/\/www.susannavaris.com\/blogg\/wp-content\/uploads\/2016\/05\/fredrik-01.jpg 1024w, http:\/\/www.susannavaris.com\/blogg\/wp-content\/uploads\/2016\/05\/fredrik-01-300x225.jpg 300w, http:\/\/www.susannavaris.com\/blogg\/wp-content\/uploads\/2016\/05\/fredrik-01-768x576.jpg 768w\" sizes=\"auto, (max-width: 1024px) 100vw, 1024px\" \/><\/a><\/p>\n<p style=\"text-align: center;\"><em>Foto: Fredrik Sk\u00f6ld<\/em><\/p>\n<p style=\"text-align: center;\"><a href=\"http:\/\/www.susannavaris.com\/blogg\/2016\/05\/vernissage-14-maj-pa-cecilia-haupt-konstbyra\/halle-01\/\" rel=\"attachment wp-att-16005\"><img loading=\"lazy\" decoding=\"async\" class=\"aligncenter size-full wp-image-16005\" src=\"http:\/\/www.susannavaris.com\/blogg\/wp-content\/uploads\/2016\/05\/halle-01.jpg\" alt=\"halle-01\" width=\"1536\" height=\"2048\" srcset=\"http:\/\/www.susannavaris.com\/blogg\/wp-content\/uploads\/2016\/05\/halle-01.jpg 1536w, http:\/\/www.susannavaris.com\/blogg\/wp-content\/uploads\/2016\/05\/halle-01-225x300.jpg 225w, http:\/\/www.susannavaris.com\/blogg\/wp-content\/uploads\/2016\/05\/halle-01-768x1024.jpg 768w\" sizes=\"auto, (max-width: 1536px) 100vw, 1536px\" \/><\/a><\/p>\n<p style=\"text-align: center;\"><em>En glad konstk\u00f6pare&#8230; :)<\/em><\/p>\n<p style=\"text-align: center;\"><a href=\"http:\/\/www.susannavaris.com\/blogg\/2016\/05\/vernissage-14-maj-pa-cecilia-haupt-konstbyra\/halle-o2\/\" rel=\"attachment wp-att-16006\"><img loading=\"lazy\" decoding=\"async\" class=\"aligncenter size-full wp-image-16006\" src=\"http:\/\/www.susannavaris.com\/blogg\/wp-content\/uploads\/2016\/05\/halle-o2.jpg\" alt=\"halle-o2\" width=\"2048\" height=\"2048\" srcset=\"http:\/\/www.susannavaris.com\/blogg\/wp-content\/uploads\/2016\/05\/halle-o2.jpg 2048w, http:\/\/www.susannavaris.com\/blogg\/wp-content\/uploads\/2016\/05\/halle-o2-150x150.jpg 150w, http:\/\/www.susannavaris.com\/blogg\/wp-content\/uploads\/2016\/05\/halle-o2-300x300.jpg 300w, http:\/\/www.susannavaris.com\/blogg\/wp-content\/uploads\/2016\/05\/halle-o2-768x768.jpg 768w, http:\/\/www.susannavaris.com\/blogg\/wp-content\/uploads\/2016\/05\/halle-o2-1024x1024.jpg 1024w\" sizes=\"auto, (max-width: 2048px) 100vw, 2048px\" \/><\/a><em>Foto: Halle Hal\u00e9n<\/em><\/p>\n","protected":false},"excerpt":{"rendered":"<p>I helgen var det vernissage f\u00f6r min och Fredrik Sk\u00f6lds gemensamma utst\u00e4llning p\u00e5 Cecilia Haupt Konstbyr\u00e5. Tack alla som kom, umgicks och kanske dessutom handlade n\u00e5got litet verk!! Ett s\u00e4rskilt tack till Isa Lisa Dykhoff som gjorde en livetatuering\/performance och &hellip; <a href=\"http:\/\/www.susannavaris.com\/blogg\/2016\/05\/vernissage-14-maj-pa-cecilia-haupt-konstbyra\/\">Forts\u00e4tt l\u00e4sa <span class=\"meta-nav\">&rarr;<\/span><\/a><\/p>\n","protected":false},"author":1,"featured_media":0,"comment_status":"open","ping_status":"open","sticky":false,"template":"","format":"standard","meta":{"footnotes":""},"categories":[5012,7,555,3,1162,415,12,2262,1611,4],"tags":[5306,418,4318,4985,4992,1265,4986,1188,4041,17,5304,5305,4907,4915,4993,5198,4924,525,25,239,122],"class_list":["post-15951","post","type-post","status-publish","format-standard","hentry","category-cecilia-haupt-konstbyra","category-egna-verk","category-events","category-konst","category-kultur","category-lowbrow","category-marilyn-manson","category-pop-surrealism","category-skrackkonst","category-utstallning","tag-absurdism","tag-art","tag-cecilia-haupt","tag-cecilia-haupt-konstbya","tag-christer-magnusson","tag-fredrik-skold","tag-gardet","tag-graffitti","tag-isa-lisa-dykhoff","tag-konst-2","tag-konstbyran","tag-landskap","tag-lowbrow","tag-musik","tag-niki-cash","tag-performance","tag-pop-surrealism","tag-stockholm","tag-surrealism","tag-tatuering","tag-utstallning-2"],"_links":{"self":[{"href":"http:\/\/www.susannavaris.com\/blogg\/wp-json\/wp\/v2\/posts\/15951","targetHints":{"allow":["GET"]}}],"collection":[{"href":"http:\/\/www.susannavaris.com\/blogg\/wp-json\/wp\/v2\/posts"}],"about":[{"href":"http:\/\/www.susannavaris.com\/blogg\/wp-json\/wp\/v2\/types\/post"}],"author":[{"embeddable":true,"href":"http:\/\/www.susannavaris.com\/blogg\/wp-json\/wp\/v2\/users\/1"}],"replies":[{"embeddable":true,"href":"http:\/\/www.susannavaris.com\/blogg\/wp-json\/wp\/v2\/comments?post=15951"}],"version-history":[{"count":4,"href":"http:\/\/www.susannavaris.com\/blogg\/wp-json\/wp\/v2\/posts\/15951\/revisions"}],"predecessor-version":[{"id":16010,"href":"http:\/\/www.susannavaris.com\/blogg\/wp-json\/wp\/v2\/posts\/15951\/revisions\/16010"}],"wp:attachment":[{"href":"http:\/\/www.susannavaris.com\/blogg\/wp-json\/wp\/v2\/media?parent=15951"}],"wp:term":[{"taxonomy":"category","embeddable":true,"href":"http:\/\/www.susannavaris.com\/blogg\/wp-json\/wp\/v2\/categories?post=15951"},{"taxonomy":"post_tag","embeddable":true,"href":"http:\/\/www.susannavaris.com\/blogg\/wp-json\/wp\/v2\/tags?post=15951"}],"curies":[{"name":"wp","href":"https:\/\/api.w.org\/{rel}","templated":true}]}}