{"id":16016,"date":"2016-05-25T21:14:03","date_gmt":"2016-05-25T19:14:03","guid":{"rendered":"http:\/\/www.susannavaris.com\/blogg\/?p=16016"},"modified":"2016-05-25T21:14:03","modified_gmt":"2016-05-25T19:14:03","slug":"oppet-brev-till-chefredaktoren-for-svenska-elle","status":"publish","type":"post","link":"http:\/\/www.susannavaris.com\/blogg\/2016\/05\/oppet-brev-till-chefredaktoren-for-svenska-elle\/","title":{"rendered":"\u00d6ppet brev till chefredakt\u00f6ren f\u00f6r svenska ELLE"},"content":{"rendered":"<p>Till Cia Jansson, chefredakt\u00f6r f\u00f6r svenska ELLE (ellered@elle.se):<\/p>\n<p>Hej!<\/p>\n<p>Jag har under decennier l\u00e4st och \u00e4ven i perioder prenumererat p\u00e5 er tidning, som jag anser vara den b\u00e4sta i genren mode som finns p\u00e5 svenska. Ingen annan tidning har fingret p\u00e5 modev\u00e4rldens puls p\u00e5 samma s\u00e4tt och kombinerar detta med intressanta reportage och artiklar om modehistoria, sp\u00e4nnande personer, design, historia och annat p\u00e5 ett fl\u00e4rdfullt s\u00e4tt.<\/p>\n<p>I dessa v\u00e4rdegrundstider antar jag att \u00e4ven ELLE h\u00e5ller sig med en s\u00e5dan, eller \u00e5tminstone n\u00e5gon slags formulering om vad slags v\u00e4rderingar varum\u00e4rket ska f\u00f6rmedla.<\/p>\n<p>&#8221;&#8230;kvinnor \u00e4r ju typ som utvecklingsst\u00f6rda barn&#8230;&#8221;<\/p>\n<p>&#8221;Kvinnohatet handlar om ett f\u00f6rh\u00e5llningss\u00e4tt, en \u00f6verlevnadsstrategi tror jag.&#8221;<\/p>\n<p>&#8221;Ponera: OM jag skulle hata kvinnor, vad \u00e4r s\u00e5 provocerande med det?&#8221;<\/p>\n<p>Skulle ni vilja ha en bloggare som uttryckte sig s\u00e5 h\u00e4r? Om samme bloggare p\u00e5 twitter skrivit A.C.A.B. i dessa tider av \u00f6kad polarisering och tilltagande attacker mot bl\u00e5ljuspersonal? Om samme bloggare hotat en riksdagspolitiker till livet?<\/p>\n<p>Jag antar att svaret \u00e4r nej. Min undran \u00e4r d\u00e4rf\u00f6r varf\u00f6r ni anlitar bloggaren Kakan Hermansson? Citaten ovan (men med &#8221;kvinnor&#8221; utbytta till &#8221;m\u00e4n&#8221;) kommer alla fr\u00e5n henne och det andra som n\u00e4mns har hon gjort sig skyldig till.<\/p>\n<p>Kakan Hermansson \u00e4r en galjonsfigur f\u00f6r ett koppel av unga, arga feminister som bereds plats inom stora delar av media. Tidningarna f\u00e5r klirr i kassan av antalet klick som dessa genererar med sina provokationer mot fr\u00e4mst vita heterom\u00e4n, inom public service \u00e4r deras ideologi r\u00e4ttesn\u00f6ret och \u00f6vrig tv engagerar samma g\u00e4ng f\u00f6rmodligen i hopp om att h\u00e4nga med i vad ungdomarna vill titta p\u00e5. K\u00e4nslor och d\u00e4ribland hat s\u00e4ljer uppenbarligen. F\u00f6r en ex-feminist som undertecknad och en hel del andra \u00e4r dock de h\u00e4r unga of\u00f6rm\u00e5gornas bravader enbart deprimerande att ta del av. Den h\u00e4r sortens vulgofeminism kan aldrig bidra till ett verkligt j\u00e4mst\u00e4lldhetsarbete p\u00e5 ett konstruktivt s\u00e4tt. Det enda den \u00e4r f\u00f6rm\u00f6gen till \u00e4r att vidga klyftor, skapa st\u00f6rre mots\u00e4ttningar och polarisera. Trots detta \u00e4r dess torgf\u00f6rerskor \u00f6mt omhuldade i mediebranschen, och s\u00e5 uppenbarligen \u00e4ven hos ELLE.<\/p>\n<p>Nej, Kakan Hermansson \u00e4r ingen &#8221;h\u00e4rlig&#8221; typ. Hon &#8221;st\u00e4rker&#8221; ingen. Hon har glidit runt fr\u00e5n det ena prestigefyllda uppdraget till det andra p\u00e5 en rutten r\u00e4kmacka tillverkad av hat. Det goda och fina hatet som kommer fr\u00e5n v\u00e4nster och som riktar sig mot exempelvis just vita och\/eller m\u00e4n. Det finns ingenting nytt eller fr\u00e4scht hos Hermansson och ordet stil kan inte ens n\u00e4mnas i samma mening.<\/p>\n<p>Jag \u00e4lskar mode och hade hoppats att en tidning som ELLE kunde vara en frizon fr\u00e5n de mer smakl\u00f6sa provokat\u00f6rerna (som knappt g\u00e5r att undvika) i dagens Sverige. Tyv\u00e4rr f\u00e5r jag h\u00e4rmed meddela att jag varken kommer att k\u00f6pa n\u00e5gon tidning och \u00e4nnu mindre prenumerera p\u00e5 er publikation s\u00e5 l\u00e4nge Kakan Hermansson anlitas av er. Jag uppmanar \u00e4ven andra som \u00e4r upp \u00f6ver halsen med hatm\u00e5nglarna att bojkotta de publikationer som anlitar dem.<\/p>\n<p>Med v\u00e4nlig h\u00e4lsning<\/p>\n<p>Susanna Varis<\/p>\n<p>Mina tidigare inl\u00e4gg om Hermansson:<\/p>\n<blockquote class=\"wp-embedded-content\" data-secret=\"H9s8AJUNnK\"><p><a href=\"http:\/\/www.susannavaris.com\/blogg\/2015\/02\/kakan-hatpredikant-i-feministkyrkan\/\">Kakan &#8211; hatpredikant i feministkyrkan<\/a><\/p><\/blockquote>\n<p><iframe loading=\"lazy\" class=\"wp-embedded-content\" sandbox=\"allow-scripts\" security=\"restricted\" style=\"position: absolute; clip: rect(1px, 1px, 1px, 1px);\" title=\"\u201dKakan &#8211; hatpredikant i feministkyrkan\u201d &ndash; Susanna&#039;s Crowbar\" src=\"http:\/\/www.susannavaris.com\/blogg\/2015\/02\/kakan-hatpredikant-i-feministkyrkan\/embed\/#?secret=HY3e7DD57t#?secret=H9s8AJUNnK\" data-secret=\"H9s8AJUNnK\" width=\"600\" height=\"338\" frameborder=\"0\" marginwidth=\"0\" marginheight=\"0\" scrolling=\"no\"><\/iframe><\/p>\n<blockquote class=\"wp-embedded-content\" data-secret=\"NAlH6No0Gn\"><p><a href=\"http:\/\/www.susannavaris.com\/blogg\/2014\/09\/kakans-bravader-och-lasvarda-texter\/\">Kakans bravader och l\u00e4sv\u00e4rda texter<\/a><\/p><\/blockquote>\n<p><iframe loading=\"lazy\" class=\"wp-embedded-content\" sandbox=\"allow-scripts\" security=\"restricted\" style=\"position: absolute; clip: rect(1px, 1px, 1px, 1px);\" title=\"\u201dKakans bravader och l\u00e4sv\u00e4rda texter\u201d &ndash; Susanna&#039;s Crowbar\" src=\"http:\/\/www.susannavaris.com\/blogg\/2014\/09\/kakans-bravader-och-lasvarda-texter\/embed\/#?secret=p2VCyOVu6P#?secret=NAlH6No0Gn\" data-secret=\"NAlH6No0Gn\" width=\"600\" height=\"338\" frameborder=\"0\" marginwidth=\"0\" marginheight=\"0\" scrolling=\"no\"><\/iframe><\/p>\n<blockquote class=\"wp-embedded-content\" data-secret=\"gWcntzgTct\"><p><a href=\"http:\/\/www.susannavaris.com\/blogg\/2013\/10\/kakan-hermansson-i-farten-igen\/\">Kakan Hermansson i farten igen<\/a><\/p><\/blockquote>\n<p><iframe loading=\"lazy\" class=\"wp-embedded-content\" sandbox=\"allow-scripts\" security=\"restricted\" style=\"position: absolute; clip: rect(1px, 1px, 1px, 1px);\" title=\"\u201dKakan Hermansson i farten igen\u201d &ndash; Susanna&#039;s Crowbar\" src=\"http:\/\/www.susannavaris.com\/blogg\/2013\/10\/kakan-hermansson-i-farten-igen\/embed\/#?secret=fIJBQxsKsO#?secret=gWcntzgTct\" data-secret=\"gWcntzgTct\" width=\"600\" height=\"338\" frameborder=\"0\" marginwidth=\"0\" marginheight=\"0\" scrolling=\"no\"><\/iframe><\/p>\n<blockquote class=\"wp-embedded-content\" data-secret=\"e1cZfkAlqZ\"><p><a href=\"http:\/\/www.susannavaris.com\/blogg\/2013\/01\/kakan-hermansson-igen\/\">Kakan Hermansson igen<\/a><\/p><\/blockquote>\n<p><iframe loading=\"lazy\" class=\"wp-embedded-content\" sandbox=\"allow-scripts\" security=\"restricted\" style=\"position: absolute; clip: rect(1px, 1px, 1px, 1px);\" title=\"\u201dKakan Hermansson igen\u201d &ndash; Susanna&#039;s Crowbar\" src=\"http:\/\/www.susannavaris.com\/blogg\/2013\/01\/kakan-hermansson-igen\/embed\/#?secret=NiseKAQs8x#?secret=e1cZfkAlqZ\" data-secret=\"e1cZfkAlqZ\" width=\"600\" height=\"338\" frameborder=\"0\" marginwidth=\"0\" marginheight=\"0\" scrolling=\"no\"><\/iframe><\/p>\n<blockquote class=\"wp-embedded-content\" data-secret=\"hT3iW6y9mc\"><p><a href=\"http:\/\/www.susannavaris.com\/blogg\/2013\/11\/karin-kakan-hermanssons-dodshot-mot-politiker\/\">Karin &#8221;Kakan&#8221; Hermanssons d\u00f6dshot mot politiker<\/a><\/p><\/blockquote>\n<p><iframe loading=\"lazy\" class=\"wp-embedded-content\" sandbox=\"allow-scripts\" security=\"restricted\" style=\"position: absolute; clip: rect(1px, 1px, 1px, 1px);\" title=\"\u201dKarin &#8221;Kakan&#8221; Hermanssons d\u00f6dshot mot politiker\u201d &ndash; Susanna&#039;s Crowbar\" src=\"http:\/\/www.susannavaris.com\/blogg\/2013\/11\/karin-kakan-hermanssons-dodshot-mot-politiker\/embed\/#?secret=4yQi2QTFLD#?secret=hT3iW6y9mc\" data-secret=\"hT3iW6y9mc\" width=\"600\" height=\"338\" frameborder=\"0\" marginwidth=\"0\" marginheight=\"0\" scrolling=\"no\"><\/iframe><\/p>\n<blockquote class=\"wp-embedded-content\" data-secret=\"EaIH0eHQOq\"><p><a href=\"http:\/\/www.susannavaris.com\/blogg\/2012\/03\/en-notering-i-kanten\/\">En notering i kanten&#8230;<\/a><\/p><\/blockquote>\n<p><iframe loading=\"lazy\" class=\"wp-embedded-content\" sandbox=\"allow-scripts\" security=\"restricted\" style=\"position: absolute; clip: rect(1px, 1px, 1px, 1px);\" title=\"\u201dEn notering i kanten&#8230;\u201d &ndash; Susanna&#039;s Crowbar\" src=\"http:\/\/www.susannavaris.com\/blogg\/2012\/03\/en-notering-i-kanten\/embed\/#?secret=ZewAUWa7Yl#?secret=EaIH0eHQOq\" data-secret=\"EaIH0eHQOq\" width=\"600\" height=\"338\" frameborder=\"0\" marginwidth=\"0\" marginheight=\"0\" scrolling=\"no\"><\/iframe><\/p>\n<p>&nbsp;<\/p>\n<p>&nbsp;<\/p>\n","protected":false},"excerpt":{"rendered":"<p>Till Cia Jansson, chefredakt\u00f6r f\u00f6r svenska ELLE (ellered@elle.se): Hej! Jag har under decennier l\u00e4st och \u00e4ven i perioder prenumererat p\u00e5 er tidning, som jag anser vara den b\u00e4sta i genren mode som finns p\u00e5 svenska. Ingen annan tidning har fingret &hellip; <a href=\"http:\/\/www.susannavaris.com\/blogg\/2016\/05\/oppet-brev-till-chefredaktoren-for-svenska-elle\/\">Forts\u00e4tt l\u00e4sa <span class=\"meta-nav\">&rarr;<\/span><\/a><\/p>\n","protected":false},"author":1,"featured_media":0,"comment_status":"open","ping_status":"open","sticky":false,"template":"","format":"standard","meta":{"footnotes":""},"categories":[181,154,1321,1928,589,3787,14,1],"tags":[665,4900,1607,2636,2721,19,5310,5312,3848,5311],"class_list":["post-16016","post","type-post","status-publish","format-standard","hentry","category-feminism","category-genus","category-jamstalldhet","category-journalistik","category-medier","category-misandri-i-media","category-mode","category-okategoriserade","tag-elle","tag-feminism","tag-hat","tag-kakan-hermansson","tag-misandri","tag-mode-2","tag-modetidning","tag-oppet-brev","tag-polarisering","tag-vulgofeminism"],"_links":{"self":[{"href":"http:\/\/www.susannavaris.com\/blogg\/wp-json\/wp\/v2\/posts\/16016","targetHints":{"allow":["GET"]}}],"collection":[{"href":"http:\/\/www.susannavaris.com\/blogg\/wp-json\/wp\/v2\/posts"}],"about":[{"href":"http:\/\/www.susannavaris.com\/blogg\/wp-json\/wp\/v2\/types\/post"}],"author":[{"embeddable":true,"href":"http:\/\/www.susannavaris.com\/blogg\/wp-json\/wp\/v2\/users\/1"}],"replies":[{"embeddable":true,"href":"http:\/\/www.susannavaris.com\/blogg\/wp-json\/wp\/v2\/comments?post=16016"}],"version-history":[{"count":2,"href":"http:\/\/www.susannavaris.com\/blogg\/wp-json\/wp\/v2\/posts\/16016\/revisions"}],"predecessor-version":[{"id":16018,"href":"http:\/\/www.susannavaris.com\/blogg\/wp-json\/wp\/v2\/posts\/16016\/revisions\/16018"}],"wp:attachment":[{"href":"http:\/\/www.susannavaris.com\/blogg\/wp-json\/wp\/v2\/media?parent=16016"}],"wp:term":[{"taxonomy":"category","embeddable":true,"href":"http:\/\/www.susannavaris.com\/blogg\/wp-json\/wp\/v2\/categories?post=16016"},{"taxonomy":"post_tag","embeddable":true,"href":"http:\/\/www.susannavaris.com\/blogg\/wp-json\/wp\/v2\/tags?post=16016"}],"curies":[{"name":"wp","href":"https:\/\/api.w.org\/{rel}","templated":true}]}}