{"id":16132,"date":"2016-06-11T11:41:01","date_gmt":"2016-06-11T09:41:01","guid":{"rendered":"http:\/\/www.susannavaris.com\/blogg\/?p=16132"},"modified":"2016-06-11T11:41:02","modified_gmt":"2016-06-11T09:41:02","slug":"finissage-konsten-hangs-ner","status":"publish","type":"post","link":"http:\/\/www.susannavaris.com\/blogg\/2016\/06\/finissage-konsten-hangs-ner\/","title":{"rendered":"FINISSAGE &#8211; konsten h\u00e4ngs ner"},"content":{"rendered":"<p>Torsdagen 23. juni, dagen f\u00f6re Midsommar, v\u00e4lkomnar Fredrik Sk\u00f6ld och undertecknad er p\u00e5 FINISSAGE!<\/p>\n<p><a href=\"http:\/\/www.susannavaris.com\/blogg\/2016\/06\/finissage-konsten-hangs-ner\/varis-skold-header-nedplockning-text\/\" rel=\"attachment wp-att-16133\"><img loading=\"lazy\" decoding=\"async\" class=\"aligncenter size-full wp-image-16133\" src=\"http:\/\/www.susannavaris.com\/blogg\/wp-content\/uploads\/2016\/06\/varis-skold-header-nedplockning-text.jpg\" alt=\"varis-skold-header-nedplockning-text\" width=\"1242\" height=\"478\" srcset=\"http:\/\/www.susannavaris.com\/blogg\/wp-content\/uploads\/2016\/06\/varis-skold-header-nedplockning-text.jpg 1242w, http:\/\/www.susannavaris.com\/blogg\/wp-content\/uploads\/2016\/06\/varis-skold-header-nedplockning-text-300x115.jpg 300w, http:\/\/www.susannavaris.com\/blogg\/wp-content\/uploads\/2016\/06\/varis-skold-header-nedplockning-text-768x296.jpg 768w, http:\/\/www.susannavaris.com\/blogg\/wp-content\/uploads\/2016\/06\/varis-skold-header-nedplockning-text-1024x394.jpg 1024w\" sizes=\"auto, (max-width: 1242px) 100vw, 1242px\" \/><\/a><span class=\"_4n-j fsl\">FINISSAGE &#8211; Nedh\u00e4ngning av konsten<\/p>\n<p>Utst\u00e4llningen VERNISSAGE! med Susanna Varis och Fredrik Sk\u00f6ld p\u00e5 Cecilia Haupt Konstbyr\u00e5 h\u00e4ngs ner. Surrealism, absurdism och more is more \u00e5ker in i magasinen. Sista chansen och m\u00f6jlighet till klipp! \u00d6verbliven ros\u00e9 kan h\u00e4ndelsevis serveras. Kom och g\u00f6r v\u00e5ra koffertar l\u00e4ttare!<\/p>\n<p>FINISSAGE &#8211; hanging down the art<\/p>\n<p>The exhibition VERNISSAGE! with Susanna Varis and Fredrik Sk\u00f6ld at Cecilia Haupt Konstbyr\u00e5 will be taken down. Surrealism, absurdism and more is more is going into the warehouses again. Last chance and a bargain opportunity! Left-over ros\u00e9 might be served. Come and make our baggages lighter!<\/span><\/p>\n<p>Plats: Cecilia Haupt Konstbyr\u00e5, \u00d6regrundsgatan 8, Stockholm<\/p>\n<p>Tid: ca 15 &#8211; 19<\/p>\n<p>Bilder fr\u00e5n utst\u00e4llningen finns h\u00e4r:<\/p>\n<blockquote class=\"wp-embedded-content\" data-secret=\"nINzwj2nvg\"><p><a href=\"http:\/\/www.susannavaris.com\/blogg\/2016\/05\/vernissage-14-maj-pa-cecilia-haupt-konstbyra\/\">VERNISSAGE! 14. maj p\u00e5 Cecilia Haupt Konstbyr\u00e5<\/a><\/p><\/blockquote>\n<p><iframe loading=\"lazy\" class=\"wp-embedded-content\" sandbox=\"allow-scripts\" security=\"restricted\" style=\"position: absolute; clip: rect(1px, 1px, 1px, 1px);\" title=\"\u201dVERNISSAGE! 14. maj p\u00e5 Cecilia Haupt Konstbyr\u00e5\u201d &ndash; Susanna&#039;s Crowbar\" src=\"http:\/\/www.susannavaris.com\/blogg\/2016\/05\/vernissage-14-maj-pa-cecilia-haupt-konstbyra\/embed\/#?secret=482iENWb1n#?secret=nINzwj2nvg\" data-secret=\"nINzwj2nvg\" width=\"600\" height=\"338\" frameborder=\"0\" marginwidth=\"0\" marginheight=\"0\" scrolling=\"no\"><\/iframe><\/p>\n<p>P.S. Det torde finnas m\u00f6jlighet att \u00e4ven spekulera p\u00e5 finfina verk av Cecilia Haupt och Niki Cash.<\/p>\n","protected":false},"excerpt":{"rendered":"<p>Torsdagen 23. juni, dagen f\u00f6re Midsommar, v\u00e4lkomnar Fredrik Sk\u00f6ld och undertecknad er p\u00e5 FINISSAGE! FINISSAGE &#8211; Nedh\u00e4ngning av konsten Utst\u00e4llningen VERNISSAGE! med Susanna Varis och Fredrik Sk\u00f6ld p\u00e5 Cecilia Haupt Konstbyr\u00e5 h\u00e4ngs ner. Surrealism, absurdism och more is more \u00e5ker &hellip; <a href=\"http:\/\/www.susannavaris.com\/blogg\/2016\/06\/finissage-konsten-hangs-ner\/\">Forts\u00e4tt l\u00e4sa <span class=\"meta-nav\">&rarr;<\/span><\/a><\/p>\n","protected":false},"author":1,"featured_media":0,"comment_status":"open","ping_status":"open","sticky":false,"template":"","format":"standard","meta":{"footnotes":""},"categories":[5012,555,3,1162,415,4],"tags":[5306,418,4318,4985,1147,5332,1265,4986,4905,1188,17,3274,4907,5333,4993,4924,525,25,947,5334,122],"class_list":["post-16132","post","type-post","status-publish","format-standard","hentry","category-cecilia-haupt-konstbyra","category-events","category-konst","category-kultur","category-lowbrow","category-utstallning","tag-absurdism","tag-art","tag-cecilia-haupt","tag-cecilia-haupt-konstbya","tag-exhibition","tag-finissage","tag-fredrik-skold","tag-gardet","tag-goth","tag-graffitti","tag-konst-2","tag-lilycrow-art-of-susanna-varis","tag-lowbrow","tag-nedhangning","tag-niki-cash","tag-pop-surrealism","tag-stockholm","tag-surrealism","tag-susanna-varis","tag-underdround","tag-utstallning-2"],"_links":{"self":[{"href":"http:\/\/www.susannavaris.com\/blogg\/wp-json\/wp\/v2\/posts\/16132","targetHints":{"allow":["GET"]}}],"collection":[{"href":"http:\/\/www.susannavaris.com\/blogg\/wp-json\/wp\/v2\/posts"}],"about":[{"href":"http:\/\/www.susannavaris.com\/blogg\/wp-json\/wp\/v2\/types\/post"}],"author":[{"embeddable":true,"href":"http:\/\/www.susannavaris.com\/blogg\/wp-json\/wp\/v2\/users\/1"}],"replies":[{"embeddable":true,"href":"http:\/\/www.susannavaris.com\/blogg\/wp-json\/wp\/v2\/comments?post=16132"}],"version-history":[{"count":2,"href":"http:\/\/www.susannavaris.com\/blogg\/wp-json\/wp\/v2\/posts\/16132\/revisions"}],"predecessor-version":[{"id":16135,"href":"http:\/\/www.susannavaris.com\/blogg\/wp-json\/wp\/v2\/posts\/16132\/revisions\/16135"}],"wp:attachment":[{"href":"http:\/\/www.susannavaris.com\/blogg\/wp-json\/wp\/v2\/media?parent=16132"}],"wp:term":[{"taxonomy":"category","embeddable":true,"href":"http:\/\/www.susannavaris.com\/blogg\/wp-json\/wp\/v2\/categories?post=16132"},{"taxonomy":"post_tag","embeddable":true,"href":"http:\/\/www.susannavaris.com\/blogg\/wp-json\/wp\/v2\/tags?post=16132"}],"curies":[{"name":"wp","href":"https:\/\/api.w.org\/{rel}","templated":true}]}}