{"id":16172,"date":"2016-07-06T17:38:56","date_gmt":"2016-07-06T15:38:56","guid":{"rendered":"http:\/\/www.susannavaris.com\/blogg\/?p=16172"},"modified":"2016-07-06T17:38:57","modified_gmt":"2016-07-06T15:38:57","slug":"kommande-utstallning-pa-galleri-t-2","status":"publish","type":"post","link":"http:\/\/www.susannavaris.com\/blogg\/2016\/07\/kommande-utstallning-pa-galleri-t-2\/","title":{"rendered":"Kommande utst\u00e4llning p\u00e5 Galleri T"},"content":{"rendered":"<p>Nu \u00e4r tiderna, evenemanget och utst\u00e4llningsaffischen klara f\u00f6r min \u00e5rliga tillst\u00e4llning p\u00e5 Galleri T. Dags med andra ord att b\u00f6rja spara ihop pengar till alla verk ni ska k\u00f6pa&#8230; ;)<\/p>\n<p style=\"text-align: center;\"><a href=\"http:\/\/www.susannavaris.com\/blogg\/2016\/07\/kommande-utstallning-pa-galleri-t-2\/sisi-exhibition-poster-2-jpg-50\/\" rel=\"attachment wp-att-16173\"><img loading=\"lazy\" decoding=\"async\" class=\"aligncenter size-full wp-image-16173\" src=\"http:\/\/www.susannavaris.com\/blogg\/wp-content\/uploads\/2016\/07\/Sisi-exhibition-poster-2-jpg-50.jpg\" alt=\"Sisi exhibition poster 2 jpg 50\" width=\"3445\" height=\"4922\" srcset=\"http:\/\/www.susannavaris.com\/blogg\/wp-content\/uploads\/2016\/07\/Sisi-exhibition-poster-2-jpg-50.jpg 3445w, http:\/\/www.susannavaris.com\/blogg\/wp-content\/uploads\/2016\/07\/Sisi-exhibition-poster-2-jpg-50-210x300.jpg 210w, http:\/\/www.susannavaris.com\/blogg\/wp-content\/uploads\/2016\/07\/Sisi-exhibition-poster-2-jpg-50-768x1097.jpg 768w, http:\/\/www.susannavaris.com\/blogg\/wp-content\/uploads\/2016\/07\/Sisi-exhibition-poster-2-jpg-50-717x1024.jpg 717w\" sizes=\"auto, (max-width: 3445px) 100vw, 3445px\" \/><\/a><em>Evenemanget p\u00e5 Facebook hittar ni h\u00e4r: <a href=\"https:\/\/www.facebook.com\/events\/517137171811511\/\">Evenemang <\/a><\/em><\/p>\n<p style=\"text-align: center;\">Varmt v\u00e4lkomna!<\/p>\n","protected":false},"excerpt":{"rendered":"<p>Nu \u00e4r tiderna, evenemanget och utst\u00e4llningsaffischen klara f\u00f6r min \u00e5rliga tillst\u00e4llning p\u00e5 Galleri T. Dags med andra ord att b\u00f6rja spara ihop pengar till alla verk ni ska k\u00f6pa&#8230; ;) Evenemanget p\u00e5 Facebook hittar ni h\u00e4r: Evenemang Varmt v\u00e4lkomna!<\/p>\n","protected":false},"author":1,"featured_media":0,"comment_status":"open","ping_status":"open","sticky":false,"template":"","format":"standard","meta":{"footnotes":""},"categories":[7,555,3,1162,415,2262,4],"tags":[418,4773,1147,1233,17,3274,4907,867,4924,4770,3720,525,25,4774,122],"class_list":["post-16172","post","type-post","status-publish","format-standard","hentry","category-egna-verk","category-events","category-konst","category-kultur","category-lowbrow","category-pop-surrealism","category-utstallning","tag-art","tag-empress-elisabeth-of-austria","tag-exhibition","tag-galleri-t","tag-konst-2","tag-lilycrow-art-of-susanna-varis","tag-lowbrow","tag-maleri","tag-pop-surrealism","tag-sisi","tag-sissi","tag-stockholm","tag-surrealism","tag-the-tale-of-the-empress","tag-utstallning-2"],"_links":{"self":[{"href":"http:\/\/www.susannavaris.com\/blogg\/wp-json\/wp\/v2\/posts\/16172","targetHints":{"allow":["GET"]}}],"collection":[{"href":"http:\/\/www.susannavaris.com\/blogg\/wp-json\/wp\/v2\/posts"}],"about":[{"href":"http:\/\/www.susannavaris.com\/blogg\/wp-json\/wp\/v2\/types\/post"}],"author":[{"embeddable":true,"href":"http:\/\/www.susannavaris.com\/blogg\/wp-json\/wp\/v2\/users\/1"}],"replies":[{"embeddable":true,"href":"http:\/\/www.susannavaris.com\/blogg\/wp-json\/wp\/v2\/comments?post=16172"}],"version-history":[{"count":2,"href":"http:\/\/www.susannavaris.com\/blogg\/wp-json\/wp\/v2\/posts\/16172\/revisions"}],"predecessor-version":[{"id":16175,"href":"http:\/\/www.susannavaris.com\/blogg\/wp-json\/wp\/v2\/posts\/16172\/revisions\/16175"}],"wp:attachment":[{"href":"http:\/\/www.susannavaris.com\/blogg\/wp-json\/wp\/v2\/media?parent=16172"}],"wp:term":[{"taxonomy":"category","embeddable":true,"href":"http:\/\/www.susannavaris.com\/blogg\/wp-json\/wp\/v2\/categories?post=16172"},{"taxonomy":"post_tag","embeddable":true,"href":"http:\/\/www.susannavaris.com\/blogg\/wp-json\/wp\/v2\/tags?post=16172"}],"curies":[{"name":"wp","href":"https:\/\/api.w.org\/{rel}","templated":true}]}}