{"id":1621,"date":"2011-08-09T12:24:39","date_gmt":"2011-08-09T10:24:39","guid":{"rendered":"http:\/\/www.susannavaris.com\/blogg\/?p=1621"},"modified":"2011-08-09T12:26:44","modified_gmt":"2011-08-09T10:26:44","slug":"long-time-no-blog","status":"publish","type":"post","link":"http:\/\/www.susannavaris.com\/blogg\/2011\/08\/long-time-no-blog\/","title":{"rendered":"Long time no blog"},"content":{"rendered":"<p>Det har varit semester och bloggfritt h\u00e4r i cirkus en veckas tid. Jag har tillbringat min tid i Finland med skogsarbete, grillning, bastubad, kv\u00e4llstorg, sl\u00e4ktingar och annat roligt. Min stuga har ingen el och s\u00e5 ska det f\u00f6rbli, om jag inte skaffar mig solpaneler och mobilen struntade jag i. En mycket teknik-befriad vecka s\u00e5ledes, om man bortser fr\u00e5n kamerorna och trimmern.<\/p>\n<p>S\u00e5 nu kommer n\u00e5gra inl\u00e4gg p\u00e5 tema finlandsresan.<\/p>\n<p>F\u00f6re resan blev det storhandel, priserna i Finland \u00e4r i h\u00f6gsta laget, och omsorg om balkongblommorna med intrikata sn\u00f6r + kl\u00e4dnype-arrangemang f\u00f6r att de t\u00f6rstiga krakarna skulle klara sig en vecka utan mina omsorger.<\/p>\n<p style=\"text-align: center;\"><a href=\"http:\/\/www.susannavaris.com\/blogg\/wp-content\/uploads\/2011\/08\/DSC_0419-60.jpg\"><img loading=\"lazy\" decoding=\"async\" class=\"aligncenter size-large wp-image-1622\" title=\"DSC_0419-60\" src=\"http:\/\/www.susannavaris.com\/blogg\/wp-content\/uploads\/2011\/08\/DSC_0419-60-1024x650.jpg\" alt=\"\" width=\"640\" height=\"406\" srcset=\"http:\/\/www.susannavaris.com\/blogg\/wp-content\/uploads\/2011\/08\/DSC_0419-60-1024x650.jpg 1024w, http:\/\/www.susannavaris.com\/blogg\/wp-content\/uploads\/2011\/08\/DSC_0419-60-300x190.jpg 300w\" sizes=\"auto, (max-width: 640px) 100vw, 640px\" \/><\/a><em>Sj\u00e4lvservice f\u00f6r balkongblommor<\/em><\/p>\n<p style=\"text-align: center;\">Vi \u00e5kte p\u00e5 min f\u00f6delsedag och firandet f\u00e5r bli vid n\u00e5got l\u00e4mpligare tillf\u00e4lle.<\/p>\n<p style=\"text-align: center;\"><a href=\"http:\/\/www.susannavaris.com\/blogg\/wp-content\/uploads\/2011\/08\/2011augusti-0011.jpg\"><img loading=\"lazy\" decoding=\"async\" class=\"aligncenter size-large wp-image-1624\" title=\"2011augusti 001\" src=\"http:\/\/www.susannavaris.com\/blogg\/wp-content\/uploads\/2011\/08\/2011augusti-0011-768x1024.jpg\" alt=\"\" width=\"640\" height=\"853\" srcset=\"http:\/\/www.susannavaris.com\/blogg\/wp-content\/uploads\/2011\/08\/2011augusti-0011-768x1024.jpg 768w, http:\/\/www.susannavaris.com\/blogg\/wp-content\/uploads\/2011\/08\/2011augusti-0011-225x300.jpg 225w\" sizes=\"auto, (max-width: 640px) 100vw, 640px\" \/><\/a><em>I bilk\u00f6n in till f\u00e4rjan. Vi v\u00e4ntar p\u00e5 Uffe som \u00e4r hemma f\u00f6r att h\u00e4mta ytterligare saker och roar oss med f\u00e5niga bloggfoton. Mor och jag.<\/em><\/p>\n<p style=\"text-align: center;\"><a href=\"http:\/\/www.susannavaris.com\/blogg\/wp-content\/uploads\/2011\/08\/DSC_0420-60.jpg\"><img loading=\"lazy\" decoding=\"async\" class=\"aligncenter size-large wp-image-1625\" title=\"DSC_0420-60\" src=\"http:\/\/www.susannavaris.com\/blogg\/wp-content\/uploads\/2011\/08\/DSC_0420-60-1024x682.jpg\" alt=\"\" width=\"640\" height=\"426\" srcset=\"http:\/\/www.susannavaris.com\/blogg\/wp-content\/uploads\/2011\/08\/DSC_0420-60-1024x682.jpg 1024w, http:\/\/www.susannavaris.com\/blogg\/wp-content\/uploads\/2011\/08\/DSC_0420-60-300x199.jpg 300w\" sizes=\"auto, (max-width: 640px) 100vw, 640px\" \/><\/a><em>Motorcyklister och pittoreska fiskargubbar p\u00e5 kajen.<\/em><\/p>\n<p style=\"text-align: center;\"><a href=\"http:\/\/www.susannavaris.com\/blogg\/wp-content\/uploads\/2011\/08\/DSC_0421-60.jpg\"><img loading=\"lazy\" decoding=\"async\" class=\"aligncenter size-large wp-image-1626\" title=\"DSC_0421-60\" src=\"http:\/\/www.susannavaris.com\/blogg\/wp-content\/uploads\/2011\/08\/DSC_0421-60-1024x682.jpg\" alt=\"\" width=\"640\" height=\"426\" srcset=\"http:\/\/www.susannavaris.com\/blogg\/wp-content\/uploads\/2011\/08\/DSC_0421-60-1024x682.jpg 1024w, http:\/\/www.susannavaris.com\/blogg\/wp-content\/uploads\/2011\/08\/DSC_0421-60-300x199.jpg 300w\" sizes=\"auto, (max-width: 640px) 100vw, 640px\" \/><\/a><em>Vy mot Gr\u00f6na Lund. Jag \u00e4r i den \u00e5ldern d\u00e4r enbart besk\u00e5dande av vissa av maskinerna som ungarna \u00e5ker i f\u00e5r mig att bli l\u00e4tt gr\u00f6n i ansiktet. Min gr\u00e4ns g\u00e5r numera vid nyckelpigorna&#8230;<\/em><\/p>\n<p style=\"text-align: center;\"><a href=\"http:\/\/www.susannavaris.com\/blogg\/wp-content\/uploads\/2011\/08\/DSC_0422-60.jpg\"><img loading=\"lazy\" decoding=\"async\" class=\"aligncenter size-large wp-image-1627\" title=\"DSC_0422-60\" src=\"http:\/\/www.susannavaris.com\/blogg\/wp-content\/uploads\/2011\/08\/DSC_0422-60-1024x682.jpg\" alt=\"\" width=\"640\" height=\"426\" srcset=\"http:\/\/www.susannavaris.com\/blogg\/wp-content\/uploads\/2011\/08\/DSC_0422-60-1024x682.jpg 1024w, http:\/\/www.susannavaris.com\/blogg\/wp-content\/uploads\/2011\/08\/DSC_0422-60-300x199.jpg 300w\" sizes=\"auto, (max-width: 640px) 100vw, 640px\" \/><\/a><em>Vy mot city och Kastellholmen<\/em><\/p>\n<p style=\"text-align: center;\"><a href=\"http:\/\/www.susannavaris.com\/blogg\/wp-content\/uploads\/2011\/08\/DSC_0423-60.jpg\"><img loading=\"lazy\" decoding=\"async\" class=\"aligncenter size-large wp-image-1628\" title=\"DSC_0423-60\" src=\"http:\/\/www.susannavaris.com\/blogg\/wp-content\/uploads\/2011\/08\/DSC_0423-60-1024x682.jpg\" alt=\"\" width=\"640\" height=\"426\" srcset=\"http:\/\/www.susannavaris.com\/blogg\/wp-content\/uploads\/2011\/08\/DSC_0423-60-1024x682.jpg 1024w, http:\/\/www.susannavaris.com\/blogg\/wp-content\/uploads\/2011\/08\/DSC_0423-60-300x199.jpg 300w\" sizes=\"auto, (max-width: 640px) 100vw, 640px\" \/><\/a><em>I cafeterian. \u00c4ntligen. P\u00e5 kajen r\u00e5dde stekande sol&#8230;<\/em><\/p>\n<p style=\"text-align: center;\"><a href=\"http:\/\/www.susannavaris.com\/blogg\/wp-content\/uploads\/2011\/08\/DSC_0424-60.jpg\"><img loading=\"lazy\" decoding=\"async\" class=\"aligncenter size-large wp-image-1629\" title=\"DSC_0424-60\" src=\"http:\/\/www.susannavaris.com\/blogg\/wp-content\/uploads\/2011\/08\/DSC_0424-60-1024x682.jpg\" alt=\"\" width=\"640\" height=\"426\" srcset=\"http:\/\/www.susannavaris.com\/blogg\/wp-content\/uploads\/2011\/08\/DSC_0424-60-1024x682.jpg 1024w, http:\/\/www.susannavaris.com\/blogg\/wp-content\/uploads\/2011\/08\/DSC_0424-60-300x199.jpg 300w\" sizes=\"auto, (max-width: 640px) 100vw, 640px\" \/><\/a><em>Bild\u00e4ck. Varmt som i&#8230;<\/em><\/p>\n<p style=\"text-align: center;\"><a href=\"http:\/\/www.susannavaris.com\/blogg\/wp-content\/uploads\/2011\/08\/2011augusti-011b.jpg\"><img loading=\"lazy\" decoding=\"async\" class=\"aligncenter size-large wp-image-1630\" title=\"2011augusti 011b\" src=\"http:\/\/www.susannavaris.com\/blogg\/wp-content\/uploads\/2011\/08\/2011augusti-011b-768x1024.jpg\" alt=\"\" width=\"640\" height=\"853\" srcset=\"http:\/\/www.susannavaris.com\/blogg\/wp-content\/uploads\/2011\/08\/2011augusti-011b-768x1024.jpg 768w, http:\/\/www.susannavaris.com\/blogg\/wp-content\/uploads\/2011\/08\/2011augusti-011b-225x300.jpg 225w\" sizes=\"auto, (max-width: 640px) 100vw, 640px\" \/><\/a><em>\u00c4ntligen ute p\u00e5 stugan!<\/em><\/p>\n<p style=\"text-align: center;\"><a href=\"http:\/\/www.susannavaris.com\/blogg\/wp-content\/uploads\/2011\/08\/DSC_0429-60.jpg\"><img loading=\"lazy\" decoding=\"async\" class=\"aligncenter size-large wp-image-1632\" title=\"DSC_0429-60\" src=\"http:\/\/www.susannavaris.com\/blogg\/wp-content\/uploads\/2011\/08\/DSC_0429-60-682x1024.jpg\" alt=\"\" width=\"640\" height=\"960\" srcset=\"http:\/\/www.susannavaris.com\/blogg\/wp-content\/uploads\/2011\/08\/DSC_0429-60-682x1024.jpg 682w, http:\/\/www.susannavaris.com\/blogg\/wp-content\/uploads\/2011\/08\/DSC_0429-60-199x300.jpg 199w, http:\/\/www.susannavaris.com\/blogg\/wp-content\/uploads\/2011\/08\/DSC_0429-60.jpg 1843w\" sizes=\"auto, (max-width: 640px) 100vw, 640px\" \/><\/a><em>Vitt pulver \u00e4r v\u00e5rt utvalda vapen i kriget mot myrorna. P\u00e5 insidan sm\u00e5 dosor d\u00e4r krypen ska g\u00e5 in och f\u00f6ra med sig giftet till drottningen. Grymt, men min stuga \u00e4r ingen myrstack de luxe, mina sm\u00e5 v\u00e4nner. Uffematic 9000 blandar till betong f\u00f6r mina rabarberl\u00f6vsplattor.<\/em><\/p>\n<p style=\"text-align: center;\"><a href=\"http:\/\/www.susannavaris.com\/blogg\/wp-content\/uploads\/2011\/08\/DSC_0431-60.jpg\"><img loading=\"lazy\" decoding=\"async\" class=\"aligncenter size-large wp-image-1633\" title=\"DSC_0431-60\" src=\"http:\/\/www.susannavaris.com\/blogg\/wp-content\/uploads\/2011\/08\/DSC_0431-60-682x1024.jpg\" alt=\"\" width=\"640\" height=\"960\" srcset=\"http:\/\/www.susannavaris.com\/blogg\/wp-content\/uploads\/2011\/08\/DSC_0431-60-682x1024.jpg 682w, http:\/\/www.susannavaris.com\/blogg\/wp-content\/uploads\/2011\/08\/DSC_0431-60-199x300.jpg 199w, http:\/\/www.susannavaris.com\/blogg\/wp-content\/uploads\/2011\/08\/DSC_0431-60.jpg 1843w\" sizes=\"auto, (max-width: 640px) 100vw, 640px\" \/><\/a><em>Min samuraj-skogshuggare p\u00e5 v\u00e4g att ta itu med djungeln d\u00e4r ute&#8230;<\/em><\/p>\n<p style=\"text-align: center;\"><a href=\"http:\/\/www.susannavaris.com\/blogg\/wp-content\/uploads\/2011\/08\/DSC_0449-60.jpg\"><img loading=\"lazy\" decoding=\"async\" class=\"aligncenter size-large wp-image-1634\" title=\"DSC_0449-60\" src=\"http:\/\/www.susannavaris.com\/blogg\/wp-content\/uploads\/2011\/08\/DSC_0449-60-1024x682.jpg\" alt=\"\" width=\"640\" height=\"426\" srcset=\"http:\/\/www.susannavaris.com\/blogg\/wp-content\/uploads\/2011\/08\/DSC_0449-60-1024x682.jpg 1024w, http:\/\/www.susannavaris.com\/blogg\/wp-content\/uploads\/2011\/08\/DSC_0449-60-300x199.jpg 300w\" sizes=\"auto, (max-width: 640px) 100vw, 640px\" \/><\/a><em>H\u00e4r \u00e4r min nya b\u00e4bis; Husqvarna 336 FR. (Inhandlad p\u00e5 Kone Ruuskanen Oy i Salo, Finland, som i \u00e5r fyller 30 \u00e5r.)<\/em><\/p>\n<p style=\"text-align: center;\"><a href=\"http:\/\/www.kone-ruuskanen.fi\/etusivu\/\">http:\/\/www.kone-ruuskanen.fi\/etusivu\/<\/a><\/p>\n<p style=\"text-align: center;\">\u00c4ntligen, \u00e4ntligen slipper man hugga in sig med machete in till stugan. Uffe gjorde ett str\u00e5lande jobb och slet som ett djur med \u00e4lggr\u00e4set. Turligt nog har vi bastu och det l\u00e4ker, som bekant, allt.<\/p>\n<p style=\"text-align: center;\"><a href=\"http:\/\/www.susannavaris.com\/blogg\/wp-content\/uploads\/2011\/08\/DSC_0438-60.jpg\"><img loading=\"lazy\" decoding=\"async\" class=\"aligncenter size-large wp-image-1636\" title=\"DSC_0438-60\" src=\"http:\/\/www.susannavaris.com\/blogg\/wp-content\/uploads\/2011\/08\/DSC_0438-60-682x1024.jpg\" alt=\"\" width=\"640\" height=\"960\" srcset=\"http:\/\/www.susannavaris.com\/blogg\/wp-content\/uploads\/2011\/08\/DSC_0438-60-682x1024.jpg 682w, http:\/\/www.susannavaris.com\/blogg\/wp-content\/uploads\/2011\/08\/DSC_0438-60-199x300.jpg 199w, http:\/\/www.susannavaris.com\/blogg\/wp-content\/uploads\/2011\/08\/DSC_0438-60.jpg 1843w\" sizes=\"auto, (max-width: 640px) 100vw, 640px\" \/><\/a><em>Uffe p\u00e5 societetshuset. Vi ska \u00e4ta lunch med mor och moster och sedan g\u00f6ra stan samt kv\u00e4llstorget i Salo.<\/em><\/p>\n<p style=\"text-align: center;\">Jag har inte alla bilderna \u00e4n, s\u00e5 forts\u00e4ttning f\u00f6ljer&#8230;<\/p>\n<p style=\"text-align: center;\">\n","protected":false},"excerpt":{"rendered":"<p>Det har varit semester och bloggfritt h\u00e4r i cirkus en veckas tid. Jag har tillbringat min tid i Finland med skogsarbete, grillning, bastubad, kv\u00e4llstorg, sl\u00e4ktingar och annat roligt. Min stuga har ingen el och s\u00e5 ska det f\u00f6rbli, om jag &hellip; <a href=\"http:\/\/www.susannavaris.com\/blogg\/2011\/08\/long-time-no-blog\/\">Forts\u00e4tt l\u00e4sa <span class=\"meta-nav\">&rarr;<\/span><\/a><\/p>\n","protected":false},"author":1,"featured_media":1630,"comment_status":"open","ping_status":"open","sticky":false,"template":"","format":"standard","meta":{"footnotes":""},"categories":[1],"tags":[214,4896,501,498,497,499,500,496,495],"class_list":["post-1621","post","type-post","status-publish","format-standard","has-post-thumbnail","hentry","category-okategoriserade","tag-balkong","tag-finland","tag-husqvarna","tag-kone-ruuskanen","tag-rojsag","tag-salo","tag-societetshuset-salo","tag-trimmer","tag-viking-line"],"_links":{"self":[{"href":"http:\/\/www.susannavaris.com\/blogg\/wp-json\/wp\/v2\/posts\/1621","targetHints":{"allow":["GET"]}}],"collection":[{"href":"http:\/\/www.susannavaris.com\/blogg\/wp-json\/wp\/v2\/posts"}],"about":[{"href":"http:\/\/www.susannavaris.com\/blogg\/wp-json\/wp\/v2\/types\/post"}],"author":[{"embeddable":true,"href":"http:\/\/www.susannavaris.com\/blogg\/wp-json\/wp\/v2\/users\/1"}],"replies":[{"embeddable":true,"href":"http:\/\/www.susannavaris.com\/blogg\/wp-json\/wp\/v2\/comments?post=1621"}],"version-history":[{"count":4,"href":"http:\/\/www.susannavaris.com\/blogg\/wp-json\/wp\/v2\/posts\/1621\/revisions"}],"predecessor-version":[{"id":1639,"href":"http:\/\/www.susannavaris.com\/blogg\/wp-json\/wp\/v2\/posts\/1621\/revisions\/1639"}],"wp:featuredmedia":[{"embeddable":true,"href":"http:\/\/www.susannavaris.com\/blogg\/wp-json\/wp\/v2\/media\/1630"}],"wp:attachment":[{"href":"http:\/\/www.susannavaris.com\/blogg\/wp-json\/wp\/v2\/media?parent=1621"}],"wp:term":[{"taxonomy":"category","embeddable":true,"href":"http:\/\/www.susannavaris.com\/blogg\/wp-json\/wp\/v2\/categories?post=1621"},{"taxonomy":"post_tag","embeddable":true,"href":"http:\/\/www.susannavaris.com\/blogg\/wp-json\/wp\/v2\/tags?post=1621"}],"curies":[{"name":"wp","href":"https:\/\/api.w.org\/{rel}","templated":true}]}}