{"id":16231,"date":"2016-07-30T16:19:07","date_gmt":"2016-07-30T14:19:07","guid":{"rendered":"http:\/\/www.susannavaris.com\/blogg\/?p=16231"},"modified":"2016-07-30T16:19:26","modified_gmt":"2016-07-30T14:19:26","slug":"liten-film-om-min-kommande-utstallning","status":"publish","type":"post","link":"http:\/\/www.susannavaris.com\/blogg\/2016\/07\/liten-film-om-min-kommande-utstallning\/","title":{"rendered":"Liten film om min kommande utst\u00e4llning"},"content":{"rendered":"<p>En liten film med f\u00f6rsmak av min kommande utst\u00e4llning finns nu p\u00e5 Youtube:<\/p>\n<p><iframe loading=\"lazy\" title=\"The Tale of the Empress exhibition preview by Susanna Varis\" width=\"640\" height=\"360\" src=\"https:\/\/www.youtube.com\/embed\/kmwuqNL7tlE?feature=oembed\" frameborder=\"0\" allow=\"accelerometer; autoplay; clipboard-write; encrypted-media; gyroscope; picture-in-picture; web-share\" referrerpolicy=\"strict-origin-when-cross-origin\" allowfullscreen><\/iframe><\/p>\n<p>Vernissage 20. augusti 2016, kl 14-19<\/p>\n<p>Galleri T, \u00d6sterl\u00e5nggatan 3, Stockholm<\/p>\n","protected":false},"excerpt":{"rendered":"<p>En liten film med f\u00f6rsmak av min kommande utst\u00e4llning finns nu p\u00e5 Youtube: Vernissage 20. augusti 2016, kl 14-19 Galleri T, \u00d6sterl\u00e5nggatan 3, Stockholm<\/p>\n","protected":false},"author":1,"featured_media":0,"comment_status":"open","ping_status":"open","sticky":false,"template":"","format":"standard","meta":{"footnotes":""},"categories":[7,555,1293,361,674,3,1162,415,994,2262,1611,4],"tags":[5239,5381,418,416,3812,4773,1147,2413,1233,95,4096,5063,17,3274,5380,4770,3720,525,4774,122,476,2454],"class_list":["post-16231","post","type-post","status-publish","format-standard","hentry","category-egna-verk","category-events","category-galleri-t-2","category-goth","category-historia","category-konst","category-kultur","category-lowbrow","category-musik","category-pop-surrealism","category-skrackkonst","category-utstallning","tag-1800-tal","tag-adel","tag-art","tag-digital-art","tag-digital-assemblage","tag-empress-elisabeth-of-austria","tag-exhibition","tag-film-2","tag-galleri-t","tag-gamla-stan","tag-habsburg","tag-klipp","tag-konst-2","tag-lilycrow-art-of-susanna-varis","tag-osterlanggatan","tag-sisi","tag-sissi","tag-stockholm","tag-the-tale-of-the-empress","tag-utstallning-2","tag-vernissage","tag-youtube"],"_links":{"self":[{"href":"http:\/\/www.susannavaris.com\/blogg\/wp-json\/wp\/v2\/posts\/16231","targetHints":{"allow":["GET"]}}],"collection":[{"href":"http:\/\/www.susannavaris.com\/blogg\/wp-json\/wp\/v2\/posts"}],"about":[{"href":"http:\/\/www.susannavaris.com\/blogg\/wp-json\/wp\/v2\/types\/post"}],"author":[{"embeddable":true,"href":"http:\/\/www.susannavaris.com\/blogg\/wp-json\/wp\/v2\/users\/1"}],"replies":[{"embeddable":true,"href":"http:\/\/www.susannavaris.com\/blogg\/wp-json\/wp\/v2\/comments?post=16231"}],"version-history":[{"count":1,"href":"http:\/\/www.susannavaris.com\/blogg\/wp-json\/wp\/v2\/posts\/16231\/revisions"}],"predecessor-version":[{"id":16232,"href":"http:\/\/www.susannavaris.com\/blogg\/wp-json\/wp\/v2\/posts\/16231\/revisions\/16232"}],"wp:attachment":[{"href":"http:\/\/www.susannavaris.com\/blogg\/wp-json\/wp\/v2\/media?parent=16231"}],"wp:term":[{"taxonomy":"category","embeddable":true,"href":"http:\/\/www.susannavaris.com\/blogg\/wp-json\/wp\/v2\/categories?post=16231"},{"taxonomy":"post_tag","embeddable":true,"href":"http:\/\/www.susannavaris.com\/blogg\/wp-json\/wp\/v2\/tags?post=16231"}],"curies":[{"name":"wp","href":"https:\/\/api.w.org\/{rel}","templated":true}]}}