{"id":16233,"date":"2016-07-30T18:13:53","date_gmt":"2016-07-30T16:13:53","guid":{"rendered":"http:\/\/www.susannavaris.com\/blogg\/?p=16233"},"modified":"2016-07-30T18:15:45","modified_gmt":"2016-07-30T16:15:45","slug":"gastinlagg-oravsky-man-ska-leva-for-varandra","status":"publish","type":"post","link":"http:\/\/www.susannavaris.com\/blogg\/2016\/07\/gastinlagg-oravsky-man-ska-leva-for-varandra\/","title":{"rendered":"G\u00e4stinl\u00e4gg: Oravsky &#8211; Man ska leva f\u00f6r varandra"},"content":{"rendered":"<p><strong>Man ska leva f\u00f6r varandra\u2026<\/strong><\/p>\n<p>&nbsp;<\/p>\n<p>Samtliga f\u00f6ruts\u00e4ttningar var gynnsamma, jag skulle inte kunna misslyckas med min kupp.<\/p>\n<p>F\u00f6r det f\u00f6rsta: Det var sommar, dagarna var sl\u00f6a och tidningarna och tv t\u00f6rstade efter n\u00e5got att skriva om, g\u00e4rna en r\u00f6tm\u00e5nadshistoria, en h\u00e4ndelse som skulle s\u00e4tta fart p\u00e5 tungan, det sista organet som ger upp n\u00e4r alla andra redan gjort det.<\/p>\n<p>F\u00f6r det andra: Min avsikt. Jag var beslutsam att g\u00f6ra gott. F\u00f6r min v\u00e4n och f\u00f6r m\u00e4nskligheten. Jag skall \u00e5terkomma till det skall du se.<\/p>\n<p>F\u00f6r det tredje: Min bakgrund. Jag \u00e4r invandrare. Och det var de yttre omst\u00e4ndigheterna som tvingade mig att l\u00e4mna mitt land.<\/p>\n<p>Som sagt: Samtliga f\u00f6ruts\u00e4ttningar var gynnsamma, jag skulle inte kunna misslyckas med min kupp.<\/p>\n<p>Just nu befinner jag mig p\u00e5 Tropicarium i Kolm\u00e5rdens djurpark och v\u00e4ntar p\u00e5 att min v\u00e4n ska komma och h\u00e4mta mig. Att han kommer att g\u00f6ra det \u00e4r jag s\u00e4ker p\u00e5. Eftersom jag inte har ens en mikroskopisk anledning att tvivla p\u00e5 det.<\/p>\n<p>&nbsp;<\/p>\n<p>Hur vi m\u00f6ttes?<\/p>\n<p>Det var inte f\u00f6rutbest\u00e4mt och ej heller var det helt odramatiskt.<\/p>\n<p>Den skog som jag bodde i h\u00f6ll p\u00e5 att sk\u00f6vlas. Inte bara min livsmilj\u00f6 h\u00f6ll p\u00e5 att j\u00e4mnas med marken, utan \u00e4ven hela min sl\u00e4kt h\u00f6ll p\u00e5 att utpl\u00e5nas.<\/p>\n<p>Det fanns ett tjugotal aktivister fr\u00e5n hela v\u00e4rlden som dokumenterade denna utrotning av ursprungligt liv, och de gjorde det med sina egna liv som insats.<\/p>\n<p>En av dem var Vladimir, som n\u00e4r han inte f\u00f6rfattade, reste v\u00e4rlden runt som valobservat\u00f6r och allt liknande annat, i syftet och f\u00f6rhoppningen att f\u00f6rhindra v\u00e4rlden att skena mot sin underg\u00e5ng.<\/p>\n<p>Jag kr\u00f6p in i Vladimirs bagage och tio dagar senare gav jag mig tillk\u00e4nna, trygg i hans l\u00e4genhet.<\/p>\n<p>Han fattade med det samma varf\u00f6r jag gjorde som jag gjorde och han l\u00e4t mig leva p\u00e5 mina egna villkor. Jag var inte hans f\u00e5nge, jag serverades inte mat, han vet v\u00e4l att ingen varelse dag efter dag vill k\u00e4nna en tacksamhet f\u00f6r en bit mat skull.<\/p>\n<p>Som sagt, Vladimir var, eller snarare \u00e4r, f\u00f6rfattare. Inte av den klass som Orhan Pamuk, men tvekl\u00f6st i j\u00e4mnh\u00f6jd med Leif G.W. Persson. \u00c4ven om Vladimirs och Leif G.Ws b\u00f6cker s\u00e5lde n\u00e4stan lika bra utanf\u00f6r Sveriges gr\u00e4nser, s\u00e5 var f\u00f6rh\u00e5llandet mellan dessa tv\u00e5 p\u00e5 den svenska bokmarknaden, som j\u00e4mf\u00f6relse mellan mig och en harlekinspindel, som aldrig kan bli mer \u00e4n 6 millimeter stor eller snarare liten. Jag \u00e4r ocks\u00e5 en spindel, en ganska s\u00e5 stor s\u00e5dan, om \u00e4n inte helt lika stor som en j\u00e4ttekrabbspindel med en benspann p\u00e5 trehundra millimeter.<\/p>\n<p>Leif G.W. \u00e4r en k\u00e4ndis, n\u00e5got som bidrar till f\u00f6rs\u00e4ljningen av hans b\u00f6cker i Sverige, det \u00e4r s\u00e5ledes inte hans f\u00f6rfattarskap som sk\u00e4nkte honom hans k\u00e4ndisskap. Skrivandets kvalit\u00e9 intresserar n\u00e4mligen ingen, f\u00f6rutom m\u00f6jligen Horace Oscar Axel Engdahl och Sara Maria Danius.<\/p>\n<p>&nbsp;<\/p>\n<p>Det h\u00e4vdas att det enbart i Stockholm finns \u00f6ver fyra miljoner os\u00e5lda b\u00f6cker. Det trycks s\u00e5ledes ett \u00f6verfl\u00f6d av boktitlar. Det \u00e4r bra, kan du argumentera, eftersom det \u00e4r ett utslag av demokrati. Det \u00e4r m\u00f6jligt att det \u00e4r s\u00e5. Men det \u00e4r ocks\u00e5 m\u00f6jligt att det avspeglar en intellektuell f\u00f6rslappning \u2026<\/p>\n<p>P\u00e5 varje litter\u00e4r Mozart g\u00e5r det tolv g\u00e5nger tolv g\u00e5nger tolv dussin Salieris. P\u00e5 varje Shakespeare g\u00e5r det sexhundrasextiosex g\u00e5nger sexhundrasextiosex g\u00e5nger sexhundrasextiosex Kakor Hermanssons.<\/p>\n<p>Jackie Arkl\u00f6v, d\u00f6md och \u00f6k\u00e4nd f\u00f6r folkr\u00e4ttsbrott och kallsinnigt mord p\u00e5 en polisman, hade vernissage p\u00e5 sina tavlor i hembygden Storuman i V\u00e4sterbottens l\u00e4n. Hans Edlund, ordf\u00f6randen i Ankarsunds intressef\u00f6rening som anordnade detta omistliga kulturevenemang, vittnade om att han inte s\u00e5g Arkl\u00f6vs utst\u00e4llningstavlor innan han tackade \u201dja\u201d till dem. Varf\u00f6r skulle han? Namnet Arkl\u00f6v var visserligen inte direkt garant f\u00f6r tavlornas kvalit\u00e9, men en f\u00f6rmodat och dessv\u00e4rre \u00e4ven p\u00e5taglig garant f\u00f6r att evenemanget vida uppm\u00e4rksammades. Och \u00e4r inte det, til syvende og sidst, varje arrang\u00f6rs och kulturproducents v\u00e5ta dr\u00f6m?<\/p>\n<p>\u201dDet va ett j\u00e4vla tjat om Malexander. Palla n\u00e4r snuten tycker synd om sig sj\u00e4lv.\u201d, twittrade den uppburna \u00e5siktsmaskinen Kakan Hermansson.<\/p>\n<p>F\u00f6r dig som inte minns, kan jag p\u00e5minna att morden i Malexander begicks i maj 1999. D\u00e5 Jackie Arkl\u00f6v och hans tv\u00e5 kumpaner, som kort dessf\u00f6rinnan r\u00e5nat \u00d6stg\u00f6ta Enskilda Bank i Kisa p\u00e5 2,6 miljoner kronor, sk\u00f6t polism\u00e4nnen Olle Bor\u00e9n (42) och Robert Karlstr\u00f6m (30) med var sitt nackskott.<\/p>\n<p>Det hj\u00e4lper ett konstn\u00e4rskap och ett f\u00f6rfattarskap om det \u00e4r st\u00e4nkt med publik uppm\u00e4rksamhet, och det \u00e4r det jag ville sk\u00e4nka min v\u00e4n Vladimir med min vida uppm\u00e4rksammade och v\u00e4l genomt\u00e4nkta kupp.<\/p>\n<p>Jag t\u00e4nkte att om jag s\u00e4tter mig p\u00e5 en frukth\u00f6g i J\u00f6nk\u00f6pings st\u00f6rsta matvaruhus, d\u00e5 kommer det att v\u00e5lla uppm\u00e4rksamhet som r\u00e4cker l\u00e5ngt.<\/p>\n<p>Att jag valde frukten att sitta p\u00e5 och inv\u00e4nta mitt stora publika genombrott, var ocks\u00e5 v\u00e4l genomt\u00e4nkt. Skulle jag s\u00e4tta mig p\u00e5 en bit falukorv, d\u00e5 skulle jag f\u00f6r det f\u00f6rsta frysa ganska s\u00e5 mycket och f\u00f6r det andra skulle inte n\u00e5gon n\u00e5gonsin grubbla huruvida jag ankom dit i ett lass fr\u00e5n en korvtillverkare. Det g\u00e4ller att ge n\u00e4ring till s\u00e5 m\u00e5nga och s\u00e5 skilda spekulationer som m\u00f6jligt\u2026<\/p>\n<p>&nbsp;<\/p>\n<p>Sagda dag kr\u00f6p jag in i Vladimirs svarta ryggs\u00e4ck som han alltid sl\u00e4par med sig liksom en k\u00e4nguru sin pung. Jag g\u00f6mde mig i det yttersta facket, det som inte har n\u00e5gon dragkedja. V\u00e4l framme i stormarknaden vid fruktdisken, kr\u00f6p jag ut och hoppade ner.<\/p>\n<p>Ingen m\u00e4rkte n\u00e5got, inte ens Vladimir, som vanligtvis brukar ha skarpseende f\u00f6rfattar\u00f6gon \u00e4ven p\u00e5 nacken.<\/p>\n<p>F\u00f6rst skrev alla lokala tidningar om mig, n\u00e5gra timmar och dagar senare, \u00e4ven redaktioner utanf\u00f6r J\u00f6nk\u00f6pingstrakten. Till och med riksteven tyckte att detta var en nyhet som varje v\u00e4linformerad m\u00e4nniska borde vara bekant med.<\/p>\n<p>Precis som jag f\u00f6rutsp\u00e5dde och hoppades p\u00e5.<\/p>\n<p>Chefen f\u00f6r butiken som jag valde framtr\u00e4da hos, sade att \u201dn\u00e5gon hade dumpat\u201d mig d\u00e4r. Fel buddy, h\u00e4r hade du fel. Jag blev inte dumpad, jag har m\u00e5lmedvetet placerat mig p\u00e5 det st\u00e4llet d\u00e4r du l\u00e4tt, utan st\u00f6rre anstr\u00e4ngning och under kamerabevakning kunde plocka upp mig och varsamt l\u00e4gga i en rymlig genomskinlig f\u00f6rvaringsl\u00e5da som din butik hade en trettioprocentig rabatt p\u00e5.<\/p>\n<p>&nbsp;<\/p>\n<p>Just nu befinner jag mig p\u00e5 Tropicarium i Kolm\u00e5rdens djurpark och v\u00e4ntar att min v\u00e4n Vladimir kommer att h\u00e4mta mig.<\/p>\n<p>Det \u00e4r otvivelaktigt att han kommer att \u00e5tf\u00f6ljas av ett f\u00f6lje av ber\u00e4ttelsehungriga journalister och fotografer och det kommer pl\u00e5tas bilder med rubriker som Vladimir och hans trogna spindel, spindel och hans Vladimir, Vladimir med spindel, spindel bredvid Vladimir et cetera. Till och med den h\u00e4r ber\u00e4ttelsen kommer att tryckas i olika tidningar, trots att det \u00e4r ytterst s\u00e4llan som spindlarna bereds tidningsutrymme.<\/p>\n<p>Det \u00e4r inte ot\u00e4nkbart att jag inte bara blir fotad utan \u00e4ven intervjuad. S\u00e5nt r\u00e4ds jag inte f\u00f6r, d\u00e5 jag redan vet vilka fr\u00e5gor jag f\u00e5r: Ett, hur jag trivs i Sverige? Tv\u00e5, om jag inte \u00e4r r\u00e4dd att nu n\u00e4r min identitet \u00e4r k\u00e4nd att jag inte kommer att beviljas permanent uppeh\u00e5llstillst\u00e5nd. Och s\u00e5 tre, den mest obligatoriska fr\u00e5gan av den alla, hur k\u00e4ndes det att se sitt hem j\u00e4mnas med marken och se sina sl\u00e4ktingar brinna upp i l\u00e5gor?<\/p>\n<p>&nbsp;<\/p>\n<p>Vladimir f\u00e5r \u00e4ntligen fr\u00e5gor om sitt f\u00f6rfattarskap, men troligen och dessv\u00e4rre kommer han \u00e5terigen avsiktligt skjuta p\u00e5 tillf\u00e4llet att f\u00e5 prata om sina b\u00f6cker och i st\u00e4llet kommer han koncentrera sig p\u00e5 att prata om det f\u00f6rf\u00e4rliga \u00f6det som tvingade mig till Sverige. S\u00e5n \u00e4r han bara. Och n\u00e4r allt kommer omkring, \u00e4r det allt annat \u00e4n fy skam, eftersom, som det sjungs i s\u00e5ngen, \u201d\u2026 f\u00f6r en g\u00e5ng finns bara minnen kvar\u201d.<\/p>\n<p>&nbsp;<\/p>\n<p>\u00a9 <a href=\"http:\/\/www.bokus.com\/cgi-bin\/product_search.cgi?authors=Vladimir%20Oravsky&amp;gclid=CIr22bSz1c0CFSLicgodDmcJcQ\">vladimir oravsky<\/a><\/p>\n","protected":false},"excerpt":{"rendered":"<p>Man ska leva f\u00f6r varandra\u2026 &nbsp; Samtliga f\u00f6ruts\u00e4ttningar var gynnsamma, jag skulle inte kunna misslyckas med min kupp. F\u00f6r det f\u00f6rsta: Det var sommar, dagarna var sl\u00f6a och tidningarna och tv t\u00f6rstade efter n\u00e5got att skriva om, g\u00e4rna en r\u00f6tm\u00e5nadshistoria, &hellip; <a href=\"http:\/\/www.susannavaris.com\/blogg\/2016\/07\/gastinlagg-oravsky-man-ska-leva-for-varandra\/\">Forts\u00e4tt l\u00e4sa <span class=\"meta-nav\">&rarr;<\/span><\/a><\/p>\n","protected":false},"author":1,"featured_media":0,"comment_status":"open","ping_status":"open","sticky":false,"template":"","format":"standard","meta":{"footnotes":""},"categories":[1364,181,3280,4808,1162,589],"tags":[1286,5385,2636,759,5384,5382,5383,4909,287,3279],"class_list":["post-16233","post","type-post","status-publish","format-standard","hentry","category-bocker","category-feminism","category-gastinlagg","category-humor","category-kultur","category-medier","tag-forfattare","tag-jackie-arklov","tag-kakan-hermansson","tag-leif-g-w-persson","tag-malexander","tag-man-ska-leva-for-varandra","tag-marknadsforing","tag-medier","tag-reklam","tag-vladimir-oravsky"],"_links":{"self":[{"href":"http:\/\/www.susannavaris.com\/blogg\/wp-json\/wp\/v2\/posts\/16233","targetHints":{"allow":["GET"]}}],"collection":[{"href":"http:\/\/www.susannavaris.com\/blogg\/wp-json\/wp\/v2\/posts"}],"about":[{"href":"http:\/\/www.susannavaris.com\/blogg\/wp-json\/wp\/v2\/types\/post"}],"author":[{"embeddable":true,"href":"http:\/\/www.susannavaris.com\/blogg\/wp-json\/wp\/v2\/users\/1"}],"replies":[{"embeddable":true,"href":"http:\/\/www.susannavaris.com\/blogg\/wp-json\/wp\/v2\/comments?post=16233"}],"version-history":[{"count":2,"href":"http:\/\/www.susannavaris.com\/blogg\/wp-json\/wp\/v2\/posts\/16233\/revisions"}],"predecessor-version":[{"id":16235,"href":"http:\/\/www.susannavaris.com\/blogg\/wp-json\/wp\/v2\/posts\/16233\/revisions\/16235"}],"wp:attachment":[{"href":"http:\/\/www.susannavaris.com\/blogg\/wp-json\/wp\/v2\/media?parent=16233"}],"wp:term":[{"taxonomy":"category","embeddable":true,"href":"http:\/\/www.susannavaris.com\/blogg\/wp-json\/wp\/v2\/categories?post=16233"},{"taxonomy":"post_tag","embeddable":true,"href":"http:\/\/www.susannavaris.com\/blogg\/wp-json\/wp\/v2\/tags?post=16233"}],"curies":[{"name":"wp","href":"https:\/\/api.w.org\/{rel}","templated":true}]}}