{"id":16236,"date":"2016-08-02T12:03:44","date_gmt":"2016-08-02T10:03:44","guid":{"rendered":"http:\/\/www.susannavaris.com\/blogg\/?p=16236"},"modified":"2016-08-02T12:03:44","modified_gmt":"2016-08-02T10:03:44","slug":"gastinlagg-oravsky-delad-gladje-ar-dubbel-gladje","status":"publish","type":"post","link":"http:\/\/www.susannavaris.com\/blogg\/2016\/08\/gastinlagg-oravsky-delad-gladje-ar-dubbel-gladje\/","title":{"rendered":"G\u00e4stinl\u00e4gg: Oravsky &#8211; Delad Gl\u00e4dje \u00e4r Dubbel Gl\u00e4dje"},"content":{"rendered":"<p><strong>Delad gl\u00e4dje \u00e4r dubbel gl\u00e4dje<\/strong><\/p>\n<p>&nbsp;<\/p>\n<p>Iakttagelsen att \u201ddelad gl\u00e4dje \u00e4r dubbel gl\u00e4dje\u201d, formulerade Lao Zi, f\u00f6r cirka 2\u00a0600 \u00e5r sedan, fast p\u00e5 kinesiska. P\u00e5 samma spr\u00e5k betyder Lao Zi \u201dden gamla m\u00e4staren\u201d, och eftersom han betraktades som en gammal m\u00e4stare redan under sin levnadsperiod, har vi svenskar kompletterat och aktualiserat denna hans observation och konstruerat ordspr\u00e5ket \u201ddelad gl\u00e4dje \u00e4r dubbel gl\u00e4dje, delad sorg \u00e4r halverad sorg\u201d.<\/p>\n<p>Jag skall uppeh\u00e5lla mig en svensk minut vid reflektionen \u201ddelad gl\u00e4dje \u00e4r dubbel gl\u00e4dje\u201d och problematisera den, som man s\u00e4ger p\u00e5 modern innesvenska.<\/p>\n<p>Vad betyder \u201ddelad\u201d?<\/p>\n<p>\u201dDelad\u201d kan n\u00e4mligen ha en hel del inneb\u00f6rd, allt ifr\u00e5n \u201dkluvet\u201d, till \u201dsplittrat\u201d. Jag v\u00e4ljer att tolka \u201ddelad\u201d i den h\u00e4r kontexten, som att g\u00f6ra \u00e4ven n\u00e5gon annan f\u00f6rutom sig sj\u00e4lv, en delaktig part av det man \u201ddelar med sig\u201d.<\/p>\n<p>&nbsp;<\/p>\n<p>Men samtidigt som jag g\u00f6r denna tolkning av den gamla m\u00e4starens formulering, uppst\u00e5r n\u00e4sta os\u00e4kerhet: Hur m\u00e5nga m\u00e4nniskor och djur kan jag dela min gl\u00e4dje med, f\u00f6r att det skall bli en dubbel gl\u00e4dje?<\/p>\n<p>Om jag delar den med tre personer eller djur, blir gl\u00e4djen dubbel, eller blir den tredubbel?<\/p>\n<p>Och vad h\u00e4nder om jag delar den med nittiosju mottagare? Hur stor blir gl\u00e4djen d\u00e5?<\/p>\n<p>Och om den blir delad med s\u00e5 m\u00e5nga, blir den fortfarande lika stark, lika intensiv, eller kommer jag k\u00e4nna mig mer eller mindre likn\u00f6jd av den?<\/p>\n<p>Men det motsatta \u00e4r ocks\u00e5 m\u00f6jligt: jag kan b\u00f6rja k\u00e4nna mig mallig, eller \u00e4nnu v\u00e4rre, p\u00e5 gr\u00e4nsen till o\u00f6vervinnerlig och diktatorisk. T\u00e4nk sj\u00e4lv vad som utspelar sig i en m\u00e4nniskas huvud n\u00e4r hon delar med sig vetskapen om att hennes partikonvent f\u00f6reslagit henne till presidentkandidat, och tusentals huvuden gapar besinningsl\u00f6st sin hyllning till henne.<\/p>\n<p>&nbsp;<\/p>\n<p>Eller t\u00e4nk vad som h\u00e4nder om jag delar min gl\u00e4dje med n\u00e5gon vars reaktion \u00e4r inte gl\u00e4dje, inte hat, utan m\u00e4rkbar likgiltighet. S\u00e5nt kan ge men f\u00f6r livet. (Pl\u00f6tsligt hoppar min tanke till fredsprismottagaren av Nobelpriset Elie Wiesel, som skrev: \u201dMotsatsen till k\u00e4rlek \u00e4r inte hat, det \u00e4r likgiltighet. Motsatsen till konst \u00e4r inte fulhet, det \u00e4r likgiltighet. Motsatsen till hopp \u00e4r inte uppgivenhet, det \u00e4r likgiltighet. Och motsatsen till liv \u00e4r inte d\u00f6d, det \u00e4r likgiltighet\u201d.)<\/p>\n<p>&nbsp;<\/p>\n<p>Jag fick ett mejl fr\u00e5n en Oscar, som gjorde mig s\u00e5 pass glad, att jag inte tvekar att dela med mig av dess inneh\u00e5ll.<\/p>\n<p>Oscar skriver att efter att han har l\u00e4st mina artiklar om den omskrivna J\u00f6nk\u00f6pingska f\u00e5gelspindel som upptr\u00e4dde i J\u00f6nk\u00f6pings st\u00f6rsta matvaruhus, beslutade han sig att ta hela sin familj till Kolm\u00e5rdens djurpark. Han hoppades att ha tur att f\u00e5 tr\u00e4ffa mig d\u00e4r, d\u00e5 jag hade \u00e4rende dit med syfte att h\u00e4mta min spindel.<\/p>\n<p>Det blev inte s\u00e5, och Oscar skriver att n\u00e4r han och familjen till slut skulle upps\u00f6ka djurparkens Tropicarium, var de mer eller mindre f\u00f6rhindrade att se spindlarna, eftersom det kr\u00f6p av journalister fr\u00e5n J\u00f6nk\u00f6ping d\u00e4r inne.<\/p>\n<p>De var d\u00e4r p\u00e5 ett gr\u00e4vande journalistiskt uppdrag, de ville intervjua spindeln \u00e5terfunnen p\u00e5 J\u00f6nk\u00f6pings st\u00f6rsta matvaruhus, de ville att spindeln skulle avsl\u00f6ja, vem m\u00e4nniskan \u00e4r som \u201ddumpade\u201d den d\u00e4r?<\/p>\n<p>Var det f\u00f6rfattaren och happeningsorganist\u00f6ren Vladimir Oravsky eller inte? Den obesvarade fr\u00e5gan verkar skava som en bit bortgl\u00f6mt sandpapper mellan skinkorna.<\/p>\n<p>Men J\u00f6nk\u00f6pingsjournalisterna st\u00e4lldes inf\u00f6r en sv\u00e5righet, skriver Oscar:<\/p>\n<p>De kunde inte identifiera den r\u00e4tta spindeln.<\/p>\n<p>Eftersom samtliga spindlar bar p\u00e5 knappar med texten \u201dJe suis theraphosidae\u201d \/ \u201dJag \u00e4r f\u00e5gelspindel\u201d.<\/p>\n<p>\u00a9 <a href=\"http:\/\/www.bokus.com\/cgi-bin\/product_search.cgi?authors=Vladimir%20Oravsky&amp;gclid=CIr22bSz1c0CFSLicgodDmcJcQ\">Vladimir Oravsky<\/a><\/p>\n<p>&nbsp;<\/p>\n<p>PS<\/p>\n<p>Vi h\u00e5ller p\u00e5 att ers\u00e4tta v\u00e5ra v\u00e4lfungerande pengar med andra, \u201dmodernare\u201d.<\/p>\n<p>Den svenska tjugokronorssedeln pryddes mellan \u00e5ren 1997 till den 30 juni 2016 med v\u00e5r enda kvinnliga nobelpristagare i litteratur, Selma Lagerl\u00f6f, som dessutom \u00e4r k\u00e4nd, aktad och l\u00e4st \u00f6ver hela v\u00e4rlden. Selma ersattes dock som bekant med Astrid Lindgren. Vem tj\u00e4nar p\u00e5 detta byte, vill jag inte uttala mig om, men jag har min v\u00e4lunderbyggda teori.<\/p>\n<p>N\u00e4r vi nu h\u00e5ller p\u00e5 att \u201dmodernisera\u201d, att st\u00e4da bort, att f\u00f6rskjuta och skjuta fram, d\u00e5 har jag ett f\u00f6rslag p\u00e5 vad som kan ers\u00e4tta uttern som Sm\u00e5lands landskapsdjur. Vad s\u00e4gs om en f\u00e5gelspindel?<\/p>\n","protected":false},"excerpt":{"rendered":"<p>Delad gl\u00e4dje \u00e4r dubbel gl\u00e4dje &nbsp; Iakttagelsen att \u201ddelad gl\u00e4dje \u00e4r dubbel gl\u00e4dje\u201d, formulerade Lao Zi, f\u00f6r cirka 2\u00a0600 \u00e5r sedan, fast p\u00e5 kinesiska. P\u00e5 samma spr\u00e5k betyder Lao Zi \u201dden gamla m\u00e4staren\u201d, och eftersom han betraktades som en gammal &hellip; <a href=\"http:\/\/www.susannavaris.com\/blogg\/2016\/08\/gastinlagg-oravsky-delad-gladje-ar-dubbel-gladje\/\">Forts\u00e4tt l\u00e4sa <span class=\"meta-nav\">&rarr;<\/span><\/a><\/p>\n","protected":false},"author":1,"featured_media":0,"comment_status":"open","ping_status":"open","sticky":false,"template":"","format":"standard","meta":{"footnotes":""},"categories":[1364,3280,589],"tags":[2542,4926,3751,5386,5387,3279],"class_list":["post-16236","post","type-post","status-publish","format-standard","hentry","category-bocker","category-gastinlagg","category-medier","tag-astrid-lindgren","tag-gastinlagg","tag-jonkoping","tag-selma-lagerlof","tag-tropicarium","tag-vladimir-oravsky"],"_links":{"self":[{"href":"http:\/\/www.susannavaris.com\/blogg\/wp-json\/wp\/v2\/posts\/16236","targetHints":{"allow":["GET"]}}],"collection":[{"href":"http:\/\/www.susannavaris.com\/blogg\/wp-json\/wp\/v2\/posts"}],"about":[{"href":"http:\/\/www.susannavaris.com\/blogg\/wp-json\/wp\/v2\/types\/post"}],"author":[{"embeddable":true,"href":"http:\/\/www.susannavaris.com\/blogg\/wp-json\/wp\/v2\/users\/1"}],"replies":[{"embeddable":true,"href":"http:\/\/www.susannavaris.com\/blogg\/wp-json\/wp\/v2\/comments?post=16236"}],"version-history":[{"count":1,"href":"http:\/\/www.susannavaris.com\/blogg\/wp-json\/wp\/v2\/posts\/16236\/revisions"}],"predecessor-version":[{"id":16237,"href":"http:\/\/www.susannavaris.com\/blogg\/wp-json\/wp\/v2\/posts\/16236\/revisions\/16237"}],"wp:attachment":[{"href":"http:\/\/www.susannavaris.com\/blogg\/wp-json\/wp\/v2\/media?parent=16236"}],"wp:term":[{"taxonomy":"category","embeddable":true,"href":"http:\/\/www.susannavaris.com\/blogg\/wp-json\/wp\/v2\/categories?post=16236"},{"taxonomy":"post_tag","embeddable":true,"href":"http:\/\/www.susannavaris.com\/blogg\/wp-json\/wp\/v2\/tags?post=16236"}],"curies":[{"name":"wp","href":"https:\/\/api.w.org\/{rel}","templated":true}]}}