{"id":16239,"date":"2016-08-18T20:06:05","date_gmt":"2016-08-18T18:06:05","guid":{"rendered":"http:\/\/www.susannavaris.com\/blogg\/?p=16239"},"modified":"2017-10-16T18:20:59","modified_gmt":"2017-10-16T16:20:59","slug":"gast-i-talk-showen-iltapaiva-pa-sisuradiosveriges-radio","status":"publish","type":"post","link":"http:\/\/www.susannavaris.com\/blogg\/2016\/08\/gast-i-talk-showen-iltapaiva-pa-sisuradiosveriges-radio\/","title":{"rendered":"G\u00e4st i talk showen Iltap\u00e4iv\u00e4 p\u00e5 Sisuradio\/Sveriges radio"},"content":{"rendered":"<p>Idag har jag g\u00e4stat programmet Iltap\u00e4iv\u00e4 (Eftermiddag) i Sveriges Radios finska kanal, Sisuradio (s\u00e4nds i P2). Jag var ditbjuden f\u00f6r att ber\u00e4tta om min konst och min syn p\u00e5 j\u00e4mst\u00e4lldhet.<\/p>\n<p style=\"text-align: center;\"><a href=\"http:\/\/www.susannavaris.com\/blogg\/2016\/08\/gast-i-talk-showen-iltapaiva-pa-sisuradiosveriges-radio\/wp_20160818_13_48_48_pro__highres-50\/\" rel=\"attachment wp-att-16240\"><img loading=\"lazy\" decoding=\"async\" class=\"aligncenter size-full wp-image-16240\" src=\"http:\/\/www.susannavaris.com\/blogg\/wp-content\/uploads\/2016\/08\/WP_20160818_13_48_48_Pro__highres-50.jpg\" alt=\"WP_20160818_13_48_48_Pro__highres-50\" width=\"3856\" height=\"2176\" srcset=\"http:\/\/www.susannavaris.com\/blogg\/wp-content\/uploads\/2016\/08\/WP_20160818_13_48_48_Pro__highres-50.jpg 3856w, http:\/\/www.susannavaris.com\/blogg\/wp-content\/uploads\/2016\/08\/WP_20160818_13_48_48_Pro__highres-50-300x169.jpg 300w, http:\/\/www.susannavaris.com\/blogg\/wp-content\/uploads\/2016\/08\/WP_20160818_13_48_48_Pro__highres-50-768x433.jpg 768w, http:\/\/www.susannavaris.com\/blogg\/wp-content\/uploads\/2016\/08\/WP_20160818_13_48_48_Pro__highres-50-1024x578.jpg 1024w\" sizes=\"auto, (max-width: 3856px) 100vw, 3856px\" \/><\/a><em>SR, en av public service-bastionerna p\u00e5 G\u00e4rdet i Stockholm&#8230;<\/em><\/p>\n<p style=\"text-align: center;\"><a href=\"http:\/\/www.susannavaris.com\/blogg\/2016\/08\/gast-i-talk-showen-iltapaiva-pa-sisuradiosveriges-radio\/wp_20160818_12_38_06_pro-crop\/\" rel=\"attachment wp-att-16241\"><img loading=\"lazy\" decoding=\"async\" class=\"aligncenter size-full wp-image-16241\" src=\"http:\/\/www.susannavaris.com\/blogg\/wp-content\/uploads\/2016\/08\/WP_20160818_12_38_06_Pro-crop.jpg\" alt=\"WP_20160818_12_38_06_Pro-crop\" width=\"950\" height=\"604\" srcset=\"http:\/\/www.susannavaris.com\/blogg\/wp-content\/uploads\/2016\/08\/WP_20160818_12_38_06_Pro-crop.jpg 950w, http:\/\/www.susannavaris.com\/blogg\/wp-content\/uploads\/2016\/08\/WP_20160818_12_38_06_Pro-crop-300x191.jpg 300w, http:\/\/www.susannavaris.com\/blogg\/wp-content\/uploads\/2016\/08\/WP_20160818_12_38_06_Pro-crop-768x488.jpg 768w\" sizes=\"auto, (max-width: 950px) 100vw, 950px\" \/><\/a><em>V\u00e4ntar i lobbyn. Jag hade sj\u00e4lvklart lyssnat lite p\u00e5 programmet innan och blivit positivt \u00f6verraskad.<\/em><\/p>\n<p style=\"text-align: center;\"><a href=\"http:\/\/www.susannavaris.com\/blogg\/2016\/08\/gast-i-talk-showen-iltapaiva-pa-sisuradiosveriges-radio\/wp_20160818_12_36_19_pro__highres-crop-50\/\" rel=\"attachment wp-att-16242\"><img loading=\"lazy\" decoding=\"async\" class=\"aligncenter size-full wp-image-16242\" src=\"http:\/\/www.susannavaris.com\/blogg\/wp-content\/uploads\/2016\/08\/WP_20160818_12_36_19_Pro__highres-crop-50.jpg\" alt=\"WP_20160818_12_36_19_Pro__highres-crop-50\" width=\"2162\" height=\"3422\" srcset=\"http:\/\/www.susannavaris.com\/blogg\/wp-content\/uploads\/2016\/08\/WP_20160818_12_36_19_Pro__highres-crop-50.jpg 2162w, http:\/\/www.susannavaris.com\/blogg\/wp-content\/uploads\/2016\/08\/WP_20160818_12_36_19_Pro__highres-crop-50-190x300.jpg 190w, http:\/\/www.susannavaris.com\/blogg\/wp-content\/uploads\/2016\/08\/WP_20160818_12_36_19_Pro__highres-crop-50-768x1216.jpg 768w, http:\/\/www.susannavaris.com\/blogg\/wp-content\/uploads\/2016\/08\/WP_20160818_12_36_19_Pro__highres-crop-50-647x1024.jpg 647w\" sizes=\"auto, (max-width: 2162px) 100vw, 2162px\" \/><\/a><a href=\"http:\/\/www.susannavaris.com\/blogg\/2016\/08\/gast-i-talk-showen-iltapaiva-pa-sisuradiosveriges-radio\/wp_20160818_12_56_57_pro__highres-50-adj\/\" rel=\"attachment wp-att-16243\"><img loading=\"lazy\" decoding=\"async\" class=\"aligncenter size-full wp-image-16243\" src=\"http:\/\/www.susannavaris.com\/blogg\/wp-content\/uploads\/2016\/08\/WP_20160818_12_56_57_Pro__highres-50-adj.jpg\" alt=\"WP_20160818_12_56_57_Pro__highres-50-adj\" width=\"3856\" height=\"2176\" srcset=\"http:\/\/www.susannavaris.com\/blogg\/wp-content\/uploads\/2016\/08\/WP_20160818_12_56_57_Pro__highres-50-adj.jpg 3856w, http:\/\/www.susannavaris.com\/blogg\/wp-content\/uploads\/2016\/08\/WP_20160818_12_56_57_Pro__highres-50-adj-300x169.jpg 300w, http:\/\/www.susannavaris.com\/blogg\/wp-content\/uploads\/2016\/08\/WP_20160818_12_56_57_Pro__highres-50-adj-768x433.jpg 768w, http:\/\/www.susannavaris.com\/blogg\/wp-content\/uploads\/2016\/08\/WP_20160818_12_56_57_Pro__highres-50-adj-1024x578.jpg 1024w\" sizes=\"auto, (max-width: 3856px) 100vw, 3856px\" \/><\/a> <a href=\"http:\/\/www.susannavaris.com\/blogg\/2016\/08\/gast-i-talk-showen-iltapaiva-pa-sisuradiosveriges-radio\/wp_20160818_12_58_35_pro-2\/\" rel=\"attachment wp-att-16244\"><img loading=\"lazy\" decoding=\"async\" class=\"aligncenter size-full wp-image-16244\" src=\"http:\/\/www.susannavaris.com\/blogg\/wp-content\/uploads\/2016\/08\/WP_20160818_12_58_35_Pro-2.jpg\" alt=\"WP_20160818_12_58_35_Pro (2)\" width=\"788\" height=\"443\" srcset=\"http:\/\/www.susannavaris.com\/blogg\/wp-content\/uploads\/2016\/08\/WP_20160818_12_58_35_Pro-2.jpg 788w, http:\/\/www.susannavaris.com\/blogg\/wp-content\/uploads\/2016\/08\/WP_20160818_12_58_35_Pro-2-300x169.jpg 300w, http:\/\/www.susannavaris.com\/blogg\/wp-content\/uploads\/2016\/08\/WP_20160818_12_58_35_Pro-2-768x432.jpg 768w\" sizes=\"auto, (max-width: 788px) 100vw, 788px\" \/><\/a><em>I kontrollrummet&#8230;jag presenterades med att jag menat att &#8221;feminismen i Sverige g\u00e5tt f\u00f6r l\u00e5ngt&#8221;, n\u00e5got jag inte minns mig ha sagt n\u00e5gonsin. jag anser snarare att den sp\u00e5rat ur, alternativt \u00e4r p\u00e5 fel sp\u00e5r. Bland annat.<br \/>\n<\/em><\/p>\n<p style=\"text-align: center;\"><a href=\"http:\/\/www.susannavaris.com\/blogg\/2016\/08\/gast-i-talk-showen-iltapaiva-pa-sisuradiosveriges-radio\/v__56e9-crop\/\" rel=\"attachment wp-att-16245\"><img loading=\"lazy\" decoding=\"async\" class=\"aligncenter size-full wp-image-16245\" src=\"http:\/\/www.susannavaris.com\/blogg\/wp-content\/uploads\/2016\/08\/V__56E9-crop.jpg\" alt=\"V__56E9-crop\" width=\"1534\" height=\"890\" srcset=\"http:\/\/www.susannavaris.com\/blogg\/wp-content\/uploads\/2016\/08\/V__56E9-crop.jpg 1534w, http:\/\/www.susannavaris.com\/blogg\/wp-content\/uploads\/2016\/08\/V__56E9-crop-300x174.jpg 300w, http:\/\/www.susannavaris.com\/blogg\/wp-content\/uploads\/2016\/08\/V__56E9-crop-768x446.jpg 768w, http:\/\/www.susannavaris.com\/blogg\/wp-content\/uploads\/2016\/08\/V__56E9-crop-1024x594.jpg 1024w\" sizes=\"auto, (max-width: 1534px) 100vw, 1534px\" \/><\/a><em>Jod\u00e5, lite nerv\u00f6st var det nog allt&#8230;foto: Taneli M\u00e4nnikk\u00f6\/SR<\/em><\/p>\n<p style=\"text-align: center;\"><a href=\"http:\/\/www.susannavaris.com\/blogg\/2016\/08\/gast-i-talk-showen-iltapaiva-pa-sisuradiosveriges-radio\/v__b3a9\/\" rel=\"attachment wp-att-16247\"><img loading=\"lazy\" decoding=\"async\" class=\"aligncenter size-full wp-image-16247\" src=\"http:\/\/www.susannavaris.com\/blogg\/wp-content\/uploads\/2016\/08\/V__B3A9.jpg\" alt=\"V__B3A9\" width=\"1587\" height=\"895\" srcset=\"http:\/\/www.susannavaris.com\/blogg\/wp-content\/uploads\/2016\/08\/V__B3A9.jpg 1587w, http:\/\/www.susannavaris.com\/blogg\/wp-content\/uploads\/2016\/08\/V__B3A9-300x169.jpg 300w, http:\/\/www.susannavaris.com\/blogg\/wp-content\/uploads\/2016\/08\/V__B3A9-768x433.jpg 768w, http:\/\/www.susannavaris.com\/blogg\/wp-content\/uploads\/2016\/08\/V__B3A9-1024x577.jpg 1024w\" sizes=\"auto, (max-width: 1587px) 100vw, 1587px\" \/><\/a><em>D\u00e5 var det klart! Foto: Taneli M\u00e4nnikk\u00f6<\/em><\/p>\n<p style=\"text-align: left;\"><a href=\"http:\/\/www.susannavaris.com\/blogg\/2016\/08\/gast-i-talk-showen-iltapaiva-pa-sisuradiosveriges-radio\/sisuradio-160818\/\" rel=\"attachment wp-att-16248\"><img loading=\"lazy\" decoding=\"async\" class=\"aligncenter size-full wp-image-16248\" src=\"http:\/\/www.susannavaris.com\/blogg\/wp-content\/uploads\/2016\/08\/sisuradio-160818.jpg\" alt=\"sisuradio-160818\" width=\"666\" height=\"933\" srcset=\"http:\/\/www.susannavaris.com\/blogg\/wp-content\/uploads\/2016\/08\/sisuradio-160818.jpg 666w, http:\/\/www.susannavaris.com\/blogg\/wp-content\/uploads\/2016\/08\/sisuradio-160818-214x300.jpg 214w\" sizes=\"auto, (max-width: 666px) 100vw, 666px\" \/><\/a><\/p>\n<p style=\"text-align: left;\">\u00a0Programmet kan lyssnas p\u00e5 h\u00e4r (finska):<\/p>\n<p><span style=\"border-radius: 2px; text-indent: 20px; width: auto; padding: 0px 4px 0px 0px; text-align: center; font: bold 11px\/20px 'Helvetica Neue',Helvetica,sans-serif; color: #ffffff; background: #bd081c no-repeat scroll 3px 50% \/ 14px 14px; position: absolute; opacity: 1; z-index: 8675309; display: none; cursor: pointer; top: 2424px; left: 20px;\">Spara<\/span><\/p>\n<p><span style=\"border-radius: 2px; text-indent: 20px; width: auto; padding: 0px 4px 0px 0px; text-align: center; font: bold 11px\/20px 'Helvetica Neue',Helvetica,sans-serif; color: #ffffff; background: #bd081c no-repeat scroll 3px 50% \/ 14px 14px; position: absolute; opacity: 1; z-index: 8675309; display: none; cursor: pointer; top: 2892px; left: 20px;\">Spara<\/span><\/p>\n<p><a href=\"http:\/\/sverigesradio.se\/sida\/artikel.aspx?programid=185&amp;artikel=6499886\">Sisuradio<\/a><\/p>\n<p><span style=\"border-radius: 2px; text-indent: 20px; width: auto; padding: 0px 4px 0px 0px; text-align: center; font: bold 11px\/20px 'Helvetica Neue',Helvetica,sans-serif; color: #ffffff; background: #bd081c no-repeat scroll 3px 50% \/ 14px 14px; position: absolute; opacity: 1; z-index: 8675309; display: none; cursor: pointer; top: 3744px; left: 20px;\">Spara<\/span><\/p>\n<p><span style=\"border-radius: 2px; text-indent: 20px; width: auto; padding: 0px 4px 0px 0px; text-align: center; font: bold 11px\/20px 'Helvetica Neue',Helvetica,sans-serif; color: #ffffff; background: #bd081c  no-repeat scroll 3px 50% \/ 14px 14px; position: absolute; opacity: 1; z-index: 8675309; display: none; cursor: pointer; top: 3744px; left: 20px;\">Spara<\/span><\/p>\n","protected":false},"excerpt":{"rendered":"<p>Idag har jag g\u00e4stat programmet Iltap\u00e4iv\u00e4 (Eftermiddag) i Sveriges Radios finska kanal, Sisuradio (s\u00e4nds i P2). Jag var ditbjuden f\u00f6r att ber\u00e4tta om min konst och min syn p\u00e5 j\u00e4mst\u00e4lldhet. SR, en av public service-bastionerna p\u00e5 G\u00e4rdet i Stockholm&#8230; V\u00e4ntar &hellip; <a href=\"http:\/\/www.susannavaris.com\/blogg\/2016\/08\/gast-i-talk-showen-iltapaiva-pa-sisuradiosveriges-radio\/\">Forts\u00e4tt l\u00e4sa <span class=\"meta-nav\">&rarr;<\/span><\/a><\/p>\n","protected":false},"author":1,"featured_media":0,"comment_status":"open","ping_status":"open","sticky":false,"template":"","format":"standard","meta":{"footnotes":""},"categories":[181,107,154,1321,1928,3,1162,1],"tags":[5388,3651,930,929,5389],"class_list":["post-16239","post","type-post","status-publish","format-standard","hentry","category-feminism","category-finland","category-genus","category-jamstalldhet","category-journalistik","category-konst","category-kultur","category-okategoriserade","tag-iltapaiva","tag-public-service","tag-sisuradio","tag-sveriges-radio","tag-talk-show"],"_links":{"self":[{"href":"http:\/\/www.susannavaris.com\/blogg\/wp-json\/wp\/v2\/posts\/16239","targetHints":{"allow":["GET"]}}],"collection":[{"href":"http:\/\/www.susannavaris.com\/blogg\/wp-json\/wp\/v2\/posts"}],"about":[{"href":"http:\/\/www.susannavaris.com\/blogg\/wp-json\/wp\/v2\/types\/post"}],"author":[{"embeddable":true,"href":"http:\/\/www.susannavaris.com\/blogg\/wp-json\/wp\/v2\/users\/1"}],"replies":[{"embeddable":true,"href":"http:\/\/www.susannavaris.com\/blogg\/wp-json\/wp\/v2\/comments?post=16239"}],"version-history":[{"count":10,"href":"http:\/\/www.susannavaris.com\/blogg\/wp-json\/wp\/v2\/posts\/16239\/revisions"}],"predecessor-version":[{"id":16375,"href":"http:\/\/www.susannavaris.com\/blogg\/wp-json\/wp\/v2\/posts\/16239\/revisions\/16375"}],"wp:attachment":[{"href":"http:\/\/www.susannavaris.com\/blogg\/wp-json\/wp\/v2\/media?parent=16239"}],"wp:term":[{"taxonomy":"category","embeddable":true,"href":"http:\/\/www.susannavaris.com\/blogg\/wp-json\/wp\/v2\/categories?post=16239"},{"taxonomy":"post_tag","embeddable":true,"href":"http:\/\/www.susannavaris.com\/blogg\/wp-json\/wp\/v2\/tags?post=16239"}],"curies":[{"name":"wp","href":"https:\/\/api.w.org\/{rel}","templated":true}]}}