{"id":1642,"date":"2011-08-09T13:32:37","date_gmt":"2011-08-09T11:32:37","guid":{"rendered":"http:\/\/www.susannavaris.com\/blogg\/?p=1642"},"modified":"2023-02-15T10:59:45","modified_gmt":"2023-02-15T09:59:45","slug":"manligheten-revisited","status":"publish","type":"post","link":"http:\/\/www.susannavaris.com\/blogg\/2011\/08\/manligheten-revisited\/","title":{"rendered":"Manligheten revisited"},"content":{"rendered":"<div class=\"wp-block-image\">\n<figure class=\"aligncenter size-large\"><img loading=\"lazy\" decoding=\"async\" width=\"1024\" height=\"1024\" src=\"http:\/\/www.susannavaris.com\/blogg\/wp-content\/uploads\/2023\/02\/Bild-borttagen-1024x1024.jpg\" alt=\"\" class=\"wp-image-17619\" title=\"berglin_770208c\" srcset=\"http:\/\/www.susannavaris.com\/blogg\/wp-content\/uploads\/2023\/02\/Bild-borttagen-1024x1024.jpg 1024w, http:\/\/www.susannavaris.com\/blogg\/wp-content\/uploads\/2023\/02\/Bild-borttagen-300x300.jpg 300w, http:\/\/www.susannavaris.com\/blogg\/wp-content\/uploads\/2023\/02\/Bild-borttagen-150x150.jpg 150w, http:\/\/www.susannavaris.com\/blogg\/wp-content\/uploads\/2023\/02\/Bild-borttagen-768x768.jpg 768w, http:\/\/www.susannavaris.com\/blogg\/wp-content\/uploads\/2023\/02\/Bild-borttagen-1536x1536.jpg 1536w, http:\/\/www.susannavaris.com\/blogg\/wp-content\/uploads\/2023\/02\/Bild-borttagen-2048x2048.jpg 2048w\" sizes=\"auto, (max-width: 1024px) 100vw, 1024px\" \/><\/figure>\n<\/div>\n\n\n<p class=\"has-text-align-center\"><em>Underbara Berglin f\u00e5r illustrera dagens funderingar<\/em><\/p>\n\n\n\n<p>Jag har, som beskrivits, befunnit mig under en sten i Finland i en vecka. I min underbart isolerade tillvaro har jag inte f\u00f6ljt med i n\u00e5gra debatter under denna period. Jag hittar \u00e5tminstone ett sp\u00e5r som nu tycks vara mycket p\u00e5 tapeten; \u00e4r det feministernas och v\u00e4nsterns feminisering av mannen som lett till terrord\u00e5den i Norge?<\/p>\n\n\n\n<p>Lars Berge i Svd, bland andra, skriver om detta h\u00e4r:<\/p>\n\n\n\n<p><a href=\"http:\/\/www.svd.se\/nyheter\/inrikes\/vart-samhalle-foder-terrorismen_6376356.svd\">http:\/\/www.svd.se\/nyheter\/inrikes\/vart-samhalle-foder-terrorismen_6376356.svd<\/a><\/p>\n\n\n\n<p>Ett sidosp\u00e5r p\u00e5 temat samh\u00e4llets skuld\/ansvar finns i analyserna av kravallerna i bl a England. Jag kommer att \u00e5terkomma till b\u00e5da dessa sp\u00e5r i kommande inl\u00e4gg, men en fr\u00e5ga just nu \u00e4r; vart tog det personliga ansvaret v\u00e4gen?<\/p>\n\n\n\n<p>Ang\u00e5ende m\u00e4nnen; det var l\u00e4nge sedan som traditionellt manliga egenskaper (som jag f \u00f6 motvilligt kallar just f\u00f6r detta. Alla kollektiviseringar leder till generalisering, som motverkar friheten att vara den individ man \u00e4r) framst\u00e4lldes som n\u00e5got positivt. Ju mer feminin en man \u00e4r, desto b\u00e4ttre, enligt de moderna feministiska f\u00f6rk\u00e4mparna. Jag har inget emot feminina m\u00e4n, n\u00e5gra av mina stora idoler leker friskt med rollerna, men de traditionella manliga egenskaperna och arenorna \u00e4r i dagens samh\u00e4llsklimat ganska nedl\u00e5tet behandlade.<\/p>\n\n\n\n<p>Muskelstyrka? Hj\u00e4rnan blir allt viktigare. Ledarskap? Det ska vara allas r\u00e4tt och inom familjen blir det ett patriarkat, som har \u00f6verlevt sig sj\u00e4lvt. Logiskt t\u00e4nkande? \u00c4r inte enbart m\u00e4nnens dom\u00e4n l\u00e4ngre. Milit\u00e4ren? V\u00e4rnplikten \u00e4r avskaffad och vem vill framst\u00e5 som en stridsp**t? Dessutom \u00e4r inte milit\u00e4ren s\u00e5 utpr\u00e4glat manlig verksamhet l\u00e4ngre. Stabilitet och k\u00e4nslokontroll? Att kunna visa k\u00e4nslor st\u00e5r h\u00f6gt uppe p\u00e5 m\u00e5nga kvinnors \u00f6nskelista ang\u00e5ende sina m\u00e4n. Att vara en familjef\u00f6rs\u00f6rjare? Kvinnor har ett aldrig sk\u00e5dat ekonomisk oberoende idag. Kvinnorna har f\u00e5tt ett ut\u00f6kat spektra i samh\u00e4llet och livet med j\u00e4mst\u00e4lldheten och m\u00e5nga m\u00e4n finner nya v\u00e4rden i livet genom \u00f6kat deltagande i familjelivet, men mannens traditionella roll \u00e4ndras i och med att samh\u00e4llet f\u00f6r\u00e4ndras. Vi g\u00e5r fr\u00e5n ett industrisamh\u00e4lle till ett mera kunskapsbaserat och s\u00e4rskilt f\u00f6r m\u00e4n som inte hittar sin roll i det nya, finns det kanske inte s\u00e5 m\u00e5nga traditionellt manliga roller att anta.<\/p>\n\n\n\n<p>Som sagt, mera om detta senare. Det h\u00e4r \u00e4r enbart dagens l\u00f6sa funderingar som f\u00f6rresten k\u00e4nns som gammalt sk\u00e5pmat, men som nu \u00e5ter \u00e4r p\u00e5 tapeten&#8230;<\/p>\n","protected":false},"excerpt":{"rendered":"<p>Underbara Berglin f\u00e5r illustrera dagens funderingar Jag har, som beskrivits, befunnit mig under en sten i Finland i en vecka. I min underbart isolerade tillvaro har jag inte f\u00f6ljt med i n\u00e5gra debatter under denna period. Jag hittar \u00e5tminstone ett &hellip; <a href=\"http:\/\/www.susannavaris.com\/blogg\/2011\/08\/manligheten-revisited\/\">Forts\u00e4tt l\u00e4sa <span class=\"meta-nav\">&rarr;<\/span><\/a><\/p>\n","protected":false},"author":1,"featured_media":1643,"comment_status":"open","ping_status":"open","sticky":false,"template":"","format":"standard","meta":{"footnotes":""},"categories":[181,259,589,1],"tags":[502,4900,503,505,504,446],"class_list":["post-1642","post","type-post","status-publish","format-standard","has-post-thumbnail","hentry","category-feminism","category-genusvetenskap","category-medier","category-okategoriserade","tag-berglin","tag-feminism","tag-lars-berge","tag-mansrollen","tag-svd","tag-terror"],"_links":{"self":[{"href":"http:\/\/www.susannavaris.com\/blogg\/wp-json\/wp\/v2\/posts\/1642","targetHints":{"allow":["GET"]}}],"collection":[{"href":"http:\/\/www.susannavaris.com\/blogg\/wp-json\/wp\/v2\/posts"}],"about":[{"href":"http:\/\/www.susannavaris.com\/blogg\/wp-json\/wp\/v2\/types\/post"}],"author":[{"embeddable":true,"href":"http:\/\/www.susannavaris.com\/blogg\/wp-json\/wp\/v2\/users\/1"}],"replies":[{"embeddable":true,"href":"http:\/\/www.susannavaris.com\/blogg\/wp-json\/wp\/v2\/comments?post=1642"}],"version-history":[{"count":5,"href":"http:\/\/www.susannavaris.com\/blogg\/wp-json\/wp\/v2\/posts\/1642\/revisions"}],"predecessor-version":[{"id":17938,"href":"http:\/\/www.susannavaris.com\/blogg\/wp-json\/wp\/v2\/posts\/1642\/revisions\/17938"}],"wp:featuredmedia":[{"embeddable":true,"href":"http:\/\/www.susannavaris.com\/blogg\/wp-json\/wp\/v2\/media\/1643"}],"wp:attachment":[{"href":"http:\/\/www.susannavaris.com\/blogg\/wp-json\/wp\/v2\/media?parent=1642"}],"wp:term":[{"taxonomy":"category","embeddable":true,"href":"http:\/\/www.susannavaris.com\/blogg\/wp-json\/wp\/v2\/categories?post=1642"},{"taxonomy":"post_tag","embeddable":true,"href":"http:\/\/www.susannavaris.com\/blogg\/wp-json\/wp\/v2\/tags?post=1642"}],"curies":[{"name":"wp","href":"https:\/\/api.w.org\/{rel}","templated":true}]}}