{"id":16532,"date":"2017-10-17T16:26:14","date_gmt":"2017-10-17T14:26:14","guid":{"rendered":"http:\/\/www.susannavaris.com\/blogg\/?p=16532"},"modified":"2017-10-17T16:26:18","modified_gmt":"2017-10-17T14:26:18","slug":"ett-ar-och-tre-dagar-del-3","status":"publish","type":"post","link":"http:\/\/www.susannavaris.com\/blogg\/2017\/10\/ett-ar-och-tre-dagar-del-3\/","title":{"rendered":"Ett \u00e5r och tre dagar del 3"},"content":{"rendered":"<p><em>&#8230;forts\u00e4ttning fr\u00e5n f\u00f6reg\u00e5ende inl\u00e4gg.<\/em><\/p>\n<p>Juli 2017. Vi arbetade v\u00e5r vana trogna hela juli och \u00e4ven \u00f6ver invigningen av Citybanan i Stockholm. F\u00f6rst n\u00e5gra bilder fr\u00e5n vackra S\u00f6dert\u00e4lje:<\/p>\n<p style=\"text-align: center;\"><a href=\"http:\/\/www.susannavaris.com\/blogg\/2017\/10\/ett-ar-och-tre-dagar-del-3\/wp_20170709_20_42_00_pro-2-50\/\" rel=\"attachment wp-att-16533\"><img loading=\"lazy\" decoding=\"async\" class=\"aligncenter size-full wp-image-16533\" src=\"http:\/\/www.susannavaris.com\/blogg\/wp-content\/uploads\/2017\/10\/WP_20170709_20_42_00_Pro-2-50.jpg\" alt=\"\" width=\"864\" height=\"1536\" srcset=\"http:\/\/www.susannavaris.com\/blogg\/wp-content\/uploads\/2017\/10\/WP_20170709_20_42_00_Pro-2-50.jpg 864w, http:\/\/www.susannavaris.com\/blogg\/wp-content\/uploads\/2017\/10\/WP_20170709_20_42_00_Pro-2-50-169x300.jpg 169w, http:\/\/www.susannavaris.com\/blogg\/wp-content\/uploads\/2017\/10\/WP_20170709_20_42_00_Pro-2-50-768x1365.jpg 768w, http:\/\/www.susannavaris.com\/blogg\/wp-content\/uploads\/2017\/10\/WP_20170709_20_42_00_Pro-2-50-576x1024.jpg 576w\" sizes=\"auto, (max-width: 864px) 100vw, 864px\" \/><\/a> <a href=\"http:\/\/www.susannavaris.com\/blogg\/2017\/10\/ett-ar-och-tre-dagar-del-3\/wp_20170709_20_42_51_pro-2-50\/\" rel=\"attachment wp-att-16534\"><img loading=\"lazy\" decoding=\"async\" class=\"aligncenter size-full wp-image-16534\" src=\"http:\/\/www.susannavaris.com\/blogg\/wp-content\/uploads\/2017\/10\/WP_20170709_20_42_51_Pro-2-50.jpg\" alt=\"\" width=\"864\" height=\"1536\" srcset=\"http:\/\/www.susannavaris.com\/blogg\/wp-content\/uploads\/2017\/10\/WP_20170709_20_42_51_Pro-2-50.jpg 864w, http:\/\/www.susannavaris.com\/blogg\/wp-content\/uploads\/2017\/10\/WP_20170709_20_42_51_Pro-2-50-169x300.jpg 169w, http:\/\/www.susannavaris.com\/blogg\/wp-content\/uploads\/2017\/10\/WP_20170709_20_42_51_Pro-2-50-768x1365.jpg 768w, http:\/\/www.susannavaris.com\/blogg\/wp-content\/uploads\/2017\/10\/WP_20170709_20_42_51_Pro-2-50-576x1024.jpg 576w\" sizes=\"auto, (max-width: 864px) 100vw, 864px\" \/><\/a> <a href=\"http:\/\/www.susannavaris.com\/blogg\/2017\/10\/ett-ar-och-tre-dagar-del-3\/wp_20170709_20_44_00_pro-2-50\/\" rel=\"attachment wp-att-16535\"><img loading=\"lazy\" decoding=\"async\" class=\"aligncenter size-full wp-image-16535\" src=\"http:\/\/www.susannavaris.com\/blogg\/wp-content\/uploads\/2017\/10\/WP_20170709_20_44_00_Pro-2-50.jpg\" alt=\"\" width=\"864\" height=\"1536\" srcset=\"http:\/\/www.susannavaris.com\/blogg\/wp-content\/uploads\/2017\/10\/WP_20170709_20_44_00_Pro-2-50.jpg 864w, http:\/\/www.susannavaris.com\/blogg\/wp-content\/uploads\/2017\/10\/WP_20170709_20_44_00_Pro-2-50-169x300.jpg 169w, http:\/\/www.susannavaris.com\/blogg\/wp-content\/uploads\/2017\/10\/WP_20170709_20_44_00_Pro-2-50-768x1365.jpg 768w, http:\/\/www.susannavaris.com\/blogg\/wp-content\/uploads\/2017\/10\/WP_20170709_20_44_00_Pro-2-50-576x1024.jpg 576w\" sizes=\"auto, (max-width: 864px) 100vw, 864px\" \/><\/a><em>Centralparken med skulpturen V\u00e5rdagj\u00e4mning av Sonja Katzin.<\/em><\/p>\n<p>&nbsp;<\/p>\n<p>S\u00e5 var det dags f\u00f6r trafikstart i Citybanan. F\u00f6rsta dagen och ett par gamla bekanta fr\u00e5n pfa-arbetsgruppen h\u00e4lsar p\u00e5.\u00a0 H\u00e4r har ballonger och band plockats bort och representationsgarnityret med bl a Stefan L\u00f6fven dragit sig hem\u00e5t. Tyv\u00e4rr d\u00e5liga bilder med jobbmobilen&#8230;<\/p>\n<p>&nbsp;<\/p>\n<p style=\"text-align: center;\"><a href=\"http:\/\/www.susannavaris.com\/blogg\/2017\/10\/ett-ar-och-tre-dagar-del-3\/170710-02\/\" rel=\"attachment wp-att-16537\"><img loading=\"lazy\" decoding=\"async\" class=\"aligncenter size-full wp-image-16537\" src=\"http:\/\/www.susannavaris.com\/blogg\/wp-content\/uploads\/2017\/10\/170710-02.jpg\" alt=\"\" width=\"1920\" height=\"1080\" srcset=\"http:\/\/www.susannavaris.com\/blogg\/wp-content\/uploads\/2017\/10\/170710-02.jpg 1920w, http:\/\/www.susannavaris.com\/blogg\/wp-content\/uploads\/2017\/10\/170710-02-300x169.jpg 300w, http:\/\/www.susannavaris.com\/blogg\/wp-content\/uploads\/2017\/10\/170710-02-768x432.jpg 768w, http:\/\/www.susannavaris.com\/blogg\/wp-content\/uploads\/2017\/10\/170710-02-1024x576.jpg 1024w\" sizes=\"auto, (max-width: 1920px) 100vw, 1920px\" \/><\/a> <a href=\"http:\/\/www.susannavaris.com\/blogg\/2017\/10\/ett-ar-och-tre-dagar-del-3\/170710-03\/\" rel=\"attachment wp-att-16538\"><img loading=\"lazy\" decoding=\"async\" class=\"aligncenter size-full wp-image-16538\" src=\"http:\/\/www.susannavaris.com\/blogg\/wp-content\/uploads\/2017\/10\/170710-03.jpg\" alt=\"\" width=\"1920\" height=\"1080\" srcset=\"http:\/\/www.susannavaris.com\/blogg\/wp-content\/uploads\/2017\/10\/170710-03.jpg 1920w, http:\/\/www.susannavaris.com\/blogg\/wp-content\/uploads\/2017\/10\/170710-03-300x169.jpg 300w, http:\/\/www.susannavaris.com\/blogg\/wp-content\/uploads\/2017\/10\/170710-03-768x432.jpg 768w, http:\/\/www.susannavaris.com\/blogg\/wp-content\/uploads\/2017\/10\/170710-03-1024x576.jpg 1024w\" sizes=\"auto, (max-width: 1920px) 100vw, 1920px\" \/><\/a> <a href=\"http:\/\/www.susannavaris.com\/blogg\/2017\/10\/ett-ar-och-tre-dagar-del-3\/170710-05\/\" rel=\"attachment wp-att-16539\"><img loading=\"lazy\" decoding=\"async\" class=\"aligncenter size-full wp-image-16539\" src=\"http:\/\/www.susannavaris.com\/blogg\/wp-content\/uploads\/2017\/10\/170710-05.jpg\" alt=\"\" width=\"1920\" height=\"1080\" srcset=\"http:\/\/www.susannavaris.com\/blogg\/wp-content\/uploads\/2017\/10\/170710-05.jpg 1920w, http:\/\/www.susannavaris.com\/blogg\/wp-content\/uploads\/2017\/10\/170710-05-300x169.jpg 300w, http:\/\/www.susannavaris.com\/blogg\/wp-content\/uploads\/2017\/10\/170710-05-768x432.jpg 768w, http:\/\/www.susannavaris.com\/blogg\/wp-content\/uploads\/2017\/10\/170710-05-1024x576.jpg 1024w\" sizes=\"auto, (max-width: 1920px) 100vw, 1920px\" \/><\/a> <a href=\"http:\/\/www.susannavaris.com\/blogg\/2017\/10\/ett-ar-och-tre-dagar-del-3\/170710-06\/\" rel=\"attachment wp-att-16540\"><img loading=\"lazy\" decoding=\"async\" class=\"aligncenter size-full wp-image-16540\" src=\"http:\/\/www.susannavaris.com\/blogg\/wp-content\/uploads\/2017\/10\/170710-06.jpg\" alt=\"\" width=\"1920\" height=\"1080\" srcset=\"http:\/\/www.susannavaris.com\/blogg\/wp-content\/uploads\/2017\/10\/170710-06.jpg 1920w, http:\/\/www.susannavaris.com\/blogg\/wp-content\/uploads\/2017\/10\/170710-06-300x169.jpg 300w, http:\/\/www.susannavaris.com\/blogg\/wp-content\/uploads\/2017\/10\/170710-06-768x432.jpg 768w, http:\/\/www.susannavaris.com\/blogg\/wp-content\/uploads\/2017\/10\/170710-06-1024x576.jpg 1024w\" sizes=\"auto, (max-width: 1920px) 100vw, 1920px\" \/><\/a> <a href=\"http:\/\/www.susannavaris.com\/blogg\/2017\/10\/ett-ar-och-tre-dagar-del-3\/170710-07\/\" rel=\"attachment wp-att-16541\"><img loading=\"lazy\" decoding=\"async\" class=\"aligncenter size-full wp-image-16541\" src=\"http:\/\/www.susannavaris.com\/blogg\/wp-content\/uploads\/2017\/10\/170710-07.jpg\" alt=\"\" width=\"1920\" height=\"1080\" srcset=\"http:\/\/www.susannavaris.com\/blogg\/wp-content\/uploads\/2017\/10\/170710-07.jpg 1920w, http:\/\/www.susannavaris.com\/blogg\/wp-content\/uploads\/2017\/10\/170710-07-300x169.jpg 300w, http:\/\/www.susannavaris.com\/blogg\/wp-content\/uploads\/2017\/10\/170710-07-768x432.jpg 768w, http:\/\/www.susannavaris.com\/blogg\/wp-content\/uploads\/2017\/10\/170710-07-1024x576.jpg 1024w\" sizes=\"auto, (max-width: 1920px) 100vw, 1920px\" \/><\/a> <a href=\"http:\/\/www.susannavaris.com\/blogg\/2017\/10\/ett-ar-och-tre-dagar-del-3\/170711-vit-lampa-slocknar-efter-tag-avgar\/\" rel=\"attachment wp-att-16542\"><img loading=\"lazy\" decoding=\"async\" class=\"aligncenter size-full wp-image-16542\" src=\"http:\/\/www.susannavaris.com\/blogg\/wp-content\/uploads\/2017\/10\/170711-vit-lampa-slocknar-efter-t\u00e5g-avg\u00e5r.jpg\" alt=\"\" width=\"614\" height=\"1091\" srcset=\"http:\/\/www.susannavaris.com\/blogg\/wp-content\/uploads\/2017\/10\/170711-vit-lampa-slocknar-efter-t\u00e5g-avg\u00e5r.jpg 614w, http:\/\/www.susannavaris.com\/blogg\/wp-content\/uploads\/2017\/10\/170711-vit-lampa-slocknar-efter-t\u00e5g-avg\u00e5r-169x300.jpg 169w, http:\/\/www.susannavaris.com\/blogg\/wp-content\/uploads\/2017\/10\/170711-vit-lampa-slocknar-efter-t\u00e5g-avg\u00e5r-576x1024.jpg 576w\" sizes=\"auto, (max-width: 614px) 100vw, 614px\" \/><\/a><em>Det var mitt f\u00f6rslag att den h\u00e4r indikationen skulle ha f\u00e4rgen rosa (blev mer lila, men \u00e4nd\u00e5)&#8230; :)<\/em><\/p>\n<p>&nbsp;<\/p>\n<p>N\u00e5gon dag senare gjorde jag en konstvandring p\u00e5 station Stockholm City, som den nya pendelt\u00e5gsstationen vid Stockholm central nu heter. (\u00c5teranv\u00e4nder mina kommentarer kring verken lite slappt fr\u00e5n Facebook, d\u00e4rav vissa p\u00e5 engelska).<\/p>\n<p>&nbsp;<\/p>\n<p style=\"text-align: center;\"><a href=\"http:\/\/www.susannavaris.com\/blogg\/2017\/10\/ett-ar-och-tre-dagar-del-3\/stockholmcity_placering\/\" rel=\"attachment wp-att-16543\"><img loading=\"lazy\" decoding=\"async\" class=\"aligncenter size-full wp-image-16543\" src=\"http:\/\/www.susannavaris.com\/blogg\/wp-content\/uploads\/2017\/10\/stockholmcity_placering.jpg\" alt=\"\" width=\"1500\" height=\"1070\" srcset=\"http:\/\/www.susannavaris.com\/blogg\/wp-content\/uploads\/2017\/10\/stockholmcity_placering.jpg 1500w, http:\/\/www.susannavaris.com\/blogg\/wp-content\/uploads\/2017\/10\/stockholmcity_placering-300x214.jpg 300w, http:\/\/www.susannavaris.com\/blogg\/wp-content\/uploads\/2017\/10\/stockholmcity_placering-768x548.jpg 768w, http:\/\/www.susannavaris.com\/blogg\/wp-content\/uploads\/2017\/10\/stockholmcity_placering-1024x730.jpg 1024w\" sizes=\"auto, (max-width: 1500px) 100vw, 1500px\" \/><\/a><em>H\u00e4r syns placeringen av konsten. Bild: Trafikverket<\/em><\/p>\n<p style=\"text-align: center;\"><a href=\"http:\/\/www.susannavaris.com\/blogg\/2017\/10\/ett-ar-och-tre-dagar-del-3\/wp_20170723_15_27_11_pro__highres-50\/\" rel=\"attachment wp-att-16544\"><img loading=\"lazy\" decoding=\"async\" class=\"aligncenter size-full wp-image-16544\" src=\"http:\/\/www.susannavaris.com\/blogg\/wp-content\/uploads\/2017\/10\/WP_20170723_15_27_11_Pro__highres-50.jpg\" alt=\"\" width=\"2169\" height=\"3072\" srcset=\"http:\/\/www.susannavaris.com\/blogg\/wp-content\/uploads\/2017\/10\/WP_20170723_15_27_11_Pro__highres-50.jpg 2169w, http:\/\/www.susannavaris.com\/blogg\/wp-content\/uploads\/2017\/10\/WP_20170723_15_27_11_Pro__highres-50-212x300.jpg 212w, http:\/\/www.susannavaris.com\/blogg\/wp-content\/uploads\/2017\/10\/WP_20170723_15_27_11_Pro__highres-50-768x1088.jpg 768w, http:\/\/www.susannavaris.com\/blogg\/wp-content\/uploads\/2017\/10\/WP_20170723_15_27_11_Pro__highres-50-723x1024.jpg 723w\" sizes=\"auto, (max-width: 2169px) 100vw, 2169px\" \/><\/a> <a href=\"http:\/\/www.susannavaris.com\/blogg\/2017\/10\/ett-ar-och-tre-dagar-del-3\/wp_20170723_15_27_42_pro__highres-50-crop\/\" rel=\"attachment wp-att-16545\"><img loading=\"lazy\" decoding=\"async\" class=\"aligncenter size-full wp-image-16545\" src=\"http:\/\/www.susannavaris.com\/blogg\/wp-content\/uploads\/2017\/10\/WP_20170723_15_27_42_Pro__highres-50-crop.jpg\" alt=\"\" width=\"3168\" height=\"1941\" srcset=\"http:\/\/www.susannavaris.com\/blogg\/wp-content\/uploads\/2017\/10\/WP_20170723_15_27_42_Pro__highres-50-crop.jpg 3168w, http:\/\/www.susannavaris.com\/blogg\/wp-content\/uploads\/2017\/10\/WP_20170723_15_27_42_Pro__highres-50-crop-300x184.jpg 300w, http:\/\/www.susannavaris.com\/blogg\/wp-content\/uploads\/2017\/10\/WP_20170723_15_27_42_Pro__highres-50-crop-768x471.jpg 768w, http:\/\/www.susannavaris.com\/blogg\/wp-content\/uploads\/2017\/10\/WP_20170723_15_27_42_Pro__highres-50-crop-1024x627.jpg 1024w\" sizes=\"auto, (max-width: 3168px) 100vw, 3168px\" \/><\/a> <a href=\"http:\/\/www.susannavaris.com\/blogg\/2017\/10\/ett-ar-och-tre-dagar-del-3\/wp_20170723_15_29_03_pro__highres-50\/\" rel=\"attachment wp-att-16546\"><img loading=\"lazy\" decoding=\"async\" class=\"aligncenter size-full wp-image-16546\" src=\"http:\/\/www.susannavaris.com\/blogg\/wp-content\/uploads\/2017\/10\/WP_20170723_15_29_03_Pro__highres-50.jpg\" alt=\"\" width=\"2176\" height=\"3856\" srcset=\"http:\/\/www.susannavaris.com\/blogg\/wp-content\/uploads\/2017\/10\/WP_20170723_15_29_03_Pro__highres-50.jpg 2176w, http:\/\/www.susannavaris.com\/blogg\/wp-content\/uploads\/2017\/10\/WP_20170723_15_29_03_Pro__highres-50-169x300.jpg 169w, http:\/\/www.susannavaris.com\/blogg\/wp-content\/uploads\/2017\/10\/WP_20170723_15_29_03_Pro__highres-50-768x1361.jpg 768w, http:\/\/www.susannavaris.com\/blogg\/wp-content\/uploads\/2017\/10\/WP_20170723_15_29_03_Pro__highres-50-578x1024.jpg 578w\" sizes=\"auto, (max-width: 2176px) 100vw, 2176px\" \/><\/a><em>Den nya stationen Stockholm City och den gamla Stockholm central p\u00e5 var sin sida av Vasagatan. Ny ing\u00e5ng p\u00e5 Klarabergsviadukten. S\u00e4tt g\u00e4rna dit ett J f\u00f6r j\u00e4rnv\u00e4g ocks\u00e5! Nog f\u00f6r att vi k\u00f6r i en tunnel h\u00e4r, men det \u00e4r j\u00e4rnv\u00e4gstrafik vi h\u00e5ller p\u00e5 med och inte tunnelbana&#8230; ;) Aprop\u00e5s det, vi har en ny operat\u00f6r ocks\u00e5 sedan december: MTR &#8211; Hong Kong-baserat och \u00e4gt av kinesiska staten. MTR k\u00f6r \u00e4ven tunnelbanan och fj\u00e4rrt\u00e5g i form av MTR Express i Sverige.<\/em><\/p>\n<p>&nbsp;<\/p>\n<p style=\"text-align: center;\"><a href=\"http:\/\/www.susannavaris.com\/blogg\/2017\/10\/ett-ar-och-tre-dagar-del-3\/wp_20170723_15_30_56_pro__highres-50\/\" rel=\"attachment wp-att-16548\"><img loading=\"lazy\" decoding=\"async\" class=\"aligncenter size-full wp-image-16548\" src=\"http:\/\/www.susannavaris.com\/blogg\/wp-content\/uploads\/2017\/10\/WP_20170723_15_30_56_Pro__highres-50.jpg\" alt=\"\" width=\"3856\" height=\"2176\" srcset=\"http:\/\/www.susannavaris.com\/blogg\/wp-content\/uploads\/2017\/10\/WP_20170723_15_30_56_Pro__highres-50.jpg 3856w, http:\/\/www.susannavaris.com\/blogg\/wp-content\/uploads\/2017\/10\/WP_20170723_15_30_56_Pro__highres-50-300x169.jpg 300w, http:\/\/www.susannavaris.com\/blogg\/wp-content\/uploads\/2017\/10\/WP_20170723_15_30_56_Pro__highres-50-768x433.jpg 768w, http:\/\/www.susannavaris.com\/blogg\/wp-content\/uploads\/2017\/10\/WP_20170723_15_30_56_Pro__highres-50-1024x578.jpg 1024w\" sizes=\"auto, (max-width: 3856px) 100vw, 3856px\" \/><\/a><em>Konst som redan fanns p\u00e5 plats. En av g\u00e5ngarna mellan tunnelbana och pendelt\u00e5g.<\/em><\/p>\n<p style=\"text-align: center;\"><a href=\"http:\/\/www.susannavaris.com\/blogg\/2017\/10\/ett-ar-och-tre-dagar-del-3\/wp_20170723_15_33_56_pro__highres-50\/\" rel=\"attachment wp-att-16549\"><img loading=\"lazy\" decoding=\"async\" class=\"aligncenter size-full wp-image-16549\" src=\"http:\/\/www.susannavaris.com\/blogg\/wp-content\/uploads\/2017\/10\/WP_20170723_15_33_56_Pro__highres-50.jpg\" alt=\"\" width=\"2176\" height=\"3856\" srcset=\"http:\/\/www.susannavaris.com\/blogg\/wp-content\/uploads\/2017\/10\/WP_20170723_15_33_56_Pro__highres-50.jpg 2176w, http:\/\/www.susannavaris.com\/blogg\/wp-content\/uploads\/2017\/10\/WP_20170723_15_33_56_Pro__highres-50-169x300.jpg 169w, http:\/\/www.susannavaris.com\/blogg\/wp-content\/uploads\/2017\/10\/WP_20170723_15_33_56_Pro__highres-50-768x1361.jpg 768w, http:\/\/www.susannavaris.com\/blogg\/wp-content\/uploads\/2017\/10\/WP_20170723_15_33_56_Pro__highres-50-578x1024.jpg 578w\" sizes=\"auto, (max-width: 2176px) 100vw, 2176px\" \/><\/a><a href=\"http:\/\/www.susannavaris.com\/blogg\/2017\/10\/ett-ar-och-tre-dagar-del-3\/wp_20170723_15_34_06_pro__highres-50\/\" rel=\"attachment wp-att-16550\"><img loading=\"lazy\" decoding=\"async\" class=\"aligncenter size-full wp-image-16550\" src=\"http:\/\/www.susannavaris.com\/blogg\/wp-content\/uploads\/2017\/10\/WP_20170723_15_34_06_Pro__highres-50.jpg\" alt=\"\" width=\"2176\" height=\"3856\" srcset=\"http:\/\/www.susannavaris.com\/blogg\/wp-content\/uploads\/2017\/10\/WP_20170723_15_34_06_Pro__highres-50.jpg 2176w, http:\/\/www.susannavaris.com\/blogg\/wp-content\/uploads\/2017\/10\/WP_20170723_15_34_06_Pro__highres-50-169x300.jpg 169w, http:\/\/www.susannavaris.com\/blogg\/wp-content\/uploads\/2017\/10\/WP_20170723_15_34_06_Pro__highres-50-768x1361.jpg 768w, http:\/\/www.susannavaris.com\/blogg\/wp-content\/uploads\/2017\/10\/WP_20170723_15_34_06_Pro__highres-50-578x1024.jpg 578w\" sizes=\"auto, (max-width: 2176px) 100vw, 2176px\" \/><\/a><a href=\"http:\/\/www.susannavaris.com\/blogg\/2017\/10\/ett-ar-och-tre-dagar-del-3\/wp_20170723_15_34_17_pro__highres-50\/\" rel=\"attachment wp-att-16551\"><img loading=\"lazy\" decoding=\"async\" class=\"aligncenter size-full wp-image-16551\" src=\"http:\/\/www.susannavaris.com\/blogg\/wp-content\/uploads\/2017\/10\/WP_20170723_15_34_17_Pro__highres-50.jpg\" alt=\"\" width=\"2176\" height=\"3856\" srcset=\"http:\/\/www.susannavaris.com\/blogg\/wp-content\/uploads\/2017\/10\/WP_20170723_15_34_17_Pro__highres-50.jpg 2176w, http:\/\/www.susannavaris.com\/blogg\/wp-content\/uploads\/2017\/10\/WP_20170723_15_34_17_Pro__highres-50-169x300.jpg 169w, http:\/\/www.susannavaris.com\/blogg\/wp-content\/uploads\/2017\/10\/WP_20170723_15_34_17_Pro__highres-50-768x1361.jpg 768w, http:\/\/www.susannavaris.com\/blogg\/wp-content\/uploads\/2017\/10\/WP_20170723_15_34_17_Pro__highres-50-578x1024.jpg 578w\" sizes=\"auto, (max-width: 2176px) 100vw, 2176px\" \/><\/a><a href=\"http:\/\/www.susannavaris.com\/blogg\/2017\/10\/ett-ar-och-tre-dagar-del-3\/wp_20170723_15_34_46_pro__highres-crop\/\" rel=\"attachment wp-att-16552\"><img loading=\"lazy\" decoding=\"async\" class=\"aligncenter size-full wp-image-16552\" src=\"http:\/\/www.susannavaris.com\/blogg\/wp-content\/uploads\/2017\/10\/WP_20170723_15_34_46_Pro__highres-crop.jpg\" alt=\"\" width=\"3713\" height=\"2102\" srcset=\"http:\/\/www.susannavaris.com\/blogg\/wp-content\/uploads\/2017\/10\/WP_20170723_15_34_46_Pro__highres-crop.jpg 3713w, http:\/\/www.susannavaris.com\/blogg\/wp-content\/uploads\/2017\/10\/WP_20170723_15_34_46_Pro__highres-crop-300x170.jpg 300w, http:\/\/www.susannavaris.com\/blogg\/wp-content\/uploads\/2017\/10\/WP_20170723_15_34_46_Pro__highres-crop-768x435.jpg 768w, http:\/\/www.susannavaris.com\/blogg\/wp-content\/uploads\/2017\/10\/WP_20170723_15_34_46_Pro__highres-crop-1024x580.jpg 1024w\" sizes=\"auto, (max-width: 3713px) 100vw, 3713px\" \/><\/a><a href=\"http:\/\/www.susannavaris.com\/blogg\/2017\/10\/ett-ar-och-tre-dagar-del-3\/wp_20170723_15_35_30_pro__highres-50\/\" rel=\"attachment wp-att-16553\"><img loading=\"lazy\" decoding=\"async\" class=\"aligncenter size-full wp-image-16553\" src=\"http:\/\/www.susannavaris.com\/blogg\/wp-content\/uploads\/2017\/10\/WP_20170723_15_35_30_Pro__highres-50.jpg\" alt=\"\" width=\"2169\" height=\"3418\" srcset=\"http:\/\/www.susannavaris.com\/blogg\/wp-content\/uploads\/2017\/10\/WP_20170723_15_35_30_Pro__highres-50.jpg 2169w, http:\/\/www.susannavaris.com\/blogg\/wp-content\/uploads\/2017\/10\/WP_20170723_15_35_30_Pro__highres-50-190x300.jpg 190w, http:\/\/www.susannavaris.com\/blogg\/wp-content\/uploads\/2017\/10\/WP_20170723_15_35_30_Pro__highres-50-768x1210.jpg 768w, http:\/\/www.susannavaris.com\/blogg\/wp-content\/uploads\/2017\/10\/WP_20170723_15_35_30_Pro__highres-50-650x1024.jpg 650w\" sizes=\"auto, (max-width: 2169px) 100vw, 2169px\" \/><\/a><a href=\"http:\/\/www.susannavaris.com\/blogg\/2017\/10\/ett-ar-och-tre-dagar-del-3\/wp_20170723_15_35_55_pro__highres-50\/\" rel=\"attachment wp-att-16554\"><img loading=\"lazy\" decoding=\"async\" class=\"aligncenter size-full wp-image-16554\" src=\"http:\/\/www.susannavaris.com\/blogg\/wp-content\/uploads\/2017\/10\/WP_20170723_15_35_55_Pro__highres-50.jpg\" alt=\"\" width=\"2176\" height=\"3856\" srcset=\"http:\/\/www.susannavaris.com\/blogg\/wp-content\/uploads\/2017\/10\/WP_20170723_15_35_55_Pro__highres-50.jpg 2176w, http:\/\/www.susannavaris.com\/blogg\/wp-content\/uploads\/2017\/10\/WP_20170723_15_35_55_Pro__highres-50-169x300.jpg 169w, http:\/\/www.susannavaris.com\/blogg\/wp-content\/uploads\/2017\/10\/WP_20170723_15_35_55_Pro__highres-50-768x1361.jpg 768w, http:\/\/www.susannavaris.com\/blogg\/wp-content\/uploads\/2017\/10\/WP_20170723_15_35_55_Pro__highres-50-578x1024.jpg 578w\" sizes=\"auto, (max-width: 2176px) 100vw, 2176px\" \/><\/a><em><span id=\"fbPhotoSnowliftCaption\" class=\"fbPhotosPhotoCaption\" tabindex=\"0\" aria-live=\"polite\" data-ft=\"{&quot;tn&quot;:&quot;K&quot;}\"><span class=\"hasCaption\">Karin Lindh &#8211; &#8221;Pendlarkatedralen&#8221;<\/span><\/span><\/em><span id=\"fbPhotoSnowliftTagList\" class=\"fbPhotoTagList\"> <i class=\"_agk img sp_tzePjJWDiLQ sx_eb834f\"><\/i><\/span><\/p>\n<p><span id=\"fbPhotoSnowliftCaption\" class=\"fbPhotosPhotoCaption\" tabindex=\"0\" aria-live=\"polite\" data-ft=\"{&quot;tn&quot;:&quot;K&quot;}\"><span class=\"hasCaption\">Journey to the underground.<\/span><\/span><\/p>\n<p>&nbsp;<\/p>\n<p style=\"text-align: center;\"><a href=\"http:\/\/www.susannavaris.com\/blogg\/2017\/10\/ett-ar-och-tre-dagar-del-3\/wp_20170723_15_37_00_pro__highres-50\/\" rel=\"attachment wp-att-16555\"><img loading=\"lazy\" decoding=\"async\" class=\"aligncenter size-full wp-image-16555\" src=\"http:\/\/www.susannavaris.com\/blogg\/wp-content\/uploads\/2017\/10\/WP_20170723_15_37_00_Pro__highres-50.jpg\" alt=\"\" width=\"3856\" height=\"2176\" srcset=\"http:\/\/www.susannavaris.com\/blogg\/wp-content\/uploads\/2017\/10\/WP_20170723_15_37_00_Pro__highres-50.jpg 3856w, http:\/\/www.susannavaris.com\/blogg\/wp-content\/uploads\/2017\/10\/WP_20170723_15_37_00_Pro__highres-50-300x169.jpg 300w, http:\/\/www.susannavaris.com\/blogg\/wp-content\/uploads\/2017\/10\/WP_20170723_15_37_00_Pro__highres-50-768x433.jpg 768w, http:\/\/www.susannavaris.com\/blogg\/wp-content\/uploads\/2017\/10\/WP_20170723_15_37_00_Pro__highres-50-1024x578.jpg 1024w\" sizes=\"auto, (max-width: 3856px) 100vw, 3856px\" \/><\/a> <a href=\"http:\/\/www.susannavaris.com\/blogg\/2017\/10\/ett-ar-och-tre-dagar-del-3\/wp_20170723_15_37_08_pro__highres-50\/\" rel=\"attachment wp-att-16556\"><img loading=\"lazy\" decoding=\"async\" class=\"aligncenter size-full wp-image-16556\" src=\"http:\/\/www.susannavaris.com\/blogg\/wp-content\/uploads\/2017\/10\/WP_20170723_15_37_08_Pro__highres-50.jpg\" alt=\"\" width=\"2231\" height=\"1616\" srcset=\"http:\/\/www.susannavaris.com\/blogg\/wp-content\/uploads\/2017\/10\/WP_20170723_15_37_08_Pro__highres-50.jpg 2231w, http:\/\/www.susannavaris.com\/blogg\/wp-content\/uploads\/2017\/10\/WP_20170723_15_37_08_Pro__highres-50-300x217.jpg 300w, http:\/\/www.susannavaris.com\/blogg\/wp-content\/uploads\/2017\/10\/WP_20170723_15_37_08_Pro__highres-50-768x556.jpg 768w, http:\/\/www.susannavaris.com\/blogg\/wp-content\/uploads\/2017\/10\/WP_20170723_15_37_08_Pro__highres-50-1024x742.jpg 1024w\" sizes=\"auto, (max-width: 2231px) 100vw, 2231px\" \/><\/a><em><span id=\"fbPhotoSnowliftCaption\" class=\"fbPhotosPhotoCaption\" tabindex=\"0\" aria-live=\"polite\" data-ft=\"{&quot;tn&quot;:&quot;K&quot;}\"><span class=\"hasCaption\">Lars Arrhenius &#8211; &#8221;Cuckoo Clock&#8221;<\/span><\/span><\/em><\/p>\n<p><span id=\"fbPhotoSnowliftCaption\" class=\"fbPhotosPhotoCaption\" tabindex=\"0\" aria-live=\"polite\" data-ft=\"{&quot;tn&quot;:&quot;K&quot;}\"><span class=\"hasCaption\">This piece is in constant motion. The two-dimensional symbol beings being busy in their own city and transportsystem. <\/span><\/span><\/p>\n<p>&nbsp;<\/p>\n<p style=\"text-align: center;\"><a href=\"http:\/\/www.susannavaris.com\/blogg\/2017\/10\/ett-ar-och-tre-dagar-del-3\/wp_20170723_15_39_54_pro__highres-50\/\" rel=\"attachment wp-att-16557\"><img loading=\"lazy\" decoding=\"async\" class=\"aligncenter size-full wp-image-16557\" src=\"http:\/\/www.susannavaris.com\/blogg\/wp-content\/uploads\/2017\/10\/WP_20170723_15_39_54_Pro__highres-50.jpg\" alt=\"\" width=\"3856\" height=\"2176\" srcset=\"http:\/\/www.susannavaris.com\/blogg\/wp-content\/uploads\/2017\/10\/WP_20170723_15_39_54_Pro__highres-50.jpg 3856w, http:\/\/www.susannavaris.com\/blogg\/wp-content\/uploads\/2017\/10\/WP_20170723_15_39_54_Pro__highres-50-300x169.jpg 300w, http:\/\/www.susannavaris.com\/blogg\/wp-content\/uploads\/2017\/10\/WP_20170723_15_39_54_Pro__highres-50-768x433.jpg 768w, http:\/\/www.susannavaris.com\/blogg\/wp-content\/uploads\/2017\/10\/WP_20170723_15_39_54_Pro__highres-50-1024x578.jpg 1024w\" sizes=\"auto, (max-width: 3856px) 100vw, 3856px\" \/><\/a> <a href=\"http:\/\/www.susannavaris.com\/blogg\/2017\/10\/ett-ar-och-tre-dagar-del-3\/wp_20170723_15_40_39_pro__highres-crop\/\" rel=\"attachment wp-att-16558\"><img loading=\"lazy\" decoding=\"async\" class=\"aligncenter size-full wp-image-16558\" src=\"http:\/\/www.susannavaris.com\/blogg\/wp-content\/uploads\/2017\/10\/WP_20170723_15_40_39_Pro__highres-crop.jpg\" alt=\"\" width=\"2948\" height=\"2102\" srcset=\"http:\/\/www.susannavaris.com\/blogg\/wp-content\/uploads\/2017\/10\/WP_20170723_15_40_39_Pro__highres-crop.jpg 2948w, http:\/\/www.susannavaris.com\/blogg\/wp-content\/uploads\/2017\/10\/WP_20170723_15_40_39_Pro__highres-crop-300x214.jpg 300w, http:\/\/www.susannavaris.com\/blogg\/wp-content\/uploads\/2017\/10\/WP_20170723_15_40_39_Pro__highres-crop-768x548.jpg 768w, http:\/\/www.susannavaris.com\/blogg\/wp-content\/uploads\/2017\/10\/WP_20170723_15_40_39_Pro__highres-crop-1024x730.jpg 1024w\" sizes=\"auto, (max-width: 2948px) 100vw, 2948px\" \/><\/a> <a href=\"http:\/\/www.susannavaris.com\/blogg\/2017\/10\/ett-ar-och-tre-dagar-del-3\/wp_20170723_15_41_39_pro__highres-50\/\" rel=\"attachment wp-att-16559\"><img loading=\"lazy\" decoding=\"async\" class=\"aligncenter size-full wp-image-16559\" src=\"http:\/\/www.susannavaris.com\/blogg\/wp-content\/uploads\/2017\/10\/WP_20170723_15_41_39_Pro__highres-50.jpg\" alt=\"\" width=\"2966\" height=\"2082\" srcset=\"http:\/\/www.susannavaris.com\/blogg\/wp-content\/uploads\/2017\/10\/WP_20170723_15_41_39_Pro__highres-50.jpg 2966w, http:\/\/www.susannavaris.com\/blogg\/wp-content\/uploads\/2017\/10\/WP_20170723_15_41_39_Pro__highres-50-300x211.jpg 300w, http:\/\/www.susannavaris.com\/blogg\/wp-content\/uploads\/2017\/10\/WP_20170723_15_41_39_Pro__highres-50-768x539.jpg 768w, http:\/\/www.susannavaris.com\/blogg\/wp-content\/uploads\/2017\/10\/WP_20170723_15_41_39_Pro__highres-50-1024x719.jpg 1024w\" sizes=\"auto, (max-width: 2966px) 100vw, 2966px\" \/><\/a><em><span id=\"fbPhotoSnowliftCaption\" class=\"fbPhotosPhotoCaption\" tabindex=\"0\" aria-live=\"polite\" data-ft=\"{&quot;tn&quot;:&quot;K&quot;}\"><span class=\"hasCaption\">\u00c5sa Lindstr\u00f6m &#8211; &#8221;Vardagens sal&#8221;<\/span><\/span><\/em><\/p>\n<p><span id=\"fbPhotoSnowliftCaption\" class=\"fbPhotosPhotoCaption\" tabindex=\"0\" aria-live=\"polite\" data-ft=\"{&quot;tn&quot;:&quot;K&quot;}\"><span class=\"hasCaption\">This piece is just lovely with it\u00b4s fairytale dimension in the middle of the city and all its stressful situations. Very calm and sweet.<br \/>\n<\/span><\/span><\/p>\n<p>&nbsp;<\/p>\n<p style=\"text-align: center;\"><a href=\"http:\/\/www.susannavaris.com\/blogg\/2017\/10\/ett-ar-och-tre-dagar-del-3\/wp_20170723_15_43_07_pro__highres-50-crop\/\" rel=\"attachment wp-att-16560\"><img loading=\"lazy\" decoding=\"async\" class=\"aligncenter size-full wp-image-16560\" src=\"http:\/\/www.susannavaris.com\/blogg\/wp-content\/uploads\/2017\/10\/WP_20170723_15_43_07_Pro__highres-50-crop.jpg\" alt=\"\" width=\"2471\" height=\"1624\" srcset=\"http:\/\/www.susannavaris.com\/blogg\/wp-content\/uploads\/2017\/10\/WP_20170723_15_43_07_Pro__highres-50-crop.jpg 2471w, http:\/\/www.susannavaris.com\/blogg\/wp-content\/uploads\/2017\/10\/WP_20170723_15_43_07_Pro__highres-50-crop-300x197.jpg 300w, http:\/\/www.susannavaris.com\/blogg\/wp-content\/uploads\/2017\/10\/WP_20170723_15_43_07_Pro__highres-50-crop-768x505.jpg 768w, http:\/\/www.susannavaris.com\/blogg\/wp-content\/uploads\/2017\/10\/WP_20170723_15_43_07_Pro__highres-50-crop-1024x673.jpg 1024w\" sizes=\"auto, (max-width: 2471px) 100vw, 2471px\" \/><\/a> <a href=\"http:\/\/www.susannavaris.com\/blogg\/2017\/10\/ett-ar-och-tre-dagar-del-3\/wp_20170723_15_43_18_pro__highres-50\/\" rel=\"attachment wp-att-16561\"><img loading=\"lazy\" decoding=\"async\" class=\"aligncenter size-full wp-image-16561\" src=\"http:\/\/www.susannavaris.com\/blogg\/wp-content\/uploads\/2017\/10\/WP_20170723_15_43_18_Pro__highres-50.jpg\" alt=\"\" width=\"3856\" height=\"2176\" srcset=\"http:\/\/www.susannavaris.com\/blogg\/wp-content\/uploads\/2017\/10\/WP_20170723_15_43_18_Pro__highres-50.jpg 3856w, http:\/\/www.susannavaris.com\/blogg\/wp-content\/uploads\/2017\/10\/WP_20170723_15_43_18_Pro__highres-50-300x169.jpg 300w, http:\/\/www.susannavaris.com\/blogg\/wp-content\/uploads\/2017\/10\/WP_20170723_15_43_18_Pro__highres-50-768x433.jpg 768w, http:\/\/www.susannavaris.com\/blogg\/wp-content\/uploads\/2017\/10\/WP_20170723_15_43_18_Pro__highres-50-1024x578.jpg 1024w\" sizes=\"auto, (max-width: 3856px) 100vw, 3856px\" \/><\/a><em><span id=\"fbPhotoSnowliftCaption\" class=\"fbPhotosPhotoCaption\" tabindex=\"0\" aria-live=\"polite\" data-ft=\"{&quot;tn&quot;:&quot;K&quot;}\"><span class=\"hasCaption\">Peter Svedberg &#8211; &#8221;Stad, tr\u00e4d och \u00e4ng&#8221;<\/span><\/span><\/em><\/p>\n<p>Den h\u00e4r p\u00e5minner mig om gamla stilleben och vanitasm\u00e5lningar fr\u00e5n exempelvis den holl\u00e4ndska guld\u00e5ldern. V\u00e4xt- och naturmotiven \u00e4r indelade i sm\u00e5 kubiska l\u00e5dor med spegelv\u00e4ggar och ger mig en association till natur och f\u00f6rg\u00e4nglighet indelad i stadens rutn\u00e4t och \u00e5terspeglad i glasfasader.<\/p>\n<p style=\"text-align: center;\"><a href=\"http:\/\/www.susannavaris.com\/blogg\/2017\/10\/ett-ar-och-tre-dagar-del-3\/wp_20170723_15_44_49_pro__highres-50\/\" rel=\"attachment wp-att-16562\"><img loading=\"lazy\" decoding=\"async\" class=\"aligncenter size-full wp-image-16562\" src=\"http:\/\/www.susannavaris.com\/blogg\/wp-content\/uploads\/2017\/10\/WP_20170723_15_44_49_Pro__highres-50.jpg\" alt=\"\" width=\"3856\" height=\"2176\" srcset=\"http:\/\/www.susannavaris.com\/blogg\/wp-content\/uploads\/2017\/10\/WP_20170723_15_44_49_Pro__highres-50.jpg 3856w, http:\/\/www.susannavaris.com\/blogg\/wp-content\/uploads\/2017\/10\/WP_20170723_15_44_49_Pro__highres-50-300x169.jpg 300w, http:\/\/www.susannavaris.com\/blogg\/wp-content\/uploads\/2017\/10\/WP_20170723_15_44_49_Pro__highres-50-768x433.jpg 768w, http:\/\/www.susannavaris.com\/blogg\/wp-content\/uploads\/2017\/10\/WP_20170723_15_44_49_Pro__highres-50-1024x578.jpg 1024w\" sizes=\"auto, (max-width: 3856px) 100vw, 3856px\" \/><\/a><em>Se ovan.<\/em><\/p>\n<p>&nbsp;<\/p>\n<p style=\"text-align: center;\"><a href=\"http:\/\/www.susannavaris.com\/blogg\/2017\/10\/ett-ar-och-tre-dagar-del-3\/wp_20170723_15_47_21_pro__highres-50\/\" rel=\"attachment wp-att-16563\"><img loading=\"lazy\" decoding=\"async\" class=\"aligncenter size-full wp-image-16563\" src=\"http:\/\/www.susannavaris.com\/blogg\/wp-content\/uploads\/2017\/10\/WP_20170723_15_47_21_Pro__highres-50.jpg\" alt=\"\" width=\"3856\" height=\"2176\" srcset=\"http:\/\/www.susannavaris.com\/blogg\/wp-content\/uploads\/2017\/10\/WP_20170723_15_47_21_Pro__highres-50.jpg 3856w, http:\/\/www.susannavaris.com\/blogg\/wp-content\/uploads\/2017\/10\/WP_20170723_15_47_21_Pro__highres-50-300x169.jpg 300w, http:\/\/www.susannavaris.com\/blogg\/wp-content\/uploads\/2017\/10\/WP_20170723_15_47_21_Pro__highres-50-768x433.jpg 768w, http:\/\/www.susannavaris.com\/blogg\/wp-content\/uploads\/2017\/10\/WP_20170723_15_47_21_Pro__highres-50-1024x578.jpg 1024w\" sizes=\"auto, (max-width: 3856px) 100vw, 3856px\" \/><\/a> <a href=\"http:\/\/www.susannavaris.com\/blogg\/2017\/10\/ett-ar-och-tre-dagar-del-3\/wp_20170723_15_47_44_pro__highres-crop\/\" rel=\"attachment wp-att-16564\"><img loading=\"lazy\" decoding=\"async\" class=\"aligncenter size-full wp-image-16564\" src=\"http:\/\/www.susannavaris.com\/blogg\/wp-content\/uploads\/2017\/10\/WP_20170723_15_47_44_Pro__highres-crop.jpg\" alt=\"\" width=\"6339\" height=\"2881\" srcset=\"http:\/\/www.susannavaris.com\/blogg\/wp-content\/uploads\/2017\/10\/WP_20170723_15_47_44_Pro__highres-crop.jpg 6339w, http:\/\/www.susannavaris.com\/blogg\/wp-content\/uploads\/2017\/10\/WP_20170723_15_47_44_Pro__highres-crop-300x136.jpg 300w, http:\/\/www.susannavaris.com\/blogg\/wp-content\/uploads\/2017\/10\/WP_20170723_15_47_44_Pro__highres-crop-768x349.jpg 768w, http:\/\/www.susannavaris.com\/blogg\/wp-content\/uploads\/2017\/10\/WP_20170723_15_47_44_Pro__highres-crop-1024x465.jpg 1024w\" sizes=\"auto, (max-width: 6339px) 100vw, 6339px\" \/><\/a> <em><span id=\"fbPhotoSnowliftCaption\" class=\"fbPhotosPhotoCaption\" tabindex=\"0\" aria-live=\"polite\" data-ft=\"{&quot;tn&quot;:&quot;K&quot;}\"><span class=\"hasCaption\">Peter Svedberg &#8211; &#8221;Stad, tr\u00e4d och \u00e4ng&#8221;<\/span><\/span><\/em><span id=\"fbPhotoSnowliftTagList\" class=\"fbPhotoTagList\"> <i class=\"_agk img sp_tzePjJWDiLQ sx_eb834f\"><\/i><\/span><\/p>\n<p>&nbsp;<\/p>\n<p style=\"text-align: center;\"><a href=\"http:\/\/www.susannavaris.com\/blogg\/2017\/10\/ett-ar-och-tre-dagar-del-3\/dsc_0091-c\/\" rel=\"attachment wp-att-16566\"><img loading=\"lazy\" decoding=\"async\" class=\"aligncenter size-full wp-image-16566\" src=\"http:\/\/www.susannavaris.com\/blogg\/wp-content\/uploads\/2017\/10\/DSC_0091-c.jpg\" alt=\"\" width=\"4608\" height=\"3072\" srcset=\"http:\/\/www.susannavaris.com\/blogg\/wp-content\/uploads\/2017\/10\/DSC_0091-c.jpg 4608w, http:\/\/www.susannavaris.com\/blogg\/wp-content\/uploads\/2017\/10\/DSC_0091-c-300x200.jpg 300w, http:\/\/www.susannavaris.com\/blogg\/wp-content\/uploads\/2017\/10\/DSC_0091-c-768x512.jpg 768w, http:\/\/www.susannavaris.com\/blogg\/wp-content\/uploads\/2017\/10\/DSC_0091-c-1024x683.jpg 1024w\" sizes=\"auto, (max-width: 4608px) 100vw, 4608px\" \/><\/a><em>Lite som mitt foto fr\u00e5n n\u00e5got \u00e5r sedan, eller hur&#8230;? ;)<\/em><\/p>\n<p style=\"text-align: center;\"><a href=\"http:\/\/www.susannavaris.com\/blogg\/2017\/10\/ett-ar-och-tre-dagar-del-3\/wp_20170723_15_51_48_pro__highres-50-2\/\" rel=\"attachment wp-att-16567\"><img loading=\"lazy\" decoding=\"async\" class=\"aligncenter size-full wp-image-16567\" src=\"http:\/\/www.susannavaris.com\/blogg\/wp-content\/uploads\/2017\/10\/WP_20170723_15_51_48_Pro__highres-50-1.jpg\" alt=\"\" width=\"3856\" height=\"2176\" srcset=\"http:\/\/www.susannavaris.com\/blogg\/wp-content\/uploads\/2017\/10\/WP_20170723_15_51_48_Pro__highres-50-1.jpg 3856w, http:\/\/www.susannavaris.com\/blogg\/wp-content\/uploads\/2017\/10\/WP_20170723_15_51_48_Pro__highres-50-1-300x169.jpg 300w, http:\/\/www.susannavaris.com\/blogg\/wp-content\/uploads\/2017\/10\/WP_20170723_15_51_48_Pro__highres-50-1-768x433.jpg 768w, http:\/\/www.susannavaris.com\/blogg\/wp-content\/uploads\/2017\/10\/WP_20170723_15_51_48_Pro__highres-50-1-1024x578.jpg 1024w\" sizes=\"auto, (max-width: 3856px) 100vw, 3856px\" \/><\/a> <a href=\"http:\/\/www.susannavaris.com\/blogg\/2017\/10\/ett-ar-och-tre-dagar-del-3\/wp_20170723_15_59_43_pro__highres-50\/\" rel=\"attachment wp-att-16568\"><img loading=\"lazy\" decoding=\"async\" class=\"aligncenter size-full wp-image-16568\" src=\"http:\/\/www.susannavaris.com\/blogg\/wp-content\/uploads\/2017\/10\/WP_20170723_15_59_43_Pro__highres-50.jpg\" alt=\"\" width=\"3856\" height=\"2176\" srcset=\"http:\/\/www.susannavaris.com\/blogg\/wp-content\/uploads\/2017\/10\/WP_20170723_15_59_43_Pro__highres-50.jpg 3856w, http:\/\/www.susannavaris.com\/blogg\/wp-content\/uploads\/2017\/10\/WP_20170723_15_59_43_Pro__highres-50-300x169.jpg 300w, http:\/\/www.susannavaris.com\/blogg\/wp-content\/uploads\/2017\/10\/WP_20170723_15_59_43_Pro__highres-50-768x433.jpg 768w, http:\/\/www.susannavaris.com\/blogg\/wp-content\/uploads\/2017\/10\/WP_20170723_15_59_43_Pro__highres-50-1024x578.jpg 1024w\" sizes=\"auto, (max-width: 3856px) 100vw, 3856px\" \/><\/a><em><span id=\"fbPhotoSnowliftCaption\" class=\"fbPhotosPhotoCaption\" tabindex=\"0\" aria-live=\"polite\" data-ft=\"{&quot;tn&quot;:&quot;K&quot;}\"><span class=\"hasCaption\">Karin T\u00f6rnell- &#8221;Andetag och fotf\u00e4ste&#8221;<\/span><\/span><\/em><span id=\"fbPhotoSnowliftTagList\" class=\"fbPhotoTagList\"><\/span><\/p>\n<p>Ett n\u00e5got tillplattat rymd\u00e4gg som landat i tunnelsystemet?<\/p>\n<p>&nbsp;<\/p>\n<p style=\"text-align: center;\"><a href=\"http:\/\/www.susannavaris.com\/blogg\/2017\/10\/ett-ar-och-tre-dagar-del-3\/wp_20170723_15_52_34_pro__highres-50\/\" rel=\"attachment wp-att-16569\"><img loading=\"lazy\" decoding=\"async\" class=\"aligncenter size-full wp-image-16569\" src=\"http:\/\/www.susannavaris.com\/blogg\/wp-content\/uploads\/2017\/10\/WP_20170723_15_52_34_Pro__highres-50.jpg\" alt=\"\" width=\"3856\" height=\"2176\" srcset=\"http:\/\/www.susannavaris.com\/blogg\/wp-content\/uploads\/2017\/10\/WP_20170723_15_52_34_Pro__highres-50.jpg 3856w, http:\/\/www.susannavaris.com\/blogg\/wp-content\/uploads\/2017\/10\/WP_20170723_15_52_34_Pro__highres-50-300x169.jpg 300w, http:\/\/www.susannavaris.com\/blogg\/wp-content\/uploads\/2017\/10\/WP_20170723_15_52_34_Pro__highres-50-768x433.jpg 768w, http:\/\/www.susannavaris.com\/blogg\/wp-content\/uploads\/2017\/10\/WP_20170723_15_52_34_Pro__highres-50-1024x578.jpg 1024w\" sizes=\"auto, (max-width: 3856px) 100vw, 3856px\" \/><\/a><span id=\"fbPhotoSnowliftCaption\" class=\"fbPhotosPhotoCaption\" tabindex=\"0\" aria-live=\"polite\" data-ft=\"{&quot;tn&quot;:&quot;K&quot;}\"><span class=\"hasCaption\"><em>Juri Markkula &#8211; &#8221;La Divina Commedia&#8221;<\/em><\/span><\/span><\/p>\n<p style=\"text-align: left;\"><span id=\"fbPhotoSnowliftCaption\" class=\"fbPhotosPhotoCaption\" tabindex=\"0\" aria-live=\"polite\" data-ft=\"{&quot;tn&quot;:&quot;K&quot;}\"><span class=\"hasCaption\"><br \/>\nJourney to the underground is accompanied with mosaic that shifts in coulour while you move down (or up) on the rollercoaster.<\/span><\/span><span id=\"fbPhotoSnowliftTagList\" class=\"fbPhotoTagList\"><\/span><\/p>\n<p style=\"text-align: center;\"><a href=\"http:\/\/www.susannavaris.com\/blogg\/2017\/10\/ett-ar-och-tre-dagar-del-3\/wp_20170723_16_05_14_pro__highres-50\/\" rel=\"attachment wp-att-16570\"><img loading=\"lazy\" decoding=\"async\" class=\"aligncenter size-full wp-image-16570\" src=\"http:\/\/www.susannavaris.com\/blogg\/wp-content\/uploads\/2017\/10\/WP_20170723_16_05_14_Pro__highres-50.jpg\" alt=\"\" width=\"3856\" height=\"2176\" srcset=\"http:\/\/www.susannavaris.com\/blogg\/wp-content\/uploads\/2017\/10\/WP_20170723_16_05_14_Pro__highres-50.jpg 3856w, http:\/\/www.susannavaris.com\/blogg\/wp-content\/uploads\/2017\/10\/WP_20170723_16_05_14_Pro__highres-50-300x169.jpg 300w, http:\/\/www.susannavaris.com\/blogg\/wp-content\/uploads\/2017\/10\/WP_20170723_16_05_14_Pro__highres-50-768x433.jpg 768w, http:\/\/www.susannavaris.com\/blogg\/wp-content\/uploads\/2017\/10\/WP_20170723_16_05_14_Pro__highres-50-1024x578.jpg 1024w\" sizes=\"auto, (max-width: 3856px) 100vw, 3856px\" \/><\/a><em><span id=\"fbPhotoSnowliftCaption\" class=\"fbPhotosPhotoCaption\" tabindex=\"0\" aria-live=\"polite\" data-ft=\"{&quot;tn&quot;:&quot;K&quot;}\"><span class=\"hasCaption\">Astrid Sylwan &#8211; &#8221;Skies&#8221;<\/span><\/span><\/em><span id=\"fbPhotoSnowliftTagList\" class=\"fbPhotoTagList\"><\/span><\/p>\n<p>&nbsp;<\/p>\n<p style=\"text-align: center;\"><a href=\"http:\/\/www.susannavaris.com\/blogg\/2017\/10\/ett-ar-och-tre-dagar-del-3\/wp_20170723_16_09_35_pro__highres-50\/\" rel=\"attachment wp-att-16571\"><img loading=\"lazy\" decoding=\"async\" class=\"aligncenter size-full wp-image-16571\" src=\"http:\/\/www.susannavaris.com\/blogg\/wp-content\/uploads\/2017\/10\/WP_20170723_16_09_35_Pro__highres-50.jpg\" alt=\"\" width=\"3856\" height=\"2176\" srcset=\"http:\/\/www.susannavaris.com\/blogg\/wp-content\/uploads\/2017\/10\/WP_20170723_16_09_35_Pro__highres-50.jpg 3856w, http:\/\/www.susannavaris.com\/blogg\/wp-content\/uploads\/2017\/10\/WP_20170723_16_09_35_Pro__highres-50-300x169.jpg 300w, http:\/\/www.susannavaris.com\/blogg\/wp-content\/uploads\/2017\/10\/WP_20170723_16_09_35_Pro__highres-50-768x433.jpg 768w, http:\/\/www.susannavaris.com\/blogg\/wp-content\/uploads\/2017\/10\/WP_20170723_16_09_35_Pro__highres-50-1024x578.jpg 1024w\" sizes=\"auto, (max-width: 3856px) 100vw, 3856px\" \/><\/a><em><span id=\"fbPhotoSnowliftCaption\" class=\"fbPhotosPhotoCaption\" tabindex=\"0\" aria-live=\"polite\" data-ft=\"{&quot;tn&quot;:&quot;K&quot;}\"><span class=\"hasCaption\">Peter Svedberg &#8211; &#8221;Stad, tr\u00e4d och \u00e4ng&#8221;<\/span><\/span><\/em><span id=\"fbPhotoSnowliftTagList\" class=\"fbPhotoTagList\"><\/span><\/p>\n<p>&nbsp;<\/p>\n<p style=\"text-align: center;\"><a href=\"http:\/\/www.susannavaris.com\/blogg\/2017\/10\/ett-ar-och-tre-dagar-del-3\/wp_20170723_16_17_59_pro__highres-50\/\" rel=\"attachment wp-att-16572\"><img loading=\"lazy\" decoding=\"async\" class=\"aligncenter size-full wp-image-16572\" src=\"http:\/\/www.susannavaris.com\/blogg\/wp-content\/uploads\/2017\/10\/WP_20170723_16_17_59_Pro__highres-50.jpg\" alt=\"\" width=\"3856\" height=\"2176\" srcset=\"http:\/\/www.susannavaris.com\/blogg\/wp-content\/uploads\/2017\/10\/WP_20170723_16_17_59_Pro__highres-50.jpg 3856w, http:\/\/www.susannavaris.com\/blogg\/wp-content\/uploads\/2017\/10\/WP_20170723_16_17_59_Pro__highres-50-300x169.jpg 300w, http:\/\/www.susannavaris.com\/blogg\/wp-content\/uploads\/2017\/10\/WP_20170723_16_17_59_Pro__highres-50-768x433.jpg 768w, http:\/\/www.susannavaris.com\/blogg\/wp-content\/uploads\/2017\/10\/WP_20170723_16_17_59_Pro__highres-50-1024x578.jpg 1024w\" sizes=\"auto, (max-width: 3856px) 100vw, 3856px\" \/><\/a><em>H\u00e4r tog budgeten f\u00f6r konst slut? S\u00f6derg\u00e5ende plattform, s\u00f6dra \u00e4nden.<\/em><\/p>\n<p>&nbsp;<\/p>\n<p style=\"text-align: center;\"><a href=\"http:\/\/www.susannavaris.com\/blogg\/2017\/10\/ett-ar-och-tre-dagar-del-3\/wp_20170723_16_20_57_pro__highres-50\/\" rel=\"attachment wp-att-16573\"><img loading=\"lazy\" decoding=\"async\" class=\"aligncenter size-full wp-image-16573\" src=\"http:\/\/www.susannavaris.com\/blogg\/wp-content\/uploads\/2017\/10\/WP_20170723_16_20_57_Pro__highres-50.jpg\" alt=\"\" width=\"2176\" height=\"3856\" srcset=\"http:\/\/www.susannavaris.com\/blogg\/wp-content\/uploads\/2017\/10\/WP_20170723_16_20_57_Pro__highres-50.jpg 2176w, http:\/\/www.susannavaris.com\/blogg\/wp-content\/uploads\/2017\/10\/WP_20170723_16_20_57_Pro__highres-50-169x300.jpg 169w, http:\/\/www.susannavaris.com\/blogg\/wp-content\/uploads\/2017\/10\/WP_20170723_16_20_57_Pro__highres-50-768x1361.jpg 768w, http:\/\/www.susannavaris.com\/blogg\/wp-content\/uploads\/2017\/10\/WP_20170723_16_20_57_Pro__highres-50-578x1024.jpg 578w\" sizes=\"auto, (max-width: 2176px) 100vw, 2176px\" \/><\/a> <a href=\"http:\/\/www.susannavaris.com\/blogg\/2017\/10\/ett-ar-och-tre-dagar-del-3\/wp_20170723_16_22_21_pro__highres-50\/\" rel=\"attachment wp-att-16574\"><img loading=\"lazy\" decoding=\"async\" class=\"aligncenter size-full wp-image-16574\" src=\"http:\/\/www.susannavaris.com\/blogg\/wp-content\/uploads\/2017\/10\/WP_20170723_16_22_21_Pro__highres-50.jpg\" alt=\"\" width=\"3856\" height=\"2176\" srcset=\"http:\/\/www.susannavaris.com\/blogg\/wp-content\/uploads\/2017\/10\/WP_20170723_16_22_21_Pro__highres-50.jpg 3856w, http:\/\/www.susannavaris.com\/blogg\/wp-content\/uploads\/2017\/10\/WP_20170723_16_22_21_Pro__highres-50-300x169.jpg 300w, http:\/\/www.susannavaris.com\/blogg\/wp-content\/uploads\/2017\/10\/WP_20170723_16_22_21_Pro__highres-50-768x433.jpg 768w, http:\/\/www.susannavaris.com\/blogg\/wp-content\/uploads\/2017\/10\/WP_20170723_16_22_21_Pro__highres-50-1024x578.jpg 1024w\" sizes=\"auto, (max-width: 3856px) 100vw, 3856px\" \/><\/a><em><span id=\"fbPhotoSnowliftCaption\" class=\"fbPhotosPhotoCaption\" tabindex=\"0\" aria-live=\"polite\" data-ft=\"{&quot;tn&quot;:&quot;K&quot;}\"><span class=\"hasCaption\">Mikael Pauli &#8211; &#8221;Moaritisk absorbent&#8221;<\/span><\/span><\/em><span id=\"fbPhotoSnowliftTagList\" class=\"fbPhotoTagList\"><\/span><\/p>\n<p>H\u00e4r var det disco!<\/p>\n<p>Jag gillar verkligen konsten p\u00e5 Stockholm City. Det \u00e4r trevligt att den f\u00e5tt en s\u00e5 framtr\u00e4dande roll och att den f\u00f6r en g\u00e5ngs skull verkar ganska befriad fr\u00e5n den annars allest\u00e4des n\u00e4rvarande politikaspekten.<\/p>\n<p><a href=\"http:\/\/www.susannavaris.com\/blogg\/2017\/10\/ett-ar-och-tre-dagar-del-3\/wp_20170723_16_26_52_pro__highres-50\/\" rel=\"attachment wp-att-16575\"><img loading=\"lazy\" decoding=\"async\" class=\"aligncenter size-full wp-image-16575\" src=\"http:\/\/www.susannavaris.com\/blogg\/wp-content\/uploads\/2017\/10\/WP_20170723_16_26_52_Pro__highres-50.jpg\" alt=\"\" width=\"2176\" height=\"3856\" srcset=\"http:\/\/www.susannavaris.com\/blogg\/wp-content\/uploads\/2017\/10\/WP_20170723_16_26_52_Pro__highres-50.jpg 2176w, http:\/\/www.susannavaris.com\/blogg\/wp-content\/uploads\/2017\/10\/WP_20170723_16_26_52_Pro__highres-50-169x300.jpg 169w, http:\/\/www.susannavaris.com\/blogg\/wp-content\/uploads\/2017\/10\/WP_20170723_16_26_52_Pro__highres-50-768x1361.jpg 768w, http:\/\/www.susannavaris.com\/blogg\/wp-content\/uploads\/2017\/10\/WP_20170723_16_26_52_Pro__highres-50-578x1024.jpg 578w\" sizes=\"auto, (max-width: 2176px) 100vw, 2176px\" \/><\/a><em>M\u00e5nga och l\u00e5nga rulltrappor. \u00c4nd\u00e5 lite trevliga att ha om man j\u00e4mf\u00f6r med mars 2013:<\/em><\/p>\n<p><a href=\"http:\/\/www.susannavaris.com\/blogg\/2017\/10\/ett-ar-och-tre-dagar-del-3\/attachment\/1503\/\" rel=\"attachment wp-att-16576\"><img loading=\"lazy\" decoding=\"async\" class=\"aligncenter size-full wp-image-16576\" src=\"http:\/\/www.susannavaris.com\/blogg\/wp-content\/uploads\/2017\/10\/1503.jpg\" alt=\"\" width=\"1152\" height=\"768\" srcset=\"http:\/\/www.susannavaris.com\/blogg\/wp-content\/uploads\/2017\/10\/1503.jpg 1152w, http:\/\/www.susannavaris.com\/blogg\/wp-content\/uploads\/2017\/10\/1503-300x200.jpg 300w, http:\/\/www.susannavaris.com\/blogg\/wp-content\/uploads\/2017\/10\/1503-768x512.jpg 768w, http:\/\/www.susannavaris.com\/blogg\/wp-content\/uploads\/2017\/10\/1503-1024x683.jpg 1024w\" sizes=\"auto, (max-width: 1152px) 100vw, 1152px\" \/><\/a><\/p>\n<p>Dags s\u00e5 f\u00f6r n\u00e4sta kulturutflykt:<\/p>\n<p style=\"text-align: center;\"><a href=\"http:\/\/www.susannavaris.com\/blogg\/2017\/10\/ett-ar-och-tre-dagar-del-3\/wp_20170729_14_12_11_pro__highres-crop-50\/\" rel=\"attachment wp-att-16577\"><img loading=\"lazy\" decoding=\"async\" class=\"aligncenter size-full wp-image-16577\" src=\"http:\/\/www.susannavaris.com\/blogg\/wp-content\/uploads\/2017\/10\/WP_20170729_14_12_11_Pro__highres-crop-50.jpg\" alt=\"\" width=\"3199\" height=\"2015\" srcset=\"http:\/\/www.susannavaris.com\/blogg\/wp-content\/uploads\/2017\/10\/WP_20170729_14_12_11_Pro__highres-crop-50.jpg 3199w, http:\/\/www.susannavaris.com\/blogg\/wp-content\/uploads\/2017\/10\/WP_20170729_14_12_11_Pro__highres-crop-50-300x189.jpg 300w, http:\/\/www.susannavaris.com\/blogg\/wp-content\/uploads\/2017\/10\/WP_20170729_14_12_11_Pro__highres-crop-50-768x484.jpg 768w, http:\/\/www.susannavaris.com\/blogg\/wp-content\/uploads\/2017\/10\/WP_20170729_14_12_11_Pro__highres-crop-50-1024x645.jpg 1024w\" sizes=\"auto, (max-width: 3199px) 100vw, 3199px\" \/><\/a> <a href=\"http:\/\/www.susannavaris.com\/blogg\/2017\/10\/ett-ar-och-tre-dagar-del-3\/wp_20170729_15_53_36_pro__highres-crop-50\/\" rel=\"attachment wp-att-16578\"><img loading=\"lazy\" decoding=\"async\" class=\"aligncenter size-full wp-image-16578\" src=\"http:\/\/www.susannavaris.com\/blogg\/wp-content\/uploads\/2017\/10\/WP_20170729_15_53_36_Pro__highres-crop-50.jpg\" alt=\"\" width=\"2176\" height=\"3411\" srcset=\"http:\/\/www.susannavaris.com\/blogg\/wp-content\/uploads\/2017\/10\/WP_20170729_15_53_36_Pro__highres-crop-50.jpg 2176w, http:\/\/www.susannavaris.com\/blogg\/wp-content\/uploads\/2017\/10\/WP_20170729_15_53_36_Pro__highres-crop-50-191x300.jpg 191w, http:\/\/www.susannavaris.com\/blogg\/wp-content\/uploads\/2017\/10\/WP_20170729_15_53_36_Pro__highres-crop-50-768x1204.jpg 768w, http:\/\/www.susannavaris.com\/blogg\/wp-content\/uploads\/2017\/10\/WP_20170729_15_53_36_Pro__highres-crop-50-653x1024.jpg 653w\" sizes=\"auto, (max-width: 2176px) 100vw, 2176px\" \/><\/a><em>Inledningsvis lite lunch och shopping p\u00e5 Drottninggatan&#8230;<\/em><\/p>\n<p>&nbsp;<\/p>\n<p style=\"text-align: center;\"><a href=\"http:\/\/www.susannavaris.com\/blogg\/2017\/10\/ett-ar-och-tre-dagar-del-3\/wp_20170729_17_02_55_pro__highres-50-50\/\" rel=\"attachment wp-att-16579\"><img loading=\"lazy\" decoding=\"async\" class=\"aligncenter size-full wp-image-16579\" src=\"http:\/\/www.susannavaris.com\/blogg\/wp-content\/uploads\/2017\/10\/WP_20170729_17_02_55_Pro__highres-50-50.jpg\" alt=\"\" width=\"1928\" height=\"1088\" srcset=\"http:\/\/www.susannavaris.com\/blogg\/wp-content\/uploads\/2017\/10\/WP_20170729_17_02_55_Pro__highres-50-50.jpg 1928w, http:\/\/www.susannavaris.com\/blogg\/wp-content\/uploads\/2017\/10\/WP_20170729_17_02_55_Pro__highres-50-50-300x169.jpg 300w, http:\/\/www.susannavaris.com\/blogg\/wp-content\/uploads\/2017\/10\/WP_20170729_17_02_55_Pro__highres-50-50-768x433.jpg 768w, http:\/\/www.susannavaris.com\/blogg\/wp-content\/uploads\/2017\/10\/WP_20170729_17_02_55_Pro__highres-50-50-1024x578.jpg 1024w\" sizes=\"auto, (max-width: 1928px) 100vw, 1928px\" \/><\/a><em>Bonniers Konsthall<\/em><\/p>\n<p>&nbsp;<\/p>\n<p style=\"text-align: center;\"><a href=\"http:\/\/www.susannavaris.com\/blogg\/2017\/10\/ett-ar-och-tre-dagar-del-3\/wp_20170729_16_39_30_pro__highres-crop-50\/\" rel=\"attachment wp-att-16580\"><img loading=\"lazy\" decoding=\"async\" class=\"aligncenter size-full wp-image-16580\" src=\"http:\/\/www.susannavaris.com\/blogg\/wp-content\/uploads\/2017\/10\/WP_20170729_16_39_30_Pro__highres-crop-50.jpg\" alt=\"\" width=\"3417\" height=\"2176\" srcset=\"http:\/\/www.susannavaris.com\/blogg\/wp-content\/uploads\/2017\/10\/WP_20170729_16_39_30_Pro__highres-crop-50.jpg 3417w, http:\/\/www.susannavaris.com\/blogg\/wp-content\/uploads\/2017\/10\/WP_20170729_16_39_30_Pro__highres-crop-50-300x191.jpg 300w, http:\/\/www.susannavaris.com\/blogg\/wp-content\/uploads\/2017\/10\/WP_20170729_16_39_30_Pro__highres-crop-50-768x489.jpg 768w, http:\/\/www.susannavaris.com\/blogg\/wp-content\/uploads\/2017\/10\/WP_20170729_16_39_30_Pro__highres-crop-50-1024x652.jpg 1024w\" sizes=\"auto, (max-width: 3417px) 100vw, 3417px\" \/><\/a> <a href=\"http:\/\/www.susannavaris.com\/blogg\/2017\/10\/ett-ar-och-tre-dagar-del-3\/wp_20170729_16_40_24_pro__highres-50\/\" rel=\"attachment wp-att-16581\"><img loading=\"lazy\" decoding=\"async\" class=\"aligncenter size-full wp-image-16581\" src=\"http:\/\/www.susannavaris.com\/blogg\/wp-content\/uploads\/2017\/10\/WP_20170729_16_40_24_Pro__highres-50.jpg\" alt=\"\" width=\"3856\" height=\"2176\" srcset=\"http:\/\/www.susannavaris.com\/blogg\/wp-content\/uploads\/2017\/10\/WP_20170729_16_40_24_Pro__highres-50.jpg 3856w, http:\/\/www.susannavaris.com\/blogg\/wp-content\/uploads\/2017\/10\/WP_20170729_16_40_24_Pro__highres-50-300x169.jpg 300w, http:\/\/www.susannavaris.com\/blogg\/wp-content\/uploads\/2017\/10\/WP_20170729_16_40_24_Pro__highres-50-768x433.jpg 768w, http:\/\/www.susannavaris.com\/blogg\/wp-content\/uploads\/2017\/10\/WP_20170729_16_40_24_Pro__highres-50-1024x578.jpg 1024w\" sizes=\"auto, (max-width: 3856px) 100vw, 3856px\" \/><\/a> <a href=\"http:\/\/www.susannavaris.com\/blogg\/2017\/10\/ett-ar-och-tre-dagar-del-3\/wp_20170729_16_41_35_pro__highres-crop-50\/\" rel=\"attachment wp-att-16582\"><img loading=\"lazy\" decoding=\"async\" class=\"aligncenter size-full wp-image-16582\" src=\"http:\/\/www.susannavaris.com\/blogg\/wp-content\/uploads\/2017\/10\/WP_20170729_16_41_35_Pro__highres-crop-50.jpg\" alt=\"\" width=\"2176\" height=\"3395\" srcset=\"http:\/\/www.susannavaris.com\/blogg\/wp-content\/uploads\/2017\/10\/WP_20170729_16_41_35_Pro__highres-crop-50.jpg 2176w, http:\/\/www.susannavaris.com\/blogg\/wp-content\/uploads\/2017\/10\/WP_20170729_16_41_35_Pro__highres-crop-50-192x300.jpg 192w, http:\/\/www.susannavaris.com\/blogg\/wp-content\/uploads\/2017\/10\/WP_20170729_16_41_35_Pro__highres-crop-50-768x1198.jpg 768w, http:\/\/www.susannavaris.com\/blogg\/wp-content\/uploads\/2017\/10\/WP_20170729_16_41_35_Pro__highres-crop-50-656x1024.jpg 656w\" sizes=\"auto, (max-width: 2176px) 100vw, 2176px\" \/><\/a> <a href=\"http:\/\/www.susannavaris.com\/blogg\/2017\/10\/ett-ar-och-tre-dagar-del-3\/wp_20170729_16_42_04_pro__highres-50\/\" rel=\"attachment wp-att-16583\"><img loading=\"lazy\" decoding=\"async\" class=\"aligncenter size-full wp-image-16583\" src=\"http:\/\/www.susannavaris.com\/blogg\/wp-content\/uploads\/2017\/10\/WP_20170729_16_42_04_Pro__highres-50.jpg\" alt=\"\" width=\"2173\" height=\"3265\" srcset=\"http:\/\/www.susannavaris.com\/blogg\/wp-content\/uploads\/2017\/10\/WP_20170729_16_42_04_Pro__highres-50.jpg 2173w, http:\/\/www.susannavaris.com\/blogg\/wp-content\/uploads\/2017\/10\/WP_20170729_16_42_04_Pro__highres-50-200x300.jpg 200w, http:\/\/www.susannavaris.com\/blogg\/wp-content\/uploads\/2017\/10\/WP_20170729_16_42_04_Pro__highres-50-768x1154.jpg 768w, http:\/\/www.susannavaris.com\/blogg\/wp-content\/uploads\/2017\/10\/WP_20170729_16_42_04_Pro__highres-50-682x1024.jpg 682w\" sizes=\"auto, (max-width: 2173px) 100vw, 2173px\" \/><\/a> <a href=\"http:\/\/www.susannavaris.com\/blogg\/2017\/10\/ett-ar-och-tre-dagar-del-3\/wp_20170729_16_44_03_pro__highres-crop-50\/\" rel=\"attachment wp-att-16584\"><img loading=\"lazy\" decoding=\"async\" class=\"aligncenter size-full wp-image-16584\" src=\"http:\/\/www.susannavaris.com\/blogg\/wp-content\/uploads\/2017\/10\/WP_20170729_16_44_03_Pro__highres-crop-50.jpg\" alt=\"\" width=\"1768\" height=\"1995\" srcset=\"http:\/\/www.susannavaris.com\/blogg\/wp-content\/uploads\/2017\/10\/WP_20170729_16_44_03_Pro__highres-crop-50.jpg 1768w, http:\/\/www.susannavaris.com\/blogg\/wp-content\/uploads\/2017\/10\/WP_20170729_16_44_03_Pro__highres-crop-50-266x300.jpg 266w, http:\/\/www.susannavaris.com\/blogg\/wp-content\/uploads\/2017\/10\/WP_20170729_16_44_03_Pro__highres-crop-50-768x867.jpg 768w, http:\/\/www.susannavaris.com\/blogg\/wp-content\/uploads\/2017\/10\/WP_20170729_16_44_03_Pro__highres-crop-50-907x1024.jpg 907w\" sizes=\"auto, (max-width: 1768px) 100vw, 1768px\" \/><\/a> <a href=\"http:\/\/www.susannavaris.com\/blogg\/2017\/10\/ett-ar-och-tre-dagar-del-3\/wp_20170729_16_44_21_pro__highres-crop-50\/\" rel=\"attachment wp-att-16585\"><img loading=\"lazy\" decoding=\"async\" class=\"aligncenter size-full wp-image-16585\" src=\"http:\/\/www.susannavaris.com\/blogg\/wp-content\/uploads\/2017\/10\/WP_20170729_16_44_21_Pro__highres-crop-50.jpg\" alt=\"\" width=\"1924\" height=\"1401\" srcset=\"http:\/\/www.susannavaris.com\/blogg\/wp-content\/uploads\/2017\/10\/WP_20170729_16_44_21_Pro__highres-crop-50.jpg 1924w, http:\/\/www.susannavaris.com\/blogg\/wp-content\/uploads\/2017\/10\/WP_20170729_16_44_21_Pro__highres-crop-50-300x218.jpg 300w, http:\/\/www.susannavaris.com\/blogg\/wp-content\/uploads\/2017\/10\/WP_20170729_16_44_21_Pro__highres-crop-50-768x559.jpg 768w, http:\/\/www.susannavaris.com\/blogg\/wp-content\/uploads\/2017\/10\/WP_20170729_16_44_21_Pro__highres-crop-50-1024x746.jpg 1024w\" sizes=\"auto, (max-width: 1924px) 100vw, 1924px\" \/><\/a> <a href=\"http:\/\/www.susannavaris.com\/blogg\/2017\/10\/ett-ar-och-tre-dagar-del-3\/wp_20170729_16_44_43_pro__highres-crop-50\/\" rel=\"attachment wp-att-16586\"><img loading=\"lazy\" decoding=\"async\" class=\"aligncenter size-full wp-image-16586\" src=\"http:\/\/www.susannavaris.com\/blogg\/wp-content\/uploads\/2017\/10\/WP_20170729_16_44_43_Pro__highres-crop-50.jpg\" alt=\"\" width=\"2005\" height=\"1301\" srcset=\"http:\/\/www.susannavaris.com\/blogg\/wp-content\/uploads\/2017\/10\/WP_20170729_16_44_43_Pro__highres-crop-50.jpg 2005w, http:\/\/www.susannavaris.com\/blogg\/wp-content\/uploads\/2017\/10\/WP_20170729_16_44_43_Pro__highres-crop-50-300x195.jpg 300w, http:\/\/www.susannavaris.com\/blogg\/wp-content\/uploads\/2017\/10\/WP_20170729_16_44_43_Pro__highres-crop-50-768x498.jpg 768w, http:\/\/www.susannavaris.com\/blogg\/wp-content\/uploads\/2017\/10\/WP_20170729_16_44_43_Pro__highres-crop-50-1024x664.jpg 1024w\" sizes=\"auto, (max-width: 2005px) 100vw, 2005px\" \/><\/a> <a href=\"http:\/\/www.susannavaris.com\/blogg\/2017\/10\/ett-ar-och-tre-dagar-del-3\/wp_20170729_16_46_41_pro__highres-crop-50\/\" rel=\"attachment wp-att-16587\"><img loading=\"lazy\" decoding=\"async\" class=\"aligncenter size-full wp-image-16587\" src=\"http:\/\/www.susannavaris.com\/blogg\/wp-content\/uploads\/2017\/10\/WP_20170729_16_46_41_Pro__highres-crop-50.jpg\" alt=\"\" width=\"2254\" height=\"1591\" srcset=\"http:\/\/www.susannavaris.com\/blogg\/wp-content\/uploads\/2017\/10\/WP_20170729_16_46_41_Pro__highres-crop-50.jpg 2254w, http:\/\/www.susannavaris.com\/blogg\/wp-content\/uploads\/2017\/10\/WP_20170729_16_46_41_Pro__highres-crop-50-300x212.jpg 300w, http:\/\/www.susannavaris.com\/blogg\/wp-content\/uploads\/2017\/10\/WP_20170729_16_46_41_Pro__highres-crop-50-768x542.jpg 768w, http:\/\/www.susannavaris.com\/blogg\/wp-content\/uploads\/2017\/10\/WP_20170729_16_46_41_Pro__highres-crop-50-1024x723.jpg 1024w\" sizes=\"auto, (max-width: 2254px) 100vw, 2254px\" \/><\/a> <a href=\"http:\/\/www.susannavaris.com\/blogg\/2017\/10\/ett-ar-och-tre-dagar-del-3\/wp_20170729_16_48_23_pro__highres-50-50\/\" rel=\"attachment wp-att-16588\"><img loading=\"lazy\" decoding=\"async\" class=\"aligncenter size-full wp-image-16588\" src=\"http:\/\/www.susannavaris.com\/blogg\/wp-content\/uploads\/2017\/10\/WP_20170729_16_48_23_Pro__highres-50-50.jpg\" alt=\"\" width=\"1928\" height=\"1088\" srcset=\"http:\/\/www.susannavaris.com\/blogg\/wp-content\/uploads\/2017\/10\/WP_20170729_16_48_23_Pro__highres-50-50.jpg 1928w, http:\/\/www.susannavaris.com\/blogg\/wp-content\/uploads\/2017\/10\/WP_20170729_16_48_23_Pro__highres-50-50-300x169.jpg 300w, http:\/\/www.susannavaris.com\/blogg\/wp-content\/uploads\/2017\/10\/WP_20170729_16_48_23_Pro__highres-50-50-768x433.jpg 768w, http:\/\/www.susannavaris.com\/blogg\/wp-content\/uploads\/2017\/10\/WP_20170729_16_48_23_Pro__highres-50-50-1024x578.jpg 1024w\" sizes=\"auto, (max-width: 1928px) 100vw, 1928px\" \/><\/a> <a href=\"http:\/\/www.susannavaris.com\/blogg\/2017\/10\/ett-ar-och-tre-dagar-del-3\/wp_20170729_16_49_47_pro__highres-50-50\/\" rel=\"attachment wp-att-16589\"><img loading=\"lazy\" decoding=\"async\" class=\"aligncenter size-full wp-image-16589\" src=\"http:\/\/www.susannavaris.com\/blogg\/wp-content\/uploads\/2017\/10\/WP_20170729_16_49_47_Pro__highres-50-50.jpg\" alt=\"\" width=\"1928\" height=\"1088\" srcset=\"http:\/\/www.susannavaris.com\/blogg\/wp-content\/uploads\/2017\/10\/WP_20170729_16_49_47_Pro__highres-50-50.jpg 1928w, http:\/\/www.susannavaris.com\/blogg\/wp-content\/uploads\/2017\/10\/WP_20170729_16_49_47_Pro__highres-50-50-300x169.jpg 300w, http:\/\/www.susannavaris.com\/blogg\/wp-content\/uploads\/2017\/10\/WP_20170729_16_49_47_Pro__highres-50-50-768x433.jpg 768w, http:\/\/www.susannavaris.com\/blogg\/wp-content\/uploads\/2017\/10\/WP_20170729_16_49_47_Pro__highres-50-50-1024x578.jpg 1024w\" sizes=\"auto, (max-width: 1928px) 100vw, 1928px\" \/><\/a> <a href=\"http:\/\/www.susannavaris.com\/blogg\/2017\/10\/ett-ar-och-tre-dagar-del-3\/wp_20170729_16_50_04_pro__highres-50-50\/\" rel=\"attachment wp-att-16590\"><img loading=\"lazy\" decoding=\"async\" class=\"aligncenter size-full wp-image-16590\" src=\"http:\/\/www.susannavaris.com\/blogg\/wp-content\/uploads\/2017\/10\/WP_20170729_16_50_04_Pro__highres-50-50.jpg\" alt=\"\" width=\"1444\" height=\"888\" srcset=\"http:\/\/www.susannavaris.com\/blogg\/wp-content\/uploads\/2017\/10\/WP_20170729_16_50_04_Pro__highres-50-50.jpg 1444w, http:\/\/www.susannavaris.com\/blogg\/wp-content\/uploads\/2017\/10\/WP_20170729_16_50_04_Pro__highres-50-50-300x184.jpg 300w, http:\/\/www.susannavaris.com\/blogg\/wp-content\/uploads\/2017\/10\/WP_20170729_16_50_04_Pro__highres-50-50-768x472.jpg 768w, http:\/\/www.susannavaris.com\/blogg\/wp-content\/uploads\/2017\/10\/WP_20170729_16_50_04_Pro__highres-50-50-1024x630.jpg 1024w\" sizes=\"auto, (max-width: 1444px) 100vw, 1444px\" \/><\/a> <a href=\"http:\/\/www.susannavaris.com\/blogg\/2017\/10\/ett-ar-och-tre-dagar-del-3\/wp_20170729_16_50_32_pro__highres-crop-50\/\" rel=\"attachment wp-att-16591\"><img loading=\"lazy\" decoding=\"async\" class=\"aligncenter size-full wp-image-16591\" src=\"http:\/\/www.susannavaris.com\/blogg\/wp-content\/uploads\/2017\/10\/WP_20170729_16_50_32_Pro__highres-crop-50.jpg\" alt=\"\" width=\"1868\" height=\"2526\" srcset=\"http:\/\/www.susannavaris.com\/blogg\/wp-content\/uploads\/2017\/10\/WP_20170729_16_50_32_Pro__highres-crop-50.jpg 1868w, http:\/\/www.susannavaris.com\/blogg\/wp-content\/uploads\/2017\/10\/WP_20170729_16_50_32_Pro__highres-crop-50-222x300.jpg 222w, http:\/\/www.susannavaris.com\/blogg\/wp-content\/uploads\/2017\/10\/WP_20170729_16_50_32_Pro__highres-crop-50-768x1039.jpg 768w, http:\/\/www.susannavaris.com\/blogg\/wp-content\/uploads\/2017\/10\/WP_20170729_16_50_32_Pro__highres-crop-50-757x1024.jpg 757w\" sizes=\"auto, (max-width: 1868px) 100vw, 1868px\" \/><\/a><a href=\"http:\/\/www.susannavaris.com\/blogg\/2017\/10\/ett-ar-och-tre-dagar-del-3\/170729-miche\/\" rel=\"attachment wp-att-16592\"><img loading=\"lazy\" decoding=\"async\" class=\"aligncenter size-full wp-image-16592\" src=\"http:\/\/www.susannavaris.com\/blogg\/wp-content\/uploads\/2017\/10\/170729-miche.jpg\" alt=\"\" width=\"2048\" height=\"1536\" srcset=\"http:\/\/www.susannavaris.com\/blogg\/wp-content\/uploads\/2017\/10\/170729-miche.jpg 2048w, http:\/\/www.susannavaris.com\/blogg\/wp-content\/uploads\/2017\/10\/170729-miche-300x225.jpg 300w, http:\/\/www.susannavaris.com\/blogg\/wp-content\/uploads\/2017\/10\/170729-miche-768x576.jpg 768w, http:\/\/www.susannavaris.com\/blogg\/wp-content\/uploads\/2017\/10\/170729-miche-1024x768.jpg 1024w\" sizes=\"auto, (max-width: 2048px) 100vw, 2048px\" \/><\/a><em>Uffe och jag har intagit kulturkoftepositioner. Foto: Micheles Kindh<\/em><\/p>\n<p style=\"text-align: center;\"><a href=\"http:\/\/www.susannavaris.com\/blogg\/2017\/10\/ett-ar-och-tre-dagar-del-3\/wp_20170729_17_33_39_pro__highres-50-50\/\" rel=\"attachment wp-att-16597\"><img loading=\"lazy\" decoding=\"async\" class=\"aligncenter size-full wp-image-16597\" src=\"http:\/\/www.susannavaris.com\/blogg\/wp-content\/uploads\/2017\/10\/WP_20170729_17_33_39_Pro__highres-50-50.jpg\" alt=\"\" width=\"1928\" height=\"1088\" srcset=\"http:\/\/www.susannavaris.com\/blogg\/wp-content\/uploads\/2017\/10\/WP_20170729_17_33_39_Pro__highres-50-50.jpg 1928w, http:\/\/www.susannavaris.com\/blogg\/wp-content\/uploads\/2017\/10\/WP_20170729_17_33_39_Pro__highres-50-50-300x169.jpg 300w, http:\/\/www.susannavaris.com\/blogg\/wp-content\/uploads\/2017\/10\/WP_20170729_17_33_39_Pro__highres-50-50-768x433.jpg 768w, http:\/\/www.susannavaris.com\/blogg\/wp-content\/uploads\/2017\/10\/WP_20170729_17_33_39_Pro__highres-50-50-1024x578.jpg 1024w\" sizes=\"auto, (max-width: 1928px) 100vw, 1928px\" \/><\/a><em>En avslutning p\u00e5 Konditori Ritorno.<\/em><\/p>\n<p>&nbsp;<\/p>\n<p>Efter Bonniers Konsthall och Ritorno hade vi bokat in en middagskryssning p\u00e5 s\/s Prins Carl Philip. Den var egentligen t\u00e4nkt som en f\u00f6rlovningskryssning, men d\u00e5 ringarna inte hunnit bli f\u00e4rdiga blev det mer av en simpel, vanlig middagskryssning. Mycket gott och trevligt dock, rekommenderas varmt!<\/p>\n<p>&nbsp;<\/p>\n<p style=\"text-align: center;\"><a href=\"http:\/\/www.susannavaris.com\/blogg\/2017\/10\/ett-ar-och-tre-dagar-del-3\/dsc_0615-adj\/\" rel=\"attachment wp-att-16593\"><img loading=\"lazy\" decoding=\"async\" class=\"aligncenter size-full wp-image-16593\" src=\"http:\/\/www.susannavaris.com\/blogg\/wp-content\/uploads\/2017\/10\/DSC_0615-adj.jpg\" alt=\"\" width=\"2848\" height=\"4288\" srcset=\"http:\/\/www.susannavaris.com\/blogg\/wp-content\/uploads\/2017\/10\/DSC_0615-adj.jpg 2848w, http:\/\/www.susannavaris.com\/blogg\/wp-content\/uploads\/2017\/10\/DSC_0615-adj-199x300.jpg 199w, http:\/\/www.susannavaris.com\/blogg\/wp-content\/uploads\/2017\/10\/DSC_0615-adj-768x1156.jpg 768w, http:\/\/www.susannavaris.com\/blogg\/wp-content\/uploads\/2017\/10\/DSC_0615-adj-680x1024.jpg 680w\" sizes=\"auto, (max-width: 2848px) 100vw, 2848px\" \/><\/a> <a href=\"http:\/\/www.susannavaris.com\/blogg\/2017\/10\/ett-ar-och-tre-dagar-del-3\/wp_20170729_19_25_05_pro__highres-50-50\/\" rel=\"attachment wp-att-16594\"><img loading=\"lazy\" decoding=\"async\" class=\"aligncenter size-full wp-image-16594\" src=\"http:\/\/www.susannavaris.com\/blogg\/wp-content\/uploads\/2017\/10\/WP_20170729_19_25_05_Pro__highres-50-50.jpg\" alt=\"\" width=\"1088\" height=\"1928\" srcset=\"http:\/\/www.susannavaris.com\/blogg\/wp-content\/uploads\/2017\/10\/WP_20170729_19_25_05_Pro__highres-50-50.jpg 1088w, http:\/\/www.susannavaris.com\/blogg\/wp-content\/uploads\/2017\/10\/WP_20170729_19_25_05_Pro__highres-50-50-169x300.jpg 169w, http:\/\/www.susannavaris.com\/blogg\/wp-content\/uploads\/2017\/10\/WP_20170729_19_25_05_Pro__highres-50-50-768x1361.jpg 768w, http:\/\/www.susannavaris.com\/blogg\/wp-content\/uploads\/2017\/10\/WP_20170729_19_25_05_Pro__highres-50-50-578x1024.jpg 578w\" sizes=\"auto, (max-width: 1088px) 100vw, 1088px\" \/><\/a> <a href=\"http:\/\/www.susannavaris.com\/blogg\/2017\/10\/ett-ar-och-tre-dagar-del-3\/wp_20170729_20_12_55_pro__highres-50-50\/\" rel=\"attachment wp-att-16595\"><img loading=\"lazy\" decoding=\"async\" class=\"aligncenter size-full wp-image-16595\" src=\"http:\/\/www.susannavaris.com\/blogg\/wp-content\/uploads\/2017\/10\/WP_20170729_20_12_55_Pro__highres-50-50.jpg\" alt=\"\" width=\"1928\" height=\"1088\" srcset=\"http:\/\/www.susannavaris.com\/blogg\/wp-content\/uploads\/2017\/10\/WP_20170729_20_12_55_Pro__highres-50-50.jpg 1928w, http:\/\/www.susannavaris.com\/blogg\/wp-content\/uploads\/2017\/10\/WP_20170729_20_12_55_Pro__highres-50-50-300x169.jpg 300w, http:\/\/www.susannavaris.com\/blogg\/wp-content\/uploads\/2017\/10\/WP_20170729_20_12_55_Pro__highres-50-50-768x433.jpg 768w, http:\/\/www.susannavaris.com\/blogg\/wp-content\/uploads\/2017\/10\/WP_20170729_20_12_55_Pro__highres-50-50-1024x578.jpg 1024w\" sizes=\"auto, (max-width: 1928px) 100vw, 1928px\" \/><\/a> <a href=\"http:\/\/www.susannavaris.com\/blogg\/2017\/10\/ett-ar-och-tre-dagar-del-3\/wp_20170729_20_19_00_pro__highres-50-50\/\" rel=\"attachment wp-att-16596\"><img loading=\"lazy\" decoding=\"async\" class=\"aligncenter size-full wp-image-16596\" src=\"http:\/\/www.susannavaris.com\/blogg\/wp-content\/uploads\/2017\/10\/WP_20170729_20_19_00_Pro__highres-50-50.jpg\" alt=\"\" width=\"1928\" height=\"1088\" srcset=\"http:\/\/www.susannavaris.com\/blogg\/wp-content\/uploads\/2017\/10\/WP_20170729_20_19_00_Pro__highres-50-50.jpg 1928w, http:\/\/www.susannavaris.com\/blogg\/wp-content\/uploads\/2017\/10\/WP_20170729_20_19_00_Pro__highres-50-50-300x169.jpg 300w, http:\/\/www.susannavaris.com\/blogg\/wp-content\/uploads\/2017\/10\/WP_20170729_20_19_00_Pro__highres-50-50-768x433.jpg 768w, http:\/\/www.susannavaris.com\/blogg\/wp-content\/uploads\/2017\/10\/WP_20170729_20_19_00_Pro__highres-50-50-1024x578.jpg 1024w\" sizes=\"auto, (max-width: 1928px) 100vw, 1928px\" \/><\/a><a href=\"http:\/\/www.susannavaris.com\/blogg\/2017\/10\/ett-ar-och-tre-dagar-del-3\/dsc_0614-adj\/\" rel=\"attachment wp-att-16598\"><img loading=\"lazy\" decoding=\"async\" class=\"aligncenter size-full wp-image-16598\" src=\"http:\/\/www.susannavaris.com\/blogg\/wp-content\/uploads\/2017\/10\/DSC_0614-adj.jpg\" alt=\"\" width=\"2848\" height=\"4288\" srcset=\"http:\/\/www.susannavaris.com\/blogg\/wp-content\/uploads\/2017\/10\/DSC_0614-adj.jpg 2848w, http:\/\/www.susannavaris.com\/blogg\/wp-content\/uploads\/2017\/10\/DSC_0614-adj-199x300.jpg 199w, http:\/\/www.susannavaris.com\/blogg\/wp-content\/uploads\/2017\/10\/DSC_0614-adj-768x1156.jpg 768w, http:\/\/www.susannavaris.com\/blogg\/wp-content\/uploads\/2017\/10\/DSC_0614-adj-680x1024.jpg 680w\" sizes=\"auto, (max-width: 2848px) 100vw, 2848px\" \/><\/a><em>Foto nederst: Ulf Holm\u00e9n<\/em><\/p>\n<p>&nbsp;<\/p>\n<p style=\"text-align: center;\"><a href=\"http:\/\/www.susannavaris.com\/blogg\/2017\/10\/ett-ar-och-tre-dagar-del-3\/170813-50\/\" rel=\"attachment wp-att-16599\"><img loading=\"lazy\" decoding=\"async\" class=\"aligncenter size-full wp-image-16599\" src=\"http:\/\/www.susannavaris.com\/blogg\/wp-content\/uploads\/2017\/10\/170813-50.jpg\" alt=\"\" width=\"1024\" height=\"680\" srcset=\"http:\/\/www.susannavaris.com\/blogg\/wp-content\/uploads\/2017\/10\/170813-50.jpg 1024w, http:\/\/www.susannavaris.com\/blogg\/wp-content\/uploads\/2017\/10\/170813-50-300x199.jpg 300w, http:\/\/www.susannavaris.com\/blogg\/wp-content\/uploads\/2017\/10\/170813-50-768x510.jpg 768w\" sizes=\"auto, (max-width: 1024px) 100vw, 1024px\" \/><\/a><em>Augusti 2017: Flytten som aldrig tar slut. Golven i hall + k\u00f6k lades om i augusti och nu (oktober) \u00e5terst\u00e5r bara m\u00e5lning (i egen regi) av en l\u00e5ng g\u00e5ng mellan stora och lilla hallen.<\/em><\/p>\n<p style=\"text-align: center;\"><a href=\"http:\/\/www.susannavaris.com\/blogg\/2017\/10\/ett-ar-och-tre-dagar-del-3\/dsc_0623-crop-adj\/\" rel=\"attachment wp-att-16600\"><img loading=\"lazy\" decoding=\"async\" class=\"aligncenter size-full wp-image-16600\" src=\"http:\/\/www.susannavaris.com\/blogg\/wp-content\/uploads\/2017\/10\/DSC_0623-crop-adj.jpg\" alt=\"\" width=\"2844\" height=\"3999\" srcset=\"http:\/\/www.susannavaris.com\/blogg\/wp-content\/uploads\/2017\/10\/DSC_0623-crop-adj.jpg 2844w, http:\/\/www.susannavaris.com\/blogg\/wp-content\/uploads\/2017\/10\/DSC_0623-crop-adj-213x300.jpg 213w, http:\/\/www.susannavaris.com\/blogg\/wp-content\/uploads\/2017\/10\/DSC_0623-crop-adj-768x1080.jpg 768w, http:\/\/www.susannavaris.com\/blogg\/wp-content\/uploads\/2017\/10\/DSC_0623-crop-adj-728x1024.jpg 728w\" sizes=\"auto, (max-width: 2844px) 100vw, 2844px\" \/><\/a><em>En liten ringp\u00e5tagningsceremoni. 11. juli 2017 blev den officiella f\u00f6rlovningsdagen. Ringarna kommer fr\u00e5n Kalevala Jewellery.<\/em><\/p>\n<p>&nbsp;<\/p>\n<p><em>Inl\u00e4gget som inte heller n\u00e5gonsin tar slut. Forts\u00e4ttning f\u00f6ljer&#8230;<\/em><\/p>\n<p><span style=\"border-radius: 2px; text-indent: 20px; width: auto; padding: 0px 4px 0px 0px; text-align: center; font: bold 11px\/20px 'Helvetica Neue',Helvetica,sans-serif; color: #ffffff; background: #bd081c no-repeat scroll 3px 50% \/ 14px 14px; position: absolute; opacity: 1; z-index: 8675309; display: none; cursor: pointer; top: 8827px; left: 20px;\">Spara<\/span><\/p>\n<p><span style=\"border-radius: 2px; text-indent: 20px; width: auto; padding: 0px 4px 0px 0px; text-align: center; font: bold 11px\/20px 'Helvetica Neue',Helvetica,sans-serif; color: #ffffff; background: #bd081c  no-repeat scroll 3px 50% \/ 14px 14px; position: absolute; opacity: 1; z-index: 8675309; display: none; cursor: pointer; top: 42745px; left: 20px;\">Spara<\/span><\/p>\n","protected":false},"excerpt":{"rendered":"<p>&#8230;forts\u00e4ttning fr\u00e5n f\u00f6reg\u00e5ende inl\u00e4gg. Juli 2017. Vi arbetade v\u00e5r vana trogna hela juli och \u00e4ven \u00f6ver invigningen av Citybanan i Stockholm. F\u00f6rst n\u00e5gra bilder fr\u00e5n vackra S\u00f6dert\u00e4lje: Centralparken med skulpturen V\u00e5rdagj\u00e4mning av Sonja Katzin. &nbsp; S\u00e5 var det dags f\u00f6r &hellip; <a href=\"http:\/\/www.susannavaris.com\/blogg\/2017\/10\/ett-ar-och-tre-dagar-del-3\/\">Forts\u00e4tt l\u00e4sa <span class=\"meta-nav\">&rarr;<\/span><\/a><\/p>\n","protected":false},"author":1,"featured_media":0,"comment_status":"open","ping_status":"open","sticky":false,"template":"","format":"standard","meta":{"footnotes":""},"categories":[3,1162,1,889,4],"tags":[5466,5474,5461,5468,5472,5451,1529,5460,740,2303,5480,5476,5467,5475,5134,5483,5457,5465,5477,17,5456,1879,5459,5473,5479,5470,5471,5455,1593,5458,5463,5449,5448,5482,346,5481,5478,5469,1800,1190,121,5453,5464,4652,525,3972,5454,1432,2915,5462,5452],"class_list":["post-16532","post","type-post","status-publish","format-standard","hentry","category-konst","category-kultur","category-okategoriserade","category-teknik","category-utstallning","tag-andetag-och-fotfaste","tag-another-side-of-the-shift","tag-asa-lindstrom","tag-astrid-sylwan","tag-bonniers-konsthall","tag-centralparken","tag-citybanan","tag-cuckoo-clock","tag-drottningholm","tag-flytt","tag-forlovning","tag-hilde-retzlaff","tag-jari-markkula","tag-jasmin-daryani","tag-kalevala","tag-kalevala-jewellery","tag-karin-lindh","tag-karin-tornell","tag-konditori-ritorno","tag-konst-2","tag-konstrunda","tag-la-divina-commedia","tag-lars-arrhenius","tag-maria-bonnier-dahlins-stiftelse","tag-middagskryssning","tag-mikael-pauli","tag-moaritisk-absorbent","tag-mtr","tag-pendeltag","tag-pendlarkatedralen","tag-peter-svedberg","tag-pfa-vaggar","tag-plattformsavskiljande-vaggar","tag-pol-roger","tag-renovering","tag-ringpatagning","tag-ss-prins-carl-philip","tag-skies","tag-skulptur","tag-sl","tag-sodertalje","tag-sonja-katzin","tag-stad-trad-och-ang","tag-station-city","tag-stockholm","tag-stockholm-central","tag-stockholm-city","tag-tag","tag-tagtunnel","tag-vardagens-sal","tag-vardagjamning"],"_links":{"self":[{"href":"http:\/\/www.susannavaris.com\/blogg\/wp-json\/wp\/v2\/posts\/16532","targetHints":{"allow":["GET"]}}],"collection":[{"href":"http:\/\/www.susannavaris.com\/blogg\/wp-json\/wp\/v2\/posts"}],"about":[{"href":"http:\/\/www.susannavaris.com\/blogg\/wp-json\/wp\/v2\/types\/post"}],"author":[{"embeddable":true,"href":"http:\/\/www.susannavaris.com\/blogg\/wp-json\/wp\/v2\/users\/1"}],"replies":[{"embeddable":true,"href":"http:\/\/www.susannavaris.com\/blogg\/wp-json\/wp\/v2\/comments?post=16532"}],"version-history":[{"count":4,"href":"http:\/\/www.susannavaris.com\/blogg\/wp-json\/wp\/v2\/posts\/16532\/revisions"}],"predecessor-version":[{"id":16602,"href":"http:\/\/www.susannavaris.com\/blogg\/wp-json\/wp\/v2\/posts\/16532\/revisions\/16602"}],"wp:attachment":[{"href":"http:\/\/www.susannavaris.com\/blogg\/wp-json\/wp\/v2\/media?parent=16532"}],"wp:term":[{"taxonomy":"category","embeddable":true,"href":"http:\/\/www.susannavaris.com\/blogg\/wp-json\/wp\/v2\/categories?post=16532"},{"taxonomy":"post_tag","embeddable":true,"href":"http:\/\/www.susannavaris.com\/blogg\/wp-json\/wp\/v2\/tags?post=16532"}],"curies":[{"name":"wp","href":"https:\/\/api.w.org\/{rel}","templated":true}]}}