{"id":16603,"date":"2017-10-18T16:36:30","date_gmt":"2017-10-18T14:36:30","guid":{"rendered":"http:\/\/www.susannavaris.com\/blogg\/?p=16603"},"modified":"2017-10-18T16:37:16","modified_gmt":"2017-10-18T14:37:16","slug":"ett-ar-och-tre-dagar-del-4","status":"publish","type":"post","link":"http:\/\/www.susannavaris.com\/blogg\/2017\/10\/ett-ar-och-tre-dagar-del-4\/","title":{"rendered":"Ett \u00e5r och tre dagar del 4"},"content":{"rendered":"<p><em>&#8230;forts\u00e4ttning fr\u00e5n f\u00f6reg\u00e5ende inl\u00e4gg.<\/em><\/p>\n<p>Ja, jag vet att det nu har g\u00e5tt ett \u00e5r och fler \u00e4n tre dagar, men fotokavalkaden \u00f6ver \u00e5rets h\u00e4ndelser f\u00e5r bli under samma rubrik.<\/p>\n<p>En dag i augusti p\u00e5 den fantastiskt ocharmiga g\u00e5gatan i S\u00f6dert\u00e4lje centrum (slagen i ocharmighet enbart av parallellgatan Nygatan):<\/p>\n<p style=\"text-align: center;\"><a href=\"http:\/\/www.susannavaris.com\/blogg\/2017\/10\/ett-ar-och-tre-dagar-del-4\/wp_20170814_17_13_13_pro__highres-crop-adj\/\" rel=\"attachment wp-att-16604\"><img loading=\"lazy\" decoding=\"async\" class=\"aligncenter size-full wp-image-16604\" src=\"http:\/\/www.susannavaris.com\/blogg\/wp-content\/uploads\/2017\/10\/WP_20170814_17_13_13_Pro__highres-crop-adj.jpg\" alt=\"\" width=\"3282\" height=\"3581\" srcset=\"http:\/\/www.susannavaris.com\/blogg\/wp-content\/uploads\/2017\/10\/WP_20170814_17_13_13_Pro__highres-crop-adj.jpg 3282w, http:\/\/www.susannavaris.com\/blogg\/wp-content\/uploads\/2017\/10\/WP_20170814_17_13_13_Pro__highres-crop-adj-275x300.jpg 275w, http:\/\/www.susannavaris.com\/blogg\/wp-content\/uploads\/2017\/10\/WP_20170814_17_13_13_Pro__highres-crop-adj-768x838.jpg 768w, http:\/\/www.susannavaris.com\/blogg\/wp-content\/uploads\/2017\/10\/WP_20170814_17_13_13_Pro__highres-crop-adj-938x1024.jpg 938w\" sizes=\"auto, (max-width: 3282px) 100vw, 3282px\" \/><\/a> <a href=\"http:\/\/www.susannavaris.com\/blogg\/2017\/10\/ett-ar-och-tre-dagar-del-4\/wp_20170814_17_14_18_pro__highres-50\/\" rel=\"attachment wp-att-16605\"><img loading=\"lazy\" decoding=\"async\" class=\"aligncenter size-full wp-image-16605\" src=\"http:\/\/www.susannavaris.com\/blogg\/wp-content\/uploads\/2017\/10\/WP_20170814_17_14_18_Pro__highres-50.jpg\" alt=\"\" width=\"2176\" height=\"3856\" srcset=\"http:\/\/www.susannavaris.com\/blogg\/wp-content\/uploads\/2017\/10\/WP_20170814_17_14_18_Pro__highres-50.jpg 2176w, http:\/\/www.susannavaris.com\/blogg\/wp-content\/uploads\/2017\/10\/WP_20170814_17_14_18_Pro__highres-50-169x300.jpg 169w, http:\/\/www.susannavaris.com\/blogg\/wp-content\/uploads\/2017\/10\/WP_20170814_17_14_18_Pro__highres-50-768x1361.jpg 768w, http:\/\/www.susannavaris.com\/blogg\/wp-content\/uploads\/2017\/10\/WP_20170814_17_14_18_Pro__highres-50-578x1024.jpg 578w\" sizes=\"auto, (max-width: 2176px) 100vw, 2176px\" \/><\/a> <a href=\"http:\/\/www.susannavaris.com\/blogg\/2017\/10\/ett-ar-och-tre-dagar-del-4\/wp_20170814_17_14_31_pro__highres-adj-50\/\" rel=\"attachment wp-att-16606\"><img loading=\"lazy\" decoding=\"async\" class=\"aligncenter size-full wp-image-16606\" src=\"http:\/\/www.susannavaris.com\/blogg\/wp-content\/uploads\/2017\/10\/WP_20170814_17_14_31_Pro__highres-adj-50.jpg\" alt=\"\" width=\"2176\" height=\"3856\" srcset=\"http:\/\/www.susannavaris.com\/blogg\/wp-content\/uploads\/2017\/10\/WP_20170814_17_14_31_Pro__highres-adj-50.jpg 2176w, http:\/\/www.susannavaris.com\/blogg\/wp-content\/uploads\/2017\/10\/WP_20170814_17_14_31_Pro__highres-adj-50-169x300.jpg 169w, http:\/\/www.susannavaris.com\/blogg\/wp-content\/uploads\/2017\/10\/WP_20170814_17_14_31_Pro__highres-adj-50-768x1361.jpg 768w, http:\/\/www.susannavaris.com\/blogg\/wp-content\/uploads\/2017\/10\/WP_20170814_17_14_31_Pro__highres-adj-50-578x1024.jpg 578w\" sizes=\"auto, (max-width: 2176px) 100vw, 2176px\" \/><\/a><em>Troligen den katolska kyrkan som \u00e4r ute och processerar? Jag har aldrig sett detta f\u00f6rut i S\u00f6dert\u00e4lje, men som konstaterat r\u00f6r vi oss numera mer i staden&#8230;<\/em><\/p>\n<p>&nbsp;<\/p>\n<p>Finland blev det s\u00e5 klart \u00e4ven detta \u00e5r:<\/p>\n<p style=\"text-align: center;\"><a href=\"http:\/\/www.susannavaris.com\/blogg\/2017\/10\/ett-ar-och-tre-dagar-del-4\/wp_20170817_12_54_25_pro__highres-50\/\" rel=\"attachment wp-att-16676\"><img loading=\"lazy\" decoding=\"async\" class=\"aligncenter size-full wp-image-16676\" src=\"http:\/\/www.susannavaris.com\/blogg\/wp-content\/uploads\/2017\/10\/WP_20170817_12_54_25_Pro__highres-50.jpg\" alt=\"\" width=\"2176\" height=\"3856\" srcset=\"http:\/\/www.susannavaris.com\/blogg\/wp-content\/uploads\/2017\/10\/WP_20170817_12_54_25_Pro__highres-50.jpg 2176w, http:\/\/www.susannavaris.com\/blogg\/wp-content\/uploads\/2017\/10\/WP_20170817_12_54_25_Pro__highres-50-169x300.jpg 169w, http:\/\/www.susannavaris.com\/blogg\/wp-content\/uploads\/2017\/10\/WP_20170817_12_54_25_Pro__highres-50-768x1361.jpg 768w, http:\/\/www.susannavaris.com\/blogg\/wp-content\/uploads\/2017\/10\/WP_20170817_12_54_25_Pro__highres-50-578x1024.jpg 578w\" sizes=\"auto, (max-width: 2176px) 100vw, 2176px\" \/><\/a> <a href=\"http:\/\/www.susannavaris.com\/blogg\/2017\/10\/ett-ar-och-tre-dagar-del-4\/wp_20170817_12_54_36_pro__highres-crop\/\" rel=\"attachment wp-att-16677\"><img loading=\"lazy\" decoding=\"async\" class=\"aligncenter size-full wp-image-16677\" src=\"http:\/\/www.susannavaris.com\/blogg\/wp-content\/uploads\/2017\/10\/WP_20170817_12_54_36_Pro__highres-crop.jpg\" alt=\"\" width=\"2251\" height=\"3158\" srcset=\"http:\/\/www.susannavaris.com\/blogg\/wp-content\/uploads\/2017\/10\/WP_20170817_12_54_36_Pro__highres-crop.jpg 2251w, http:\/\/www.susannavaris.com\/blogg\/wp-content\/uploads\/2017\/10\/WP_20170817_12_54_36_Pro__highres-crop-214x300.jpg 214w, http:\/\/www.susannavaris.com\/blogg\/wp-content\/uploads\/2017\/10\/WP_20170817_12_54_36_Pro__highres-crop-768x1077.jpg 768w, http:\/\/www.susannavaris.com\/blogg\/wp-content\/uploads\/2017\/10\/WP_20170817_12_54_36_Pro__highres-crop-730x1024.jpg 730w\" sizes=\"auto, (max-width: 2251px) 100vw, 2251px\" \/><\/a><em>Hos moster&#8230;<\/em><\/p>\n<p><a href=\"http:\/\/www.susannavaris.com\/blogg\/2017\/10\/ett-ar-och-tre-dagar-del-4\/dsc_0627-adj-50\/\" rel=\"attachment wp-att-16607\"><img loading=\"lazy\" decoding=\"async\" class=\"aligncenter size-full wp-image-16607\" src=\"http:\/\/www.susannavaris.com\/blogg\/wp-content\/uploads\/2017\/10\/DSC_0627-adj-50.jpg\" alt=\"\" width=\"2144\" height=\"1424\" srcset=\"http:\/\/www.susannavaris.com\/blogg\/wp-content\/uploads\/2017\/10\/DSC_0627-adj-50.jpg 2144w, http:\/\/www.susannavaris.com\/blogg\/wp-content\/uploads\/2017\/10\/DSC_0627-adj-50-300x199.jpg 300w, http:\/\/www.susannavaris.com\/blogg\/wp-content\/uploads\/2017\/10\/DSC_0627-adj-50-768x510.jpg 768w, http:\/\/www.susannavaris.com\/blogg\/wp-content\/uploads\/2017\/10\/DSC_0627-adj-50-1024x680.jpg 1024w\" sizes=\"auto, (max-width: 2144px) 100vw, 2144px\" \/><\/a> <a href=\"http:\/\/www.susannavaris.com\/blogg\/2017\/10\/ett-ar-och-tre-dagar-del-4\/dsc_0628-50-4\/\" rel=\"attachment wp-att-16608\"><img loading=\"lazy\" decoding=\"async\" class=\"aligncenter size-full wp-image-16608\" src=\"http:\/\/www.susannavaris.com\/blogg\/wp-content\/uploads\/2017\/10\/DSC_0628-50.jpg\" alt=\"\" width=\"2144\" height=\"1424\" srcset=\"http:\/\/www.susannavaris.com\/blogg\/wp-content\/uploads\/2017\/10\/DSC_0628-50.jpg 2144w, http:\/\/www.susannavaris.com\/blogg\/wp-content\/uploads\/2017\/10\/DSC_0628-50-300x199.jpg 300w, http:\/\/www.susannavaris.com\/blogg\/wp-content\/uploads\/2017\/10\/DSC_0628-50-768x510.jpg 768w, http:\/\/www.susannavaris.com\/blogg\/wp-content\/uploads\/2017\/10\/DSC_0628-50-1024x680.jpg 1024w\" sizes=\"auto, (max-width: 2144px) 100vw, 2144px\" \/><\/a> <a href=\"http:\/\/www.susannavaris.com\/blogg\/2017\/10\/ett-ar-och-tre-dagar-del-4\/dsc_0630-adj-50\/\" rel=\"attachment wp-att-16609\"><img loading=\"lazy\" decoding=\"async\" class=\"aligncenter size-full wp-image-16609\" src=\"http:\/\/www.susannavaris.com\/blogg\/wp-content\/uploads\/2017\/10\/DSC_0630-adj-50.jpg\" alt=\"\" width=\"2144\" height=\"1424\" srcset=\"http:\/\/www.susannavaris.com\/blogg\/wp-content\/uploads\/2017\/10\/DSC_0630-adj-50.jpg 2144w, http:\/\/www.susannavaris.com\/blogg\/wp-content\/uploads\/2017\/10\/DSC_0630-adj-50-300x199.jpg 300w, http:\/\/www.susannavaris.com\/blogg\/wp-content\/uploads\/2017\/10\/DSC_0630-adj-50-768x510.jpg 768w, http:\/\/www.susannavaris.com\/blogg\/wp-content\/uploads\/2017\/10\/DSC_0630-adj-50-1024x680.jpg 1024w\" sizes=\"auto, (max-width: 2144px) 100vw, 2144px\" \/><\/a> <a href=\"http:\/\/www.susannavaris.com\/blogg\/2017\/10\/ett-ar-och-tre-dagar-del-4\/dsc_0631-50-3\/\" rel=\"attachment wp-att-16610\"><img loading=\"lazy\" decoding=\"async\" class=\"aligncenter size-full wp-image-16610\" src=\"http:\/\/www.susannavaris.com\/blogg\/wp-content\/uploads\/2017\/10\/DSC_0631-50.jpg\" alt=\"\" width=\"1424\" height=\"2144\" srcset=\"http:\/\/www.susannavaris.com\/blogg\/wp-content\/uploads\/2017\/10\/DSC_0631-50.jpg 1424w, http:\/\/www.susannavaris.com\/blogg\/wp-content\/uploads\/2017\/10\/DSC_0631-50-199x300.jpg 199w, http:\/\/www.susannavaris.com\/blogg\/wp-content\/uploads\/2017\/10\/DSC_0631-50-768x1156.jpg 768w, http:\/\/www.susannavaris.com\/blogg\/wp-content\/uploads\/2017\/10\/DSC_0631-50-680x1024.jpg 680w\" sizes=\"auto, (max-width: 1424px) 100vw, 1424px\" \/><\/a> <a href=\"http:\/\/www.susannavaris.com\/blogg\/2017\/10\/ett-ar-och-tre-dagar-del-4\/dsc_0632-adj-50\/\" rel=\"attachment wp-att-16611\"><img loading=\"lazy\" decoding=\"async\" class=\"aligncenter size-full wp-image-16611\" src=\"http:\/\/www.susannavaris.com\/blogg\/wp-content\/uploads\/2017\/10\/DSC_0632-adj-50.jpg\" alt=\"\" width=\"2144\" height=\"1424\" srcset=\"http:\/\/www.susannavaris.com\/blogg\/wp-content\/uploads\/2017\/10\/DSC_0632-adj-50.jpg 2144w, http:\/\/www.susannavaris.com\/blogg\/wp-content\/uploads\/2017\/10\/DSC_0632-adj-50-300x199.jpg 300w, http:\/\/www.susannavaris.com\/blogg\/wp-content\/uploads\/2017\/10\/DSC_0632-adj-50-768x510.jpg 768w, http:\/\/www.susannavaris.com\/blogg\/wp-content\/uploads\/2017\/10\/DSC_0632-adj-50-1024x680.jpg 1024w\" sizes=\"auto, (max-width: 2144px) 100vw, 2144px\" \/><\/a> <a href=\"http:\/\/www.susannavaris.com\/blogg\/2017\/10\/ett-ar-och-tre-dagar-del-4\/dsc_0637-adj-50\/\" rel=\"attachment wp-att-16612\"><img loading=\"lazy\" decoding=\"async\" class=\"aligncenter size-full wp-image-16612\" src=\"http:\/\/www.susannavaris.com\/blogg\/wp-content\/uploads\/2017\/10\/DSC_0637-adj-50.jpg\" alt=\"\" width=\"1424\" height=\"2144\" srcset=\"http:\/\/www.susannavaris.com\/blogg\/wp-content\/uploads\/2017\/10\/DSC_0637-adj-50.jpg 1424w, http:\/\/www.susannavaris.com\/blogg\/wp-content\/uploads\/2017\/10\/DSC_0637-adj-50-199x300.jpg 199w, http:\/\/www.susannavaris.com\/blogg\/wp-content\/uploads\/2017\/10\/DSC_0637-adj-50-768x1156.jpg 768w, http:\/\/www.susannavaris.com\/blogg\/wp-content\/uploads\/2017\/10\/DSC_0637-adj-50-680x1024.jpg 680w\" sizes=\"auto, (max-width: 1424px) 100vw, 1424px\" \/><\/a>Med hj\u00e4lp av sl\u00e4kt och grannar har ett g\u00e4ng gamla tr\u00e4d s\u00e5gats ner och sl\u00e4kten hade dessutom hj\u00e4lpt till att r\u00f6ja p\u00e5 tomten s\u00e5 den h\u00e4r g\u00e5ngen slapp vi den sedvanliga djungeln n\u00e4r vi anl\u00e4nde. Tackar s\u00e4rskilt f\u00f6r detta!<\/p>\n<p><strong>Stugan &#8211; the Blair Witch version:<\/strong><\/p>\n<p><a href=\"http:\/\/www.susannavaris.com\/blogg\/2017\/10\/ett-ar-och-tre-dagar-del-4\/dsc_0644-crop-adj-01-50\/\" rel=\"attachment wp-att-16613\"><img loading=\"lazy\" decoding=\"async\" class=\"aligncenter size-full wp-image-16613\" src=\"http:\/\/www.susannavaris.com\/blogg\/wp-content\/uploads\/2017\/10\/DSC_0644-crop-adj-01-50.jpg\" alt=\"\" width=\"567\" height=\"845\" srcset=\"http:\/\/www.susannavaris.com\/blogg\/wp-content\/uploads\/2017\/10\/DSC_0644-crop-adj-01-50.jpg 567w, http:\/\/www.susannavaris.com\/blogg\/wp-content\/uploads\/2017\/10\/DSC_0644-crop-adj-01-50-201x300.jpg 201w\" sizes=\"auto, (max-width: 567px) 100vw, 567px\" \/><\/a> <a href=\"http:\/\/www.susannavaris.com\/blogg\/2017\/10\/ett-ar-och-tre-dagar-del-4\/wp_20170817_17_33_47_pro__highres-crop-adj-01-50\/\" rel=\"attachment wp-att-16614\"><img loading=\"lazy\" decoding=\"async\" class=\"aligncenter size-full wp-image-16614\" src=\"http:\/\/www.susannavaris.com\/blogg\/wp-content\/uploads\/2017\/10\/WP_20170817_17_33_47_Pro__highres-crop-adj-01-50.jpg\" alt=\"\" width=\"1564\" height=\"1021\" srcset=\"http:\/\/www.susannavaris.com\/blogg\/wp-content\/uploads\/2017\/10\/WP_20170817_17_33_47_Pro__highres-crop-adj-01-50.jpg 1564w, http:\/\/www.susannavaris.com\/blogg\/wp-content\/uploads\/2017\/10\/WP_20170817_17_33_47_Pro__highres-crop-adj-01-50-300x196.jpg 300w, http:\/\/www.susannavaris.com\/blogg\/wp-content\/uploads\/2017\/10\/WP_20170817_17_33_47_Pro__highres-crop-adj-01-50-768x501.jpg 768w, http:\/\/www.susannavaris.com\/blogg\/wp-content\/uploads\/2017\/10\/WP_20170817_17_33_47_Pro__highres-crop-adj-01-50-1024x668.jpg 1024w\" sizes=\"auto, (max-width: 1564px) 100vw, 1564px\" \/><\/a> <a href=\"http:\/\/www.susannavaris.com\/blogg\/2017\/10\/ett-ar-och-tre-dagar-del-4\/wp_20170817_17_37_49_pro__highres-adj-01-crop-50\/\" rel=\"attachment wp-att-16615\"><img loading=\"lazy\" decoding=\"async\" class=\"aligncenter size-full wp-image-16615\" src=\"http:\/\/www.susannavaris.com\/blogg\/wp-content\/uploads\/2017\/10\/WP_20170817_17_37_49_Pro__highres-adj-01-crop-50.jpg\" alt=\"\" width=\"2172\" height=\"2605\" srcset=\"http:\/\/www.susannavaris.com\/blogg\/wp-content\/uploads\/2017\/10\/WP_20170817_17_37_49_Pro__highres-adj-01-crop-50.jpg 2172w, http:\/\/www.susannavaris.com\/blogg\/wp-content\/uploads\/2017\/10\/WP_20170817_17_37_49_Pro__highres-adj-01-crop-50-250x300.jpg 250w, http:\/\/www.susannavaris.com\/blogg\/wp-content\/uploads\/2017\/10\/WP_20170817_17_37_49_Pro__highres-adj-01-crop-50-768x921.jpg 768w, http:\/\/www.susannavaris.com\/blogg\/wp-content\/uploads\/2017\/10\/WP_20170817_17_37_49_Pro__highres-adj-01-crop-50-854x1024.jpg 854w\" sizes=\"auto, (max-width: 2172px) 100vw, 2172px\" \/><\/a> <a href=\"http:\/\/www.susannavaris.com\/blogg\/2017\/10\/ett-ar-och-tre-dagar-del-4\/wp_20170817_17_38_46_pro__highres-adj-01-50\/\" rel=\"attachment wp-att-16616\"><img loading=\"lazy\" decoding=\"async\" class=\"aligncenter size-full wp-image-16616\" src=\"http:\/\/www.susannavaris.com\/blogg\/wp-content\/uploads\/2017\/10\/WP_20170817_17_38_46_Pro__highres-adj-01-50.jpg\" alt=\"\" width=\"2176\" height=\"3856\" srcset=\"http:\/\/www.susannavaris.com\/blogg\/wp-content\/uploads\/2017\/10\/WP_20170817_17_38_46_Pro__highres-adj-01-50.jpg 2176w, http:\/\/www.susannavaris.com\/blogg\/wp-content\/uploads\/2017\/10\/WP_20170817_17_38_46_Pro__highres-adj-01-50-169x300.jpg 169w, http:\/\/www.susannavaris.com\/blogg\/wp-content\/uploads\/2017\/10\/WP_20170817_17_38_46_Pro__highres-adj-01-50-768x1361.jpg 768w, http:\/\/www.susannavaris.com\/blogg\/wp-content\/uploads\/2017\/10\/WP_20170817_17_38_46_Pro__highres-adj-01-50-578x1024.jpg 578w\" sizes=\"auto, (max-width: 2176px) 100vw, 2176px\" \/><\/a> <a href=\"http:\/\/www.susannavaris.com\/blogg\/2017\/10\/ett-ar-och-tre-dagar-del-4\/wp_20170817_17_41_33_pro__highres-adj-01-50\/\" rel=\"attachment wp-att-16617\"><img loading=\"lazy\" decoding=\"async\" class=\"aligncenter size-full wp-image-16617\" src=\"http:\/\/www.susannavaris.com\/blogg\/wp-content\/uploads\/2017\/10\/WP_20170817_17_41_33_Pro__highres-adj-01-50.jpg\" alt=\"\" width=\"2176\" height=\"3856\" srcset=\"http:\/\/www.susannavaris.com\/blogg\/wp-content\/uploads\/2017\/10\/WP_20170817_17_41_33_Pro__highres-adj-01-50.jpg 2176w, http:\/\/www.susannavaris.com\/blogg\/wp-content\/uploads\/2017\/10\/WP_20170817_17_41_33_Pro__highres-adj-01-50-169x300.jpg 169w, http:\/\/www.susannavaris.com\/blogg\/wp-content\/uploads\/2017\/10\/WP_20170817_17_41_33_Pro__highres-adj-01-50-768x1361.jpg 768w, http:\/\/www.susannavaris.com\/blogg\/wp-content\/uploads\/2017\/10\/WP_20170817_17_41_33_Pro__highres-adj-01-50-578x1024.jpg 578w\" sizes=\"auto, (max-width: 2176px) 100vw, 2176px\" \/><\/a> <a href=\"http:\/\/www.susannavaris.com\/blogg\/2017\/10\/ett-ar-och-tre-dagar-del-4\/wp_20170822_09_13_42_pro__highres-adj-01-50\/\" rel=\"attachment wp-att-16618\"><img loading=\"lazy\" decoding=\"async\" class=\"aligncenter size-full wp-image-16618\" src=\"http:\/\/www.susannavaris.com\/blogg\/wp-content\/uploads\/2017\/10\/WP_20170822_09_13_42_Pro__highres-adj-01-50.jpg\" alt=\"\" width=\"3856\" height=\"2176\" srcset=\"http:\/\/www.susannavaris.com\/blogg\/wp-content\/uploads\/2017\/10\/WP_20170822_09_13_42_Pro__highres-adj-01-50.jpg 3856w, http:\/\/www.susannavaris.com\/blogg\/wp-content\/uploads\/2017\/10\/WP_20170822_09_13_42_Pro__highres-adj-01-50-300x169.jpg 300w, http:\/\/www.susannavaris.com\/blogg\/wp-content\/uploads\/2017\/10\/WP_20170822_09_13_42_Pro__highres-adj-01-50-768x433.jpg 768w, http:\/\/www.susannavaris.com\/blogg\/wp-content\/uploads\/2017\/10\/WP_20170822_09_13_42_Pro__highres-adj-01-50-1024x578.jpg 1024w\" sizes=\"auto, (max-width: 3856px) 100vw, 3856px\" \/><\/a> <a href=\"http:\/\/www.susannavaris.com\/blogg\/2017\/10\/ett-ar-och-tre-dagar-del-4\/wp_20170824_18_10_26_pro__highres-adj-01-50\/\" rel=\"attachment wp-att-16619\"><img loading=\"lazy\" decoding=\"async\" class=\"aligncenter size-full wp-image-16619\" src=\"http:\/\/www.susannavaris.com\/blogg\/wp-content\/uploads\/2017\/10\/WP_20170824_18_10_26_Pro__highres-adj-01-50.jpg\" alt=\"\" width=\"1261\" height=\"889\" srcset=\"http:\/\/www.susannavaris.com\/blogg\/wp-content\/uploads\/2017\/10\/WP_20170824_18_10_26_Pro__highres-adj-01-50.jpg 1261w, http:\/\/www.susannavaris.com\/blogg\/wp-content\/uploads\/2017\/10\/WP_20170824_18_10_26_Pro__highres-adj-01-50-300x211.jpg 300w, http:\/\/www.susannavaris.com\/blogg\/wp-content\/uploads\/2017\/10\/WP_20170824_18_10_26_Pro__highres-adj-01-50-768x541.jpg 768w, http:\/\/www.susannavaris.com\/blogg\/wp-content\/uploads\/2017\/10\/WP_20170824_18_10_26_Pro__highres-adj-01-50-1024x722.jpg 1024w\" sizes=\"auto, (max-width: 1261px) 100vw, 1261px\" \/><\/a><\/p>\n<p>Ett bes\u00f6k i f\u00f6delsestaden Salo:<\/p>\n<p style=\"text-align: center;\"><a href=\"http:\/\/www.susannavaris.com\/blogg\/2017\/10\/ett-ar-och-tre-dagar-del-4\/dsc_0645-50-3\/\" rel=\"attachment wp-att-16620\"><img loading=\"lazy\" decoding=\"async\" class=\"aligncenter size-full wp-image-16620\" src=\"http:\/\/www.susannavaris.com\/blogg\/wp-content\/uploads\/2017\/10\/DSC_0645-50.jpg\" alt=\"\" width=\"2144\" height=\"1424\" srcset=\"http:\/\/www.susannavaris.com\/blogg\/wp-content\/uploads\/2017\/10\/DSC_0645-50.jpg 2144w, http:\/\/www.susannavaris.com\/blogg\/wp-content\/uploads\/2017\/10\/DSC_0645-50-300x199.jpg 300w, http:\/\/www.susannavaris.com\/blogg\/wp-content\/uploads\/2017\/10\/DSC_0645-50-768x510.jpg 768w, http:\/\/www.susannavaris.com\/blogg\/wp-content\/uploads\/2017\/10\/DSC_0645-50-1024x680.jpg 1024w\" sizes=\"auto, (max-width: 2144px) 100vw, 2144px\" \/><\/a><em>H\u00e4r sitter vi p\u00e5 Societetshuset och planerar v\u00e5r f\u00f6rest\u00e5ende br\u00f6llop som just ska \u00e4ga rum i Salo, vilket jag \u00e4r mycket glad \u00f6ver. Min morfar Antti Lukkarinen var ju l\u00e4nge verksam som b\u00e5de pastor och l\u00e4rare i Salo och vi kommer att gifta oss i hans &#8221;verkstad&#8221;.<\/em><\/p>\n<p>&nbsp;<\/p>\n<p style=\"text-align: center;\"><a href=\"http:\/\/www.susannavaris.com\/blogg\/2017\/10\/ett-ar-och-tre-dagar-del-4\/t-m-haat-01\/\" rel=\"attachment wp-att-16621\"><img loading=\"lazy\" decoding=\"async\" class=\"aligncenter size-full wp-image-16621\" src=\"http:\/\/www.susannavaris.com\/blogg\/wp-content\/uploads\/2017\/10\/t-m-h\u00e4\u00e4t-01.bmp\" alt=\"\" width=\"487\" height=\"483\" srcset=\"http:\/\/www.susannavaris.com\/blogg\/wp-content\/uploads\/2017\/10\/t-m-h\u00e4\u00e4t-01.bmp 487w, http:\/\/www.susannavaris.com\/blogg\/wp-content\/uploads\/2017\/10\/t-m-h\u00e4\u00e4t-01-150x150.bmp 150w, http:\/\/www.susannavaris.com\/blogg\/wp-content\/uploads\/2017\/10\/t-m-h\u00e4\u00e4t-01-300x298.bmp 300w\" sizes=\"auto, (max-width: 487px) 100vw, 487px\" \/><\/a><em>Morfar Antti andra fr\u00e5n h\u00f6ger. I backen framf\u00f6r Uskela kyrka.<\/em><\/p>\n<p>&nbsp;<\/p>\n<p>V\u00e5ra ringar kommer fr\u00e5n Kalevala Jewellery och mina ringar kommer att vara &#8221;Small ring from Uskela&#8221; eller &#8221;Uskela Isokyl\u00e4 ring&#8221;, med f\u00f6rlaga i ett fynd just fr\u00e5n samma plats. Kalevala Jewellery har ju som bas smycken med f\u00f6rlagor i fynd gjorda i arkeologiska utgr\u00e4vningar runtom i Finland. Uffe har en ring fr\u00e5n Halikko, ett stenkast fr\u00e5n Salo mot Sverige. Just i Halikko gjordes ett fynd med en stor, nergr\u00e4vd skatt, d\u00e4r ett antal av Kalevalas smycken har sina f\u00f6rebilder. Jag \u00e4r f\u00f6dd precis nedanf\u00f6r backen i bilden, p\u00e5 Salo sjukhus (som f.\u00f6. ocks\u00e5, precis som exempelvis Sollefte\u00e5 h\u00e4r i Sverige, har f\u00e5tt m\u00f6drav\u00e5rden flyttad till i det h\u00e4r fallet \u00c5bo).<\/p>\n<p>Efter lunch blev det rekognocering kring en potentiell lokal f\u00f6r mottagningen:<\/p>\n<p style=\"text-align: center;\"><a href=\"http:\/\/www.susannavaris.com\/blogg\/2017\/10\/ett-ar-och-tre-dagar-del-4\/wp_20170822_13_10_52_pro__highres-crop-adj\/\" rel=\"attachment wp-att-16634\"><img loading=\"lazy\" decoding=\"async\" class=\"aligncenter size-full wp-image-16634\" src=\"http:\/\/www.susannavaris.com\/blogg\/wp-content\/uploads\/2017\/10\/WP_20170822_13_10_52_Pro__highres-crop-adj.jpg\" alt=\"\" width=\"3001\" height=\"3826\" srcset=\"http:\/\/www.susannavaris.com\/blogg\/wp-content\/uploads\/2017\/10\/WP_20170822_13_10_52_Pro__highres-crop-adj.jpg 3001w, http:\/\/www.susannavaris.com\/blogg\/wp-content\/uploads\/2017\/10\/WP_20170822_13_10_52_Pro__highres-crop-adj-235x300.jpg 235w, http:\/\/www.susannavaris.com\/blogg\/wp-content\/uploads\/2017\/10\/WP_20170822_13_10_52_Pro__highres-crop-adj-768x979.jpg 768w, http:\/\/www.susannavaris.com\/blogg\/wp-content\/uploads\/2017\/10\/WP_20170822_13_10_52_Pro__highres-crop-adj-803x1024.jpg 803w\" sizes=\"auto, (max-width: 3001px) 100vw, 3001px\" \/><\/a> <a href=\"http:\/\/www.susannavaris.com\/blogg\/2017\/10\/ett-ar-och-tre-dagar-del-4\/wp_20170822_13_11_04_pro__highres-50-adj\/\" rel=\"attachment wp-att-16635\"><img loading=\"lazy\" decoding=\"async\" class=\"aligncenter size-full wp-image-16635\" src=\"http:\/\/www.susannavaris.com\/blogg\/wp-content\/uploads\/2017\/10\/WP_20170822_13_11_04_Pro__highres-50-adj.jpg\" alt=\"\" width=\"2176\" height=\"3856\" srcset=\"http:\/\/www.susannavaris.com\/blogg\/wp-content\/uploads\/2017\/10\/WP_20170822_13_11_04_Pro__highres-50-adj.jpg 2176w, http:\/\/www.susannavaris.com\/blogg\/wp-content\/uploads\/2017\/10\/WP_20170822_13_11_04_Pro__highres-50-adj-169x300.jpg 169w, http:\/\/www.susannavaris.com\/blogg\/wp-content\/uploads\/2017\/10\/WP_20170822_13_11_04_Pro__highres-50-adj-768x1361.jpg 768w, http:\/\/www.susannavaris.com\/blogg\/wp-content\/uploads\/2017\/10\/WP_20170822_13_11_04_Pro__highres-50-adj-578x1024.jpg 578w\" sizes=\"auto, (max-width: 2176px) 100vw, 2176px\" \/><\/a> <a href=\"http:\/\/www.susannavaris.com\/blogg\/2017\/10\/ett-ar-och-tre-dagar-del-4\/wp_20170822_13_11_30_pro__highres-50-adj\/\" rel=\"attachment wp-att-16636\"><img loading=\"lazy\" decoding=\"async\" class=\"aligncenter size-full wp-image-16636\" src=\"http:\/\/www.susannavaris.com\/blogg\/wp-content\/uploads\/2017\/10\/WP_20170822_13_11_30_Pro__highres-50-adj.jpg\" alt=\"\" width=\"3856\" height=\"2176\" srcset=\"http:\/\/www.susannavaris.com\/blogg\/wp-content\/uploads\/2017\/10\/WP_20170822_13_11_30_Pro__highres-50-adj.jpg 3856w, http:\/\/www.susannavaris.com\/blogg\/wp-content\/uploads\/2017\/10\/WP_20170822_13_11_30_Pro__highres-50-adj-300x169.jpg 300w, http:\/\/www.susannavaris.com\/blogg\/wp-content\/uploads\/2017\/10\/WP_20170822_13_11_30_Pro__highres-50-adj-768x433.jpg 768w, http:\/\/www.susannavaris.com\/blogg\/wp-content\/uploads\/2017\/10\/WP_20170822_13_11_30_Pro__highres-50-adj-1024x578.jpg 1024w\" sizes=\"auto, (max-width: 3856px) 100vw, 3856px\" \/><\/a> <a href=\"http:\/\/www.susannavaris.com\/blogg\/2017\/10\/ett-ar-och-tre-dagar-del-4\/wp_20170822_13_11_57_pro__highres-50-adj\/\" rel=\"attachment wp-att-16637\"><img loading=\"lazy\" decoding=\"async\" class=\"aligncenter size-full wp-image-16637\" src=\"http:\/\/www.susannavaris.com\/blogg\/wp-content\/uploads\/2017\/10\/WP_20170822_13_11_57_Pro__highres-50-adj.jpg\" alt=\"\" width=\"2176\" height=\"3856\" srcset=\"http:\/\/www.susannavaris.com\/blogg\/wp-content\/uploads\/2017\/10\/WP_20170822_13_11_57_Pro__highres-50-adj.jpg 2176w, http:\/\/www.susannavaris.com\/blogg\/wp-content\/uploads\/2017\/10\/WP_20170822_13_11_57_Pro__highres-50-adj-169x300.jpg 169w, http:\/\/www.susannavaris.com\/blogg\/wp-content\/uploads\/2017\/10\/WP_20170822_13_11_57_Pro__highres-50-adj-768x1361.jpg 768w, http:\/\/www.susannavaris.com\/blogg\/wp-content\/uploads\/2017\/10\/WP_20170822_13_11_57_Pro__highres-50-adj-578x1024.jpg 578w\" sizes=\"auto, (max-width: 2176px) 100vw, 2176px\" \/><\/a><a href=\"http:\/\/www.susannavaris.com\/blogg\/2017\/10\/ett-ar-och-tre-dagar-del-4\/wp_20170822_13_11_22_pro__highres-50-adj\/\" rel=\"attachment wp-att-16638\"><img loading=\"lazy\" decoding=\"async\" class=\"aligncenter size-full wp-image-16638\" src=\"http:\/\/www.susannavaris.com\/blogg\/wp-content\/uploads\/2017\/10\/WP_20170822_13_11_22_Pro__highres-50-adj.jpg\" alt=\"\" width=\"3856\" height=\"2176\" srcset=\"http:\/\/www.susannavaris.com\/blogg\/wp-content\/uploads\/2017\/10\/WP_20170822_13_11_22_Pro__highres-50-adj.jpg 3856w, http:\/\/www.susannavaris.com\/blogg\/wp-content\/uploads\/2017\/10\/WP_20170822_13_11_22_Pro__highres-50-adj-300x169.jpg 300w, http:\/\/www.susannavaris.com\/blogg\/wp-content\/uploads\/2017\/10\/WP_20170822_13_11_22_Pro__highres-50-adj-768x433.jpg 768w, http:\/\/www.susannavaris.com\/blogg\/wp-content\/uploads\/2017\/10\/WP_20170822_13_11_22_Pro__highres-50-adj-1024x578.jpg 1024w\" sizes=\"auto, (max-width: 3856px) 100vw, 3856px\" \/><\/a><em>Sininen talo, ett gammalt skyddsk\u00e5rshus d\u00e4r \u00e4ven lottorna varit verksamma. Det ligger p\u00e5 Rummunly\u00f6j\u00e4nkatu, d\u00e4r mitt f\u00f6rsta hem l\u00e5g. Det kommer kanske att vara lite stort, men jag tror att det blir bra.<\/em><\/p>\n<p>Utst\u00e4llningen &#8221;Pitsi on pop&#8221; p\u00e5 Veturitalli\/Salo konsthall:<\/p>\n<p><a href=\"http:\/\/www.susannavaris.com\/blogg\/2017\/10\/ett-ar-och-tre-dagar-del-4\/dsc_0648-50-2\/\" rel=\"attachment wp-att-16622\"><img loading=\"lazy\" decoding=\"async\" class=\"aligncenter size-full wp-image-16622\" src=\"http:\/\/www.susannavaris.com\/blogg\/wp-content\/uploads\/2017\/10\/DSC_0648-50.jpg\" alt=\"\" width=\"1424\" height=\"2144\" srcset=\"http:\/\/www.susannavaris.com\/blogg\/wp-content\/uploads\/2017\/10\/DSC_0648-50.jpg 1424w, http:\/\/www.susannavaris.com\/blogg\/wp-content\/uploads\/2017\/10\/DSC_0648-50-199x300.jpg 199w, http:\/\/www.susannavaris.com\/blogg\/wp-content\/uploads\/2017\/10\/DSC_0648-50-768x1156.jpg 768w, http:\/\/www.susannavaris.com\/blogg\/wp-content\/uploads\/2017\/10\/DSC_0648-50-680x1024.jpg 680w\" sizes=\"auto, (max-width: 1424px) 100vw, 1424px\" \/><\/a> <a href=\"http:\/\/www.susannavaris.com\/blogg\/2017\/10\/ett-ar-och-tre-dagar-del-4\/dsc_0649-50-4\/\" rel=\"attachment wp-att-16623\"><img loading=\"lazy\" decoding=\"async\" class=\"aligncenter size-full wp-image-16623\" src=\"http:\/\/www.susannavaris.com\/blogg\/wp-content\/uploads\/2017\/10\/DSC_0649-50.jpg\" alt=\"\" width=\"2144\" height=\"1424\" srcset=\"http:\/\/www.susannavaris.com\/blogg\/wp-content\/uploads\/2017\/10\/DSC_0649-50.jpg 2144w, http:\/\/www.susannavaris.com\/blogg\/wp-content\/uploads\/2017\/10\/DSC_0649-50-300x199.jpg 300w, http:\/\/www.susannavaris.com\/blogg\/wp-content\/uploads\/2017\/10\/DSC_0649-50-768x510.jpg 768w, http:\/\/www.susannavaris.com\/blogg\/wp-content\/uploads\/2017\/10\/DSC_0649-50-1024x680.jpg 1024w\" sizes=\"auto, (max-width: 2144px) 100vw, 2144px\" \/><\/a> <a href=\"http:\/\/www.susannavaris.com\/blogg\/2017\/10\/ett-ar-och-tre-dagar-del-4\/wp_20170822_13_47_52_pro__highres-adj-50\/\" rel=\"attachment wp-att-16625\"><img loading=\"lazy\" decoding=\"async\" class=\"aligncenter size-full wp-image-16625\" src=\"http:\/\/www.susannavaris.com\/blogg\/wp-content\/uploads\/2017\/10\/WP_20170822_13_47_52_Pro__highres-adj-50.jpg\" alt=\"\" width=\"3856\" height=\"2176\" srcset=\"http:\/\/www.susannavaris.com\/blogg\/wp-content\/uploads\/2017\/10\/WP_20170822_13_47_52_Pro__highres-adj-50.jpg 3856w, http:\/\/www.susannavaris.com\/blogg\/wp-content\/uploads\/2017\/10\/WP_20170822_13_47_52_Pro__highres-adj-50-300x169.jpg 300w, http:\/\/www.susannavaris.com\/blogg\/wp-content\/uploads\/2017\/10\/WP_20170822_13_47_52_Pro__highres-adj-50-768x433.jpg 768w, http:\/\/www.susannavaris.com\/blogg\/wp-content\/uploads\/2017\/10\/WP_20170822_13_47_52_Pro__highres-adj-50-1024x578.jpg 1024w\" sizes=\"auto, (max-width: 3856px) 100vw, 3856px\" \/><\/a> <a href=\"http:\/\/www.susannavaris.com\/blogg\/2017\/10\/ett-ar-och-tre-dagar-del-4\/wp_20170822_13_50_24_pro__highres-50\/\" rel=\"attachment wp-att-16627\"><img loading=\"lazy\" decoding=\"async\" class=\"aligncenter size-full wp-image-16627\" src=\"http:\/\/www.susannavaris.com\/blogg\/wp-content\/uploads\/2017\/10\/WP_20170822_13_50_24_Pro__highres-50.jpg\" alt=\"\" width=\"3856\" height=\"2176\" srcset=\"http:\/\/www.susannavaris.com\/blogg\/wp-content\/uploads\/2017\/10\/WP_20170822_13_50_24_Pro__highres-50.jpg 3856w, http:\/\/www.susannavaris.com\/blogg\/wp-content\/uploads\/2017\/10\/WP_20170822_13_50_24_Pro__highres-50-300x169.jpg 300w, http:\/\/www.susannavaris.com\/blogg\/wp-content\/uploads\/2017\/10\/WP_20170822_13_50_24_Pro__highres-50-768x433.jpg 768w, http:\/\/www.susannavaris.com\/blogg\/wp-content\/uploads\/2017\/10\/WP_20170822_13_50_24_Pro__highres-50-1024x578.jpg 1024w\" sizes=\"auto, (max-width: 3856px) 100vw, 3856px\" \/><\/a> <a href=\"http:\/\/www.susannavaris.com\/blogg\/2017\/10\/ett-ar-och-tre-dagar-del-4\/wp_20170822_14_02_08_pro__highres-adj-50\/\" rel=\"attachment wp-att-16628\"><img loading=\"lazy\" decoding=\"async\" class=\"aligncenter size-full wp-image-16628\" src=\"http:\/\/www.susannavaris.com\/blogg\/wp-content\/uploads\/2017\/10\/WP_20170822_14_02_08_Pro__highres-adj-50.jpg\" alt=\"\" width=\"3856\" height=\"2176\" srcset=\"http:\/\/www.susannavaris.com\/blogg\/wp-content\/uploads\/2017\/10\/WP_20170822_14_02_08_Pro__highres-adj-50.jpg 3856w, http:\/\/www.susannavaris.com\/blogg\/wp-content\/uploads\/2017\/10\/WP_20170822_14_02_08_Pro__highres-adj-50-300x169.jpg 300w, http:\/\/www.susannavaris.com\/blogg\/wp-content\/uploads\/2017\/10\/WP_20170822_14_02_08_Pro__highres-adj-50-768x433.jpg 768w, http:\/\/www.susannavaris.com\/blogg\/wp-content\/uploads\/2017\/10\/WP_20170822_14_02_08_Pro__highres-adj-50-1024x578.jpg 1024w\" sizes=\"auto, (max-width: 3856px) 100vw, 3856px\" \/><\/a> <a href=\"http:\/\/www.susannavaris.com\/blogg\/2017\/10\/ett-ar-och-tre-dagar-del-4\/wp_20170822_14_02_15_pro__highres-50-adj\/\" rel=\"attachment wp-att-16629\"><img loading=\"lazy\" decoding=\"async\" class=\"aligncenter size-full wp-image-16629\" src=\"http:\/\/www.susannavaris.com\/blogg\/wp-content\/uploads\/2017\/10\/WP_20170822_14_02_15_Pro__highres-50-adj.jpg\" alt=\"\" width=\"3856\" height=\"2176\" srcset=\"http:\/\/www.susannavaris.com\/blogg\/wp-content\/uploads\/2017\/10\/WP_20170822_14_02_15_Pro__highres-50-adj.jpg 3856w, http:\/\/www.susannavaris.com\/blogg\/wp-content\/uploads\/2017\/10\/WP_20170822_14_02_15_Pro__highres-50-adj-300x169.jpg 300w, http:\/\/www.susannavaris.com\/blogg\/wp-content\/uploads\/2017\/10\/WP_20170822_14_02_15_Pro__highres-50-adj-768x433.jpg 768w, http:\/\/www.susannavaris.com\/blogg\/wp-content\/uploads\/2017\/10\/WP_20170822_14_02_15_Pro__highres-50-adj-1024x578.jpg 1024w\" sizes=\"auto, (max-width: 3856px) 100vw, 3856px\" \/><\/a> <a href=\"http:\/\/www.susannavaris.com\/blogg\/2017\/10\/ett-ar-och-tre-dagar-del-4\/wp_20170822_14_03_47_pro__highres-adj-50\/\" rel=\"attachment wp-att-16630\"><img loading=\"lazy\" decoding=\"async\" class=\"aligncenter size-full wp-image-16630\" src=\"http:\/\/www.susannavaris.com\/blogg\/wp-content\/uploads\/2017\/10\/WP_20170822_14_03_47_Pro__highres-adj-50.jpg\" alt=\"\" width=\"3856\" height=\"2176\" srcset=\"http:\/\/www.susannavaris.com\/blogg\/wp-content\/uploads\/2017\/10\/WP_20170822_14_03_47_Pro__highres-adj-50.jpg 3856w, http:\/\/www.susannavaris.com\/blogg\/wp-content\/uploads\/2017\/10\/WP_20170822_14_03_47_Pro__highres-adj-50-300x169.jpg 300w, http:\/\/www.susannavaris.com\/blogg\/wp-content\/uploads\/2017\/10\/WP_20170822_14_03_47_Pro__highres-adj-50-768x433.jpg 768w, http:\/\/www.susannavaris.com\/blogg\/wp-content\/uploads\/2017\/10\/WP_20170822_14_03_47_Pro__highres-adj-50-1024x578.jpg 1024w\" sizes=\"auto, (max-width: 3856px) 100vw, 3856px\" \/><\/a> <a href=\"http:\/\/www.susannavaris.com\/blogg\/2017\/10\/ett-ar-och-tre-dagar-del-4\/wp_20170822_14_08_37_pro__highres-adj-50\/\" rel=\"attachment wp-att-16631\"><img loading=\"lazy\" decoding=\"async\" class=\"aligncenter size-full wp-image-16631\" src=\"http:\/\/www.susannavaris.com\/blogg\/wp-content\/uploads\/2017\/10\/WP_20170822_14_08_37_Pro__highres-adj-50.jpg\" alt=\"\" width=\"3856\" height=\"2176\" srcset=\"http:\/\/www.susannavaris.com\/blogg\/wp-content\/uploads\/2017\/10\/WP_20170822_14_08_37_Pro__highres-adj-50.jpg 3856w, http:\/\/www.susannavaris.com\/blogg\/wp-content\/uploads\/2017\/10\/WP_20170822_14_08_37_Pro__highres-adj-50-300x169.jpg 300w, http:\/\/www.susannavaris.com\/blogg\/wp-content\/uploads\/2017\/10\/WP_20170822_14_08_37_Pro__highres-adj-50-768x433.jpg 768w, http:\/\/www.susannavaris.com\/blogg\/wp-content\/uploads\/2017\/10\/WP_20170822_14_08_37_Pro__highres-adj-50-1024x578.jpg 1024w\" sizes=\"auto, (max-width: 3856px) 100vw, 3856px\" \/><\/a> <a href=\"http:\/\/www.susannavaris.com\/blogg\/2017\/10\/ett-ar-och-tre-dagar-del-4\/wp_20170822_14_13_03_pro__highres-adj-50\/\" rel=\"attachment wp-att-16632\"><img loading=\"lazy\" decoding=\"async\" class=\"aligncenter size-full wp-image-16632\" src=\"http:\/\/www.susannavaris.com\/blogg\/wp-content\/uploads\/2017\/10\/WP_20170822_14_13_03_Pro__highres-adj-50.jpg\" alt=\"\" width=\"3256\" height=\"2166\" srcset=\"http:\/\/www.susannavaris.com\/blogg\/wp-content\/uploads\/2017\/10\/WP_20170822_14_13_03_Pro__highres-adj-50.jpg 3256w, http:\/\/www.susannavaris.com\/blogg\/wp-content\/uploads\/2017\/10\/WP_20170822_14_13_03_Pro__highres-adj-50-300x200.jpg 300w, http:\/\/www.susannavaris.com\/blogg\/wp-content\/uploads\/2017\/10\/WP_20170822_14_13_03_Pro__highres-adj-50-768x511.jpg 768w, http:\/\/www.susannavaris.com\/blogg\/wp-content\/uploads\/2017\/10\/WP_20170822_14_13_03_Pro__highres-adj-50-1024x681.jpg 1024w\" sizes=\"auto, (max-width: 3256px) 100vw, 3256px\" \/><\/a> <a href=\"http:\/\/www.susannavaris.com\/blogg\/2017\/10\/ett-ar-och-tre-dagar-del-4\/wp_20170822_14_13_36_pro-adj\/\" rel=\"attachment wp-att-16633\"><img loading=\"lazy\" decoding=\"async\" class=\"aligncenter size-full wp-image-16633\" src=\"http:\/\/www.susannavaris.com\/blogg\/wp-content\/uploads\/2017\/10\/WP_20170822_14_13_36_Pro-adj.jpg\" alt=\"\" width=\"1280\" height=\"720\" srcset=\"http:\/\/www.susannavaris.com\/blogg\/wp-content\/uploads\/2017\/10\/WP_20170822_14_13_36_Pro-adj.jpg 1280w, http:\/\/www.susannavaris.com\/blogg\/wp-content\/uploads\/2017\/10\/WP_20170822_14_13_36_Pro-adj-300x169.jpg 300w, http:\/\/www.susannavaris.com\/blogg\/wp-content\/uploads\/2017\/10\/WP_20170822_14_13_36_Pro-adj-768x432.jpg 768w, http:\/\/www.susannavaris.com\/blogg\/wp-content\/uploads\/2017\/10\/WP_20170822_14_13_36_Pro-adj-1024x576.jpg 1024w\" sizes=\"auto, (max-width: 1280px) 100vw, 1280px\" \/><\/a><\/p>\n<p>Vi hann \u00e4ven med ett bes\u00f6k p\u00e5 \u00f6lb\u00e5ten i Salo \u00e5, d\u00e4r vi lyckades pricka in \u00e5rhundradets skyfall&#8230;<\/p>\n<p><a href=\"http:\/\/www.susannavaris.com\/blogg\/2017\/10\/ett-ar-och-tre-dagar-del-4\/wp_20170822_16_01_15_pro__highres-50\/\" rel=\"attachment wp-att-16682\"><img loading=\"lazy\" decoding=\"async\" class=\"aligncenter size-full wp-image-16682\" src=\"http:\/\/www.susannavaris.com\/blogg\/wp-content\/uploads\/2017\/10\/WP_20170822_16_01_15_Pro__highres-50.jpg\" alt=\"\" width=\"3856\" height=\"2176\" srcset=\"http:\/\/www.susannavaris.com\/blogg\/wp-content\/uploads\/2017\/10\/WP_20170822_16_01_15_Pro__highres-50.jpg 3856w, http:\/\/www.susannavaris.com\/blogg\/wp-content\/uploads\/2017\/10\/WP_20170822_16_01_15_Pro__highres-50-300x169.jpg 300w, http:\/\/www.susannavaris.com\/blogg\/wp-content\/uploads\/2017\/10\/WP_20170822_16_01_15_Pro__highres-50-768x433.jpg 768w, http:\/\/www.susannavaris.com\/blogg\/wp-content\/uploads\/2017\/10\/WP_20170822_16_01_15_Pro__highres-50-1024x578.jpg 1024w\" sizes=\"auto, (max-width: 3856px) 100vw, 3856px\" \/><\/a><\/p>\n<p style=\"text-align: center;\"><a href=\"http:\/\/www.susannavaris.com\/blogg\/2017\/10\/ett-ar-och-tre-dagar-del-4\/dsc_0653-50-3\/\" rel=\"attachment wp-att-16639\"><img loading=\"lazy\" decoding=\"async\" class=\"aligncenter size-full wp-image-16639\" src=\"http:\/\/www.susannavaris.com\/blogg\/wp-content\/uploads\/2017\/10\/DSC_0653-50.jpg\" alt=\"\" width=\"1424\" height=\"2144\" srcset=\"http:\/\/www.susannavaris.com\/blogg\/wp-content\/uploads\/2017\/10\/DSC_0653-50.jpg 1424w, http:\/\/www.susannavaris.com\/blogg\/wp-content\/uploads\/2017\/10\/DSC_0653-50-199x300.jpg 199w, http:\/\/www.susannavaris.com\/blogg\/wp-content\/uploads\/2017\/10\/DSC_0653-50-768x1156.jpg 768w, http:\/\/www.susannavaris.com\/blogg\/wp-content\/uploads\/2017\/10\/DSC_0653-50-680x1024.jpg 680w\" sizes=\"auto, (max-width: 1424px) 100vw, 1424px\" \/><\/a> <a href=\"http:\/\/www.susannavaris.com\/blogg\/2017\/10\/ett-ar-och-tre-dagar-del-4\/dsc_0654-50-2\/\" rel=\"attachment wp-att-16640\"><img loading=\"lazy\" decoding=\"async\" class=\"aligncenter size-full wp-image-16640\" src=\"http:\/\/www.susannavaris.com\/blogg\/wp-content\/uploads\/2017\/10\/DSC_0654-50.jpg\" alt=\"\" width=\"2144\" height=\"1424\" srcset=\"http:\/\/www.susannavaris.com\/blogg\/wp-content\/uploads\/2017\/10\/DSC_0654-50.jpg 2144w, http:\/\/www.susannavaris.com\/blogg\/wp-content\/uploads\/2017\/10\/DSC_0654-50-300x199.jpg 300w, http:\/\/www.susannavaris.com\/blogg\/wp-content\/uploads\/2017\/10\/DSC_0654-50-768x510.jpg 768w, http:\/\/www.susannavaris.com\/blogg\/wp-content\/uploads\/2017\/10\/DSC_0654-50-1024x680.jpg 1024w\" sizes=\"auto, (max-width: 2144px) 100vw, 2144px\" \/><\/a> <a href=\"http:\/\/www.susannavaris.com\/blogg\/2017\/10\/ett-ar-och-tre-dagar-del-4\/dsc_0656-50-3\/\" rel=\"attachment wp-att-16641\"><img loading=\"lazy\" decoding=\"async\" class=\"aligncenter size-full wp-image-16641\" src=\"http:\/\/www.susannavaris.com\/blogg\/wp-content\/uploads\/2017\/10\/DSC_0656-50.jpg\" alt=\"\" width=\"2144\" height=\"1424\" srcset=\"http:\/\/www.susannavaris.com\/blogg\/wp-content\/uploads\/2017\/10\/DSC_0656-50.jpg 2144w, http:\/\/www.susannavaris.com\/blogg\/wp-content\/uploads\/2017\/10\/DSC_0656-50-300x199.jpg 300w, http:\/\/www.susannavaris.com\/blogg\/wp-content\/uploads\/2017\/10\/DSC_0656-50-768x510.jpg 768w, http:\/\/www.susannavaris.com\/blogg\/wp-content\/uploads\/2017\/10\/DSC_0656-50-1024x680.jpg 1024w\" sizes=\"auto, (max-width: 2144px) 100vw, 2144px\" \/><\/a> <a href=\"http:\/\/www.susannavaris.com\/blogg\/2017\/10\/ett-ar-och-tre-dagar-del-4\/dsc_0657-crop\/\" rel=\"attachment wp-att-16642\"><img loading=\"lazy\" decoding=\"async\" class=\"aligncenter size-full wp-image-16642\" src=\"http:\/\/www.susannavaris.com\/blogg\/wp-content\/uploads\/2017\/10\/DSC_0657-crop.jpg\" alt=\"\" width=\"1671\" height=\"1092\" srcset=\"http:\/\/www.susannavaris.com\/blogg\/wp-content\/uploads\/2017\/10\/DSC_0657-crop.jpg 1671w, http:\/\/www.susannavaris.com\/blogg\/wp-content\/uploads\/2017\/10\/DSC_0657-crop-300x196.jpg 300w, http:\/\/www.susannavaris.com\/blogg\/wp-content\/uploads\/2017\/10\/DSC_0657-crop-768x502.jpg 768w, http:\/\/www.susannavaris.com\/blogg\/wp-content\/uploads\/2017\/10\/DSC_0657-crop-1024x669.jpg 1024w\" sizes=\"auto, (max-width: 1671px) 100vw, 1671px\" \/><\/a><em>Mycket trevligt att ha en bastu att bada i efter den h\u00e4r simturen&#8230;<\/em><\/p>\n<p>&nbsp;<\/p>\n<p style=\"text-align: center;\"><a href=\"http:\/\/www.susannavaris.com\/blogg\/2017\/10\/ett-ar-och-tre-dagar-del-4\/dsc_0659-50-2\/\" rel=\"attachment wp-att-16643\"><img loading=\"lazy\" decoding=\"async\" class=\"aligncenter size-full wp-image-16643\" src=\"http:\/\/www.susannavaris.com\/blogg\/wp-content\/uploads\/2017\/10\/DSC_0659-50.jpg\" alt=\"\" width=\"1424\" height=\"2144\" srcset=\"http:\/\/www.susannavaris.com\/blogg\/wp-content\/uploads\/2017\/10\/DSC_0659-50.jpg 1424w, http:\/\/www.susannavaris.com\/blogg\/wp-content\/uploads\/2017\/10\/DSC_0659-50-199x300.jpg 199w, http:\/\/www.susannavaris.com\/blogg\/wp-content\/uploads\/2017\/10\/DSC_0659-50-768x1156.jpg 768w, http:\/\/www.susannavaris.com\/blogg\/wp-content\/uploads\/2017\/10\/DSC_0659-50-680x1024.jpg 680w\" sizes=\"auto, (max-width: 1424px) 100vw, 1424px\" \/><\/a> <a href=\"http:\/\/www.susannavaris.com\/blogg\/2017\/10\/ett-ar-och-tre-dagar-del-4\/dsc_0663-50-4\/\" rel=\"attachment wp-att-16644\"><img loading=\"lazy\" decoding=\"async\" class=\"aligncenter size-full wp-image-16644\" src=\"http:\/\/www.susannavaris.com\/blogg\/wp-content\/uploads\/2017\/10\/DSC_0663-50.jpg\" alt=\"\" width=\"1424\" height=\"2144\" srcset=\"http:\/\/www.susannavaris.com\/blogg\/wp-content\/uploads\/2017\/10\/DSC_0663-50.jpg 1424w, http:\/\/www.susannavaris.com\/blogg\/wp-content\/uploads\/2017\/10\/DSC_0663-50-199x300.jpg 199w, http:\/\/www.susannavaris.com\/blogg\/wp-content\/uploads\/2017\/10\/DSC_0663-50-768x1156.jpg 768w, http:\/\/www.susannavaris.com\/blogg\/wp-content\/uploads\/2017\/10\/DSC_0663-50-680x1024.jpg 680w\" sizes=\"auto, (max-width: 1424px) 100vw, 1424px\" \/><\/a><a href=\"http:\/\/www.susannavaris.com\/blogg\/2017\/10\/ett-ar-och-tre-dagar-del-4\/dsc_0658-50-2\/\" rel=\"attachment wp-att-16679\"><img loading=\"lazy\" decoding=\"async\" class=\"aligncenter size-full wp-image-16679\" src=\"http:\/\/www.susannavaris.com\/blogg\/wp-content\/uploads\/2017\/10\/DSC_0658-50.jpg\" alt=\"\" width=\"2144\" height=\"1424\" srcset=\"http:\/\/www.susannavaris.com\/blogg\/wp-content\/uploads\/2017\/10\/DSC_0658-50.jpg 2144w, http:\/\/www.susannavaris.com\/blogg\/wp-content\/uploads\/2017\/10\/DSC_0658-50-300x199.jpg 300w, http:\/\/www.susannavaris.com\/blogg\/wp-content\/uploads\/2017\/10\/DSC_0658-50-768x510.jpg 768w, http:\/\/www.susannavaris.com\/blogg\/wp-content\/uploads\/2017\/10\/DSC_0658-50-1024x680.jpg 1024w\" sizes=\"auto, (max-width: 2144px) 100vw, 2144px\" \/><\/a><a href=\"http:\/\/www.susannavaris.com\/blogg\/2017\/10\/ett-ar-och-tre-dagar-del-4\/wp_20170822_09_12_29_pro__highres-50\/\" rel=\"attachment wp-att-16680\"><img loading=\"lazy\" decoding=\"async\" class=\"aligncenter size-full wp-image-16680\" src=\"http:\/\/www.susannavaris.com\/blogg\/wp-content\/uploads\/2017\/10\/WP_20170822_09_12_29_Pro__highres-50.jpg\" alt=\"\" width=\"2176\" height=\"3856\" srcset=\"http:\/\/www.susannavaris.com\/blogg\/wp-content\/uploads\/2017\/10\/WP_20170822_09_12_29_Pro__highres-50.jpg 2176w, http:\/\/www.susannavaris.com\/blogg\/wp-content\/uploads\/2017\/10\/WP_20170822_09_12_29_Pro__highres-50-169x300.jpg 169w, http:\/\/www.susannavaris.com\/blogg\/wp-content\/uploads\/2017\/10\/WP_20170822_09_12_29_Pro__highres-50-768x1361.jpg 768w, http:\/\/www.susannavaris.com\/blogg\/wp-content\/uploads\/2017\/10\/WP_20170822_09_12_29_Pro__highres-50-578x1024.jpg 578w\" sizes=\"auto, (max-width: 2176px) 100vw, 2176px\" \/><\/a><a href=\"http:\/\/www.susannavaris.com\/blogg\/2017\/10\/ett-ar-och-tre-dagar-del-4\/wp_20170822_09_13_15_pro__highres-50\/\" rel=\"attachment wp-att-16681\"><img loading=\"lazy\" decoding=\"async\" class=\"aligncenter size-full wp-image-16681\" src=\"http:\/\/www.susannavaris.com\/blogg\/wp-content\/uploads\/2017\/10\/WP_20170822_09_13_15_Pro__highres-50.jpg\" alt=\"\" width=\"3856\" height=\"2176\" srcset=\"http:\/\/www.susannavaris.com\/blogg\/wp-content\/uploads\/2017\/10\/WP_20170822_09_13_15_Pro__highres-50.jpg 3856w, http:\/\/www.susannavaris.com\/blogg\/wp-content\/uploads\/2017\/10\/WP_20170822_09_13_15_Pro__highres-50-300x169.jpg 300w, http:\/\/www.susannavaris.com\/blogg\/wp-content\/uploads\/2017\/10\/WP_20170822_09_13_15_Pro__highres-50-768x433.jpg 768w, http:\/\/www.susannavaris.com\/blogg\/wp-content\/uploads\/2017\/10\/WP_20170822_09_13_15_Pro__highres-50-1024x578.jpg 1024w\" sizes=\"auto, (max-width: 3856px) 100vw, 3856px\" \/><\/a> <a href=\"http:\/\/www.susannavaris.com\/blogg\/2017\/10\/ett-ar-och-tre-dagar-del-4\/dsc_0666-50-4\/\" rel=\"attachment wp-att-16645\"><img loading=\"lazy\" decoding=\"async\" class=\"aligncenter size-full wp-image-16645\" src=\"http:\/\/www.susannavaris.com\/blogg\/wp-content\/uploads\/2017\/10\/DSC_0666-50.jpg\" alt=\"\" width=\"1424\" height=\"2144\" srcset=\"http:\/\/www.susannavaris.com\/blogg\/wp-content\/uploads\/2017\/10\/DSC_0666-50.jpg 1424w, http:\/\/www.susannavaris.com\/blogg\/wp-content\/uploads\/2017\/10\/DSC_0666-50-199x300.jpg 199w, http:\/\/www.susannavaris.com\/blogg\/wp-content\/uploads\/2017\/10\/DSC_0666-50-768x1156.jpg 768w, http:\/\/www.susannavaris.com\/blogg\/wp-content\/uploads\/2017\/10\/DSC_0666-50-680x1024.jpg 680w\" sizes=\"auto, (max-width: 1424px) 100vw, 1424px\" \/><\/a> <a href=\"http:\/\/www.susannavaris.com\/blogg\/2017\/10\/ett-ar-och-tre-dagar-del-4\/dsc_0668-50-4\/\" rel=\"attachment wp-att-16646\"><img loading=\"lazy\" decoding=\"async\" class=\"aligncenter size-full wp-image-16646\" src=\"http:\/\/www.susannavaris.com\/blogg\/wp-content\/uploads\/2017\/10\/DSC_0668-50.jpg\" alt=\"\" width=\"1424\" height=\"2144\" srcset=\"http:\/\/www.susannavaris.com\/blogg\/wp-content\/uploads\/2017\/10\/DSC_0668-50.jpg 1424w, http:\/\/www.susannavaris.com\/blogg\/wp-content\/uploads\/2017\/10\/DSC_0668-50-199x300.jpg 199w, http:\/\/www.susannavaris.com\/blogg\/wp-content\/uploads\/2017\/10\/DSC_0668-50-768x1156.jpg 768w, http:\/\/www.susannavaris.com\/blogg\/wp-content\/uploads\/2017\/10\/DSC_0668-50-680x1024.jpg 680w\" sizes=\"auto, (max-width: 1424px) 100vw, 1424px\" \/><\/a><em>Fullers Imperial stout p\u00e5 b\u00e5ten hem, ett riktigt gott \u00f6l! Tyv\u00e4rr finns den inte att f\u00e5 tag p\u00e5 p\u00e5 s\u00e5 m\u00e5nga st\u00e4llen, men \u00e5ker ni Tallink Silja s\u00e5 finns den \u00e5tminstone p\u00e5 grillrestaurangen.<\/em><\/p>\n<p>&nbsp;<\/p>\n<p style=\"text-align: center;\"><strong>Mera Finland blev det hemma;<\/strong><\/p>\n<p style=\"text-align: center;\"><strong> &#8221;<span class=\"fbPhotoCaptionText\">Fokus Finland &#8211; 3 x Aho &amp; Soldan &#8211; en fotosl\u00e4kts ber\u00e4ttelse&#8221; p\u00e5 Liljevalchs\/Arm\u00e9museum<\/span><\/strong><\/p>\n<p><a href=\"http:\/\/www.susannavaris.com\/blogg\/2017\/10\/ett-ar-och-tre-dagar-del-4\/wp_20170830_13_29_10_pro__highres-adj-50\/\" rel=\"attachment wp-att-16648\"><img loading=\"lazy\" decoding=\"async\" class=\"aligncenter size-full wp-image-16648\" src=\"http:\/\/www.susannavaris.com\/blogg\/wp-content\/uploads\/2017\/10\/WP_20170830_13_29_10_Pro__highres-adj-50.jpg\" alt=\"\" width=\"2176\" height=\"3856\" srcset=\"http:\/\/www.susannavaris.com\/blogg\/wp-content\/uploads\/2017\/10\/WP_20170830_13_29_10_Pro__highres-adj-50.jpg 2176w, http:\/\/www.susannavaris.com\/blogg\/wp-content\/uploads\/2017\/10\/WP_20170830_13_29_10_Pro__highres-adj-50-169x300.jpg 169w, http:\/\/www.susannavaris.com\/blogg\/wp-content\/uploads\/2017\/10\/WP_20170830_13_29_10_Pro__highres-adj-50-768x1361.jpg 768w, http:\/\/www.susannavaris.com\/blogg\/wp-content\/uploads\/2017\/10\/WP_20170830_13_29_10_Pro__highres-adj-50-578x1024.jpg 578w\" sizes=\"auto, (max-width: 2176px) 100vw, 2176px\" \/><\/a> <a href=\"http:\/\/www.susannavaris.com\/blogg\/2017\/10\/ett-ar-och-tre-dagar-del-4\/wp_20170830_13_40_59_pro__highres-adj-crop\/\" rel=\"attachment wp-att-16649\"><img loading=\"lazy\" decoding=\"async\" class=\"aligncenter size-full wp-image-16649\" src=\"http:\/\/www.susannavaris.com\/blogg\/wp-content\/uploads\/2017\/10\/WP_20170830_13_40_59_Pro__highres-adj-crop.jpg\" alt=\"\" width=\"4022\" height=\"5559\" srcset=\"http:\/\/www.susannavaris.com\/blogg\/wp-content\/uploads\/2017\/10\/WP_20170830_13_40_59_Pro__highres-adj-crop.jpg 4022w, http:\/\/www.susannavaris.com\/blogg\/wp-content\/uploads\/2017\/10\/WP_20170830_13_40_59_Pro__highres-adj-crop-217x300.jpg 217w, http:\/\/www.susannavaris.com\/blogg\/wp-content\/uploads\/2017\/10\/WP_20170830_13_40_59_Pro__highres-adj-crop-768x1061.jpg 768w, http:\/\/www.susannavaris.com\/blogg\/wp-content\/uploads\/2017\/10\/WP_20170830_13_40_59_Pro__highres-adj-crop-741x1024.jpg 741w\" sizes=\"auto, (max-width: 4022px) 100vw, 4022px\" \/><\/a> <a href=\"http:\/\/www.susannavaris.com\/blogg\/2017\/10\/ett-ar-och-tre-dagar-del-4\/wp_20170830_13_42_06_pro__highres-50\/\" rel=\"attachment wp-att-16650\"><img loading=\"lazy\" decoding=\"async\" class=\"aligncenter size-full wp-image-16650\" src=\"http:\/\/www.susannavaris.com\/blogg\/wp-content\/uploads\/2017\/10\/WP_20170830_13_42_06_Pro__highres-50.jpg\" alt=\"\" width=\"2176\" height=\"3856\" srcset=\"http:\/\/www.susannavaris.com\/blogg\/wp-content\/uploads\/2017\/10\/WP_20170830_13_42_06_Pro__highres-50.jpg 2176w, http:\/\/www.susannavaris.com\/blogg\/wp-content\/uploads\/2017\/10\/WP_20170830_13_42_06_Pro__highres-50-169x300.jpg 169w, http:\/\/www.susannavaris.com\/blogg\/wp-content\/uploads\/2017\/10\/WP_20170830_13_42_06_Pro__highres-50-768x1361.jpg 768w, http:\/\/www.susannavaris.com\/blogg\/wp-content\/uploads\/2017\/10\/WP_20170830_13_42_06_Pro__highres-50-578x1024.jpg 578w\" sizes=\"auto, (max-width: 2176px) 100vw, 2176px\" \/><\/a> <a href=\"http:\/\/www.susannavaris.com\/blogg\/2017\/10\/ett-ar-och-tre-dagar-del-4\/wp_20170830_13_44_50_pro__highres-50\/\" rel=\"attachment wp-att-16651\"><img loading=\"lazy\" decoding=\"async\" class=\"aligncenter size-full wp-image-16651\" src=\"http:\/\/www.susannavaris.com\/blogg\/wp-content\/uploads\/2017\/10\/WP_20170830_13_44_50_Pro__highres-50.jpg\" alt=\"\" width=\"2176\" height=\"3429\" srcset=\"http:\/\/www.susannavaris.com\/blogg\/wp-content\/uploads\/2017\/10\/WP_20170830_13_44_50_Pro__highres-50.jpg 2176w, http:\/\/www.susannavaris.com\/blogg\/wp-content\/uploads\/2017\/10\/WP_20170830_13_44_50_Pro__highres-50-190x300.jpg 190w, http:\/\/www.susannavaris.com\/blogg\/wp-content\/uploads\/2017\/10\/WP_20170830_13_44_50_Pro__highres-50-768x1210.jpg 768w, http:\/\/www.susannavaris.com\/blogg\/wp-content\/uploads\/2017\/10\/WP_20170830_13_44_50_Pro__highres-50-650x1024.jpg 650w\" sizes=\"auto, (max-width: 2176px) 100vw, 2176px\" \/><\/a> <a href=\"http:\/\/www.susannavaris.com\/blogg\/2017\/10\/ett-ar-och-tre-dagar-del-4\/wp_20170830_13_46_05_pro__highres-50\/\" rel=\"attachment wp-att-16652\"><img loading=\"lazy\" decoding=\"async\" class=\"aligncenter size-full wp-image-16652\" src=\"http:\/\/www.susannavaris.com\/blogg\/wp-content\/uploads\/2017\/10\/WP_20170830_13_46_05_Pro__highres-50.jpg\" alt=\"\" width=\"2176\" height=\"3856\" srcset=\"http:\/\/www.susannavaris.com\/blogg\/wp-content\/uploads\/2017\/10\/WP_20170830_13_46_05_Pro__highres-50.jpg 2176w, http:\/\/www.susannavaris.com\/blogg\/wp-content\/uploads\/2017\/10\/WP_20170830_13_46_05_Pro__highres-50-169x300.jpg 169w, http:\/\/www.susannavaris.com\/blogg\/wp-content\/uploads\/2017\/10\/WP_20170830_13_46_05_Pro__highres-50-768x1361.jpg 768w, http:\/\/www.susannavaris.com\/blogg\/wp-content\/uploads\/2017\/10\/WP_20170830_13_46_05_Pro__highres-50-578x1024.jpg 578w\" sizes=\"auto, (max-width: 2176px) 100vw, 2176px\" \/><\/a> <a href=\"http:\/\/www.susannavaris.com\/blogg\/2017\/10\/ett-ar-och-tre-dagar-del-4\/wp_20170830_13_49_14_pro__highres-50\/\" rel=\"attachment wp-att-16653\"><img loading=\"lazy\" decoding=\"async\" class=\"aligncenter size-full wp-image-16653\" src=\"http:\/\/www.susannavaris.com\/blogg\/wp-content\/uploads\/2017\/10\/WP_20170830_13_49_14_Pro__highres-50.jpg\" alt=\"\" width=\"3856\" height=\"2176\" srcset=\"http:\/\/www.susannavaris.com\/blogg\/wp-content\/uploads\/2017\/10\/WP_20170830_13_49_14_Pro__highres-50.jpg 3856w, http:\/\/www.susannavaris.com\/blogg\/wp-content\/uploads\/2017\/10\/WP_20170830_13_49_14_Pro__highres-50-300x169.jpg 300w, http:\/\/www.susannavaris.com\/blogg\/wp-content\/uploads\/2017\/10\/WP_20170830_13_49_14_Pro__highres-50-768x433.jpg 768w, http:\/\/www.susannavaris.com\/blogg\/wp-content\/uploads\/2017\/10\/WP_20170830_13_49_14_Pro__highres-50-1024x578.jpg 1024w\" sizes=\"auto, (max-width: 3856px) 100vw, 3856px\" \/><\/a> <a href=\"http:\/\/www.susannavaris.com\/blogg\/2017\/10\/ett-ar-och-tre-dagar-del-4\/wp_20170830_13_49_49_pro__highres-50\/\" rel=\"attachment wp-att-16654\"><img loading=\"lazy\" decoding=\"async\" class=\"aligncenter size-full wp-image-16654\" src=\"http:\/\/www.susannavaris.com\/blogg\/wp-content\/uploads\/2017\/10\/WP_20170830_13_49_49_Pro__highres-50.jpg\" alt=\"\" width=\"3560\" height=\"2174\" srcset=\"http:\/\/www.susannavaris.com\/blogg\/wp-content\/uploads\/2017\/10\/WP_20170830_13_49_49_Pro__highres-50.jpg 3560w, http:\/\/www.susannavaris.com\/blogg\/wp-content\/uploads\/2017\/10\/WP_20170830_13_49_49_Pro__highres-50-300x183.jpg 300w, http:\/\/www.susannavaris.com\/blogg\/wp-content\/uploads\/2017\/10\/WP_20170830_13_49_49_Pro__highres-50-768x469.jpg 768w, http:\/\/www.susannavaris.com\/blogg\/wp-content\/uploads\/2017\/10\/WP_20170830_13_49_49_Pro__highres-50-1024x625.jpg 1024w\" sizes=\"auto, (max-width: 3560px) 100vw, 3560px\" \/><\/a> <a href=\"http:\/\/www.susannavaris.com\/blogg\/2017\/10\/ett-ar-och-tre-dagar-del-4\/wp_20170830_13_50_37_pro__highres-50\/\" rel=\"attachment wp-att-16655\"><img loading=\"lazy\" decoding=\"async\" class=\"aligncenter size-full wp-image-16655\" src=\"http:\/\/www.susannavaris.com\/blogg\/wp-content\/uploads\/2017\/10\/WP_20170830_13_50_37_Pro__highres-50.jpg\" alt=\"\" width=\"2380\" height=\"1759\" srcset=\"http:\/\/www.susannavaris.com\/blogg\/wp-content\/uploads\/2017\/10\/WP_20170830_13_50_37_Pro__highres-50.jpg 2380w, http:\/\/www.susannavaris.com\/blogg\/wp-content\/uploads\/2017\/10\/WP_20170830_13_50_37_Pro__highres-50-300x222.jpg 300w, http:\/\/www.susannavaris.com\/blogg\/wp-content\/uploads\/2017\/10\/WP_20170830_13_50_37_Pro__highres-50-768x568.jpg 768w, http:\/\/www.susannavaris.com\/blogg\/wp-content\/uploads\/2017\/10\/WP_20170830_13_50_37_Pro__highres-50-1024x757.jpg 1024w\" sizes=\"auto, (max-width: 2380px) 100vw, 2380px\" \/><\/a> <a href=\"http:\/\/www.susannavaris.com\/blogg\/2017\/10\/ett-ar-och-tre-dagar-del-4\/wp_20170830_13_51_13_pro__highres-50\/\" rel=\"attachment wp-att-16656\"><img loading=\"lazy\" decoding=\"async\" class=\"aligncenter size-full wp-image-16656\" src=\"http:\/\/www.susannavaris.com\/blogg\/wp-content\/uploads\/2017\/10\/WP_20170830_13_51_13_Pro__highres-50.jpg\" alt=\"\" width=\"1779\" height=\"2251\" srcset=\"http:\/\/www.susannavaris.com\/blogg\/wp-content\/uploads\/2017\/10\/WP_20170830_13_51_13_Pro__highres-50.jpg 1779w, http:\/\/www.susannavaris.com\/blogg\/wp-content\/uploads\/2017\/10\/WP_20170830_13_51_13_Pro__highres-50-237x300.jpg 237w, http:\/\/www.susannavaris.com\/blogg\/wp-content\/uploads\/2017\/10\/WP_20170830_13_51_13_Pro__highres-50-768x972.jpg 768w, http:\/\/www.susannavaris.com\/blogg\/wp-content\/uploads\/2017\/10\/WP_20170830_13_51_13_Pro__highres-50-809x1024.jpg 809w\" sizes=\"auto, (max-width: 1779px) 100vw, 1779px\" \/><\/a> <a href=\"http:\/\/www.susannavaris.com\/blogg\/2017\/10\/ett-ar-och-tre-dagar-del-4\/wp_20170830_13_51_36_pro__highres-50\/\" rel=\"attachment wp-att-16657\"><img loading=\"lazy\" decoding=\"async\" class=\"aligncenter size-full wp-image-16657\" src=\"http:\/\/www.susannavaris.com\/blogg\/wp-content\/uploads\/2017\/10\/WP_20170830_13_51_36_Pro__highres-50.jpg\" alt=\"\" width=\"3030\" height=\"1657\" srcset=\"http:\/\/www.susannavaris.com\/blogg\/wp-content\/uploads\/2017\/10\/WP_20170830_13_51_36_Pro__highres-50.jpg 3030w, http:\/\/www.susannavaris.com\/blogg\/wp-content\/uploads\/2017\/10\/WP_20170830_13_51_36_Pro__highres-50-300x164.jpg 300w, http:\/\/www.susannavaris.com\/blogg\/wp-content\/uploads\/2017\/10\/WP_20170830_13_51_36_Pro__highres-50-768x420.jpg 768w, http:\/\/www.susannavaris.com\/blogg\/wp-content\/uploads\/2017\/10\/WP_20170830_13_51_36_Pro__highres-50-1024x560.jpg 1024w\" sizes=\"auto, (max-width: 3030px) 100vw, 3030px\" \/><\/a> <a href=\"http:\/\/www.susannavaris.com\/blogg\/2017\/10\/ett-ar-och-tre-dagar-del-4\/wp_20170830_13_52_17_pro__highres-50\/\" rel=\"attachment wp-att-16658\"><img loading=\"lazy\" decoding=\"async\" class=\"aligncenter size-full wp-image-16658\" src=\"http:\/\/www.susannavaris.com\/blogg\/wp-content\/uploads\/2017\/10\/WP_20170830_13_52_17_Pro__highres-50.jpg\" alt=\"\" width=\"3027\" height=\"1847\" srcset=\"http:\/\/www.susannavaris.com\/blogg\/wp-content\/uploads\/2017\/10\/WP_20170830_13_52_17_Pro__highres-50.jpg 3027w, http:\/\/www.susannavaris.com\/blogg\/wp-content\/uploads\/2017\/10\/WP_20170830_13_52_17_Pro__highres-50-300x183.jpg 300w, http:\/\/www.susannavaris.com\/blogg\/wp-content\/uploads\/2017\/10\/WP_20170830_13_52_17_Pro__highres-50-768x469.jpg 768w, http:\/\/www.susannavaris.com\/blogg\/wp-content\/uploads\/2017\/10\/WP_20170830_13_52_17_Pro__highres-50-1024x625.jpg 1024w\" sizes=\"auto, (max-width: 3027px) 100vw, 3027px\" \/><\/a> <a href=\"http:\/\/www.susannavaris.com\/blogg\/2017\/10\/ett-ar-och-tre-dagar-del-4\/wp_20170830_13_52_50_pro__highres-50\/\" rel=\"attachment wp-att-16659\"><img loading=\"lazy\" decoding=\"async\" class=\"aligncenter size-full wp-image-16659\" src=\"http:\/\/www.susannavaris.com\/blogg\/wp-content\/uploads\/2017\/10\/WP_20170830_13_52_50_Pro__highres-50.jpg\" alt=\"\" width=\"3856\" height=\"2176\" srcset=\"http:\/\/www.susannavaris.com\/blogg\/wp-content\/uploads\/2017\/10\/WP_20170830_13_52_50_Pro__highres-50.jpg 3856w, http:\/\/www.susannavaris.com\/blogg\/wp-content\/uploads\/2017\/10\/WP_20170830_13_52_50_Pro__highres-50-300x169.jpg 300w, http:\/\/www.susannavaris.com\/blogg\/wp-content\/uploads\/2017\/10\/WP_20170830_13_52_50_Pro__highres-50-768x433.jpg 768w, http:\/\/www.susannavaris.com\/blogg\/wp-content\/uploads\/2017\/10\/WP_20170830_13_52_50_Pro__highres-50-1024x578.jpg 1024w\" sizes=\"auto, (max-width: 3856px) 100vw, 3856px\" \/><\/a> <a href=\"http:\/\/www.susannavaris.com\/blogg\/2017\/10\/ett-ar-och-tre-dagar-del-4\/wp_20170830_13_53_25_pro__highres-crop\/\" rel=\"attachment wp-att-16660\"><img loading=\"lazy\" decoding=\"async\" class=\"aligncenter size-full wp-image-16660\" src=\"http:\/\/www.susannavaris.com\/blogg\/wp-content\/uploads\/2017\/10\/WP_20170830_13_53_25_Pro__highres-crop.jpg\" alt=\"\" width=\"5279\" height=\"3425\" srcset=\"http:\/\/www.susannavaris.com\/blogg\/wp-content\/uploads\/2017\/10\/WP_20170830_13_53_25_Pro__highres-crop.jpg 5279w, http:\/\/www.susannavaris.com\/blogg\/wp-content\/uploads\/2017\/10\/WP_20170830_13_53_25_Pro__highres-crop-300x195.jpg 300w, http:\/\/www.susannavaris.com\/blogg\/wp-content\/uploads\/2017\/10\/WP_20170830_13_53_25_Pro__highres-crop-768x498.jpg 768w, http:\/\/www.susannavaris.com\/blogg\/wp-content\/uploads\/2017\/10\/WP_20170830_13_53_25_Pro__highres-crop-1024x664.jpg 1024w\" sizes=\"auto, (max-width: 5279px) 100vw, 5279px\" \/><\/a> <a href=\"http:\/\/www.susannavaris.com\/blogg\/2017\/10\/ett-ar-och-tre-dagar-del-4\/wp_20170830_13_53_46_pro__highres-crop\/\" rel=\"attachment wp-att-16661\"><img loading=\"lazy\" decoding=\"async\" class=\"aligncenter size-full wp-image-16661\" src=\"http:\/\/www.susannavaris.com\/blogg\/wp-content\/uploads\/2017\/10\/WP_20170830_13_53_46_Pro__highres-crop.jpg\" alt=\"\" width=\"6792\" height=\"3262\" srcset=\"http:\/\/www.susannavaris.com\/blogg\/wp-content\/uploads\/2017\/10\/WP_20170830_13_53_46_Pro__highres-crop.jpg 6792w, http:\/\/www.susannavaris.com\/blogg\/wp-content\/uploads\/2017\/10\/WP_20170830_13_53_46_Pro__highres-crop-300x144.jpg 300w, http:\/\/www.susannavaris.com\/blogg\/wp-content\/uploads\/2017\/10\/WP_20170830_13_53_46_Pro__highres-crop-768x369.jpg 768w, http:\/\/www.susannavaris.com\/blogg\/wp-content\/uploads\/2017\/10\/WP_20170830_13_53_46_Pro__highres-crop-1024x492.jpg 1024w\" sizes=\"auto, (max-width: 6792px) 100vw, 6792px\" \/><\/a> <a href=\"http:\/\/www.susannavaris.com\/blogg\/2017\/10\/ett-ar-och-tre-dagar-del-4\/wp_20170830_13_54_00_pro__highres-50\/\" rel=\"attachment wp-att-16662\"><img loading=\"lazy\" decoding=\"async\" class=\"aligncenter size-full wp-image-16662\" src=\"http:\/\/www.susannavaris.com\/blogg\/wp-content\/uploads\/2017\/10\/WP_20170830_13_54_00_Pro__highres-50.jpg\" alt=\"\" width=\"3856\" height=\"2176\" srcset=\"http:\/\/www.susannavaris.com\/blogg\/wp-content\/uploads\/2017\/10\/WP_20170830_13_54_00_Pro__highres-50.jpg 3856w, http:\/\/www.susannavaris.com\/blogg\/wp-content\/uploads\/2017\/10\/WP_20170830_13_54_00_Pro__highres-50-300x169.jpg 300w, http:\/\/www.susannavaris.com\/blogg\/wp-content\/uploads\/2017\/10\/WP_20170830_13_54_00_Pro__highres-50-768x433.jpg 768w, http:\/\/www.susannavaris.com\/blogg\/wp-content\/uploads\/2017\/10\/WP_20170830_13_54_00_Pro__highres-50-1024x578.jpg 1024w\" sizes=\"auto, (max-width: 3856px) 100vw, 3856px\" \/><\/a> <a href=\"http:\/\/www.susannavaris.com\/blogg\/2017\/10\/ett-ar-och-tre-dagar-del-4\/wp_20170830_13_55_25_pro__highres-50\/\" rel=\"attachment wp-att-16663\"><img loading=\"lazy\" decoding=\"async\" class=\"aligncenter size-full wp-image-16663\" src=\"http:\/\/www.susannavaris.com\/blogg\/wp-content\/uploads\/2017\/10\/WP_20170830_13_55_25_Pro__highres-50.jpg\" alt=\"\" width=\"3856\" height=\"2176\" srcset=\"http:\/\/www.susannavaris.com\/blogg\/wp-content\/uploads\/2017\/10\/WP_20170830_13_55_25_Pro__highres-50.jpg 3856w, http:\/\/www.susannavaris.com\/blogg\/wp-content\/uploads\/2017\/10\/WP_20170830_13_55_25_Pro__highres-50-300x169.jpg 300w, http:\/\/www.susannavaris.com\/blogg\/wp-content\/uploads\/2017\/10\/WP_20170830_13_55_25_Pro__highres-50-768x433.jpg 768w, http:\/\/www.susannavaris.com\/blogg\/wp-content\/uploads\/2017\/10\/WP_20170830_13_55_25_Pro__highres-50-1024x578.jpg 1024w\" sizes=\"auto, (max-width: 3856px) 100vw, 3856px\" \/><\/a> <a href=\"http:\/\/www.susannavaris.com\/blogg\/2017\/10\/ett-ar-och-tre-dagar-del-4\/wp_20170830_13_55_34_pro__highres-50\/\" rel=\"attachment wp-att-16664\"><img loading=\"lazy\" decoding=\"async\" class=\"aligncenter size-full wp-image-16664\" src=\"http:\/\/www.susannavaris.com\/blogg\/wp-content\/uploads\/2017\/10\/WP_20170830_13_55_34_Pro__highres-50.jpg\" alt=\"\" width=\"3856\" height=\"2176\" srcset=\"http:\/\/www.susannavaris.com\/blogg\/wp-content\/uploads\/2017\/10\/WP_20170830_13_55_34_Pro__highres-50.jpg 3856w, http:\/\/www.susannavaris.com\/blogg\/wp-content\/uploads\/2017\/10\/WP_20170830_13_55_34_Pro__highres-50-300x169.jpg 300w, http:\/\/www.susannavaris.com\/blogg\/wp-content\/uploads\/2017\/10\/WP_20170830_13_55_34_Pro__highres-50-768x433.jpg 768w, http:\/\/www.susannavaris.com\/blogg\/wp-content\/uploads\/2017\/10\/WP_20170830_13_55_34_Pro__highres-50-1024x578.jpg 1024w\" sizes=\"auto, (max-width: 3856px) 100vw, 3856px\" \/><\/a> <a href=\"http:\/\/www.susannavaris.com\/blogg\/2017\/10\/ett-ar-och-tre-dagar-del-4\/wp_20170830_13_56_04_pro__highres-50\/\" rel=\"attachment wp-att-16665\"><img loading=\"lazy\" decoding=\"async\" class=\"aligncenter size-full wp-image-16665\" src=\"http:\/\/www.susannavaris.com\/blogg\/wp-content\/uploads\/2017\/10\/WP_20170830_13_56_04_Pro__highres-50.jpg\" alt=\"\" width=\"3856\" height=\"2176\" srcset=\"http:\/\/www.susannavaris.com\/blogg\/wp-content\/uploads\/2017\/10\/WP_20170830_13_56_04_Pro__highres-50.jpg 3856w, http:\/\/www.susannavaris.com\/blogg\/wp-content\/uploads\/2017\/10\/WP_20170830_13_56_04_Pro__highres-50-300x169.jpg 300w, http:\/\/www.susannavaris.com\/blogg\/wp-content\/uploads\/2017\/10\/WP_20170830_13_56_04_Pro__highres-50-768x433.jpg 768w, http:\/\/www.susannavaris.com\/blogg\/wp-content\/uploads\/2017\/10\/WP_20170830_13_56_04_Pro__highres-50-1024x578.jpg 1024w\" sizes=\"auto, (max-width: 3856px) 100vw, 3856px\" \/><\/a> <a href=\"http:\/\/www.susannavaris.com\/blogg\/2017\/10\/ett-ar-och-tre-dagar-del-4\/wp_20170830_13_56_15_pro__highres-crop\/\" rel=\"attachment wp-att-16666\"><img loading=\"lazy\" decoding=\"async\" class=\"aligncenter size-full wp-image-16666\" src=\"http:\/\/www.susannavaris.com\/blogg\/wp-content\/uploads\/2017\/10\/WP_20170830_13_56_15_Pro__highres-crop.jpg\" alt=\"\" width=\"6117\" height=\"4033\" srcset=\"http:\/\/www.susannavaris.com\/blogg\/wp-content\/uploads\/2017\/10\/WP_20170830_13_56_15_Pro__highres-crop.jpg 6117w, http:\/\/www.susannavaris.com\/blogg\/wp-content\/uploads\/2017\/10\/WP_20170830_13_56_15_Pro__highres-crop-300x198.jpg 300w, http:\/\/www.susannavaris.com\/blogg\/wp-content\/uploads\/2017\/10\/WP_20170830_13_56_15_Pro__highres-crop-768x506.jpg 768w, http:\/\/www.susannavaris.com\/blogg\/wp-content\/uploads\/2017\/10\/WP_20170830_13_56_15_Pro__highres-crop-1024x675.jpg 1024w\" sizes=\"auto, (max-width: 6117px) 100vw, 6117px\" \/><\/a> <a href=\"http:\/\/www.susannavaris.com\/blogg\/2017\/10\/ett-ar-och-tre-dagar-del-4\/wp_20170830_13_56_56_pro__highres-adj-crop\/\" rel=\"attachment wp-att-16667\"><img loading=\"lazy\" decoding=\"async\" class=\"aligncenter size-full wp-image-16667\" src=\"http:\/\/www.susannavaris.com\/blogg\/wp-content\/uploads\/2017\/10\/WP_20170830_13_56_56_Pro__highres-adj-crop.jpg\" alt=\"\" width=\"5597\" height=\"3782\" srcset=\"http:\/\/www.susannavaris.com\/blogg\/wp-content\/uploads\/2017\/10\/WP_20170830_13_56_56_Pro__highres-adj-crop.jpg 5597w, http:\/\/www.susannavaris.com\/blogg\/wp-content\/uploads\/2017\/10\/WP_20170830_13_56_56_Pro__highres-adj-crop-300x203.jpg 300w, http:\/\/www.susannavaris.com\/blogg\/wp-content\/uploads\/2017\/10\/WP_20170830_13_56_56_Pro__highres-adj-crop-768x519.jpg 768w, http:\/\/www.susannavaris.com\/blogg\/wp-content\/uploads\/2017\/10\/WP_20170830_13_56_56_Pro__highres-adj-crop-1024x692.jpg 1024w\" sizes=\"auto, (max-width: 5597px) 100vw, 5597px\" \/><\/a> <a href=\"http:\/\/www.susannavaris.com\/blogg\/2017\/10\/ett-ar-och-tre-dagar-del-4\/wp_20170830_13_57_04_pro__highres-crop\/\" rel=\"attachment wp-att-16668\"><img loading=\"lazy\" decoding=\"async\" class=\"aligncenter size-full wp-image-16668\" src=\"http:\/\/www.susannavaris.com\/blogg\/wp-content\/uploads\/2017\/10\/WP_20170830_13_57_04_Pro__highres-crop.jpg\" alt=\"\" width=\"6552\" height=\"3815\" srcset=\"http:\/\/www.susannavaris.com\/blogg\/wp-content\/uploads\/2017\/10\/WP_20170830_13_57_04_Pro__highres-crop.jpg 6552w, http:\/\/www.susannavaris.com\/blogg\/wp-content\/uploads\/2017\/10\/WP_20170830_13_57_04_Pro__highres-crop-300x175.jpg 300w, http:\/\/www.susannavaris.com\/blogg\/wp-content\/uploads\/2017\/10\/WP_20170830_13_57_04_Pro__highres-crop-768x447.jpg 768w, http:\/\/www.susannavaris.com\/blogg\/wp-content\/uploads\/2017\/10\/WP_20170830_13_57_04_Pro__highres-crop-1024x596.jpg 1024w\" sizes=\"auto, (max-width: 6552px) 100vw, 6552px\" \/><\/a> <a href=\"http:\/\/www.susannavaris.com\/blogg\/2017\/10\/ett-ar-och-tre-dagar-del-4\/wp_20170830_13_57_47_pro__highres-50\/\" rel=\"attachment wp-att-16669\"><img loading=\"lazy\" decoding=\"async\" class=\"aligncenter size-full wp-image-16669\" src=\"http:\/\/www.susannavaris.com\/blogg\/wp-content\/uploads\/2017\/10\/WP_20170830_13_57_47_Pro__highres-50.jpg\" alt=\"\" width=\"3856\" height=\"2176\" srcset=\"http:\/\/www.susannavaris.com\/blogg\/wp-content\/uploads\/2017\/10\/WP_20170830_13_57_47_Pro__highres-50.jpg 3856w, http:\/\/www.susannavaris.com\/blogg\/wp-content\/uploads\/2017\/10\/WP_20170830_13_57_47_Pro__highres-50-300x169.jpg 300w, http:\/\/www.susannavaris.com\/blogg\/wp-content\/uploads\/2017\/10\/WP_20170830_13_57_47_Pro__highres-50-768x433.jpg 768w, http:\/\/www.susannavaris.com\/blogg\/wp-content\/uploads\/2017\/10\/WP_20170830_13_57_47_Pro__highres-50-1024x578.jpg 1024w\" sizes=\"auto, (max-width: 3856px) 100vw, 3856px\" \/><\/a> <a href=\"http:\/\/www.susannavaris.com\/blogg\/2017\/10\/ett-ar-och-tre-dagar-del-4\/wp_20170830_13_58_31_pro__highres-crop\/\" rel=\"attachment wp-att-16670\"><img loading=\"lazy\" decoding=\"async\" class=\"aligncenter size-full wp-image-16670\" src=\"http:\/\/www.susannavaris.com\/blogg\/wp-content\/uploads\/2017\/10\/WP_20170830_13_58_31_Pro__highres-crop.jpg\" alt=\"\" width=\"6775\" height=\"3559\" srcset=\"http:\/\/www.susannavaris.com\/blogg\/wp-content\/uploads\/2017\/10\/WP_20170830_13_58_31_Pro__highres-crop.jpg 6775w, http:\/\/www.susannavaris.com\/blogg\/wp-content\/uploads\/2017\/10\/WP_20170830_13_58_31_Pro__highres-crop-300x158.jpg 300w, http:\/\/www.susannavaris.com\/blogg\/wp-content\/uploads\/2017\/10\/WP_20170830_13_58_31_Pro__highres-crop-768x403.jpg 768w, http:\/\/www.susannavaris.com\/blogg\/wp-content\/uploads\/2017\/10\/WP_20170830_13_58_31_Pro__highres-crop-1024x538.jpg 1024w\" sizes=\"auto, (max-width: 6775px) 100vw, 6775px\" \/><\/a> <a href=\"http:\/\/www.susannavaris.com\/blogg\/2017\/10\/ett-ar-och-tre-dagar-del-4\/wp_20170830_13_59_10_pro__highres-adj-50\/\" rel=\"attachment wp-att-16671\"><img loading=\"lazy\" decoding=\"async\" class=\"aligncenter size-full wp-image-16671\" src=\"http:\/\/www.susannavaris.com\/blogg\/wp-content\/uploads\/2017\/10\/WP_20170830_13_59_10_Pro__highres-adj-50.jpg\" alt=\"\" width=\"3188\" height=\"2003\" srcset=\"http:\/\/www.susannavaris.com\/blogg\/wp-content\/uploads\/2017\/10\/WP_20170830_13_59_10_Pro__highres-adj-50.jpg 3188w, http:\/\/www.susannavaris.com\/blogg\/wp-content\/uploads\/2017\/10\/WP_20170830_13_59_10_Pro__highres-adj-50-300x188.jpg 300w, http:\/\/www.susannavaris.com\/blogg\/wp-content\/uploads\/2017\/10\/WP_20170830_13_59_10_Pro__highres-adj-50-768x483.jpg 768w, http:\/\/www.susannavaris.com\/blogg\/wp-content\/uploads\/2017\/10\/WP_20170830_13_59_10_Pro__highres-adj-50-1024x643.jpg 1024w\" sizes=\"auto, (max-width: 3188px) 100vw, 3188px\" \/><\/a> <a href=\"http:\/\/www.susannavaris.com\/blogg\/2017\/10\/ett-ar-och-tre-dagar-del-4\/wp_20170830_13_59_58_pro__highres-50\/\" rel=\"attachment wp-att-16672\"><img loading=\"lazy\" decoding=\"async\" class=\"aligncenter size-full wp-image-16672\" src=\"http:\/\/www.susannavaris.com\/blogg\/wp-content\/uploads\/2017\/10\/WP_20170830_13_59_58_Pro__highres-50.jpg\" alt=\"\" width=\"3856\" height=\"2176\" srcset=\"http:\/\/www.susannavaris.com\/blogg\/wp-content\/uploads\/2017\/10\/WP_20170830_13_59_58_Pro__highres-50.jpg 3856w, http:\/\/www.susannavaris.com\/blogg\/wp-content\/uploads\/2017\/10\/WP_20170830_13_59_58_Pro__highres-50-300x169.jpg 300w, http:\/\/www.susannavaris.com\/blogg\/wp-content\/uploads\/2017\/10\/WP_20170830_13_59_58_Pro__highres-50-768x433.jpg 768w, http:\/\/www.susannavaris.com\/blogg\/wp-content\/uploads\/2017\/10\/WP_20170830_13_59_58_Pro__highres-50-1024x578.jpg 1024w\" sizes=\"auto, (max-width: 3856px) 100vw, 3856px\" \/><\/a> <a href=\"http:\/\/www.susannavaris.com\/blogg\/2017\/10\/ett-ar-och-tre-dagar-del-4\/wp_20170830_14_00_53_pro__highres-crop\/\" rel=\"attachment wp-att-16673\"><img loading=\"lazy\" decoding=\"async\" class=\"aligncenter size-full wp-image-16673\" src=\"http:\/\/www.susannavaris.com\/blogg\/wp-content\/uploads\/2017\/10\/WP_20170830_14_00_53_Pro__highres-crop.jpg\" alt=\"\" width=\"4817\" height=\"3090\" srcset=\"http:\/\/www.susannavaris.com\/blogg\/wp-content\/uploads\/2017\/10\/WP_20170830_14_00_53_Pro__highres-crop.jpg 4817w, http:\/\/www.susannavaris.com\/blogg\/wp-content\/uploads\/2017\/10\/WP_20170830_14_00_53_Pro__highres-crop-300x192.jpg 300w, http:\/\/www.susannavaris.com\/blogg\/wp-content\/uploads\/2017\/10\/WP_20170830_14_00_53_Pro__highres-crop-768x493.jpg 768w, http:\/\/www.susannavaris.com\/blogg\/wp-content\/uploads\/2017\/10\/WP_20170830_14_00_53_Pro__highres-crop-1024x657.jpg 1024w\" sizes=\"auto, (max-width: 4817px) 100vw, 4817px\" \/><\/a><\/p>\n<p>Det h\u00e4r verket av Venni Soldan-Brofeldt \u00e4r m\u00e5lat i en bondg\u00e5rd som tillh\u00f6rde en familj i min sl\u00e4kt (Kauppinen, mormor):<\/p>\n<p style=\"text-align: center;\"><a href=\"http:\/\/www.susannavaris.com\/blogg\/2017\/10\/ett-ar-och-tre-dagar-del-4\/venny-soldan-brofeldt-maltid-i-savolax-stuga\/\" rel=\"attachment wp-att-16674\"><img loading=\"lazy\" decoding=\"async\" class=\"aligncenter size-full wp-image-16674\" src=\"http:\/\/www.susannavaris.com\/blogg\/wp-content\/uploads\/2017\/10\/venny-soldan-brofeldt-maltid-i-savolax-stuga.jpg\" alt=\"\" width=\"5020\" height=\"3483\" srcset=\"http:\/\/www.susannavaris.com\/blogg\/wp-content\/uploads\/2017\/10\/venny-soldan-brofeldt-maltid-i-savolax-stuga.jpg 5020w, http:\/\/www.susannavaris.com\/blogg\/wp-content\/uploads\/2017\/10\/venny-soldan-brofeldt-maltid-i-savolax-stuga-300x208.jpg 300w, http:\/\/www.susannavaris.com\/blogg\/wp-content\/uploads\/2017\/10\/venny-soldan-brofeldt-maltid-i-savolax-stuga-768x533.jpg 768w, http:\/\/www.susannavaris.com\/blogg\/wp-content\/uploads\/2017\/10\/venny-soldan-brofeldt-maltid-i-savolax-stuga-1024x710.jpg 1024w\" sizes=\"auto, (max-width: 5020px) 100vw, 5020px\" \/><\/a><em>&#8221;M\u00e5ltid i Savolax stuga&#8221; av Venny Soldan-Brofeldt<\/em><\/p>\n<p>&nbsp;<\/p>\n<p style=\"text-align: center;\"><a href=\"http:\/\/www.susannavaris.com\/blogg\/2017\/10\/ett-ar-och-tre-dagar-del-4\/170830-kb-miche-crop-big\/\" rel=\"attachment wp-att-16675\"><img loading=\"lazy\" decoding=\"async\" class=\"aligncenter size-full wp-image-16675\" src=\"http:\/\/www.susannavaris.com\/blogg\/wp-content\/uploads\/2017\/10\/170830-kb-miche-crop-big.jpg\" alt=\"\" width=\"881\" height=\"1083\" srcset=\"http:\/\/www.susannavaris.com\/blogg\/wp-content\/uploads\/2017\/10\/170830-kb-miche-crop-big.jpg 881w, http:\/\/www.susannavaris.com\/blogg\/wp-content\/uploads\/2017\/10\/170830-kb-miche-crop-big-244x300.jpg 244w, http:\/\/www.susannavaris.com\/blogg\/wp-content\/uploads\/2017\/10\/170830-kb-miche-crop-big-768x944.jpg 768w, http:\/\/www.susannavaris.com\/blogg\/wp-content\/uploads\/2017\/10\/170830-kb-miche-crop-big-833x1024.jpg 833w\" sizes=\"auto, (max-width: 881px) 100vw, 881px\" \/><\/a><em>&#8221;M\u00e5ltid p\u00e5 Konstn\u00e4rsbaren&#8221;, skulle v\u00e4l det h\u00e4r fotot av Micheles Kindh kunna heta&#8230;<\/em><\/p>\n<p style=\"text-align: center;\"><a href=\"http:\/\/www.susannavaris.com\/blogg\/2017\/10\/ett-ar-och-tre-dagar-del-4\/dsc_0679-50-4\/\" rel=\"attachment wp-att-16678\"><img loading=\"lazy\" decoding=\"async\" class=\"aligncenter size-full wp-image-16678\" src=\"http:\/\/www.susannavaris.com\/blogg\/wp-content\/uploads\/2017\/10\/DSC_0679-50.jpg\" alt=\"\" width=\"1424\" height=\"2144\" srcset=\"http:\/\/www.susannavaris.com\/blogg\/wp-content\/uploads\/2017\/10\/DSC_0679-50.jpg 1424w, http:\/\/www.susannavaris.com\/blogg\/wp-content\/uploads\/2017\/10\/DSC_0679-50-199x300.jpg 199w, http:\/\/www.susannavaris.com\/blogg\/wp-content\/uploads\/2017\/10\/DSC_0679-50-768x1156.jpg 768w, http:\/\/www.susannavaris.com\/blogg\/wp-content\/uploads\/2017\/10\/DSC_0679-50-680x1024.jpg 680w\" sizes=\"auto, (max-width: 1424px) 100vw, 1424px\" \/><\/a><a href=\"http:\/\/www.susannavaris.com\/blogg\/2017\/10\/ett-ar-och-tre-dagar-del-4\/21191901_10212273153376935_7182786689984083678_n\/\" rel=\"attachment wp-att-16683\"><img loading=\"lazy\" decoding=\"async\" class=\"aligncenter size-full wp-image-16683\" src=\"http:\/\/www.susannavaris.com\/blogg\/wp-content\/uploads\/2017\/10\/21191901_10212273153376935_7182786689984083678_n.jpg\" alt=\"\" width=\"556\" height=\"879\" srcset=\"http:\/\/www.susannavaris.com\/blogg\/wp-content\/uploads\/2017\/10\/21191901_10212273153376935_7182786689984083678_n.jpg 556w, http:\/\/www.susannavaris.com\/blogg\/wp-content\/uploads\/2017\/10\/21191901_10212273153376935_7182786689984083678_n-190x300.jpg 190w\" sizes=\"auto, (max-width: 556px) 100vw, 556px\" \/><\/a><em>S\u00e5dana h\u00e4r snitsiga snapsglas finns att inhandla p\u00e5 Arm\u00e9mus\u00e9ets shop.<\/em><\/p>\n<p><em>H\u00e4ng med f\u00f6r att l\u00e4sa om den olidligt sp\u00e4nnande sista delen p\u00e5 den h\u00e4r f\u00f6ljetongen med det senaste \u00e5rets h\u00e4ndelser i fotokavalkadform&#8230;<\/em><\/p>\n<p>&nbsp;<\/p>\n<p><span style=\"border-radius: 2px; text-indent: 20px; width: auto; padding: 0px 4px 0px 0px; text-align: center; font: bold 11px\/20px 'Helvetica Neue',Helvetica,sans-serif; color: #ffffff; background: #bd081c no-repeat scroll 3px 50% \/ 14px 14px; position: absolute; opacity: 1; z-index: 8675309; display: none; cursor: pointer; top: 28755px; left: 20px;\">Spara<\/span><\/p>\n<p><span style=\"border-radius: 2px; text-indent: 20px; width: auto; padding: 0px 4px 0px 0px; text-align: center; font: bold 11px\/20px 'Helvetica Neue',Helvetica,sans-serif; color: #ffffff; background: #bd081c no-repeat scroll 3px 50% \/ 14px 14px; position: absolute; opacity: 1; z-index: 8675309; display: none; cursor: pointer; top: 49986px; left: 62px;\">Spara<\/span><\/p>\n<p><span style=\"border-radius: 2px; text-indent: 20px; width: auto; padding: 0px 4px 0px 0px; text-align: center; font: bold 11px\/20px 'Helvetica Neue',Helvetica,sans-serif; color: #ffffff; background: #bd081c  no-repeat scroll 3px 50% \/ 14px 14px; position: absolute; opacity: 1; z-index: 8675309; display: none; cursor: pointer; top: 48134px; left: 20px;\">Spara<\/span><\/p>\n","protected":false},"excerpt":{"rendered":"<p>&#8230;forts\u00e4ttning fr\u00e5n f\u00f6reg\u00e5ende inl\u00e4gg. Ja, jag vet att det nu har g\u00e5tt ett \u00e5r och fler \u00e4n tre dagar, men fotokavalkaden \u00f6ver \u00e5rets h\u00e4ndelser f\u00e5r bli under samma rubrik. En dag i augusti p\u00e5 den fantastiskt ocharmiga g\u00e5gatan i S\u00f6dert\u00e4lje &hellip; <a href=\"http:\/\/www.susannavaris.com\/blogg\/2017\/10\/ett-ar-och-tre-dagar-del-4\/\">Forts\u00e4tt l\u00e4sa <span class=\"meta-nav\">&rarr;<\/span><\/a><\/p>\n","protected":false},"author":1,"featured_media":0,"comment_status":"open","ping_status":"open","sticky":false,"template":"","format":"standard","meta":{"footnotes":""},"categories":[107,110,674,3,1162,1,303,4],"tags":[5499,5504,5503,4896,5483,5484,5486,5505,5496,5497,734,5492,5501,5506,5507,5495,5493,5485,3824,5488,499,5490,5491,5489,5508,121,5498,3327,5502,5487,5500,5494],"class_list":["post-16603","post","type-post","status-publish","format-standard","hentry","category-finland","category-foto","category-historia","category-konst","category-kultur","category-okategoriserade","category-religion","category-utstallning","tag-aho","tag-antti-lukkarinen","tag-armemuseum","tag-finland","tag-kalevala-jewellery","tag-katolicism","tag-katolsk","tag-kauppinen","tag-kb","tag-konstnarsbaren","tag-liljevalchs","tag-lotta-svard","tag-maltid-i-savolax-stuga","tag-mannerheim","tag-marskin-ryyppy","tag-olbat","tag-pitsi-on-pop","tag-procession","tag-ring","tag-ringar","tag-salo","tag-sininen-talo","tag-skyddskarerna","tag-smycken","tag-snapsglas","tag-sodertalje","tag-soldan","tag-stugan","tag-suomi100","tag-uskela","tag-venny-soldan-brofeldt","tag-veturitalli"],"_links":{"self":[{"href":"http:\/\/www.susannavaris.com\/blogg\/wp-json\/wp\/v2\/posts\/16603","targetHints":{"allow":["GET"]}}],"collection":[{"href":"http:\/\/www.susannavaris.com\/blogg\/wp-json\/wp\/v2\/posts"}],"about":[{"href":"http:\/\/www.susannavaris.com\/blogg\/wp-json\/wp\/v2\/types\/post"}],"author":[{"embeddable":true,"href":"http:\/\/www.susannavaris.com\/blogg\/wp-json\/wp\/v2\/users\/1"}],"replies":[{"embeddable":true,"href":"http:\/\/www.susannavaris.com\/blogg\/wp-json\/wp\/v2\/comments?post=16603"}],"version-history":[{"count":4,"href":"http:\/\/www.susannavaris.com\/blogg\/wp-json\/wp\/v2\/posts\/16603\/revisions"}],"predecessor-version":[{"id":16686,"href":"http:\/\/www.susannavaris.com\/blogg\/wp-json\/wp\/v2\/posts\/16603\/revisions\/16686"}],"wp:attachment":[{"href":"http:\/\/www.susannavaris.com\/blogg\/wp-json\/wp\/v2\/media?parent=16603"}],"wp:term":[{"taxonomy":"category","embeddable":true,"href":"http:\/\/www.susannavaris.com\/blogg\/wp-json\/wp\/v2\/categories?post=16603"},{"taxonomy":"post_tag","embeddable":true,"href":"http:\/\/www.susannavaris.com\/blogg\/wp-json\/wp\/v2\/tags?post=16603"}],"curies":[{"name":"wp","href":"https:\/\/api.w.org\/{rel}","templated":true}]}}