{"id":1681,"date":"2011-08-10T09:36:21","date_gmt":"2011-08-10T07:36:21","guid":{"rendered":"http:\/\/www.susannavaris.com\/blogg\/?p=1681"},"modified":"2011-09-21T10:35:15","modified_gmt":"2011-09-21T08:35:15","slug":"fortsatt-hantverksterror-och-fynden-fran-finland","status":"publish","type":"post","link":"http:\/\/www.susannavaris.com\/blogg\/2011\/08\/fortsatt-hantverksterror-och-fynden-fran-finland\/","title":{"rendered":"Fortsatt hantverksterror och fynden fr\u00e5n Finland"},"content":{"rendered":"<p>7.25 imorse sattes borren i v\u00e4ggen igen. Ig\u00e5r var det tyst. Det borrades tills jag var vaken i ca en timme. Jag f\u00f6rs\u00f6kte med \u00f6ronproppar + h\u00f6rselskydd + kuddar \u00f6ver huvudet, men det hj\u00e4lpte inte. Tyv\u00e4rr \u00e4r ju alla dessa skydd utformade f\u00f6r att man \u00e4nd\u00e5 ska h\u00f6ra en del ljud, kan v\u00e4l bli farligt att arbeta annars&#8230;<\/p>\n<p>Nu har det varit tyst i tre kvart eller en timme. Jag \u00e4r fullst\u00e4ndigt groggy fortfarande. Det v\u00e4rsta \u00e4r att jag tror inte att de ens har kommit till det mest dj\u00e4vulusiska; inredningen (sk\u00e5p, b\u00e4nkar etc.) S\u00e5 h\u00e4r flyter det p\u00e5 och har gjort det sedan f\u00f6rra h\u00f6sten med n\u00e5gra pauser. Ska man verkligen beh\u00f6va betala full hyra under s\u00e5 h\u00e4r l\u00e5ngvariga st\u00f6rningar? 4 &#8211; 5 l\u00e4genheter av 8 omkring mig har nu renoverats. Och varf\u00f6r i hela friden borras det enbart tidigt p\u00e5 morgonen och kanske lite p\u00e5 eftermiddagen?<\/p>\n<p>Nu g\u00e5r det v\u00e4l an, jag l\u00e4r vara som en zombie n\u00e4r vi ska upp till Stockholm, men jag kan ju l\u00e4gga mig vid nio ikv\u00e4ll om jag vill (h\u00e4rlig semester). Sen blir det skiftg\u00e5ng och jag f\u00e5r sovmorgon tv\u00e5 helger per m\u00e5nad. Om jag inte hade s\u00f6mnst\u00f6rningar innan, s\u00e5 kommer jag garanterat att ha det efter att dom h\u00e4r l\u00e4genheterna \u00e4r klara.<\/p>\n<p>Nu \u00f6ver fr\u00e5n dagens gn\u00e4ll till lite saker jag tillskansat mig i Finland.<\/p>\n<p><a href=\"http:\/\/www.susannavaris.com\/blogg\/wp-content\/uploads\/2011\/08\/DSC_0481-60.jpg\"><img loading=\"lazy\" decoding=\"async\" class=\"aligncenter size-large wp-image-1682\" title=\"DSC_0481-60\" src=\"http:\/\/www.susannavaris.com\/blogg\/wp-content\/uploads\/2011\/08\/DSC_0481-60-847x1024.jpg\" alt=\"\" width=\"640\" height=\"773\" srcset=\"http:\/\/www.susannavaris.com\/blogg\/wp-content\/uploads\/2011\/08\/DSC_0481-60-847x1024.jpg 847w, http:\/\/www.susannavaris.com\/blogg\/wp-content\/uploads\/2011\/08\/DSC_0481-60-248x300.jpg 248w, http:\/\/www.susannavaris.com\/blogg\/wp-content\/uploads\/2011\/08\/DSC_0481-60.jpg 1820w\" sizes=\"auto, (max-width: 640px) 100vw, 640px\" \/><\/a><em>Den h\u00e4r fantastiska ramen hittade jag p\u00e5 kv\u00e4llstorget i Salo. Ingen visste vem damen p\u00e5 bilden \u00e4r, men det gissades p\u00e5 n\u00e5gon herrg\u00e5rdsfru fr\u00e5n trakterna mellan Salo och \u00c5bo. Bilden ska jag ers\u00e4tta med en annan, men vet inte riktigt vad jag ska g\u00f6ra med sedan&#8230;kanske kan jag ge den till Mia (M\u00e4kil\u00e4) f\u00f6r ett konstverk?<\/em><\/p>\n<p style=\"text-align: center;\"><a href=\"http:\/\/www.susannavaris.com\/blogg\/wp-content\/uploads\/2011\/08\/DSC_0482-60.jpg\"><img loading=\"lazy\" decoding=\"async\" class=\"aligncenter size-large wp-image-1683\" title=\"DSC_0482-60\" src=\"http:\/\/www.susannavaris.com\/blogg\/wp-content\/uploads\/2011\/08\/DSC_0482-60-682x1024.jpg\" alt=\"\" width=\"640\" height=\"960\" srcset=\"http:\/\/www.susannavaris.com\/blogg\/wp-content\/uploads\/2011\/08\/DSC_0482-60-682x1024.jpg 682w, http:\/\/www.susannavaris.com\/blogg\/wp-content\/uploads\/2011\/08\/DSC_0482-60-199x300.jpg 199w, http:\/\/www.susannavaris.com\/blogg\/wp-content\/uploads\/2011\/08\/DSC_0482-60.jpg 1843w\" sizes=\"auto, (max-width: 640px) 100vw, 640px\" \/><\/a><em>Granat\u00e4ppeljuicen som jag lovade att l\u00e4gga upp om jag hittade den igen&#8230;<\/em><\/p>\n<p style=\"text-align: center;\"><a href=\"http:\/\/www.susannavaris.com\/blogg\/wp-content\/uploads\/2011\/08\/DSC_0483-60.jpg\"><img loading=\"lazy\" decoding=\"async\" class=\"aligncenter size-large wp-image-1684\" title=\"DSC_0483-60\" src=\"http:\/\/www.susannavaris.com\/blogg\/wp-content\/uploads\/2011\/08\/DSC_0483-60-1024x682.jpg\" alt=\"\" width=\"640\" height=\"426\" srcset=\"http:\/\/www.susannavaris.com\/blogg\/wp-content\/uploads\/2011\/08\/DSC_0483-60-1024x682.jpg 1024w, http:\/\/www.susannavaris.com\/blogg\/wp-content\/uploads\/2011\/08\/DSC_0483-60-300x199.jpg 300w\" sizes=\"auto, (max-width: 640px) 100vw, 640px\" \/><\/a><em>Underbara f\u00f6delsedagspresenter fr\u00e5n min moster Maija&#8230;<\/em><\/p>\n<p style=\"text-align: center;\"><a href=\"http:\/\/www.susannavaris.com\/blogg\/wp-content\/uploads\/2011\/08\/DSC_0486-60.jpg\"><img loading=\"lazy\" decoding=\"async\" class=\"aligncenter size-large wp-image-1685\" title=\"DSC_0486-60\" src=\"http:\/\/www.susannavaris.com\/blogg\/wp-content\/uploads\/2011\/08\/DSC_0486-60-682x1024.jpg\" alt=\"\" width=\"640\" height=\"960\" srcset=\"http:\/\/www.susannavaris.com\/blogg\/wp-content\/uploads\/2011\/08\/DSC_0486-60-682x1024.jpg 682w, http:\/\/www.susannavaris.com\/blogg\/wp-content\/uploads\/2011\/08\/DSC_0486-60-199x300.jpg 199w, http:\/\/www.susannavaris.com\/blogg\/wp-content\/uploads\/2011\/08\/DSC_0486-60.jpg 1843w\" sizes=\"auto, (max-width: 640px) 100vw, 640px\" \/><\/a><em>En serie b\u00f6cker av Zacharias Topelius fr\u00e5n Salo Marknad. Jag l\u00e4ste dessa och speciellt d\u00e5 F\u00e4ltsk\u00e4rns Ber\u00e4ttelser om och om igen n\u00e4r jag var liten&#8230;fullst\u00e4ndigt fascinerande. Svensk-finsk historia i halvfiktiv form, med underbara illustrationer av bl a Carl Larsson, Rudolf Koivu och Albert Edelfeldt.<\/em><\/p>\n<p style=\"text-align: center;\"><a href=\"http:\/\/www.susannavaris.com\/blogg\/wp-content\/uploads\/2011\/08\/DSC_0487-60.jpg\"><img loading=\"lazy\" decoding=\"async\" class=\"aligncenter size-large wp-image-1686\" title=\"DSC_0487-60\" src=\"http:\/\/www.susannavaris.com\/blogg\/wp-content\/uploads\/2011\/08\/DSC_0487-60-682x1024.jpg\" alt=\"\" width=\"640\" height=\"960\" srcset=\"http:\/\/www.susannavaris.com\/blogg\/wp-content\/uploads\/2011\/08\/DSC_0487-60-682x1024.jpg 682w, http:\/\/www.susannavaris.com\/blogg\/wp-content\/uploads\/2011\/08\/DSC_0487-60-199x300.jpg 199w, http:\/\/www.susannavaris.com\/blogg\/wp-content\/uploads\/2011\/08\/DSC_0487-60.jpg 1843w\" sizes=\"auto, (max-width: 640px) 100vw, 640px\" \/><\/a><a href=\"http:\/\/www.susannavaris.com\/blogg\/wp-content\/uploads\/2011\/08\/DSC_0488-60.jpg\"><img loading=\"lazy\" decoding=\"async\" class=\"aligncenter size-large wp-image-1687\" title=\"DSC_0488-60\" src=\"http:\/\/www.susannavaris.com\/blogg\/wp-content\/uploads\/2011\/08\/DSC_0488-60-682x1024.jpg\" alt=\"\" width=\"640\" height=\"960\" srcset=\"http:\/\/www.susannavaris.com\/blogg\/wp-content\/uploads\/2011\/08\/DSC_0488-60-682x1024.jpg 682w, http:\/\/www.susannavaris.com\/blogg\/wp-content\/uploads\/2011\/08\/DSC_0488-60-199x300.jpg 199w, http:\/\/www.susannavaris.com\/blogg\/wp-content\/uploads\/2011\/08\/DSC_0488-60.jpg 1843w\" sizes=\"auto, (max-width: 640px) 100vw, 640px\" \/><\/a><em>Spr\u00e4ngningen av Mainiemi-slott i Finland. V\u00e5rt sommarst\u00e4lle p\u00e5 Kimito \u00f6 l\u00e5g precis bredvid Mainiemi och gissa om det var sp\u00e4nnande som barn att leta efter slottsruinen. En h\u00e4xa vid namn Svarta Jaana skulle \u00e4ven ha bott p\u00e5 en \u00f6 strax utanf\u00f6r och mycket riktigt s\u00e5 fanns det en Svarta Jaanas \u00f6 i verkligheten d\u00e4r. Vi tjatade j\u00e4mt p\u00e5 att n\u00e5gon vuxen skulle ro oss dit.<\/em><\/p>\n<p style=\"text-align: center;\"><a href=\"http:\/\/www.susannavaris.com\/blogg\/wp-content\/uploads\/2011\/08\/DSC_0489-60.jpg\"><img loading=\"lazy\" decoding=\"async\" class=\"aligncenter size-large wp-image-1688\" title=\"DSC_0489-60\" src=\"http:\/\/www.susannavaris.com\/blogg\/wp-content\/uploads\/2011\/08\/DSC_0489-60-1024x682.jpg\" alt=\"\" width=\"640\" height=\"426\" srcset=\"http:\/\/www.susannavaris.com\/blogg\/wp-content\/uploads\/2011\/08\/DSC_0489-60-1024x682.jpg 1024w, http:\/\/www.susannavaris.com\/blogg\/wp-content\/uploads\/2011\/08\/DSC_0489-60-300x199.jpg 300w\" sizes=\"auto, (max-width: 640px) 100vw, 640px\" \/><\/a><em>Pestens h\u00e4rjningar&#8230;<\/em><\/p>\n<p style=\"text-align: center;\"><a href=\"http:\/\/www.susannavaris.com\/blogg\/wp-content\/uploads\/2011\/08\/DSC_0492-60.jpg\"><img loading=\"lazy\" decoding=\"async\" class=\"aligncenter size-large wp-image-1689\" title=\"DSC_0492-60\" src=\"http:\/\/www.susannavaris.com\/blogg\/wp-content\/uploads\/2011\/08\/DSC_0492-60-682x1024.jpg\" alt=\"\" width=\"640\" height=\"960\" srcset=\"http:\/\/www.susannavaris.com\/blogg\/wp-content\/uploads\/2011\/08\/DSC_0492-60-682x1024.jpg 682w, http:\/\/www.susannavaris.com\/blogg\/wp-content\/uploads\/2011\/08\/DSC_0492-60-199x300.jpg 199w, http:\/\/www.susannavaris.com\/blogg\/wp-content\/uploads\/2011\/08\/DSC_0492-60.jpg 1843w\" sizes=\"auto, (max-width: 640px) 100vw, 640px\" \/><\/a><em>Karl XII<\/em><\/p>\n<p style=\"text-align: center;\"><a href=\"http:\/\/www.susannavaris.com\/blogg\/wp-content\/uploads\/2011\/08\/DSC_0484-60.jpg\"><img loading=\"lazy\" decoding=\"async\" class=\"aligncenter size-large wp-image-1691\" title=\"DSC_0484-60\" src=\"http:\/\/www.susannavaris.com\/blogg\/wp-content\/uploads\/2011\/08\/DSC_0484-60-682x1024.jpg\" alt=\"\" width=\"640\" height=\"960\" srcset=\"http:\/\/www.susannavaris.com\/blogg\/wp-content\/uploads\/2011\/08\/DSC_0484-60-682x1024.jpg 682w, http:\/\/www.susannavaris.com\/blogg\/wp-content\/uploads\/2011\/08\/DSC_0484-60-199x300.jpg 199w, http:\/\/www.susannavaris.com\/blogg\/wp-content\/uploads\/2011\/08\/DSC_0484-60.jpg 1843w\" sizes=\"auto, (max-width: 640px) 100vw, 640px\" \/><\/a><\/p>\n<p style=\"text-align: center;\"><em>\u00c4ven renodlade sagor ing\u00e5r i serien&#8230;<\/em><\/p>\n<p style=\"text-align: center;\"><a href=\"http:\/\/www.susannavaris.com\/blogg\/wp-content\/uploads\/2011\/08\/DSC_0494-60.jpg\"><img loading=\"lazy\" decoding=\"async\" class=\"aligncenter size-large wp-image-1690\" title=\"DSC_0494-60\" src=\"http:\/\/www.susannavaris.com\/blogg\/wp-content\/uploads\/2011\/08\/DSC_0494-60-1024x682.jpg\" alt=\"\" width=\"640\" height=\"426\" srcset=\"http:\/\/www.susannavaris.com\/blogg\/wp-content\/uploads\/2011\/08\/DSC_0494-60-1024x682.jpg 1024w, http:\/\/www.susannavaris.com\/blogg\/wp-content\/uploads\/2011\/08\/DSC_0494-60-300x199.jpg 300w\" sizes=\"auto, (max-width: 640px) 100vw, 640px\" \/><\/a><em>Hela bokserien. Nu har jag lektyr f\u00f6r resten av vintern&#8230;<\/em><\/p>\n<p style=\"text-align: center;\">11.45 f\u00f6rs\u00f6kte jag g\u00e5 och ta en tupplur innan Stockholm. Vad h\u00e4nder? Jo, just precis. Tyst fram tills dess.<\/p>\n<p style=\"text-align: center;\">Det hade utlovats lite molnighet idag. Utsikten fr\u00e5n balkongen:<\/p>\n<p style=\"text-align: center;\"><a href=\"http:\/\/www.susannavaris.com\/blogg\/wp-content\/uploads\/2011\/08\/DSC_0496-60.jpg\"><img loading=\"lazy\" decoding=\"async\" class=\"aligncenter size-large wp-image-1695\" title=\"DSC_0496-60\" src=\"http:\/\/www.susannavaris.com\/blogg\/wp-content\/uploads\/2011\/08\/DSC_0496-60-1024x682.jpg\" alt=\"\" width=\"640\" height=\"426\" srcset=\"http:\/\/www.susannavaris.com\/blogg\/wp-content\/uploads\/2011\/08\/DSC_0496-60-1024x682.jpg 1024w, http:\/\/www.susannavaris.com\/blogg\/wp-content\/uploads\/2011\/08\/DSC_0496-60-300x199.jpg 300w\" sizes=\"auto, (max-width: 640px) 100vw, 640px\" \/><\/a><a href=\"http:\/\/www.susannavaris.com\/blogg\/wp-content\/uploads\/2011\/08\/DSC_0497-60.jpg\"><img loading=\"lazy\" decoding=\"async\" class=\"aligncenter size-large wp-image-1696\" title=\"DSC_0497-60\" src=\"http:\/\/www.susannavaris.com\/blogg\/wp-content\/uploads\/2011\/08\/DSC_0497-60-1024x682.jpg\" alt=\"\" width=\"640\" height=\"426\" srcset=\"http:\/\/www.susannavaris.com\/blogg\/wp-content\/uploads\/2011\/08\/DSC_0497-60-1024x682.jpg 1024w, http:\/\/www.susannavaris.com\/blogg\/wp-content\/uploads\/2011\/08\/DSC_0497-60-300x199.jpg 300w\" sizes=\"auto, (max-width: 640px) 100vw, 640px\" \/><\/a><a href=\"http:\/\/www.susannavaris.com\/blogg\/wp-content\/uploads\/2011\/08\/DSC_0498-60.jpg\"><img loading=\"lazy\" decoding=\"async\" class=\"aligncenter size-large wp-image-1697\" title=\"DSC_0498-60\" src=\"http:\/\/www.susannavaris.com\/blogg\/wp-content\/uploads\/2011\/08\/DSC_0498-60-1024x682.jpg\" alt=\"\" width=\"640\" height=\"426\" srcset=\"http:\/\/www.susannavaris.com\/blogg\/wp-content\/uploads\/2011\/08\/DSC_0498-60-1024x682.jpg 1024w, http:\/\/www.susannavaris.com\/blogg\/wp-content\/uploads\/2011\/08\/DSC_0498-60-300x199.jpg 300w\" sizes=\"auto, (max-width: 640px) 100vw, 640px\" \/><\/a><em>Idag ska tydligen allt g\u00e5 fel. Och jag som ska till Stockholms mest fascinerande reservat f\u00f6r mediedjur f\u00f6r att studera segregering.<\/em><\/p>\n<p style=\"text-align: center;\">Vi gjorde ett tappert f\u00f6rs\u00f6k att ta oss till Stockholm. F\u00f6rst skulle vi inhandla mat p\u00e5 lokala thai-haket. S\u00e5 h\u00e4r blev det:<\/p>\n<p style=\"text-align: center;\"><a href=\"http:\/\/www.susannavaris.com\/blogg\/wp-content\/uploads\/2011\/08\/DSC_0499-60.jpg\"><img loading=\"lazy\" decoding=\"async\" class=\"aligncenter size-large wp-image-1699\" title=\"DSC_0499-60\" src=\"http:\/\/www.susannavaris.com\/blogg\/wp-content\/uploads\/2011\/08\/DSC_0499-60-1024x682.jpg\" alt=\"\" width=\"640\" height=\"426\" srcset=\"http:\/\/www.susannavaris.com\/blogg\/wp-content\/uploads\/2011\/08\/DSC_0499-60-1024x682.jpg 1024w, http:\/\/www.susannavaris.com\/blogg\/wp-content\/uploads\/2011\/08\/DSC_0499-60-300x199.jpg 300w\" sizes=\"auto, (max-width: 640px) 100vw, 640px\" \/><\/a><a href=\"http:\/\/www.susannavaris.com\/blogg\/wp-content\/uploads\/2011\/08\/DSC_0501-60.jpg\"><img loading=\"lazy\" decoding=\"async\" class=\"aligncenter size-large wp-image-1700\" title=\"DSC_0501-60\" src=\"http:\/\/www.susannavaris.com\/blogg\/wp-content\/uploads\/2011\/08\/DSC_0501-60-1024x682.jpg\" alt=\"\" width=\"640\" height=\"426\" srcset=\"http:\/\/www.susannavaris.com\/blogg\/wp-content\/uploads\/2011\/08\/DSC_0501-60-1024x682.jpg 1024w, http:\/\/www.susannavaris.com\/blogg\/wp-content\/uploads\/2011\/08\/DSC_0501-60-300x199.jpg 300w\" sizes=\"auto, (max-width: 640px) 100vw, 640px\" \/><\/a><a href=\"http:\/\/www.susannavaris.com\/blogg\/wp-content\/uploads\/2011\/08\/DSC_0504-60x1.jpg\"><img loading=\"lazy\" decoding=\"async\" class=\"aligncenter size-large wp-image-1702\" title=\"DSC_0504-60x\" src=\"http:\/\/www.susannavaris.com\/blogg\/wp-content\/uploads\/2011\/08\/DSC_0504-60x1-1024x682.jpg\" alt=\"\" width=\"640\" height=\"426\" srcset=\"http:\/\/www.susannavaris.com\/blogg\/wp-content\/uploads\/2011\/08\/DSC_0504-60x1-1024x682.jpg 1024w, http:\/\/www.susannavaris.com\/blogg\/wp-content\/uploads\/2011\/08\/DSC_0504-60x1-300x199.jpg 300w\" sizes=\"auto, (max-width: 640px) 100vw, 640px\" \/><\/a><a href=\"http:\/\/www.susannavaris.com\/blogg\/wp-content\/uploads\/2011\/08\/DSC_0505-60x.jpg\"><img loading=\"lazy\" decoding=\"async\" class=\"aligncenter size-large wp-image-1703\" title=\"DSC_0505-60x\" src=\"http:\/\/www.susannavaris.com\/blogg\/wp-content\/uploads\/2011\/08\/DSC_0505-60x-1024x682.jpg\" alt=\"\" width=\"640\" height=\"426\" srcset=\"http:\/\/www.susannavaris.com\/blogg\/wp-content\/uploads\/2011\/08\/DSC_0505-60x-1024x682.jpg 1024w, http:\/\/www.susannavaris.com\/blogg\/wp-content\/uploads\/2011\/08\/DSC_0505-60x-300x199.jpg 300w\" sizes=\"auto, (max-width: 640px) 100vw, 640px\" \/><\/a><em>Mina Dr Martens var vid det h\u00e4r laget tv\u00e5 skvalpande blomvaser, s\u00e5 vi \u00f6vergav id\u00e9:en. Andra g\u00e5ngen inom en vecka som f\u00f6rs\u00f6k till kulturella aktiviteter straffas med sp\u00f6regn och syndaflod&#8230;<\/em><\/p>\n<p style=\"text-align: center;\">S\u00e5 nu blir det hemmamys med Absolutely Fabulous-maraton. I s\u00e4ng vid tio. Senast.<\/p>\n","protected":false},"excerpt":{"rendered":"<p>7.25 imorse sattes borren i v\u00e4ggen igen. Ig\u00e5r var det tyst. Det borrades tills jag var vaken i ca en timme. Jag f\u00f6rs\u00f6kte med \u00f6ronproppar + h\u00f6rselskydd + kuddar \u00f6ver huvudet, men det hj\u00e4lpte inte. Tyv\u00e4rr \u00e4r ju alla dessa &hellip; <a href=\"http:\/\/www.susannavaris.com\/blogg\/2011\/08\/fortsatt-hantverksterror-och-fynden-fran-finland\/\">Forts\u00e4tt l\u00e4sa <span class=\"meta-nav\">&rarr;<\/span><\/a><\/p>\n","protected":false},"author":1,"featured_media":1690,"comment_status":"open","ping_status":"open","sticky":false,"template":"","format":"standard","meta":{"footnotes":""},"categories":[107,674,213,3,1],"tags":[515,521,4896,441,440,514,516,519,520,414,517,518,499,189],"class_list":["post-1681","post","type-post","status-publish","format-standard","has-post-thumbnail","hentry","category-finland","category-historia","category-inredning","category-konst","category-okategoriserade","tag-arabia","tag-faltskarns-berattelser","tag-finland","tag-granatappeljuice","tag-granatapple","tag-hantverkare","tag-iittala","tag-kimito","tag-mainiemi","tag-mia-makila","tag-mumin","tag-muumi","tag-salo","tag-zacharias-topelius"],"_links":{"self":[{"href":"http:\/\/www.susannavaris.com\/blogg\/wp-json\/wp\/v2\/posts\/1681","targetHints":{"allow":["GET"]}}],"collection":[{"href":"http:\/\/www.susannavaris.com\/blogg\/wp-json\/wp\/v2\/posts"}],"about":[{"href":"http:\/\/www.susannavaris.com\/blogg\/wp-json\/wp\/v2\/types\/post"}],"author":[{"embeddable":true,"href":"http:\/\/www.susannavaris.com\/blogg\/wp-json\/wp\/v2\/users\/1"}],"replies":[{"embeddable":true,"href":"http:\/\/www.susannavaris.com\/blogg\/wp-json\/wp\/v2\/comments?post=1681"}],"version-history":[{"count":6,"href":"http:\/\/www.susannavaris.com\/blogg\/wp-json\/wp\/v2\/posts\/1681\/revisions"}],"predecessor-version":[{"id":2484,"href":"http:\/\/www.susannavaris.com\/blogg\/wp-json\/wp\/v2\/posts\/1681\/revisions\/2484"}],"wp:featuredmedia":[{"embeddable":true,"href":"http:\/\/www.susannavaris.com\/blogg\/wp-json\/wp\/v2\/media\/1690"}],"wp:attachment":[{"href":"http:\/\/www.susannavaris.com\/blogg\/wp-json\/wp\/v2\/media?parent=1681"}],"wp:term":[{"taxonomy":"category","embeddable":true,"href":"http:\/\/www.susannavaris.com\/blogg\/wp-json\/wp\/v2\/categories?post=1681"},{"taxonomy":"post_tag","embeddable":true,"href":"http:\/\/www.susannavaris.com\/blogg\/wp-json\/wp\/v2\/tags?post=1681"}],"curies":[{"name":"wp","href":"https:\/\/api.w.org\/{rel}","templated":true}]}}