{"id":16817,"date":"2017-10-19T16:14:50","date_gmt":"2017-10-19T14:14:50","guid":{"rendered":"http:\/\/www.susannavaris.com\/blogg\/?p=16817"},"modified":"2017-10-19T17:18:44","modified_gmt":"2017-10-19T15:18:44","slug":"metoo","status":"publish","type":"post","link":"http:\/\/www.susannavaris.com\/blogg\/2017\/10\/metoo\/","title":{"rendered":"#Metoo"},"content":{"rendered":"<p>Ingen som inte befunnit sig under en sten den senaste veckan har kunnat undg\u00e5 kampanjen #Metoo. Den har dominerat b\u00e5de de sociala och de traditionella medierna, engagerat, v\u00e4ckt debatt och slukat upp allt fler akt\u00f6rer l\u00e4ngs sin v\u00e4g i medieverkligheten. Det hela startades 15. oktober, d\u00e5 sk\u00e5despelaren Alyssa Milano uppmanade kvinnor att ber\u00e4tta om sina erfarenheter av sexuella \u00f6vergrepp under hashtagen #Metoo i k\u00f6lvattnet av skandalen som briserat kring den m\u00e4ktiga hollywoodmogulen Harvey Weinstein. (H\u00e4r kan ni l\u00e4sa mer om det: <a href=\"http:\/\/www.bbc.com\/news\/entertainment-arts-41594672\">BBC<\/a>\u00a0, <a href=\"https:\/\/www.nytimes.com\/2017\/10\/05\/us\/harvey-weinstein-harassment-allegations.html\">New York Times<\/a>).<\/p>\n<p style=\"text-align: center;\"><a href=\"http:\/\/www.susannavaris.com\/blogg\/2017\/10\/metoo\/har-171012_browbeat_picturegoercover-jpg-crop-promo-xlarge2\/\" rel=\"attachment wp-att-16818\"><img loading=\"lazy\" decoding=\"async\" class=\"aligncenter size-full wp-image-16818\" src=\"http:\/\/www.susannavaris.com\/blogg\/wp-content\/uploads\/2017\/10\/har-171012_browbeat_picturegoercover.jpg.CROP_.promo-xlarge2.jpg\" alt=\"\" width=\"1180\" height=\"842\" srcset=\"http:\/\/www.susannavaris.com\/blogg\/wp-content\/uploads\/2017\/10\/har-171012_browbeat_picturegoercover.jpg.CROP_.promo-xlarge2.jpg 1180w, http:\/\/www.susannavaris.com\/blogg\/wp-content\/uploads\/2017\/10\/har-171012_browbeat_picturegoercover.jpg.CROP_.promo-xlarge2-300x214.jpg 300w, http:\/\/www.susannavaris.com\/blogg\/wp-content\/uploads\/2017\/10\/har-171012_browbeat_picturegoercover.jpg.CROP_.promo-xlarge2-768x548.jpg 768w, http:\/\/www.susannavaris.com\/blogg\/wp-content\/uploads\/2017\/10\/har-171012_browbeat_picturegoercover.jpg.CROP_.promo-xlarge2-1024x731.jpg 1024w\" sizes=\"auto, (max-width: 1180px) 100vw, 1180px\" \/><\/a><a href=\"http:\/\/www.susannavaris.com\/blogg\/2017\/10\/metoo\/har-171012_browbeat_castingcouch01-jpg-crop-promovar-mediumlarge\/\" rel=\"attachment wp-att-16819\"><img loading=\"lazy\" decoding=\"async\" class=\"aligncenter size-full wp-image-16819\" src=\"http:\/\/www.susannavaris.com\/blogg\/wp-content\/uploads\/2017\/10\/har-171012_browbeat_castingcouch01.jpg.CROP_.promovar-mediumlarge.jpg\" alt=\"\" width=\"590\" height=\"567\" srcset=\"http:\/\/www.susannavaris.com\/blogg\/wp-content\/uploads\/2017\/10\/har-171012_browbeat_castingcouch01.jpg.CROP_.promovar-mediumlarge.jpg 590w, http:\/\/www.susannavaris.com\/blogg\/wp-content\/uploads\/2017\/10\/har-171012_browbeat_castingcouch01.jpg.CROP_.promovar-mediumlarge-300x288.jpg 300w\" sizes=\"auto, (max-width: 590px) 100vw, 590px\" \/><\/a><em>Begreppet &#8221;casting couch&#8221; \u00e4r ju k\u00e4nt sedan l\u00e4nge. Det anv\u00e4ndes f\u00f6r f\u00f6rsta g\u00e5ngen i tidningen Variety (24. nov 1937), men hade som fenomen varit k\u00e4nt fr\u00e5n s\u00e5 tidigt som 1910, dvs i sj\u00e4lva filmindustrins vagga. Bilder: Picturegoer<\/em><\/p>\n<p>Marilyn Monroe var en av mina stora idoler fr\u00e5n unga \u00e5r och jag minns att det spekulerades om huruvida hon kl\u00e4ttrat i karri\u00e4ren just med hj\u00e4lp casting couch. P\u00e5 n\u00e5got vis verkade detta vara mer omoraliskt \u00e4n att studiochefer, producenter och andra pressat henne och andra unga starlets till att l\u00e4gga sig p\u00e5 sofforna. En maktposition d\u00e4r man ofta omges av unga, vackra kvinnor i jakt p\u00e5 en glamour\u00f6s filmkarri\u00e4r kan nog korrumpera b\u00e5de den som sitter bakom skrivbordet och den som n\u00e4rmar sig soffan. Jag har sv\u00e5rt att t\u00e4nka mig att karri\u00e4rer i filmindustrin enkom skapas genom strikt efterf\u00f6ljande av moraliska riktlinjer och meritv\u00e4rdering. Med det inte sagt att \u00f6vergrepp \u00e4r n\u00e5got som ska accepteras och sj\u00e4lvklart b\u00f6r man arbeta f\u00f6r en b\u00e4ttre kultur.<\/p>\n<p>Jag skrev ocks\u00e5 #Metoo p\u00e5 min facebookprofil. (Om \u00e4n efter n\u00e5gon timmes inre kamp med mig sj\u00e4lv. Jag \u00e4r kroniskt allergisk mot kedjebrev och inl\u00e4gg av typen &#8221;klistra det h\u00e4r som din status annars hatar du sv\u00e4ltande barn och en gullig pingvin d\u00f6r&#8221; och jag ogillar flockmentaliteten i dylika kampanjer). Jag har ju blivit utsatt. F\u00f6r lite alla m\u00f6jliga slags saker faktiskt. Det k\u00e4nner ni som f\u00f6ljt mig l\u00e4nge ocks\u00e5 till. Ett antal situationer som gr\u00e4nsat till v\u00e5ldt\u00e4ktsf\u00f6rs\u00f6k, en v\u00e5ldt\u00e4kt, ett ofredande (med en man som greppade tag p\u00e5 mig mellan benen i en fullpackad tunnelbanevagn), \u00e5tminstone fyra blottare (varav en satt och onanerade naken i en buske utanf\u00f6r finlandsf\u00e4rjan som jag kom ifr\u00e5n p\u00e5 morgonen och en annan bara f\u00f6r drygt en vecka sedan p\u00e5 \u00c4lvsj\u00f6 station).<\/p>\n<p>Jag tog dock bort min uppdatering efter att det under en hel tv-kv\u00e4ll med Aktuellt och Kobra knappt talades om annat. #Metoo-kampanjen h\u00f6ll p\u00e5 att glida \u00f6ver och kidnappas av the usual suspects, vars karri\u00e4rer ocks\u00e5 fram tills f\u00f6r en vecka och oavsett vad best\u00e5tt av att skuldbel\u00e4gga m\u00e4n i st\u00f6rsta allm\u00e4nhet f\u00f6r all v\u00e4rldens mis\u00e4r. Det som fr\u00e5n b\u00f6rjan var ett s\u00e4tt att belysa hur vanligt utsatthet f\u00f6r \u00f6vergrepp \u00e4nd\u00e5 \u00e4r och som verkade vara en genuin gr\u00e4srotsr\u00f6relse till skillnad fr\u00e5n allehanda kampanjer regisserade av framf\u00f6r allt olika identietspolitiska grupperingar b\u00f6rjade sakteligen \u00f6vertas av just de sistn\u00e4mnda. Public service, men \u00e4ven andra, har med illa dold entusiasm naturligtvis frossat #Metoo-kampanjen. F\u00f6r en g\u00e5ngs skull n\u00e5gonting substantiellt att ta p\u00e5, n\u00e5got som passar den egna diskursen som hand i handske och som redan f\u00e5tt n\u00e4rmast globalt genomslag. Det ska dock inte f\u00f6rnekas att det finns ett nyhetsv\u00e4rde, s\u00e4rskilt efter att ett antal svenska &#8221;profiler&#8221; b\u00f6rjat figurera i sammanhanget.<\/p>\n<p>I den tappning den h\u00e4r sortens fr\u00e5gor behandlas i Sverige \u00e4r vi nu inf\u00f6sta i den traditionella jargongen om m\u00e4n som onda och f\u00f6r\u00f6vare och om kvinnor som goda och offer. Svart och vitt. &#8221;M\u00e4n ska ta ansvar&#8221; (kvinnor i vanlig ordning inte). Bloggen Toklandet skrev ett ilsket\u00a0<a href=\"https:\/\/toklandet.wordpress.com\/2017\/10\/18\/ni-anklagar-och-kraver-saker-av-oss-som-ni-ar-skyldiga-till\/\">inl\u00e4gg<\/a> om just detta. M\u00e5nga m\u00e4n blir med r\u00e4tta f\u00f6rt\u00f6rnade, andra agerar flagellanter och skaffar sig en stund i rampljuset med att spela ut ett &#8221;Reformerat Svin&#8221;-kort (undrar om en viss kampsportare snart ska sl\u00e4ppa en bok eller annat i den stilen?). Kampanjen har ocks\u00e5 f\u00e5tt ny fart sedan en del svenska medieprofiler blivit insyltade med \u00e5 ena sidan agera avsl\u00f6jare och \u00e5 andra sidan blivit utpekade. Den senaste i raden tycks vara en chef p\u00e5 SVT:\u00a0<a href=\"https:\/\/www.svd.se\/svt-chef-stangs-av-efter-anklagelser-om-trakasserier\">SvD<\/a>. Detta har i sin tur lett till en debatt om vad som f\u00e5r och b\u00f6r s\u00e4gas offentligt. M\u00e5rten Schulz p\u00e5minner\u00a0<a href=\"https:\/\/www.svd.se\/reaktion-mot-ett-misslyckat-rattssamhalle--eller-en-folkdomstol\">h\u00e4r<\/a> om juridiken kring att sprida komprometterande uppgifter.<\/p>\n<p>Vi l\u00e4r inte ha h\u00f6rt det sista kring detta \u00e4n p\u00e5 l\u00e4nge.<\/p>\n<ul>\n<li>: &#8211; : &#8211; : &#8211;<\/li>\n<\/ul>\n<p>Lars-Anders Johansson skriver om de svajiga publicistiska besluten som f\u00f6rekommit h\u00e4r: <a href=\"https:\/\/timbro.se\/smedjan\/fortroendet-kvallspressen-ar-forbrukat\/\">Smedjan<\/a><\/p>\n<p><span style=\"border-radius: 2px; text-indent: 20px; width: auto; padding: 0px 4px 0px 0px; text-align: center; font: bold 11px\/20px 'Helvetica Neue',Helvetica,sans-serif; color: #ffffff; background: #bd081c no-repeat scroll 3px 50% \/ 14px 14px; position: absolute; opacity: 1; z-index: 8675309; display: none; cursor: pointer;\">Spara<\/span><\/p>\n<p><span style=\"border-radius: 2px; text-indent: 20px; width: auto; padding: 0px 4px 0px 0px; text-align: center; font: bold 11px\/20px 'Helvetica Neue',Helvetica,sans-serif; color: #ffffff; background: #bd081c no-repeat scroll 3px 50% \/ 14px 14px; position: absolute; opacity: 1; z-index: 8675309; display: none; cursor: pointer;\">Spara<\/span><\/p>\n<p><span style=\"border-radius: 2px; text-indent: 20px; width: auto; padding: 0px 4px 0px 0px; text-align: center; font: bold 11px\/20px 'Helvetica Neue',Helvetica,sans-serif; color: #ffffff; background: #bd081c no-repeat scroll 3px 50% \/ 14px 14px; position: absolute; opacity: 1; z-index: 8675309; display: none; cursor: pointer;\">Spara<\/span><\/p>\n<p><span style=\"border-radius: 2px; text-indent: 20px; width: auto; padding: 0px 4px 0px 0px; text-align: center; font: bold 11px\/20px 'Helvetica Neue',Helvetica,sans-serif; color: #ffffff; background: #bd081c  no-repeat scroll 3px 50% \/ 14px 14px; position: absolute; opacity: 1; z-index: 8675309; display: none; cursor: pointer; top: 661px; left: 45px;\">Spara<\/span><\/p>\n","protected":false},"excerpt":{"rendered":"<p>Ingen som inte befunnit sig under en sten den senaste veckan har kunnat undg\u00e5 kampanjen #Metoo. Den har dominerat b\u00e5de de sociala och de traditionella medierna, engagerat, v\u00e4ckt debatt och slukat upp allt fler akt\u00f6rer l\u00e4ngs sin v\u00e4g i medieverkligheten. &hellip; <a href=\"http:\/\/www.susannavaris.com\/blogg\/2017\/10\/metoo\/\">Forts\u00e4tt l\u00e4sa <span class=\"meta-nav\">&rarr;<\/span><\/a><\/p>\n","protected":false},"author":1,"featured_media":0,"comment_status":"open","ping_status":"open","sticky":false,"template":"","format":"standard","meta":{"footnotes":""},"categories":[181,154,3358,1321,1928,285,589,3787,1,384],"tags":[5533,5532,5534,5529,566,4900,2413,5528,5535,5536,5243,5527,3120,4918,1981,5539,4632,5531,4284,5537,5540,5538,938,4233,4099,2252,5530],"class_list":["post-16817","post","type-post","status-publish","format-standard","hentry","category-feminism","category-genus","category-identitetspolitik","category-jamstalldhet","category-journalistik","category-marilyn-monroe","category-medier","category-misandri-i-media","category-okategoriserade","category-tv","tag-metoo","tag-aktuellt","tag-alyssa-milano","tag-casting-couch","tag-facebook","tag-feminism","tag-film-2","tag-filmindustrin","tag-flockbeteende","tag-flockmentalitet","tag-fortal","tag-harvey-weinstein","tag-hollywood","tag-jamstalldhet","tag-kampanj","tag-kobra","tag-lars-anders-johansson","tag-marten-schulz","tag-overgrepp","tag-sexuella-overgrepp","tag-smedjan","tag-sociala-medier","tag-svt","tag-toklandet","tag-trakasserier","tag-tv-2","tag-variety"],"_links":{"self":[{"href":"http:\/\/www.susannavaris.com\/blogg\/wp-json\/wp\/v2\/posts\/16817","targetHints":{"allow":["GET"]}}],"collection":[{"href":"http:\/\/www.susannavaris.com\/blogg\/wp-json\/wp\/v2\/posts"}],"about":[{"href":"http:\/\/www.susannavaris.com\/blogg\/wp-json\/wp\/v2\/types\/post"}],"author":[{"embeddable":true,"href":"http:\/\/www.susannavaris.com\/blogg\/wp-json\/wp\/v2\/users\/1"}],"replies":[{"embeddable":true,"href":"http:\/\/www.susannavaris.com\/blogg\/wp-json\/wp\/v2\/comments?post=16817"}],"version-history":[{"count":7,"href":"http:\/\/www.susannavaris.com\/blogg\/wp-json\/wp\/v2\/posts\/16817\/revisions"}],"predecessor-version":[{"id":16826,"href":"http:\/\/www.susannavaris.com\/blogg\/wp-json\/wp\/v2\/posts\/16817\/revisions\/16826"}],"wp:attachment":[{"href":"http:\/\/www.susannavaris.com\/blogg\/wp-json\/wp\/v2\/media?parent=16817"}],"wp:term":[{"taxonomy":"category","embeddable":true,"href":"http:\/\/www.susannavaris.com\/blogg\/wp-json\/wp\/v2\/categories?post=16817"},{"taxonomy":"post_tag","embeddable":true,"href":"http:\/\/www.susannavaris.com\/blogg\/wp-json\/wp\/v2\/tags?post=16817"}],"curies":[{"name":"wp","href":"https:\/\/api.w.org\/{rel}","templated":true}]}}