{"id":16845,"date":"2017-10-20T19:01:26","date_gmt":"2017-10-20T17:01:26","guid":{"rendered":"http:\/\/www.susannavaris.com\/blogg\/?p=16845"},"modified":"2017-10-20T19:01:27","modified_gmt":"2017-10-20T17:01:27","slug":"mera-metoo","status":"publish","type":"post","link":"http:\/\/www.susannavaris.com\/blogg\/2017\/10\/mera-metoo\/","title":{"rendered":"Mera #Metoo"},"content":{"rendered":"<p>En sv\u00e5righet med att resonera om sexuella \u00f6vergrepp \u00e4r att upplevelsen av dem i h\u00f6gsta grad \u00e4r subjektiv. Viss sorts handlingar \u00e4r kategoriserade och klassade som brottsliga. En v\u00e5ldt\u00e4kt innefattar juridiskt numera fler handlingar \u00e4n det som traditionellt avs\u00e5gs med begreppet:<\/p>\n<p>&nbsp;<\/p>\n<p style=\"text-align: center;\"><a href=\"http:\/\/www.susannavaris.com\/blogg\/2017\/10\/mera-metoo\/metoo-04\/\" rel=\"attachment wp-att-16846\"><img loading=\"lazy\" decoding=\"async\" class=\"aligncenter size-full wp-image-16846\" src=\"http:\/\/www.susannavaris.com\/blogg\/wp-content\/uploads\/2017\/10\/metoo-04.jpg\" alt=\"\" width=\"669\" height=\"534\" srcset=\"http:\/\/www.susannavaris.com\/blogg\/wp-content\/uploads\/2017\/10\/metoo-04.jpg 669w, http:\/\/www.susannavaris.com\/blogg\/wp-content\/uploads\/2017\/10\/metoo-04-300x239.jpg 300w\" sizes=\"auto, (max-width: 669px) 100vw, 669px\" \/><\/a><a href=\"https:\/\/www.riksdagen.se\/sv\/dokument-lagar\/dokument\/svensk-forfattningssamling\/brottsbalk-1962700_sfs-1962-700\"><em>Brottsbalken Kap 6 paragraf 1 <\/em><\/a><\/p>\n<p>&nbsp;<\/p>\n<p>I Brottsbalken kapitel 6 kan man \u00e4ven hitta definitioner f\u00f6r sexuellt tv\u00e5ng och sexuellt utnyttjande. (Beh\u00e4ndigt nog handlar kapitel 5 om \u00e4rekr\u00e4nkning). Ut\u00f6ver det som \u00e4r klassat som brottsligt, har det under hashtagen #Metoo delats en hel del erfarenheter av icke brottsliga, men i det personliga fallet o\u00f6nskade och oacceptabla, handlingar. F\u00f6r den ena \u00e4r en hand p\u00e5 midjan inget att bry sig v\u00e4rst mycket om, medan det f\u00f6r n\u00e5gon annan kan k\u00e4nnas mycket obehagligt. Allt det h\u00e4r handlar f\u00f6rst\u00e5s ocks\u00e5 om omst\u00e4ndigheter och de involverade personerna. Varje situation \u00e4r unik.<\/p>\n<p style=\"text-align: center;\"><a href=\"http:\/\/www.susannavaris.com\/blogg\/2017\/10\/mera-metoo\/metoo-01\/\" rel=\"attachment wp-att-16848\"><img loading=\"lazy\" decoding=\"async\" class=\"aligncenter size-full wp-image-16848\" src=\"http:\/\/www.susannavaris.com\/blogg\/wp-content\/uploads\/2017\/10\/metoo-01.jpg\" alt=\"\" width=\"502\" height=\"504\" srcset=\"http:\/\/www.susannavaris.com\/blogg\/wp-content\/uploads\/2017\/10\/metoo-01.jpg 502w, http:\/\/www.susannavaris.com\/blogg\/wp-content\/uploads\/2017\/10\/metoo-01-150x150.jpg 150w, http:\/\/www.susannavaris.com\/blogg\/wp-content\/uploads\/2017\/10\/metoo-01-300x300.jpg 300w\" sizes=\"auto, (max-width: 502px) 100vw, 502px\" \/><\/a><em>I artikeln ovan t allt fr\u00e5n busvissling till upprepade f\u00f6rfr\u00e5gningar om en dejt upp. Saker som \u00e4nd\u00e5 borde vara upp till individen att bed\u00f6ma huruvida det handlar om trakasserier eller inte?<\/em><\/p>\n<p>De delar av livet d\u00e4r handlingar av sexuell karakt\u00e4r ing\u00e5r &#8211; relationer med medm\u00e4nniskor och partners, driftslivet och fortplantningen &#8211; \u00e4r per definition m\u00e5ngfacetterade och nyanserna g\u00e5r inte bara i gr\u00e5tt eller regnb\u00e5gsf\u00e4rgat, utan \u00e4r lika varierande som m\u00e4nniskorna i sig. F\u00f6r att orientera sig fram i djungeln av personligheter och preferenser kr\u00e4ver finst\u00e4mda k\u00e4nselspr\u00f6t. K\u00e4nslo- och driftslivet \u00e4r ocks\u00e5 n\u00e5got d\u00e4r man l\u00e4tt kan k\u00e4nna sig os\u00e4ker och utl\u00e4mnad. Bekr\u00e4ftelse kan leda till himlastormande lycka och att inte bli bekr\u00e4ftad, eller tom bli f\u00f6rnedrad, kan \u00e5 andra sidan leda till b\u00e5de h\u00e4ftiga och sv\u00e5rkontrollerade k\u00e4nslor. Eller som Anna E. Nachman skriver p\u00e5 <a href=\"https:\/\/www.svt.se\/opinion\/anna-e-nachman-om-metoo\">SVT Opinion<\/a>:<\/p>\n<p>&nbsp;<\/p>\n<blockquote>\n<p data-reactid=\"109\"><strong data-reactid=\"110\">&#8221;Det som m\u00e5nga klassar som \u00f6vergrepp kanske bara \u00e4r allm\u00e4n m\u00e4nsklig klumpighet. Folk kan ju inte ens st\u00e5 i k\u00f6, \u00e5ka t\u00e5g eller skriva arga lappar utan att trampa varann p\u00e5 t\u00e5rna.<\/strong><\/p>\n<p data-reactid=\"111\">Varf\u00f6r f\u00f6rv\u00e4ntas de d\u00e5 vara snillen vad g\u00e4ller fysisk kontakt, s\u00e4rskilt i berusat tillst\u00e5nd? Pl\u00f6tsligt sl\u00e5r #metoo fast att klumpigheten \u00e4r ett stort samh\u00e4llsproblem \u2013 och i samma stund f\u00f6rminskar man grova sexuella \u00f6vergrepp.&#8221;<\/p>\n<\/blockquote>\n<p>&nbsp;<\/p>\n<p>#Metoo i mitt fall betydde v\u00e5ldt\u00e4kten, n\u00e4rap\u00e5 v\u00e5ldt\u00e4ktsf\u00f6rs\u00f6ken och greppandet mellan benen samt blottandet. Ov\u00e4lkomna tafsanden och dylikt har jag kategoriserat som klumpighet och markerat mot p\u00e5 den niv\u00e5 som beh\u00f6vts.<\/p>\n<p>Som ton\u00e5ring gjorde jag f\u00f6rst\u00e5s som de flesta mig s\u00e5 attraktiv som det gick f\u00f6r att attrahera (de r\u00e4tta individerna) av det motsatta k\u00f6net. Problemet med detta \u00e4r ju f\u00f6rst\u00e5s att man \u00e4ven attraherade en hel del individer man inte ville attrahera. I sj\u00e4lva verket lyckades jag framf\u00f6r allt attrahera m\u00e4nniskor jag inte var s\u00e5 intresserad av. Det faller sig naturligt att uppm\u00e4rksamhet av en &#8221;dr\u00f6mprins&#8221; hade jag upplevt p\u00e5 ett helt annat s\u00e4tt \u00e4n samma uppm\u00e4rksamhet fr\u00e5n n\u00e5gon av de mindre intressanta figurerna. F\u00f6rst i vuxen \u00e5lder och framf\u00f6r allt efter att jag b\u00f6rjade blogga, har jag kommit att reflektera \u00f6ver mitt egna beteende n\u00e4r jag var ung. Jag kunde ha hanterat en del avvisanden b\u00e4ttre. \u00c5 andra sidan gick m\u00e5nga g\u00e5nger ett v\u00e4nligt &#8221;Nej tack, vi kom hit f\u00f6r att umg\u00e5s med varann, vi har inte setts p\u00e5 l\u00e4nge (om en tjejkompis)&#8221; \u00f6verhuvudtaget inte hem. Jag vet inte hur m\u00e5nga g\u00e5nger jag f\u00e5tt bli rej\u00e4lt otrevlig, med efterf\u00f6ljande kaskad av \u00f6knamn fr\u00e5n mannen ifr\u00e5ga, n\u00e4r artigheter, v\u00e4nligheter eller mera best\u00e4mda avvisanden inte f\u00e5tt n\u00e5gon verkan. Men som sagt, att n\u00e4rma sig det motsatta k\u00f6net \u00e4r inte l\u00e4tt. Alkohol, ett popul\u00e4rt sm\u00f6rjmedel i de h\u00e4r sammanhangen, kommer med sina biverkningar av sl\u00e4ppta h\u00e4mningar och bortsuddade gr\u00e4nser.<\/p>\n<p>Nog om detta. #Metoo har haft det positiva med sig att jag upplever ett st\u00f6rre engagemang fr\u00e5n bredare folklager \u00e4n det genusindustriella komplexet med hangarounds. Man kunde \u00f6nska att diskussionerna kunde ha fortsatt med mera \u00f6ppna \u00f6gon och attityder och att alltihopa inte genast hade hamnat inom proffsfeministernas dom\u00e4ner. N\u00e4r en s\u00e5dan h\u00e4r kampanj inf\u00f6rlivas i ovan n\u00e4mnda akt\u00f6rernas n\u00e4ringskedjor blir diskussionen inte l\u00e4ngre \u00f6ppen och f\u00f6rdomsfri, d\u00e5 st\u00f6ps den om till att bekr\u00e4fta den radikalfeministiska diskursen och st\u00e4dslas in i ledet f\u00f6r &#8221;kampen&#8221;. I det l\u00e4get drar m\u00e5nga, inklusive undertecknad, \u00f6ronen \u00e5t sig.<\/p>\n<p>Demonstrationerna under hashtagen \u00e4r snart p\u00e5 g\u00e5ng och proffsfeminismen forts\u00e4tter att idissla resterna troligen en l\u00e5ng tid fram\u00f6ver. En del &#8221;profiler&#8221; inom media har f\u00e5tt det hett om \u00f6ronen och kampanjen har tyv\u00e4rr lett till veritabel mobbmentalitet med uth\u00e4ngningar p\u00e5 sina h\u00e5ll.<\/p>\n<p>Till slut ett exempel fr\u00e5n en av #Metoo-demonstrationerna. Initiativtagaren \u00e4r en ung (23 \u00e5r) universitetsstudent (Uppsala), d\u00e4rav maskering:<\/p>\n<p>&nbsp;<\/p>\n<p style=\"text-align: center;\"><a href=\"http:\/\/www.susannavaris.com\/blogg\/2017\/10\/mera-metoo\/metoo-02-pix\/\" rel=\"attachment wp-att-16849\"><img loading=\"lazy\" decoding=\"async\" class=\"aligncenter size-full wp-image-16849\" src=\"http:\/\/www.susannavaris.com\/blogg\/wp-content\/uploads\/2017\/10\/metoo-02-pix.jpg\" alt=\"\" width=\"511\" height=\"489\" srcset=\"http:\/\/www.susannavaris.com\/blogg\/wp-content\/uploads\/2017\/10\/metoo-02-pix.jpg 511w, http:\/\/www.susannavaris.com\/blogg\/wp-content\/uploads\/2017\/10\/metoo-02-pix-300x287.jpg 300w\" sizes=\"auto, (max-width: 511px) 100vw, 511px\" \/><\/a> <a href=\"http:\/\/www.susannavaris.com\/blogg\/2017\/10\/mera-metoo\/metoo-03-pix\/\" rel=\"attachment wp-att-16850\"><img loading=\"lazy\" decoding=\"async\" class=\"aligncenter size-full wp-image-16850\" src=\"http:\/\/www.susannavaris.com\/blogg\/wp-content\/uploads\/2017\/10\/metoo-03-pix.jpg\" alt=\"\" width=\"506\" height=\"435\" srcset=\"http:\/\/www.susannavaris.com\/blogg\/wp-content\/uploads\/2017\/10\/metoo-03-pix.jpg 506w, http:\/\/www.susannavaris.com\/blogg\/wp-content\/uploads\/2017\/10\/metoo-03-pix-300x258.jpg 300w\" sizes=\"auto, (max-width: 506px) 100vw, 506px\" \/><\/a><em>Ja, vad ska man s\u00e4ga..?<\/em><\/p>\n<p>&nbsp;<\/p>\n<p>&nbsp;<\/p>\n<p><span style=\"border-radius: 2px; text-indent: 20px; width: auto; padding: 0px 4px 0px 0px; text-align: center; font: bold 11px\/20px 'Helvetica Neue',Helvetica,sans-serif; color: #ffffff; background: #bd081c  no-repeat scroll 3px 50% \/ 14px 14px; position: absolute; opacity: 1; z-index: 8675309; display: none; cursor: pointer; top: 3346px; left: 87px;\">Spara<\/span><\/p>\n","protected":false},"excerpt":{"rendered":"<p>En sv\u00e5righet med att resonera om sexuella \u00f6vergrepp \u00e4r att upplevelsen av dem i h\u00f6gsta grad \u00e4r subjektiv. Viss sorts handlingar \u00e4r kategoriserade och klassade som brottsliga. En v\u00e5ldt\u00e4kt innefattar juridiskt numera fler handlingar \u00e4n det som traditionellt avs\u00e5gs med &hellip; <a href=\"http:\/\/www.susannavaris.com\/blogg\/2017\/10\/mera-metoo\/\">Forts\u00e4tt l\u00e4sa <span class=\"meta-nav\">&rarr;<\/span><\/a><\/p>\n","protected":false},"author":1,"featured_media":0,"comment_status":"open","ping_status":"open","sticky":false,"template":"","format":"standard","meta":{"footnotes":""},"categories":[5227,181,154,259,3358,1321,1928,589,3787,1,2140],"tags":[5533,5565,5566,5571,5572,5562,4900,5570,4899,5564,5569,1981,2721,5563,5537,5568,5567,2386,2014],"class_list":["post-16845","post","type-post","status-publish","format-standard","hentry","category-dagens-galenskap","category-feminism","category-genus","category-genusvetenskap","category-identitetspolitik","category-jamstalldhet","category-journalistik","category-medier","category-misandri-i-media","category-okategoriserade","category-skolan","tag-metoo","tag-anna-e-nachman","tag-brottsbalken","tag-cis","tag-cisman","tag-demostration","tag-feminism","tag-feministlingo","tag-genus","tag-genusindustrin","tag-genusvetarlingo","tag-kampanj","tag-misandri","tag-relationer","tag-sexuella-overgrepp","tag-sexuellt-tvang","tag-sexuellt-utnyttjande","tag-uppsala","tag-valdtakt"],"_links":{"self":[{"href":"http:\/\/www.susannavaris.com\/blogg\/wp-json\/wp\/v2\/posts\/16845","targetHints":{"allow":["GET"]}}],"collection":[{"href":"http:\/\/www.susannavaris.com\/blogg\/wp-json\/wp\/v2\/posts"}],"about":[{"href":"http:\/\/www.susannavaris.com\/blogg\/wp-json\/wp\/v2\/types\/post"}],"author":[{"embeddable":true,"href":"http:\/\/www.susannavaris.com\/blogg\/wp-json\/wp\/v2\/users\/1"}],"replies":[{"embeddable":true,"href":"http:\/\/www.susannavaris.com\/blogg\/wp-json\/wp\/v2\/comments?post=16845"}],"version-history":[{"count":3,"href":"http:\/\/www.susannavaris.com\/blogg\/wp-json\/wp\/v2\/posts\/16845\/revisions"}],"predecessor-version":[{"id":16852,"href":"http:\/\/www.susannavaris.com\/blogg\/wp-json\/wp\/v2\/posts\/16845\/revisions\/16852"}],"wp:attachment":[{"href":"http:\/\/www.susannavaris.com\/blogg\/wp-json\/wp\/v2\/media?parent=16845"}],"wp:term":[{"taxonomy":"category","embeddable":true,"href":"http:\/\/www.susannavaris.com\/blogg\/wp-json\/wp\/v2\/categories?post=16845"},{"taxonomy":"post_tag","embeddable":true,"href":"http:\/\/www.susannavaris.com\/blogg\/wp-json\/wp\/v2\/tags?post=16845"}],"curies":[{"name":"wp","href":"https:\/\/api.w.org\/{rel}","templated":true}]}}