{"id":16865,"date":"2017-10-21T16:35:26","date_gmt":"2017-10-21T14:35:26","guid":{"rendered":"http:\/\/www.susannavaris.com\/blogg\/?p=16865"},"modified":"2017-10-21T16:35:26","modified_gmt":"2017-10-21T14:35:26","slug":"hm-x-erdem","status":"publish","type":"post","link":"http:\/\/www.susannavaris.com\/blogg\/2017\/10\/hm-x-erdem\/","title":{"rendered":"HM x Erdem"},"content":{"rendered":"<p>Dags s\u00e5 f\u00f6r \u00e5rets designersamarbete hos HM. Det h\u00e4r \u00e5ret f\u00f6ll valet p\u00e5 m\u00e4rket Erdem, skapat av designern Erdem Moralioglu. Inte ett j\u00e4ttek\u00e4nt m\u00e4rke f\u00f6r mig, men kollektionen tycker jag mycket om. \u00c5terst\u00e5r att se om jag kommer att sl\u00e5 till p\u00e5 n\u00e5gonting den h\u00e4r g\u00e5ngen, det kliar nog allt lite i fingrarna&#8230;<\/p>\n<p>&nbsp;<\/p>\n<p style=\"text-align: center;\"><a href=\"http:\/\/www.susannavaris.com\/blogg\/2017\/10\/hm-x-erdem\/erdem-6107-lb-102-pr-1507814442\/\" rel=\"attachment wp-att-16866\"><img loading=\"lazy\" decoding=\"async\" class=\"aligncenter size-full wp-image-16866\" src=\"http:\/\/www.susannavaris.com\/blogg\/wp-content\/uploads\/2017\/10\/erdem-6107-lb-102-pr-1507814442.jpg\" alt=\"\" width=\"480\" height=\"643\" srcset=\"http:\/\/www.susannavaris.com\/blogg\/wp-content\/uploads\/2017\/10\/erdem-6107-lb-102-pr-1507814442.jpg 480w, http:\/\/www.susannavaris.com\/blogg\/wp-content\/uploads\/2017\/10\/erdem-6107-lb-102-pr-1507814442-224x300.jpg 224w\" sizes=\"auto, (max-width: 480px) 100vw, 480px\" \/><\/a> <a href=\"http:\/\/www.susannavaris.com\/blogg\/2017\/10\/hm-x-erdem\/erdem-6107-lb-104-pr-1507814445\/\" rel=\"attachment wp-att-16867\"><img loading=\"lazy\" decoding=\"async\" class=\"aligncenter size-full wp-image-16867\" src=\"http:\/\/www.susannavaris.com\/blogg\/wp-content\/uploads\/2017\/10\/erdem-6107-lb-104-pr-1507814445.jpg\" alt=\"\" width=\"480\" height=\"640\" srcset=\"http:\/\/www.susannavaris.com\/blogg\/wp-content\/uploads\/2017\/10\/erdem-6107-lb-104-pr-1507814445.jpg 480w, http:\/\/www.susannavaris.com\/blogg\/wp-content\/uploads\/2017\/10\/erdem-6107-lb-104-pr-1507814445-225x300.jpg 225w\" sizes=\"auto, (max-width: 480px) 100vw, 480px\" \/><\/a> <a href=\"http:\/\/www.susannavaris.com\/blogg\/2017\/10\/hm-x-erdem\/erdem-6107-lb-108-pr-1507814445\/\" rel=\"attachment wp-att-16868\"><img loading=\"lazy\" decoding=\"async\" class=\"aligncenter size-full wp-image-16868\" src=\"http:\/\/www.susannavaris.com\/blogg\/wp-content\/uploads\/2017\/10\/erdem-6107-lb-108-pr-1507814445.jpg\" alt=\"\" width=\"480\" height=\"640\" srcset=\"http:\/\/www.susannavaris.com\/blogg\/wp-content\/uploads\/2017\/10\/erdem-6107-lb-108-pr-1507814445.jpg 480w, http:\/\/www.susannavaris.com\/blogg\/wp-content\/uploads\/2017\/10\/erdem-6107-lb-108-pr-1507814445-225x300.jpg 225w\" sizes=\"auto, (max-width: 480px) 100vw, 480px\" \/><\/a> <a href=\"http:\/\/www.susannavaris.com\/blogg\/2017\/10\/hm-x-erdem\/erdem-6107-lb-112-pr-1507814447\/\" rel=\"attachment wp-att-16869\"><img loading=\"lazy\" decoding=\"async\" class=\"aligncenter size-full wp-image-16869\" src=\"http:\/\/www.susannavaris.com\/blogg\/wp-content\/uploads\/2017\/10\/erdem-6107-lb-112-pr-1507814447.jpg\" alt=\"\" width=\"480\" height=\"640\" srcset=\"http:\/\/www.susannavaris.com\/blogg\/wp-content\/uploads\/2017\/10\/erdem-6107-lb-112-pr-1507814447.jpg 480w, http:\/\/www.susannavaris.com\/blogg\/wp-content\/uploads\/2017\/10\/erdem-6107-lb-112-pr-1507814447-225x300.jpg 225w\" sizes=\"auto, (max-width: 480px) 100vw, 480px\" \/><\/a> <a href=\"http:\/\/www.susannavaris.com\/blogg\/2017\/10\/hm-x-erdem\/erdem-6107-lb-201-pr-1507814502\/\" rel=\"attachment wp-att-16870\"><img loading=\"lazy\" decoding=\"async\" class=\"aligncenter size-full wp-image-16870\" src=\"http:\/\/www.susannavaris.com\/blogg\/wp-content\/uploads\/2017\/10\/erdem-6107-lb-201-pr-1507814502.jpg\" alt=\"\" width=\"480\" height=\"639\" srcset=\"http:\/\/www.susannavaris.com\/blogg\/wp-content\/uploads\/2017\/10\/erdem-6107-lb-201-pr-1507814502.jpg 480w, http:\/\/www.susannavaris.com\/blogg\/wp-content\/uploads\/2017\/10\/erdem-6107-lb-201-pr-1507814502-225x300.jpg 225w\" sizes=\"auto, (max-width: 480px) 100vw, 480px\" \/><\/a> <em>Foton: HM<\/em><\/p>\n<p>&nbsp;<\/p>\n<p>Kollektionen sl\u00e4pps 2. november p\u00e5 n\u00e4tet och i utvalda butiker. Alla plaggen kan ses h\u00e4r: <a href=\"http:\/\/www.damernasvarld.se\/erdem-x-hm-nu-har-bilderna-pa-arets-designsamarbete-kommit\/\">Damernas V\u00e4rld<\/a><\/p>\n","protected":false},"excerpt":{"rendered":"<p>Dags s\u00e5 f\u00f6r \u00e5rets designersamarbete hos HM. Det h\u00e4r \u00e5ret f\u00f6ll valet p\u00e5 m\u00e4rket Erdem, skapat av designern Erdem Moralioglu. Inte ett j\u00e4ttek\u00e4nt m\u00e4rke f\u00f6r mig, men kollektionen tycker jag mycket om. \u00c5terst\u00e5r att se om jag kommer att sl\u00e5 &hellip; <a href=\"http:\/\/www.susannavaris.com\/blogg\/2017\/10\/hm-x-erdem\/\">Forts\u00e4tt l\u00e4sa <span class=\"meta-nav\">&rarr;<\/span><\/a><\/p>\n","protected":false},"author":1,"featured_media":0,"comment_status":"open","ping_status":"open","sticky":false,"template":"","format":"standard","meta":{"footnotes":""},"categories":[361,1162,14],"tags":[5585,1449,5584,5587,870,808,5586,4277,19,5588],"class_list":["post-16865","post","type-post","status-publish","format-standard","hentry","category-goth","category-kultur","category-mode","tag-designer","tag-designersamarbete","tag-erdem","tag-erdem-moralioglu","tag-fashion","tag-hm","tag-kladkollektion","tag-kollektion","tag-mode-2","tag-samarbete"],"_links":{"self":[{"href":"http:\/\/www.susannavaris.com\/blogg\/wp-json\/wp\/v2\/posts\/16865","targetHints":{"allow":["GET"]}}],"collection":[{"href":"http:\/\/www.susannavaris.com\/blogg\/wp-json\/wp\/v2\/posts"}],"about":[{"href":"http:\/\/www.susannavaris.com\/blogg\/wp-json\/wp\/v2\/types\/post"}],"author":[{"embeddable":true,"href":"http:\/\/www.susannavaris.com\/blogg\/wp-json\/wp\/v2\/users\/1"}],"replies":[{"embeddable":true,"href":"http:\/\/www.susannavaris.com\/blogg\/wp-json\/wp\/v2\/comments?post=16865"}],"version-history":[{"count":2,"href":"http:\/\/www.susannavaris.com\/blogg\/wp-json\/wp\/v2\/posts\/16865\/revisions"}],"predecessor-version":[{"id":16873,"href":"http:\/\/www.susannavaris.com\/blogg\/wp-json\/wp\/v2\/posts\/16865\/revisions\/16873"}],"wp:attachment":[{"href":"http:\/\/www.susannavaris.com\/blogg\/wp-json\/wp\/v2\/media?parent=16865"}],"wp:term":[{"taxonomy":"category","embeddable":true,"href":"http:\/\/www.susannavaris.com\/blogg\/wp-json\/wp\/v2\/categories?post=16865"},{"taxonomy":"post_tag","embeddable":true,"href":"http:\/\/www.susannavaris.com\/blogg\/wp-json\/wp\/v2\/tags?post=16865"}],"curies":[{"name":"wp","href":"https:\/\/api.w.org\/{rel}","templated":true}]}}