{"id":16895,"date":"2017-10-23T14:57:20","date_gmt":"2017-10-23T12:57:20","guid":{"rendered":"http:\/\/www.susannavaris.com\/blogg\/?p=16895"},"modified":"2017-10-23T14:58:34","modified_gmt":"2017-10-23T12:58:34","slug":"i-aktivismarkeologins-anda","status":"publish","type":"post","link":"http:\/\/www.susannavaris.com\/blogg\/2017\/10\/i-aktivismarkeologins-anda\/","title":{"rendered":"I aktivismarkeologins anda"},"content":{"rendered":"<p>Jag kan idag, h\u00e4r p\u00e5 bloggen presentera h\u00e4pnadsv\u00e4ckande bevis f\u00f6r att grundtillst\u00e5ndet f\u00f6r majoriteten av v\u00e4rldens folk egentligen \u00e4r nazism. Allt och alla \u00e4r nazism. (se f\u00f6reg\u00e5ende inl\u00e4gg).<\/p>\n<p>&nbsp;<\/p>\n<p style=\"text-align: center;\"><a href=\"http:\/\/www.susannavaris.com\/blogg\/2017\/10\/i-aktivismarkeologins-anda\/naz-suzhou-buddha1\/\" rel=\"attachment wp-att-16896\"><img loading=\"lazy\" decoding=\"async\" class=\"aligncenter size-full wp-image-16896\" src=\"http:\/\/www.susannavaris.com\/blogg\/wp-content\/uploads\/2017\/10\/naz-Suzhou-Buddha1.jpg\" alt=\"\" width=\"800\" height=\"1067\" srcset=\"http:\/\/www.susannavaris.com\/blogg\/wp-content\/uploads\/2017\/10\/naz-Suzhou-Buddha1.jpg 800w, http:\/\/www.susannavaris.com\/blogg\/wp-content\/uploads\/2017\/10\/naz-Suzhou-Buddha1-225x300.jpg 225w, http:\/\/www.susannavaris.com\/blogg\/wp-content\/uploads\/2017\/10\/naz-Suzhou-Buddha1-768x1024.jpg 768w\" sizes=\"auto, (max-width: 800px) 100vw, 800px\" \/><\/a><em><span class=\"mw-mmv-title\"><strong>Moturs vriden svastika under buddhistisk staty i Fengqiao garden i Suzhou, Kina<\/strong>. <\/span>Av Jonas Ericsson &#8211; Originalbild, CC BY 3.0, https:\/\/commons.wikimedia.org\/w\/index.php?curid=3828876<br \/>\n<\/em><\/p>\n<p>&nbsp;<\/p>\n<p style=\"text-align: center;\"><a href=\"http:\/\/www.susannavaris.com\/blogg\/2017\/10\/i-aktivismarkeologins-anda\/naz-romswastika\/\" rel=\"attachment wp-att-16897\"><img loading=\"lazy\" decoding=\"async\" class=\"aligncenter size-full wp-image-16897\" src=\"http:\/\/www.susannavaris.com\/blogg\/wp-content\/uploads\/2017\/10\/naz-Romswastika.jpg\" alt=\"\" width=\"1920\" height=\"1440\" srcset=\"http:\/\/www.susannavaris.com\/blogg\/wp-content\/uploads\/2017\/10\/naz-Romswastika.jpg 1920w, http:\/\/www.susannavaris.com\/blogg\/wp-content\/uploads\/2017\/10\/naz-Romswastika-300x225.jpg 300w, http:\/\/www.susannavaris.com\/blogg\/wp-content\/uploads\/2017\/10\/naz-Romswastika-768x576.jpg 768w, http:\/\/www.susannavaris.com\/blogg\/wp-content\/uploads\/2017\/10\/naz-Romswastika-1024x768.jpg 1024w\" sizes=\"auto, (max-width: 1920px) 100vw, 1920px\" \/><\/a><em><span class=\"mw-mmv-title\"><strong>Moturs svastika fr\u00e5n 100-talet e.Kr. i Sousse i Tunisien<\/strong>. K\u00e4lla: https:\/\/sv.wikipedia.org\/wiki\/Svastika#\/media\/File:Romswastika.jpg <\/span><\/em><\/p>\n<p>&nbsp;<\/p>\n<p style=\"text-align: center;\"><a href=\"http:\/\/www.susannavaris.com\/blogg\/2017\/10\/i-aktivismarkeologins-anda\/naz-tupphalskla\/\" rel=\"attachment wp-att-16898\"><img loading=\"lazy\" decoding=\"async\" class=\"aligncenter size-full wp-image-16898\" src=\"http:\/\/www.susannavaris.com\/blogg\/wp-content\/uploads\/2017\/10\/naz-Tupphalskl\u00e4.jpg\" alt=\"\" width=\"1024\" height=\"1069\" srcset=\"http:\/\/www.susannavaris.com\/blogg\/wp-content\/uploads\/2017\/10\/naz-Tupphalskl\u00e4.jpg 1024w, http:\/\/www.susannavaris.com\/blogg\/wp-content\/uploads\/2017\/10\/naz-Tupphalskl\u00e4-287x300.jpg 287w, http:\/\/www.susannavaris.com\/blogg\/wp-content\/uploads\/2017\/10\/naz-Tupphalskl\u00e4-768x802.jpg 768w, http:\/\/www.susannavaris.com\/blogg\/wp-content\/uploads\/2017\/10\/naz-Tupphalskl\u00e4-981x1024.jpg 981w\" sizes=\"auto, (max-width: 1024px) 100vw, 1024px\" \/><\/a><em><span class=\"mw-mmv-title\"><strong>En medurs och en moturs vriden svastika p\u00e5 &#8221;Tupphalskl\u00e4&#8221; fr\u00e5n Leksands socken, daterat 1874<\/strong>. Av FBQ &#8211; Eget arbete, CC BY-SA 3.0, https:\/\/commons.wikimedia.org\/w\/index.php?curid=15676092<\/span><\/em><\/p>\n<p>&nbsp;<\/p>\n<p style=\"text-align: center;\"><a href=\"http:\/\/www.susannavaris.com\/blogg\/2017\/10\/i-aktivismarkeologins-anda\/naz-tillyatepesheath2\/\" rel=\"attachment wp-att-16899\"><img loading=\"lazy\" decoding=\"async\" class=\"aligncenter size-full wp-image-16899\" src=\"http:\/\/www.susannavaris.com\/blogg\/wp-content\/uploads\/2017\/10\/naz-TillyaTepeSheath2.jpg\" alt=\"\" width=\"1920\" height=\"716\" srcset=\"http:\/\/www.susannavaris.com\/blogg\/wp-content\/uploads\/2017\/10\/naz-TillyaTepeSheath2.jpg 1920w, http:\/\/www.susannavaris.com\/blogg\/wp-content\/uploads\/2017\/10\/naz-TillyaTepeSheath2-300x112.jpg 300w, http:\/\/www.susannavaris.com\/blogg\/wp-content\/uploads\/2017\/10\/naz-TillyaTepeSheath2-768x286.jpg 768w, http:\/\/www.susannavaris.com\/blogg\/wp-content\/uploads\/2017\/10\/naz-TillyaTepeSheath2-1024x382.jpg 1024w\" sizes=\"auto, (max-width: 1920px) 100vw, 1920px\" \/><\/a><em><span class=\"mw-mmv-title\"><strong>Knivslida funnen i Tillya Tepe i Afghanistan<\/strong>. Sheath for three knives, Tillya Tepe, Tomb IV, Second quarter of the 1st century A.D., Bronze, gold, turquoise (within the sheath is the iron blade of a dagger with a worked ivory handle), National Museum of Afghanistan, Personal photograph 2011, British Museum.<\/span><\/em><\/p>\n<p>&nbsp;<\/p>\n<p style=\"text-align: center;\"><a href=\"http:\/\/www.susannavaris.com\/blogg\/2017\/10\/i-aktivismarkeologins-anda\/naz-swastika_iran\/\" rel=\"attachment wp-att-16900\"><img loading=\"lazy\" decoding=\"async\" class=\"aligncenter size-full wp-image-16900\" src=\"http:\/\/www.susannavaris.com\/blogg\/wp-content\/uploads\/2017\/10\/naz-Swastika_iran.jpg\" alt=\"\" width=\"344\" height=\"312\" srcset=\"http:\/\/www.susannavaris.com\/blogg\/wp-content\/uploads\/2017\/10\/naz-Swastika_iran.jpg 344w, http:\/\/www.susannavaris.com\/blogg\/wp-content\/uploads\/2017\/10\/naz-Swastika_iran-300x272.jpg 300w\" sizes=\"auto, (max-width: 344px) 100vw, 344px\" \/><\/a><em><strong><span class=\"mw-mmv-title\">A 3,200 year old swastika necklace excavated from Marlik, Gilan province, northern Iran. <\/span><\/strong><\/em><span class=\"mw-mmv-title\"><em>An unsubstantiated image caption found at<\/em> en:Swastika was &#8221;A 3000 years old Iranian golden swastika necklace from Marlik site, Rasht Province of Iran. Preserved at the National Museum of Iran&#8221; The identity of this artefact (date, location, museum catalogue nr.) still needs to be established.<\/span><\/p>\n<p>&nbsp;<\/p>\n<p style=\"text-align: center;\"><a href=\"http:\/\/www.susannavaris.com\/blogg\/2017\/10\/i-aktivismarkeologins-anda\/naz-1920px-ancient_roman_mosaics_villa_romana_la_olmeda_007_pedrosa_de_la_vega_-_saldana_palencia\/\" rel=\"attachment wp-att-16901\"><img loading=\"lazy\" decoding=\"async\" class=\"aligncenter size-full wp-image-16901\" src=\"http:\/\/www.susannavaris.com\/blogg\/wp-content\/uploads\/2017\/10\/naz-1920px-Ancient_Roman_Mosaics_Villa_Romana_La_Olmeda_007_Pedrosa_De_La_Vega_-_Salda\u00f1a_Palencia.jpg\" alt=\"\" width=\"1920\" height=\"1285\" srcset=\"http:\/\/www.susannavaris.com\/blogg\/wp-content\/uploads\/2017\/10\/naz-1920px-Ancient_Roman_Mosaics_Villa_Romana_La_Olmeda_007_Pedrosa_De_La_Vega_-_Salda\u00f1a_Palencia.jpg 1920w, http:\/\/www.susannavaris.com\/blogg\/wp-content\/uploads\/2017\/10\/naz-1920px-Ancient_Roman_Mosaics_Villa_Romana_La_Olmeda_007_Pedrosa_De_La_Vega_-_Salda\u00f1a_Palencia-300x201.jpg 300w, http:\/\/www.susannavaris.com\/blogg\/wp-content\/uploads\/2017\/10\/naz-1920px-Ancient_Roman_Mosaics_Villa_Romana_La_Olmeda_007_Pedrosa_De_La_Vega_-_Salda\u00f1a_Palencia-768x514.jpg 768w, http:\/\/www.susannavaris.com\/blogg\/wp-content\/uploads\/2017\/10\/naz-1920px-Ancient_Roman_Mosaics_Villa_Romana_La_Olmeda_007_Pedrosa_De_La_Vega_-_Salda\u00f1a_Palencia-1024x685.jpg 1024w\" sizes=\"auto, (max-width: 1920px) 100vw, 1920px\" \/><\/a><strong><span class=\"mw-mmv-title\"><em>Ancient Roman mosaics of La Olmeda, Spain.<\/em><\/span><\/strong><span class=\"mw-mmv-title\"><em> K\u00e4lla: <\/em><\/span><em><span class=\"mw-mmv-title\">https:\/\/en.wikipedia.org\/wiki\/Swastika#\/media\/File:Ancient_Roman_Mosaics_Villa_Romana_La_Olmeda_007_Pedrosa_De_La_Vega_-_Salda%C3%B1a_(Palencia).JPG<\/span><\/em><\/p>\n<p>&nbsp;<\/p>\n<p style=\"text-align: center;\"><a href=\"http:\/\/www.susannavaris.com\/blogg\/2017\/10\/i-aktivismarkeologins-anda\/naz-1280px-shaveyzion1\/\" rel=\"attachment wp-att-16902\"><img loading=\"lazy\" decoding=\"async\" class=\"aligncenter size-full wp-image-16902\" src=\"http:\/\/www.susannavaris.com\/blogg\/wp-content\/uploads\/2017\/10\/naz-1280px-ShaveyZion1.jpg\" alt=\"\" width=\"1280\" height=\"1169\" srcset=\"http:\/\/www.susannavaris.com\/blogg\/wp-content\/uploads\/2017\/10\/naz-1280px-ShaveyZion1.jpg 1280w, http:\/\/www.susannavaris.com\/blogg\/wp-content\/uploads\/2017\/10\/naz-1280px-ShaveyZion1-300x274.jpg 300w, http:\/\/www.susannavaris.com\/blogg\/wp-content\/uploads\/2017\/10\/naz-1280px-ShaveyZion1-768x701.jpg 768w, http:\/\/www.susannavaris.com\/blogg\/wp-content\/uploads\/2017\/10\/naz-1280px-ShaveyZion1-1024x935.jpg 1024w\" sizes=\"auto, (max-width: 1280px) 100vw, 1280px\" \/><\/a><strong><em><span class=\"mw-mmv-title\">Mosaic swastika in excavated Byzantine (?) church in Shavei Tzion (Israel). <\/span><\/em><\/strong><em><span class=\"mw-mmv-title\">K\u00e4lla: https:\/\/en.wikipedia.org\/wiki\/Swastika#\/media\/File:ShaveyZion1.jpg<\/span><\/em><\/p>\n<p>&nbsp;<\/p>\n<p style=\"text-align: center;\"><a href=\"http:\/\/www.susannavaris.com\/blogg\/2017\/10\/i-aktivismarkeologins-anda\/naz-a_hindu_swastika_at_goa_lawah_temple_bali_indonesia\/\" rel=\"attachment wp-att-16903\"><img loading=\"lazy\" decoding=\"async\" class=\"aligncenter size-full wp-image-16903\" src=\"http:\/\/www.susannavaris.com\/blogg\/wp-content\/uploads\/2017\/10\/naz-A_Hindu_Swastika_at_Goa_Lawah_Temple_Bali_Indonesia.jpg\" alt=\"\" width=\"1920\" height=\"1275\" srcset=\"http:\/\/www.susannavaris.com\/blogg\/wp-content\/uploads\/2017\/10\/naz-A_Hindu_Swastika_at_Goa_Lawah_Temple_Bali_Indonesia.jpg 1920w, http:\/\/www.susannavaris.com\/blogg\/wp-content\/uploads\/2017\/10\/naz-A_Hindu_Swastika_at_Goa_Lawah_Temple_Bali_Indonesia-300x199.jpg 300w, http:\/\/www.susannavaris.com\/blogg\/wp-content\/uploads\/2017\/10\/naz-A_Hindu_Swastika_at_Goa_Lawah_Temple_Bali_Indonesia-768x510.jpg 768w, http:\/\/www.susannavaris.com\/blogg\/wp-content\/uploads\/2017\/10\/naz-A_Hindu_Swastika_at_Goa_Lawah_Temple_Bali_Indonesia-1024x680.jpg 1024w\" sizes=\"auto, (max-width: 1920px) 100vw, 1920px\" \/><\/a><em><strong><span class=\"mw-mmv-title\">A swastika is typical in Hindu temples. Left: Goa Lawah Hindu temple entrance in Bali Indonesia; Right: A Hindu temple in Rajasthan, India. <\/span><\/strong><\/em><a href=\"https:\/\/en.wikipedia.org\/wiki\/Swastika#\/media\/File:A_Hindu_Swastika_at_Goa_Lawah_Temple_Bali_Indonesia.jpg\"><em><span class=\"mw-mmv-title\">K\u00e4lla\u00a0<\/span><\/em> <\/a><\/p>\n<p style=\"text-align: center;\"><a href=\"http:\/\/www.susannavaris.com\/blogg\/2017\/10\/i-aktivismarkeologins-anda\/naz-buddha-footprint\/\" rel=\"attachment wp-att-16904\"><img loading=\"lazy\" decoding=\"async\" class=\"aligncenter size-full wp-image-16904\" src=\"http:\/\/www.susannavaris.com\/blogg\/wp-content\/uploads\/2017\/10\/naz-Buddha-Footprint.jpeg\" alt=\"\" width=\"459\" height=\"800\" srcset=\"http:\/\/www.susannavaris.com\/blogg\/wp-content\/uploads\/2017\/10\/naz-Buddha-Footprint.jpeg 459w, http:\/\/www.susannavaris.com\/blogg\/wp-content\/uploads\/2017\/10\/naz-Buddha-Footprint-172x300.jpeg 172w\" sizes=\"auto, (max-width: 459px) 100vw, 459px\" \/><\/a><em><span class=\"mw-mmv-title\"><strong>Buddha&#8217;s footprint, 1st-century Gandhara (below toe).\u00a0<\/strong><a href=\"https:\/\/en.wikipedia.org\/wiki\/Swastika#\/media\/File:Buddha-Footprint.jpeg\">K\u00e4lla\u00a0<\/a> <\/span><\/em><\/p>\n<p style=\"text-align: center;\"><a href=\"http:\/\/www.susannavaris.com\/blogg\/2017\/10\/i-aktivismarkeologins-anda\/naz-swastika-01\/\" rel=\"attachment wp-att-16905\"><img loading=\"lazy\" decoding=\"async\" class=\"aligncenter size-full wp-image-16905\" src=\"http:\/\/www.susannavaris.com\/blogg\/wp-content\/uploads\/2017\/10\/naz-Swastika-01.jpg\" alt=\"\" width=\"354\" height=\"443\" srcset=\"http:\/\/www.susannavaris.com\/blogg\/wp-content\/uploads\/2017\/10\/naz-Swastika-01.jpg 354w, http:\/\/www.susannavaris.com\/blogg\/wp-content\/uploads\/2017\/10\/naz-Swastika-01-240x300.jpg 240w\" sizes=\"auto, (max-width: 354px) 100vw, 354px\" \/><\/a><em><strong>Buddhist swastika in a bronze piece at the Sens\u014d-ji in Asakusa, T\u014dky\u014d, Japan. <\/strong><a href=\"https:\/\/en.wikipedia.org\/wiki\/Swastika#\/media\/File:Swastika.jpg\">K\u00e4lla<\/a><\/em><\/p>\n<p>&nbsp;<\/p>\n<p style=\"text-align: center;\"><a href=\"http:\/\/www.susannavaris.com\/blogg\/2017\/10\/i-aktivismarkeologins-anda\/naz-1280px-etruscan_pendant_with_swastika_symbols_bolsena_italy_700_bce_to_650_bce\/\" rel=\"attachment wp-att-16906\"><img loading=\"lazy\" decoding=\"async\" class=\"aligncenter size-full wp-image-16906\" src=\"http:\/\/www.susannavaris.com\/blogg\/wp-content\/uploads\/2017\/10\/naz-1280px-Etruscan_pendant_with_swastika_symbols_Bolsena_Italy_700_BCE_to_650_BCE.jpg\" alt=\"\" width=\"1280\" height=\"1165\" srcset=\"http:\/\/www.susannavaris.com\/blogg\/wp-content\/uploads\/2017\/10\/naz-1280px-Etruscan_pendant_with_swastika_symbols_Bolsena_Italy_700_BCE_to_650_BCE.jpg 1280w, http:\/\/www.susannavaris.com\/blogg\/wp-content\/uploads\/2017\/10\/naz-1280px-Etruscan_pendant_with_swastika_symbols_Bolsena_Italy_700_BCE_to_650_BCE-300x273.jpg 300w, http:\/\/www.susannavaris.com\/blogg\/wp-content\/uploads\/2017\/10\/naz-1280px-Etruscan_pendant_with_swastika_symbols_Bolsena_Italy_700_BCE_to_650_BCE-768x699.jpg 768w, http:\/\/www.susannavaris.com\/blogg\/wp-content\/uploads\/2017\/10\/naz-1280px-Etruscan_pendant_with_swastika_symbols_Bolsena_Italy_700_BCE_to_650_BCE-1024x932.jpg 1024w\" sizes=\"auto, (max-width: 1280px) 100vw, 1280px\" \/><\/a><span class=\"mw-mmv-title\"><em><strong>Etruscan pendant with swastika symbols, Bolsena, Italy, 700\u2013650\u00a0BCE, Louvre Museum. <\/strong><a href=\"https:\/\/en.wikipedia.org\/wiki\/Swastika#\/media\/File:Etruscan_pendant_with_swastika_symbols_Bolsena_Italy_700_BCE_to_650_BCE.jpg\">K\u00e4lla <\/a><\/em><\/span><\/p>\n<p>&nbsp;<\/p>\n<p style=\"text-align: center;\"><a href=\"http:\/\/www.susannavaris.com\/blogg\/2017\/10\/i-aktivismarkeologins-anda\/naz-800px-swastika_symbol_in_ancient_greek_doll\/\" rel=\"attachment wp-att-16907\"><img loading=\"lazy\" decoding=\"async\" class=\"aligncenter size-full wp-image-16907\" src=\"http:\/\/www.susannavaris.com\/blogg\/wp-content\/uploads\/2017\/10\/naz-800px-Swastika_symbol_in_ancient_greek_doll.jpg\" alt=\"\" width=\"800\" height=\"1420\" srcset=\"http:\/\/www.susannavaris.com\/blogg\/wp-content\/uploads\/2017\/10\/naz-800px-Swastika_symbol_in_ancient_greek_doll.jpg 800w, http:\/\/www.susannavaris.com\/blogg\/wp-content\/uploads\/2017\/10\/naz-800px-Swastika_symbol_in_ancient_greek_doll-169x300.jpg 169w, http:\/\/www.susannavaris.com\/blogg\/wp-content\/uploads\/2017\/10\/naz-800px-Swastika_symbol_in_ancient_greek_doll-768x1363.jpg 768w, http:\/\/www.susannavaris.com\/blogg\/wp-content\/uploads\/2017\/10\/naz-800px-Swastika_symbol_in_ancient_greek_doll-577x1024.jpg 577w\" sizes=\"auto, (max-width: 800px) 100vw, 800px\" \/><\/a><em><strong><span class=\"mw-mmv-title\">Bronze Age Mycenaean &#8221;doll&#8221; with human, solar and tetragammadion (swastika) symbols, Louvre Museum. <\/span><\/strong><a href=\"https:\/\/en.wikipedia.org\/wiki\/Swastika#\/media\/File:Swastika_symbol_in_ancient_greek_doll.JPG\"><span class=\"mw-mmv-title\">K\u00e4lla<\/span><\/a><\/em><\/p>\n<p>&nbsp;<\/p>\n<p style=\"text-align: center;\"><a href=\"http:\/\/www.susannavaris.com\/blogg\/2017\/10\/i-aktivismarkeologins-anda\/naz-brooklyn_museum_74-218-25_weight\/\" rel=\"attachment wp-att-16908\"><img loading=\"lazy\" decoding=\"async\" class=\"aligncenter size-full wp-image-16908\" src=\"http:\/\/www.susannavaris.com\/blogg\/wp-content\/uploads\/2017\/10\/naz-Brooklyn_Museum_74.218.25_Weight.jpg\" alt=\"\" width=\"1536\" height=\"1066\" srcset=\"http:\/\/www.susannavaris.com\/blogg\/wp-content\/uploads\/2017\/10\/naz-Brooklyn_Museum_74.218.25_Weight.jpg 1536w, http:\/\/www.susannavaris.com\/blogg\/wp-content\/uploads\/2017\/10\/naz-Brooklyn_Museum_74.218.25_Weight-300x208.jpg 300w, http:\/\/www.susannavaris.com\/blogg\/wp-content\/uploads\/2017\/10\/naz-Brooklyn_Museum_74.218.25_Weight-768x533.jpg 768w, http:\/\/www.susannavaris.com\/blogg\/wp-content\/uploads\/2017\/10\/naz-Brooklyn_Museum_74.218.25_Weight-1024x711.jpg 1024w\" sizes=\"auto, (max-width: 1536px) 100vw, 1536px\" \/><\/a><em><strong><span class=\"mw-mmv-title\">Ashanti weight in Africa (left) and carved fretwork forming a swastika in the window of a Lalibela rock-hewn church in Ethiopia. <\/span><\/strong><span class=\"mw-mmv-title\">K\u00e4lla: By Brooklyn Museum, CC BY 3.0, https:\/\/commons.wikimedia.org\/w\/index.php?curid=22478679<\/span><\/em><\/p>\n<p>&nbsp;<\/p>\n<p style=\"text-align: center;\"><a href=\"http:\/\/www.susannavaris.com\/blogg\/2017\/10\/i-aktivismarkeologins-anda\/naz-native_american_basketball_team_crop\/\" rel=\"attachment wp-att-16909\"><img loading=\"lazy\" decoding=\"async\" class=\"aligncenter size-full wp-image-16909\" src=\"http:\/\/www.susannavaris.com\/blogg\/wp-content\/uploads\/2017\/10\/naz-Native_American_basketball_team_crop.jpg\" alt=\"\" width=\"440\" height=\"495\" srcset=\"http:\/\/www.susannavaris.com\/blogg\/wp-content\/uploads\/2017\/10\/naz-Native_American_basketball_team_crop.jpg 440w, http:\/\/www.susannavaris.com\/blogg\/wp-content\/uploads\/2017\/10\/naz-Native_American_basketball_team_crop-267x300.jpg 267w\" sizes=\"auto, (max-width: 440px) 100vw, 440px\" \/><\/a><em><strong>Chilocco Indian Agricultural School Basketball team on Home 1 Steps, 1909. This photograph is part of a series of glass plate negatives used by the Chilocco Indian School print shop in publishing the Indian School Journal. <\/strong><a href=\"https:\/\/en.wikipedia.org\/wiki\/Swastika#\/media\/File:Native_American_basketball_team_crop.jpg\">K\u00e4lla <\/a><\/em><\/p>\n<p>&nbsp;<\/p>\n<p>Jag f\u00f6rv\u00e4ntar mig inget annat \u00e4n att de h\u00e4r fynden genast tas tillvara av representanter av den kreativt postmoderna arkeologin i Sverige, det \u00e4r ju inte mindre \u00e4n en sensation vi har till hands h\u00e4r! Majoriteten av jordens befolkning delar ju tydligt och klart v\u00e4rdegrund: nazismen! H\u00e4r talar vi motorv\u00e4gar in i integration och jobb nu n\u00e4r det gemensamma kulturarvet \u00e4r konstaterat!<\/p>\n<p>[Sic!][Sic!][Sic!]<\/p>\n<p><span style=\"border-radius: 2px; text-indent: 20px; width: auto; padding: 0px 4px 0px 0px; text-align: center; font: bold 11px\/20px 'Helvetica Neue',Helvetica,sans-serif; color: #ffffff; background: #bd081c no-repeat scroll 3px 50% \/ 14px 14px; position: absolute; opacity: 1; z-index: 8675309; display: none; cursor: pointer;\">Spara<\/span><\/p>\n<p><span style=\"border-radius: 2px; text-indent: 20px; width: auto; padding: 0px 4px 0px 0px; text-align: center; font: bold 11px\/20px 'Helvetica Neue',Helvetica,sans-serif; color: #ffffff; background: #bd081c  no-repeat scroll 3px 50% \/ 14px 14px; position: absolute; opacity: 1; z-index: 8675309; display: none; cursor: pointer;\">Spara<\/span><\/p>\n","protected":false},"excerpt":{"rendered":"<p>Jag kan idag, h\u00e4r p\u00e5 bloggen presentera h\u00e4pnadsv\u00e4ckande bevis f\u00f6r att grundtillst\u00e5ndet f\u00f6r majoriteten av v\u00e4rldens folk egentligen \u00e4r nazism. Allt och alla \u00e4r nazism. (se f\u00f6reg\u00e5ende inl\u00e4gg). &nbsp; Moturs vriden svastika under buddhistisk staty i Fengqiao garden i Suzhou, &hellip; <a href=\"http:\/\/www.susannavaris.com\/blogg\/2017\/10\/i-aktivismarkeologins-anda\/\">Forts\u00e4tt l\u00e4sa <span class=\"meta-nav\">&rarr;<\/span><\/a><\/p>\n","protected":false},"author":1,"featured_media":0,"comment_status":"open","ping_status":"open","sticky":false,"template":"","format":"standard","meta":{"footnotes":""},"categories":[259,674,3358,4515,1928,1162,589,590,403,303],"tags":[5618,5617,5429,4927,5616,3978,4910,2930,4906,5615,435,4302,5598],"class_list":["post-16895","post","type-post","status-publish","format-standard","hentry","category-genusvetenskap","category-historia","category-identitetspolitik","category-invandring-och-integration","category-journalistik","category-kultur","category-medier","category-politik","category-pseudovetenskap","category-religion","tag-aktivism","tag-aktivismarkeologi","tag-arkeologi","tag-identitetspolitik","tag-kulturarv","tag-nazism","tag-politik","tag-postmodernism","tag-pseudovetenskap","tag-swastika","tag-uppsala-universitet","tag-vardegrund","tag-viking-couture"],"_links":{"self":[{"href":"http:\/\/www.susannavaris.com\/blogg\/wp-json\/wp\/v2\/posts\/16895","targetHints":{"allow":["GET"]}}],"collection":[{"href":"http:\/\/www.susannavaris.com\/blogg\/wp-json\/wp\/v2\/posts"}],"about":[{"href":"http:\/\/www.susannavaris.com\/blogg\/wp-json\/wp\/v2\/types\/post"}],"author":[{"embeddable":true,"href":"http:\/\/www.susannavaris.com\/blogg\/wp-json\/wp\/v2\/users\/1"}],"replies":[{"embeddable":true,"href":"http:\/\/www.susannavaris.com\/blogg\/wp-json\/wp\/v2\/comments?post=16895"}],"version-history":[{"count":4,"href":"http:\/\/www.susannavaris.com\/blogg\/wp-json\/wp\/v2\/posts\/16895\/revisions"}],"predecessor-version":[{"id":16913,"href":"http:\/\/www.susannavaris.com\/blogg\/wp-json\/wp\/v2\/posts\/16895\/revisions\/16913"}],"wp:attachment":[{"href":"http:\/\/www.susannavaris.com\/blogg\/wp-json\/wp\/v2\/media?parent=16895"}],"wp:term":[{"taxonomy":"category","embeddable":true,"href":"http:\/\/www.susannavaris.com\/blogg\/wp-json\/wp\/v2\/categories?post=16895"},{"taxonomy":"post_tag","embeddable":true,"href":"http:\/\/www.susannavaris.com\/blogg\/wp-json\/wp\/v2\/tags?post=16895"}],"curies":[{"name":"wp","href":"https:\/\/api.w.org\/{rel}","templated":true}]}}