{"id":17006,"date":"2017-11-20T21:49:12","date_gmt":"2017-11-20T20:49:12","guid":{"rendered":"http:\/\/www.susannavaris.com\/blogg\/?p=17006"},"modified":"2017-11-20T21:49:13","modified_gmt":"2017-11-20T20:49:13","slug":"ann-heberlein-show","status":"publish","type":"post","link":"http:\/\/www.susannavaris.com\/blogg\/2017\/11\/ann-heberlein-show\/","title":{"rendered":"Ann Heberlein Show"},"content":{"rendered":"<p style=\"text-align: center;\"><a href=\"http:\/\/www.susannavaris.com\/blogg\/2017\/11\/ann-heberlein-show\/heberlein-adj\/\" rel=\"attachment wp-att-17007\"><img loading=\"lazy\" decoding=\"async\" class=\"aligncenter size-full wp-image-17007\" src=\"http:\/\/www.susannavaris.com\/blogg\/wp-content\/uploads\/2017\/11\/heberlein-adj.jpg\" alt=\"\" width=\"540\" height=\"960\" srcset=\"http:\/\/www.susannavaris.com\/blogg\/wp-content\/uploads\/2017\/11\/heberlein-adj.jpg 540w, http:\/\/www.susannavaris.com\/blogg\/wp-content\/uploads\/2017\/11\/heberlein-adj-169x300.jpg 169w\" sizes=\"auto, (max-width: 540px) 100vw, 540px\" \/><\/a><em>Ann Heberlein. <strong>Foto:<\/strong> Susanna Varis<\/em><\/p>\n<p>&nbsp;<\/p>\n<p>I b\u00f6rjan av m\u00e5naden fick jag tillf\u00e4lle att h\u00f6ra Ann Heberlein tala vid en sammankomst. Jag gl\u00f6mde tyv\u00e4rr anteckningsblocket hemma. Det vi fick oss till livs den kv\u00e4llen var en veritabel universitetsf\u00f6rel\u00e4sning inom \u00e4mnet filosofi och jag hade sannerligen beh\u00f6vt f\u00f6ra anteckningar f\u00f6r att \u00e5terge det p\u00e5 ett r\u00e4ttvisande s\u00e4tt. S\u00e5 jag avst\u00e5r och n\u00f6jer mig med att h\u00e4nvisa till Heberleins senaste bok, <a href=\"https:\/\/www.adlibris.com\/se\/bok\/den-banala-godheten-mangkultur-integration-och-svenska-varderingar-9789198403107\"><em>Den banala godheten<\/em><\/a> som var en utg\u00e5ngspunkt.<\/p>\n<p><a href=\"http:\/\/www.susannavaris.com\/blogg\/2017\/11\/ann-heberlein-show\/den-banala-godheten-mangkultur-integration-och-svenska-varderingar_haftad\/\" rel=\"attachment wp-att-17008\"><img loading=\"lazy\" decoding=\"async\" class=\"aligncenter size-full wp-image-17008\" src=\"http:\/\/www.susannavaris.com\/blogg\/wp-content\/uploads\/2017\/11\/den-banala-godheten-mangkultur-integration-och-svenska-varderingar_haftad.jpg\" alt=\"\" width=\"200\" height=\"311\" srcset=\"http:\/\/www.susannavaris.com\/blogg\/wp-content\/uploads\/2017\/11\/den-banala-godheten-mangkultur-integration-och-svenska-varderingar_haftad.jpg 200w, http:\/\/www.susannavaris.com\/blogg\/wp-content\/uploads\/2017\/11\/den-banala-godheten-mangkultur-integration-och-svenska-varderingar_haftad-193x300.jpg 193w\" sizes=\"auto, (max-width: 200px) 100vw, 200px\" \/><\/a><\/p>\n<p>Jag rekommenderar ocks\u00e5 <a href=\"https:\/\/www.youtube.com\/watch?v=fatAVgptQ9g&amp;list=PLjIKZu0VomxC04dcc85uuZy5gOugRpBdj\">Ann Heberlein Show<\/a> p\u00e5 Ledarsidornas Youtube-kanal!<\/p>\n<p>&nbsp;<\/p>\n<p>&nbsp;<\/p>\n","protected":false},"excerpt":{"rendered":"<p>Ann Heberlein. Foto: Susanna Varis &nbsp; I b\u00f6rjan av m\u00e5naden fick jag tillf\u00e4lle att h\u00f6ra Ann Heberlein tala vid en sammankomst. Jag gl\u00f6mde tyv\u00e4rr anteckningsblocket hemma. Det vi fick oss till livs den kv\u00e4llen var en veritabel universitetsf\u00f6rel\u00e4sning inom \u00e4mnet &hellip; <a href=\"http:\/\/www.susannavaris.com\/blogg\/2017\/11\/ann-heberlein-show\/\">Forts\u00e4tt l\u00e4sa <span class=\"meta-nav\">&rarr;<\/span><\/a><\/p>\n","protected":false},"author":1,"featured_media":0,"comment_status":"open","ping_status":"open","sticky":false,"template":"","format":"standard","meta":{"footnotes":""},"categories":[1364,555,4515,1162,117],"tags":[689,5698,1372,5697,336,4473,5699,3196,5700,5368],"class_list":["post-17006","post","type-post","status-publish","format-standard","hentry","category-bocker","category-events","category-invandring-och-integration","category-kultur","category-vetenskap","tag-ann-heberlein","tag-ann-heberlein-show","tag-bok","tag-den-banala-godheten","tag-filosofi","tag-integration","tag-ledarsidorna","tag-litteratur","tag-mangkultur","tag-varderingar"],"_links":{"self":[{"href":"http:\/\/www.susannavaris.com\/blogg\/wp-json\/wp\/v2\/posts\/17006","targetHints":{"allow":["GET"]}}],"collection":[{"href":"http:\/\/www.susannavaris.com\/blogg\/wp-json\/wp\/v2\/posts"}],"about":[{"href":"http:\/\/www.susannavaris.com\/blogg\/wp-json\/wp\/v2\/types\/post"}],"author":[{"embeddable":true,"href":"http:\/\/www.susannavaris.com\/blogg\/wp-json\/wp\/v2\/users\/1"}],"replies":[{"embeddable":true,"href":"http:\/\/www.susannavaris.com\/blogg\/wp-json\/wp\/v2\/comments?post=17006"}],"version-history":[{"count":2,"href":"http:\/\/www.susannavaris.com\/blogg\/wp-json\/wp\/v2\/posts\/17006\/revisions"}],"predecessor-version":[{"id":17010,"href":"http:\/\/www.susannavaris.com\/blogg\/wp-json\/wp\/v2\/posts\/17006\/revisions\/17010"}],"wp:attachment":[{"href":"http:\/\/www.susannavaris.com\/blogg\/wp-json\/wp\/v2\/media?parent=17006"}],"wp:term":[{"taxonomy":"category","embeddable":true,"href":"http:\/\/www.susannavaris.com\/blogg\/wp-json\/wp\/v2\/categories?post=17006"},{"taxonomy":"post_tag","embeddable":true,"href":"http:\/\/www.susannavaris.com\/blogg\/wp-json\/wp\/v2\/tags?post=17006"}],"curies":[{"name":"wp","href":"https:\/\/api.w.org\/{rel}","templated":true}]}}