{"id":17015,"date":"2017-11-21T21:43:47","date_gmt":"2017-11-21T20:43:47","guid":{"rendered":"http:\/\/www.susannavaris.com\/blogg\/?p=17015"},"modified":"2017-11-21T21:43:48","modified_gmt":"2017-11-21T20:43:48","slug":"metoo-ger-mig-ingen-ro","status":"publish","type":"post","link":"http:\/\/www.susannavaris.com\/blogg\/2017\/11\/metoo-ger-mig-ingen-ro\/","title":{"rendered":"#Metoo ger mig ingen ro"},"content":{"rendered":"<p style=\"text-align: center;\"><a href=\"http:\/\/www.susannavaris.com\/blogg\/2017\/11\/metoo-ger-mig-ingen-ro\/big_bad_wolf\/\" rel=\"attachment wp-att-17016\"><img loading=\"lazy\" decoding=\"async\" class=\"aligncenter size-full wp-image-17016\" src=\"http:\/\/www.susannavaris.com\/blogg\/wp-content\/uploads\/2017\/11\/Big_Bad_Wolf.jpg\" alt=\"\" width=\"703\" height=\"1024\" srcset=\"http:\/\/www.susannavaris.com\/blogg\/wp-content\/uploads\/2017\/11\/Big_Bad_Wolf.jpg 703w, http:\/\/www.susannavaris.com\/blogg\/wp-content\/uploads\/2017\/11\/Big_Bad_Wolf-206x300.jpg 206w\" sizes=\"auto, (max-width: 703px) 100vw, 703px\" \/><\/a><em>I ett program p\u00e5 P1 idag orerades det om toppiga, unga kvinnobr\u00f6st och fula, fulla gubbar som likt vargar tog f\u00f6r sig och tafsade p\u00e5 dem.<\/em><\/p>\n<p>Jag funderar mycket p\u00e5 #metoo-kampanjen och dess efterf\u00f6ljder. Under de senaste veckorna har vi f\u00e5tt ta del av olika manifestationer och upprop fr\u00e5n grupper av kvinnor inom olika branscher (kultur-, teater-, media- och teknikbranschen samt r\u00e4ttsv\u00e4sendet \u00e4r de jag kommer ih\u00e5g p\u00e5 rak arm). Det rasar in vittnesm\u00e5l om sviniga beteenden av varierande slag och allvarlighetsgrad. K\u00e4nslan \u00e4r svindlande. Hur genomruttna \u00e4r de h\u00e4r branscherna? Handlar det om ett begr\u00e4nsat antal individer eller har feministerna nu lyckats bevisa existensen av den p\u00e5st\u00e5dda &#8221;v\u00e5ldt\u00e4ktskulturen&#8221; och patriarkatet?<\/p>\n<p>\u00c5 ena sidan \u00e4r det bra att en korrupt och destruktiv kultur, om det nu handlar om en kultur, dras upp i ljuset och f\u00f6rhoppningsvis kan f\u00e5 ett slut. \u00c5 andra sidan infinner sig en k\u00e4nsla av os\u00e4kerhet och f\u00f6rvirring? Kan detta verkligen vara m\u00f6jligt? Jag tror f\u00f6rst\u00e5s inte att n\u00e5gon hittar p\u00e5 \u00f6vergrepp och g\u00e5r ut med det offentligt p\u00e5 det h\u00e4r s\u00e4ttet, men blir perspektivet vridet? Ett f\u00e5tal individers h\u00e4rjningar kanske har drabbat v\u00e4ldigt m\u00e5nga och f\u00e5r nu hela branscher att framst\u00e5 som djupt problematiska? Jag vet inte.<\/p>\n<p>Jag har i min ungdom arbetat i mycket mansdominerade milj\u00f6er och har aldrig p\u00e5 n\u00e5gon s\u00e5dan arbetsplats eller skola kommit i n\u00e4rheten av att uppleva det jag l\u00e4st och h\u00f6rt om efter #metoo. Scania, SAAB Automobile, KTH, V\u00e4gverket&#8230;jag kan komma ih\u00e5g en incident med en \u00e4ldre elev p\u00e5 KTH som betedde sig illa mot mig p\u00e5 en studentfest efter att jag nobbat honom, men ingenting av det d\u00e4r slaget. Jag har r\u00e5kat ut f\u00f6r b\u00e5de misshandel, v\u00e5ldt\u00e4ktsf\u00f6rs\u00f6k och v\u00e5ldt\u00e4kt, n\u00e5got jag ber\u00e4ttat om tidigare i olika sammanhang, men alltid p\u00e5 fritiden eller i ett f\u00f6rh\u00e5llande. En ut\u00f6vare arbetade f\u00f6rst\u00e5s p\u00e5 samma arbetsplats, men det som skedde h\u00e4nde efter vi hade inlett ett f\u00f6rh\u00e5llande och d\u00e5 utanf\u00f6r arbetet. I partylivet p\u00e5 Medelhavs\u00f6ar har det ett antal g\u00e5nger varit n\u00e4ra att h\u00e4nda obehagligheter, s\u00e4rskilt n\u00e4r jag var ung och naiv.<\/p>\n<p>P\u00e5 Scania och SAAB var det nolltolerans f\u00f6r avkl\u00e4dda bilder p\u00e5 v\u00e4ggarna och trakasserier, jag kan inte minnas n\u00e5gon enda incident d\u00e4r. P\u00e5 praktiken p\u00e5 V\u00e4gverket var chefen oerh\u00f6rt noga med att f\u00f6rh\u00f6ra mig om med j\u00e4mna mellanrum om att allting gick bra till n\u00e4r jag \u00e5kte med gubbarna i bilarna eller var p\u00e5 kontoret. P\u00e5 KTH har jag inte m\u00f6tts med n\u00e5got annat \u00e4n entusiasm och v\u00e4lkomnande fr\u00e5n l\u00e4rare och andra ansvariga. Inte ens nollningen inneh\u00f6ll n\u00e5gra mer diskutabla inslag (detta tilldrog sig i slutet av 80-talet). Man skulle v\u00e4l inbilla sig att mansdominerade milj\u00f6er skulle vara v\u00e4rst i klassen enligt den g\u00e4ngse, feministiska analysen&#8230;men nj\u00e4e, jag k\u00e4nner inte igen mig p\u00e5 minsta vis i de ber\u00e4ttelser som nu kommer fram. Men som sagt, jag tror inte att alla dessa kvinnor ljuger. Jag \u00e4r bara f\u00f6rundrad.<\/p>\n<p>P\u00e5 ett s\u00e4tt blir det ih\u00e4rdiga \u00e4ltandet om v\u00e4rdegrunder och feminism i de h\u00e4r branscherna begripligt om verkligheten ser ut s\u00e5 h\u00e4r. Men det har ju i s\u00e5 fall haft f\u00f6ga effekt.<\/p>\n<p>Feminismen, som genomsyrar en stor del av public service utbud, har nu skruvats upp ytterligare och b\u00f6rjar likna ett frossande i det som nu kommer fram och eldar p\u00e5 den feministiska brasan. Och det \u00e4r n\u00e5gonstans d\u00e4r det skaver ocks\u00e5. Speciellt mycket skaver det n\u00e4r alltihopa leder fram till samma analys: m\u00e4n \u00e4r onda, d\u00e5liga och f\u00f6rtryckare och kvinnor deras motsats.<\/p>\n<p>(Maria Sveland intygar just nu i Aktuellt om att alla de h\u00e4r h\u00e4ndelserna inte \u00e4r isolerade utan en del av en st\u00f6rre struktur.)<\/p>\n","protected":false},"excerpt":{"rendered":"<p>I ett program p\u00e5 P1 idag orerades det om toppiga, unga kvinnobr\u00f6st och fula, fulla gubbar som likt vargar tog f\u00f6r sig och tafsade p\u00e5 dem. Jag funderar mycket p\u00e5 #metoo-kampanjen och dess efterf\u00f6ljder. Under de senaste veckorna har vi &hellip; <a href=\"http:\/\/www.susannavaris.com\/blogg\/2017\/11\/metoo-ger-mig-ingen-ro\/\">Forts\u00e4tt l\u00e4sa <span class=\"meta-nav\">&rarr;<\/span><\/a><\/p>\n","protected":false},"author":1,"featured_media":0,"comment_status":"open","ping_status":"open","sticky":false,"template":"","format":"standard","meta":{"footnotes":""},"categories":[181,154,259,3358,1321,1928,1162,589],"tags":[5533,4900,4918,5217,28,4917,1285,351,4284,2570,3651,5709,5708,4099,5707,2014,5710],"class_list":["post-17015","post","type-post","status-publish","format-standard","hentry","category-feminism","category-genus","category-genusvetenskap","category-identitetspolitik","category-jamstalldhet","category-journalistik","category-kultur","category-medier","tag-metoo","tag-feminism","tag-jamstalldhet","tag-juridik","tag-kth","tag-kultur","tag-maria-sveland","tag-media","tag-overgrepp","tag-p1","tag-public-service","tag-rodluvan","tag-saab-automobile","tag-trakasserier","tag-vagverket","tag-valdtakt","tag-vargen"],"_links":{"self":[{"href":"http:\/\/www.susannavaris.com\/blogg\/wp-json\/wp\/v2\/posts\/17015","targetHints":{"allow":["GET"]}}],"collection":[{"href":"http:\/\/www.susannavaris.com\/blogg\/wp-json\/wp\/v2\/posts"}],"about":[{"href":"http:\/\/www.susannavaris.com\/blogg\/wp-json\/wp\/v2\/types\/post"}],"author":[{"embeddable":true,"href":"http:\/\/www.susannavaris.com\/blogg\/wp-json\/wp\/v2\/users\/1"}],"replies":[{"embeddable":true,"href":"http:\/\/www.susannavaris.com\/blogg\/wp-json\/wp\/v2\/comments?post=17015"}],"version-history":[{"count":2,"href":"http:\/\/www.susannavaris.com\/blogg\/wp-json\/wp\/v2\/posts\/17015\/revisions"}],"predecessor-version":[{"id":17018,"href":"http:\/\/www.susannavaris.com\/blogg\/wp-json\/wp\/v2\/posts\/17015\/revisions\/17018"}],"wp:attachment":[{"href":"http:\/\/www.susannavaris.com\/blogg\/wp-json\/wp\/v2\/media?parent=17015"}],"wp:term":[{"taxonomy":"category","embeddable":true,"href":"http:\/\/www.susannavaris.com\/blogg\/wp-json\/wp\/v2\/categories?post=17015"},{"taxonomy":"post_tag","embeddable":true,"href":"http:\/\/www.susannavaris.com\/blogg\/wp-json\/wp\/v2\/tags?post=17015"}],"curies":[{"name":"wp","href":"https:\/\/api.w.org\/{rel}","templated":true}]}}