{"id":1714,"date":"2011-08-12T14:58:35","date_gmt":"2011-08-12T12:58:35","guid":{"rendered":"http:\/\/www.susannavaris.com\/blogg\/?p=1714"},"modified":"2011-09-01T11:25:43","modified_gmt":"2011-09-01T09:25:43","slug":"en-rundvandring-i-innanforskapets-stockholm-del-i","status":"publish","type":"post","link":"http:\/\/www.susannavaris.com\/blogg\/2011\/08\/en-rundvandring-i-innanforskapets-stockholm-del-i\/","title":{"rendered":"En rundvandring i innanf\u00f6rskapets Stockholm del I"},"content":{"rendered":"<p>\u00c4ntligen hade v\u00e4dret stabiliserats n\u00e4r vi ig\u00e5r f\u00f6retog oss ett studiebes\u00f6k i en mytomspunnen del av Sverige. Vi ville med egna \u00f6gon se och bes\u00f6ka de kvarter och deras inv\u00e5nare som i modern tid har i s\u00e5 h\u00f6g grad dominerat i pressen. Hur ter sig livet i detta reservat f\u00f6r allehanda mediedjur? Ett innanf\u00f6rskapets Sverige, d\u00e4r man helst umg\u00e5s med likasinnade och og\u00e4rna tar sig utanf\u00f6r de sk tullarna p\u00e5 grund av r\u00e4dsla f\u00f6r vad som kan finnas d\u00e4r utanf\u00f6r. Segregeringen g\u00f6r att dessa m\u00e4nniskor anammar en v\u00e4rldsbild som \u00e4r mycket annorlunda fr\u00e5n den som r\u00e5der utanf\u00f6r isoleringen.<\/p>\n<p><a href=\"http:\/\/www.susannavaris.com\/blogg\/wp-content\/uploads\/2011\/08\/DSC_0507-60x.jpg\"><img loading=\"lazy\" decoding=\"async\" class=\"aligncenter size-large wp-image-1715\" title=\"DSC_0507-60x\" src=\"http:\/\/www.susannavaris.com\/blogg\/wp-content\/uploads\/2011\/08\/DSC_0507-60x-889x1024.jpg\" alt=\"\" width=\"640\" height=\"737\" srcset=\"http:\/\/www.susannavaris.com\/blogg\/wp-content\/uploads\/2011\/08\/DSC_0507-60x-889x1024.jpg 889w, http:\/\/www.susannavaris.com\/blogg\/wp-content\/uploads\/2011\/08\/DSC_0507-60x-260x300.jpg 260w, http:\/\/www.susannavaris.com\/blogg\/wp-content\/uploads\/2011\/08\/DSC_0507-60x.jpg 1222w\" sizes=\"auto, (max-width: 640px) 100vw, 640px\" \/><\/a><em>Vi startar med en lunch f\u00f6r att styrka oss inf\u00f6r uppgiften. Restaurangen b\u00e4r alla tecken p\u00e5 den politiska korrekthet som har blivit en av de r\u00e5dande r\u00e4ttesn\u00f6rena i denna stadsdel. Men maten \u00e4r mycket mycket god, jag \u00e4ter en turkisk moussaka.<\/em><\/p>\n<p style=\"text-align: center;\"><a href=\"http:\/\/www.susannavaris.com\/blogg\/wp-content\/uploads\/2011\/08\/DSC_0509-60.jpg\"><img loading=\"lazy\" decoding=\"async\" class=\"aligncenter size-large wp-image-1716\" title=\"DSC_0509-60\" src=\"http:\/\/www.susannavaris.com\/blogg\/wp-content\/uploads\/2011\/08\/DSC_0509-60-1024x682.jpg\" alt=\"\" width=\"640\" height=\"426\" srcset=\"http:\/\/www.susannavaris.com\/blogg\/wp-content\/uploads\/2011\/08\/DSC_0509-60-1024x682.jpg 1024w, http:\/\/www.susannavaris.com\/blogg\/wp-content\/uploads\/2011\/08\/DSC_0509-60-300x199.jpg 300w\" sizes=\"auto, (max-width: 640px) 100vw, 640px\" \/><\/a><em>Efter maten strosar vi omkring i omr\u00e5dets saluhall&#8230;<\/em><\/p>\n<p style=\"text-align: center;\"><a href=\"http:\/\/www.susannavaris.com\/blogg\/wp-content\/uploads\/2011\/08\/DSC_0510-60.jpg\"><img loading=\"lazy\" decoding=\"async\" class=\"aligncenter size-large wp-image-1717\" title=\"DSC_0510-60\" src=\"http:\/\/www.susannavaris.com\/blogg\/wp-content\/uploads\/2011\/08\/DSC_0510-60-1024x606.jpg\" alt=\"\" width=\"640\" height=\"378\" srcset=\"http:\/\/www.susannavaris.com\/blogg\/wp-content\/uploads\/2011\/08\/DSC_0510-60-1024x606.jpg 1024w, http:\/\/www.susannavaris.com\/blogg\/wp-content\/uploads\/2011\/08\/DSC_0510-60-300x177.jpg 300w\" sizes=\"auto, (max-width: 640px) 100vw, 640px\" \/><\/a><em>Det finns dock alternativ f\u00f6r den som inte uppr\u00f6rs av lusblod. Det \u00e4r gl\u00e4djande att arbetarklassen \u00e4nd\u00e5 kan f\u00e5 sig en stadig m\u00e5ltid&#8230;<\/em><\/p>\n<p style=\"text-align: center;\"><a href=\"http:\/\/www.susannavaris.com\/blogg\/wp-content\/uploads\/2011\/08\/DSC_0512-60.jpg\"><img loading=\"lazy\" decoding=\"async\" class=\"aligncenter size-large wp-image-1718\" title=\"DSC_0512-60\" src=\"http:\/\/www.susannavaris.com\/blogg\/wp-content\/uploads\/2011\/08\/DSC_0512-60-1024x682.jpg\" alt=\"\" width=\"640\" height=\"426\" srcset=\"http:\/\/www.susannavaris.com\/blogg\/wp-content\/uploads\/2011\/08\/DSC_0512-60-1024x682.jpg 1024w, http:\/\/www.susannavaris.com\/blogg\/wp-content\/uploads\/2011\/08\/DSC_0512-60-300x199.jpg 300w\" sizes=\"auto, (max-width: 640px) 100vw, 640px\" \/><\/a><em>Exotiska godsaker som kanske inmundigas vid fredagsmyset n\u00e4r man vill vila upp sin \u00f6mma lekamen efter det h\u00e5rda slitet framf\u00f6r datorn?<\/em><\/p>\n<p style=\"text-align: center;\"><a href=\"http:\/\/www.susannavaris.com\/blogg\/wp-content\/uploads\/2011\/08\/DSC_0513-60.jpg\"><img loading=\"lazy\" decoding=\"async\" class=\"aligncenter size-large wp-image-1719\" title=\"DSC_0513-60\" src=\"http:\/\/www.susannavaris.com\/blogg\/wp-content\/uploads\/2011\/08\/DSC_0513-60-1024x682.jpg\" alt=\"\" width=\"640\" height=\"426\" srcset=\"http:\/\/www.susannavaris.com\/blogg\/wp-content\/uploads\/2011\/08\/DSC_0513-60-1024x682.jpg 1024w, http:\/\/www.susannavaris.com\/blogg\/wp-content\/uploads\/2011\/08\/DSC_0513-60-300x200.jpg 300w, http:\/\/www.susannavaris.com\/blogg\/wp-content\/uploads\/2011\/08\/DSC_0513-60.jpg 1659w\" sizes=\"auto, (max-width: 640px) 100vw, 640px\" \/><\/a><em>Valfrihet \u00e4r en r\u00e4ttighet, \u00e4ven f\u00f6r arbetaren. Det \u00e4r nog viktigt f\u00f6r m\u00e5nga att beh\u00e5lla sin kulturella identitet och detta manifesteras \u00e4ven genom maten.<\/em><\/p>\n<p style=\"text-align: center;\"><a href=\"http:\/\/www.susannavaris.com\/blogg\/wp-content\/uploads\/2011\/08\/DSC_0515-60.jpg\"><img loading=\"lazy\" decoding=\"async\" class=\"aligncenter size-large wp-image-1720\" title=\"DSC_0515-60\" src=\"http:\/\/www.susannavaris.com\/blogg\/wp-content\/uploads\/2011\/08\/DSC_0515-60-1024x682.jpg\" alt=\"\" width=\"640\" height=\"426\" srcset=\"http:\/\/www.susannavaris.com\/blogg\/wp-content\/uploads\/2011\/08\/DSC_0515-60-1024x682.jpg 1024w, http:\/\/www.susannavaris.com\/blogg\/wp-content\/uploads\/2011\/08\/DSC_0515-60-300x199.jpg 300w\" sizes=\"auto, (max-width: 640px) 100vw, 640px\" \/><\/a><em>Jag k\u00e4nner mig l\u00e4ttad av att det \u00e4nd\u00e5 finns en s\u00e5dan m\u00e5ngfald r\u00e5varor att fylla unika-boxen med&#8230;<\/em><\/p>\n<p style=\"text-align: center;\"><a href=\"http:\/\/www.susannavaris.com\/blogg\/wp-content\/uploads\/2011\/08\/DSC_0517-60.jpg\"><img loading=\"lazy\" decoding=\"async\" class=\"aligncenter size-full wp-image-1721\" title=\"DSC_0517-60\" src=\"http:\/\/www.susannavaris.com\/blogg\/wp-content\/uploads\/2011\/08\/DSC_0517-60.jpg\" alt=\"\" width=\"424\" height=\"627\" srcset=\"http:\/\/www.susannavaris.com\/blogg\/wp-content\/uploads\/2011\/08\/DSC_0517-60.jpg 424w, http:\/\/www.susannavaris.com\/blogg\/wp-content\/uploads\/2011\/08\/DSC_0517-60-202x300.jpg 202w\" sizes=\"auto, (max-width: 424px) 100vw, 424px\" \/><\/a><em>Mosk\u00e9n<\/em><\/p>\n<p style=\"text-align: center;\">Efter saluhallen beger vi oss ut p\u00e5 stadsdelens gator. Jag k\u00e4nner en stigande oro i kroppen, det \u00e4r en tryckande st\u00e4mning, som strax f\u00f6re ett \u00e5skov\u00e4der. N\u00e5gonting \u00e4r p\u00e5 g\u00e5ng. Det \u00e4r f\u00f6r tyst. Jag antar att inv\u00e5narna \u00e4nnu inte har intagit sin stadsdel, utan fortfarande \u00e4r kvar p\u00e5 sina arbeten i innerstadens mediebastioner.<\/p>\n<p style=\"text-align: center;\"><a href=\"http:\/\/www.susannavaris.com\/blogg\/wp-content\/uploads\/2011\/08\/DSC_0519-60.jpg\"><img loading=\"lazy\" decoding=\"async\" class=\"aligncenter size-full wp-image-1722\" title=\"DSC_0519-60\" src=\"http:\/\/www.susannavaris.com\/blogg\/wp-content\/uploads\/2011\/08\/DSC_0519-60.jpg\" alt=\"\" width=\"627\" height=\"823\" srcset=\"http:\/\/www.susannavaris.com\/blogg\/wp-content\/uploads\/2011\/08\/DSC_0519-60.jpg 627w, http:\/\/www.susannavaris.com\/blogg\/wp-content\/uploads\/2011\/08\/DSC_0519-60-228x300.jpg 228w\" sizes=\"auto, (max-width: 627px) 100vw, 627px\" \/><\/a><\/p>\n<p style=\"text-align: center;\">Vi passerar en torftig lekplats, mitt i den oh\u00e4lsosamma innerstaden. F\u00f6rklaringarna till en h\u00e4mmad utveckling kan s\u00e4kert s\u00f6kas h\u00e4r. Barnen g\u00e5r i h\u00f6g grad i sina f\u00f6r\u00e4ldrars fotsp\u00e5r, man \u00e4r predestinerad till att bli en del av mediaeliten eller \u00e4n v\u00e4rre, tvingas f\u00f6rs\u00f6rja sig genom s\u00e5ng och teaterkonster. Hur ska man n\u00e5gonsin kunna bryta sig loss och vidga sina vyer med s\u00e5dana f\u00f6ruts\u00e4ttningar? Det \u00e4r h\u00f6g tid att \u00e5tg\u00e4rder s\u00e4tts in f\u00f6r att hj\u00e4lpa de unga i denna stadsdel.<\/p>\n<p style=\"text-align: center;\"><a href=\"http:\/\/www.susannavaris.com\/blogg\/wp-content\/uploads\/2011\/08\/DSC_0521-60.jpg\"><img loading=\"lazy\" decoding=\"async\" class=\"aligncenter size-large wp-image-1723\" title=\"DSC_0521-60\" src=\"http:\/\/www.susannavaris.com\/blogg\/wp-content\/uploads\/2011\/08\/DSC_0521-60-1024x570.jpg\" alt=\"\" width=\"640\" height=\"356\" srcset=\"http:\/\/www.susannavaris.com\/blogg\/wp-content\/uploads\/2011\/08\/DSC_0521-60-1024x570.jpg 1024w, http:\/\/www.susannavaris.com\/blogg\/wp-content\/uploads\/2011\/08\/DSC_0521-60-300x166.jpg 300w, http:\/\/www.susannavaris.com\/blogg\/wp-content\/uploads\/2011\/08\/DSC_0521-60.jpg 1942w\" sizes=\"auto, (max-width: 640px) 100vw, 640px\" \/><\/a><em>Nedg\u00e5ngenheten \u00e4r p\u00e5taglig.<\/em><\/p>\n<p style=\"text-align: center;\"><a href=\"http:\/\/www.susannavaris.com\/blogg\/wp-content\/uploads\/2011\/08\/DSC_0522-60.jpg\"><img loading=\"lazy\" decoding=\"async\" class=\"aligncenter size-large wp-image-1724\" title=\"DSC_0522-60\" src=\"http:\/\/www.susannavaris.com\/blogg\/wp-content\/uploads\/2011\/08\/DSC_0522-60-622x1024.jpg\" alt=\"\" width=\"622\" height=\"1024\" srcset=\"http:\/\/www.susannavaris.com\/blogg\/wp-content\/uploads\/2011\/08\/DSC_0522-60-622x1024.jpg 622w, http:\/\/www.susannavaris.com\/blogg\/wp-content\/uploads\/2011\/08\/DSC_0522-60-182x300.jpg 182w, http:\/\/www.susannavaris.com\/blogg\/wp-content\/uploads\/2011\/08\/DSC_0522-60.jpg 1553w\" sizes=\"auto, (max-width: 622px) 100vw, 622px\" \/><\/a><em>De sk &#8221;lattepapporna&#8221; syns \u00f6verallt. Lattepappor som grupp har ett rykte om sig att vara relativt fridfulla och jag passerar med relativ lugn.<\/em><\/p>\n<p style=\"text-align: center;\"><a href=\"http:\/\/www.susannavaris.com\/blogg\/wp-content\/uploads\/2011\/08\/DSC_0523-60.jpg\"><img loading=\"lazy\" decoding=\"async\" class=\"aligncenter size-large wp-image-1725\" title=\"DSC_0523-60\" src=\"http:\/\/www.susannavaris.com\/blogg\/wp-content\/uploads\/2011\/08\/DSC_0523-60-682x1024.jpg\" alt=\"\" width=\"640\" height=\"960\" srcset=\"http:\/\/www.susannavaris.com\/blogg\/wp-content\/uploads\/2011\/08\/DSC_0523-60-682x1024.jpg 682w, http:\/\/www.susannavaris.com\/blogg\/wp-content\/uploads\/2011\/08\/DSC_0523-60-199x300.jpg 199w, http:\/\/www.susannavaris.com\/blogg\/wp-content\/uploads\/2011\/08\/DSC_0523-60.jpg 1843w\" sizes=\"auto, (max-width: 640px) 100vw, 640px\" \/><\/a><em>Riktig arbetarlitteratur finns sj\u00e4lvfallet p\u00e5 flertalet st\u00e4llen. En mediekis \u00e4r ingen mediekis utan sin Marx i hyllan&#8230;<\/em><\/p>\n<p style=\"text-align: center;\"><a href=\"http:\/\/www.susannavaris.com\/blogg\/wp-content\/uploads\/2011\/08\/DSC_0526-60.jpg\"><img loading=\"lazy\" decoding=\"async\" class=\"aligncenter size-large wp-image-1728\" title=\"DSC_0526-60\" src=\"http:\/\/www.susannavaris.com\/blogg\/wp-content\/uploads\/2011\/08\/DSC_0526-60-1024x682.jpg\" alt=\"\" width=\"640\" height=\"426\" srcset=\"http:\/\/www.susannavaris.com\/blogg\/wp-content\/uploads\/2011\/08\/DSC_0526-60-1024x682.jpg 1024w, http:\/\/www.susannavaris.com\/blogg\/wp-content\/uploads\/2011\/08\/DSC_0526-60-300x199.jpg 300w\" sizes=\"auto, (max-width: 640px) 100vw, 640px\" \/><\/a><em>De arkitektoniska misstagen man gjorde under 60- och 70-talet manifesteras nu i dessa kolossliknande, andefattiga l\u00e5dor till hus. En p\u00e5ver milj\u00f6 stimulerar inte de boende intellektuellt.<\/em><\/p>\n<p style=\"text-align: center;\"><a href=\"http:\/\/www.susannavaris.com\/blogg\/wp-content\/uploads\/2011\/08\/DSC_0527-60.jpg\"><img loading=\"lazy\" decoding=\"async\" class=\"aligncenter size-large wp-image-1729\" title=\"DSC_0527-60\" src=\"http:\/\/www.susannavaris.com\/blogg\/wp-content\/uploads\/2011\/08\/DSC_0527-60-1024x682.jpg\" alt=\"\" width=\"640\" height=\"426\" srcset=\"http:\/\/www.susannavaris.com\/blogg\/wp-content\/uploads\/2011\/08\/DSC_0527-60-1024x682.jpg 1024w, http:\/\/www.susannavaris.com\/blogg\/wp-content\/uploads\/2011\/08\/DSC_0527-60-300x199.jpg 300w\" sizes=\"auto, (max-width: 640px) 100vw, 640px\" \/><\/a><em>Ett exempel p\u00e5 att man \u00e4nd\u00e5 har f\u00f6rs\u00f6kt att ta in impulser fr\u00e5n omv\u00e4rlden \u00e4r den mosk\u00e9 som till slut kunde byggas. Den \u00e4r inhyst vid en deprimerande bakgata fylld med soptunnor&#8230;<\/em><\/p>\n<p style=\"text-align: center;\"><a href=\"http:\/\/www.susannavaris.com\/blogg\/wp-content\/uploads\/2011\/08\/DSC_0528-60.jpg\"><img loading=\"lazy\" decoding=\"async\" class=\"aligncenter size-large wp-image-1730\" title=\"DSC_0528-60\" src=\"http:\/\/www.susannavaris.com\/blogg\/wp-content\/uploads\/2011\/08\/DSC_0528-60-682x1024.jpg\" alt=\"\" width=\"640\" height=\"960\" srcset=\"http:\/\/www.susannavaris.com\/blogg\/wp-content\/uploads\/2011\/08\/DSC_0528-60-682x1024.jpg 682w, http:\/\/www.susannavaris.com\/blogg\/wp-content\/uploads\/2011\/08\/DSC_0528-60-199x300.jpg 199w, http:\/\/www.susannavaris.com\/blogg\/wp-content\/uploads\/2011\/08\/DSC_0528-60.jpg 1843w\" sizes=\"auto, (max-width: 640px) 100vw, 640px\" \/><\/a><em>Man \u00e4r en varm anh\u00e4ngare av det m\u00e5ngkulturella samh\u00e4llet i denna s\u00f6dra stadsdel. Man \u00e4r mycket \u00f6ppen f\u00f6r n\u00e4ringsidkare i tobakshandels-, restaurang-, st\u00e4d- och kemtv\u00e4ttsbranschen. Det \u00e4r dock inte s\u00e4rskilt vanligt att personer f\u00f6dda utanf\u00f6r Europa bor h\u00e4r (ca 7 % av inv\u00e5narna).<\/em><\/p>\n<p style=\"text-align: center;\"><a href=\"http:\/\/www.susannavaris.com\/blogg\/wp-content\/uploads\/2011\/08\/DSC_0533-60.jpg\"><img loading=\"lazy\" decoding=\"async\" class=\"aligncenter size-large wp-image-1731\" title=\"DSC_0533-60\" src=\"http:\/\/www.susannavaris.com\/blogg\/wp-content\/uploads\/2011\/08\/DSC_0533-60-1024x682.jpg\" alt=\"\" width=\"640\" height=\"426\" srcset=\"http:\/\/www.susannavaris.com\/blogg\/wp-content\/uploads\/2011\/08\/DSC_0533-60-1024x682.jpg 1024w, http:\/\/www.susannavaris.com\/blogg\/wp-content\/uploads\/2011\/08\/DSC_0533-60-300x199.jpg 300w\" sizes=\"auto, (max-width: 640px) 100vw, 640px\" \/><\/a><em>Katarina kyrka ligger n\u00e5got vackrare till&#8230;<\/em><\/p>\n<p style=\"text-align: center;\"><a href=\"http:\/\/www.susannavaris.com\/blogg\/wp-content\/uploads\/2011\/08\/DSC_0529-60.jpg\"><img loading=\"lazy\" decoding=\"async\" class=\"aligncenter size-large wp-image-1732\" title=\"DSC_0529-60\" src=\"http:\/\/www.susannavaris.com\/blogg\/wp-content\/uploads\/2011\/08\/DSC_0529-60-682x1024.jpg\" alt=\"\" width=\"640\" height=\"960\" srcset=\"http:\/\/www.susannavaris.com\/blogg\/wp-content\/uploads\/2011\/08\/DSC_0529-60-682x1024.jpg 682w, http:\/\/www.susannavaris.com\/blogg\/wp-content\/uploads\/2011\/08\/DSC_0529-60-199x300.jpg 199w, http:\/\/www.susannavaris.com\/blogg\/wp-content\/uploads\/2011\/08\/DSC_0529-60.jpg 1843w\" sizes=\"auto, (max-width: 640px) 100vw, 640px\" \/><\/a><em>I vissa fall \u00e4r inv\u00e5narna h\u00e4nvisade till kanske hundratals \u00e5r gamla bost\u00e4der&#8230;<\/em><\/p>\n<p style=\"text-align: center;\"><a href=\"http:\/\/www.susannavaris.com\/blogg\/wp-content\/uploads\/2011\/08\/DSC_0531-60.jpg\"><img loading=\"lazy\" decoding=\"async\" class=\"aligncenter size-large wp-image-1733\" title=\"DSC_0531-60\" src=\"http:\/\/www.susannavaris.com\/blogg\/wp-content\/uploads\/2011\/08\/DSC_0531-60-682x1024.jpg\" alt=\"\" width=\"640\" height=\"960\" srcset=\"http:\/\/www.susannavaris.com\/blogg\/wp-content\/uploads\/2011\/08\/DSC_0531-60-682x1024.jpg 682w, http:\/\/www.susannavaris.com\/blogg\/wp-content\/uploads\/2011\/08\/DSC_0531-60-199x300.jpg 199w, http:\/\/www.susannavaris.com\/blogg\/wp-content\/uploads\/2011\/08\/DSC_0531-60.jpg 1843w\" sizes=\"auto, (max-width: 640px) 100vw, 640px\" \/><\/a><em>F\u00f6rfallet syns, som konstaterat, \u00f6verallt.<\/em><\/p>\n<p style=\"text-align: center;\"><a href=\"http:\/\/www.susannavaris.com\/blogg\/wp-content\/uploads\/2011\/08\/DSC_0534-60.jpg\"><img loading=\"lazy\" decoding=\"async\" class=\"aligncenter size-large wp-image-1734\" title=\"DSC_0534-60\" src=\"http:\/\/www.susannavaris.com\/blogg\/wp-content\/uploads\/2011\/08\/DSC_0534-60-682x1024.jpg\" alt=\"\" width=\"640\" height=\"960\" srcset=\"http:\/\/www.susannavaris.com\/blogg\/wp-content\/uploads\/2011\/08\/DSC_0534-60-682x1024.jpg 682w, http:\/\/www.susannavaris.com\/blogg\/wp-content\/uploads\/2011\/08\/DSC_0534-60-199x300.jpg 199w, http:\/\/www.susannavaris.com\/blogg\/wp-content\/uploads\/2011\/08\/DSC_0534-60.jpg 1843w\" sizes=\"auto, (max-width: 640px) 100vw, 640px\" \/><\/a><em>Men hj\u00e4rtat har man p\u00e5 r\u00e4tt st\u00e4lle!<\/em><\/p>\n<p style=\"text-align: center;\"><a href=\"http:\/\/www.susannavaris.com\/blogg\/wp-content\/uploads\/2011\/08\/DSC_0535-60.jpg\"><img loading=\"lazy\" decoding=\"async\" class=\"aligncenter size-large wp-image-1735\" title=\"DSC_0535-60\" src=\"http:\/\/www.susannavaris.com\/blogg\/wp-content\/uploads\/2011\/08\/DSC_0535-60-1024x682.jpg\" alt=\"\" width=\"640\" height=\"426\" srcset=\"http:\/\/www.susannavaris.com\/blogg\/wp-content\/uploads\/2011\/08\/DSC_0535-60-1024x682.jpg 1024w, http:\/\/www.susannavaris.com\/blogg\/wp-content\/uploads\/2011\/08\/DSC_0535-60-300x199.jpg 300w\" sizes=\"auto, (max-width: 640px) 100vw, 640px\" \/><\/a><em>Det politiska engagemanget \u00e4r stort. Tr\u00e5ngboddheten \u00e4r alarmerande, hela familjer tvingas bo i sm\u00e5 st\u00e4dskrubb f\u00f6r hutl\u00f6sa hyror, enbart f\u00f6r att kunna leva i den kulturella gemenskap man tillh\u00f6r. En annan stor fr\u00e5ga har varit ombyggnaden av Slussen, som befaras ta den sista lilla sk\u00f6nhetsupplevelsen fr\u00e5n dessa m\u00e4nniskor&#8230;<\/em><\/p>\n<p style=\"text-align: center;\"><a href=\"http:\/\/www.susannavaris.com\/blogg\/wp-content\/uploads\/2011\/08\/DSC_0585-60.jpg\"><img loading=\"lazy\" decoding=\"async\" class=\"aligncenter size-large wp-image-1736\" title=\"DSC_0585-60\" src=\"http:\/\/www.susannavaris.com\/blogg\/wp-content\/uploads\/2011\/08\/DSC_0585-60-1024x682.jpg\" alt=\"\" width=\"640\" height=\"426\" srcset=\"http:\/\/www.susannavaris.com\/blogg\/wp-content\/uploads\/2011\/08\/DSC_0585-60-1024x682.jpg 1024w, http:\/\/www.susannavaris.com\/blogg\/wp-content\/uploads\/2011\/08\/DSC_0585-60-300x199.jpg 300w\" sizes=\"auto, (max-width: 640px) 100vw, 640px\" \/><\/a><em>Slussen<\/em><\/p>\n<p style=\"text-align: center;\">Forts\u00e4ttning f\u00f6ljer i del II<\/p>\n<p style=\"text-align: center;\">(OBS! F\u00f6r den ironi- och sarkasm-immuna; det h\u00e4r \u00e4r ironi och sarkasm.)<\/p>\n","protected":false},"excerpt":{"rendered":"<p>\u00c4ntligen hade v\u00e4dret stabiliserats n\u00e4r vi ig\u00e5r f\u00f6retog oss ett studiebes\u00f6k i en mytomspunnen del av Sverige. Vi ville med egna \u00f6gon se och bes\u00f6ka de kvarter och deras inv\u00e5nare som i modern tid har i s\u00e5 h\u00f6g grad dominerat &hellip; <a href=\"http:\/\/www.susannavaris.com\/blogg\/2011\/08\/en-rundvandring-i-innanforskapets-stockholm-del-i\/\">Forts\u00e4tt l\u00e4sa <span class=\"meta-nav\">&rarr;<\/span><\/a><\/p>\n","protected":false},"author":1,"featured_media":1723,"comment_status":"open","ping_status":"open","sticky":false,"template":"","format":"standard","meta":{"footnotes":""},"categories":[589,1,590],"tags":[],"class_list":["post-1714","post","type-post","status-publish","format-standard","has-post-thumbnail","hentry","category-medier","category-okategoriserade","category-politik"],"_links":{"self":[{"href":"http:\/\/www.susannavaris.com\/blogg\/wp-json\/wp\/v2\/posts\/1714","targetHints":{"allow":["GET"]}}],"collection":[{"href":"http:\/\/www.susannavaris.com\/blogg\/wp-json\/wp\/v2\/posts"}],"about":[{"href":"http:\/\/www.susannavaris.com\/blogg\/wp-json\/wp\/v2\/types\/post"}],"author":[{"embeddable":true,"href":"http:\/\/www.susannavaris.com\/blogg\/wp-json\/wp\/v2\/users\/1"}],"replies":[{"embeddable":true,"href":"http:\/\/www.susannavaris.com\/blogg\/wp-json\/wp\/v2\/comments?post=1714"}],"version-history":[{"count":7,"href":"http:\/\/www.susannavaris.com\/blogg\/wp-json\/wp\/v2\/posts\/1714\/revisions"}],"predecessor-version":[{"id":2042,"href":"http:\/\/www.susannavaris.com\/blogg\/wp-json\/wp\/v2\/posts\/1714\/revisions\/2042"}],"wp:featuredmedia":[{"embeddable":true,"href":"http:\/\/www.susannavaris.com\/blogg\/wp-json\/wp\/v2\/media\/1723"}],"wp:attachment":[{"href":"http:\/\/www.susannavaris.com\/blogg\/wp-json\/wp\/v2\/media?parent=1714"}],"wp:term":[{"taxonomy":"category","embeddable":true,"href":"http:\/\/www.susannavaris.com\/blogg\/wp-json\/wp\/v2\/categories?post=1714"},{"taxonomy":"post_tag","embeddable":true,"href":"http:\/\/www.susannavaris.com\/blogg\/wp-json\/wp\/v2\/tags?post=1714"}],"curies":[{"name":"wp","href":"https:\/\/api.w.org\/{rel}","templated":true}]}}