{"id":1743,"date":"2011-08-12T20:18:45","date_gmt":"2011-08-12T18:18:45","guid":{"rendered":"http:\/\/www.susannavaris.com\/blogg\/?p=1743"},"modified":"2011-09-01T11:25:52","modified_gmt":"2011-09-01T09:25:52","slug":"en-rundvandring-i-innanforskapets-stockholm-del-ii","status":"publish","type":"post","link":"http:\/\/www.susannavaris.com\/blogg\/2011\/08\/en-rundvandring-i-innanforskapets-stockholm-del-ii\/","title":{"rendered":"En rundvandring i innanf\u00f6rskapets Stockholm del II"},"content":{"rendered":"<p>Pl\u00f6tsligt h\u00f6rs sirenerna p\u00e5 ett utryckningsfordon och vi f\u00e5r hoppa undan f\u00f6r en polisbil som i full fart k\u00f6r f\u00f6rbi. En hund sk\u00e4ller hj\u00e4rtsk\u00e4rande p\u00e5 n\u00e5gon g\u00e5rd. Under hela v\u00e5r vandring hinner vi bevittna tv\u00e5 utryckningar, en av en polisbil och en av en brandbil. Omr\u00e5det \u00e4r h\u00e5rt belastat av kriminalitet och missbruk.<\/p>\n<p style=\"text-align: center;\"><a href=\"http:\/\/www.susannavaris.com\/blogg\/wp-content\/uploads\/2011\/08\/DSC_0536-60.jpg\"><img loading=\"lazy\" decoding=\"async\" class=\"aligncenter size-large wp-image-1744\" title=\"DSC_0536-60\" src=\"http:\/\/www.susannavaris.com\/blogg\/wp-content\/uploads\/2011\/08\/DSC_0536-60-1024x682.jpg\" alt=\"\" width=\"640\" height=\"426\" srcset=\"http:\/\/www.susannavaris.com\/blogg\/wp-content\/uploads\/2011\/08\/DSC_0536-60-1024x682.jpg 1024w, http:\/\/www.susannavaris.com\/blogg\/wp-content\/uploads\/2011\/08\/DSC_0536-60-300x199.jpg 300w\" sizes=\"auto, (max-width: 640px) 100vw, 640px\" \/><\/a><em>\u00c4nnu ett exempel p\u00e5 \u00e5lderdomlig bostadsstandard.<\/em><\/p>\n<p style=\"text-align: center;\"><a href=\"http:\/\/www.susannavaris.com\/blogg\/wp-content\/uploads\/2011\/08\/DSC_0538-60.jpg\"><img loading=\"lazy\" decoding=\"async\" class=\"aligncenter size-large wp-image-1745\" title=\"DSC_0538-60\" src=\"http:\/\/www.susannavaris.com\/blogg\/wp-content\/uploads\/2011\/08\/DSC_0538-60-1024x682.jpg\" alt=\"\" width=\"640\" height=\"426\" srcset=\"http:\/\/www.susannavaris.com\/blogg\/wp-content\/uploads\/2011\/08\/DSC_0538-60-1024x682.jpg 1024w, http:\/\/www.susannavaris.com\/blogg\/wp-content\/uploads\/2011\/08\/DSC_0538-60-300x199.jpg 300w\" sizes=\"auto, (max-width: 640px) 100vw, 640px\" \/><\/a><em>Det m\u00e4rks \u00f6verallt att det \u00e4r i dessa kvarter som samh\u00e4llets olycksbarn har sina tillh\u00e5ll&#8230;<\/em><\/p>\n<p style=\"text-align: center;\"><a href=\"http:\/\/www.susannavaris.com\/blogg\/wp-content\/uploads\/2011\/08\/DSC_0540-60.jpg\"><img loading=\"lazy\" decoding=\"async\" class=\"aligncenter size-large wp-image-1746\" title=\"DSC_0540-60\" src=\"http:\/\/www.susannavaris.com\/blogg\/wp-content\/uploads\/2011\/08\/DSC_0540-60-1024x682.jpg\" alt=\"\" width=\"640\" height=\"426\" srcset=\"http:\/\/www.susannavaris.com\/blogg\/wp-content\/uploads\/2011\/08\/DSC_0540-60-1024x682.jpg 1024w, http:\/\/www.susannavaris.com\/blogg\/wp-content\/uploads\/2011\/08\/DSC_0540-60-300x199.jpg 300w\" sizes=\"auto, (max-width: 640px) 100vw, 640px\" \/><\/a><em>I ett av de deprimerande, kolosslika huskropparna finns systembolaget, d\u00e4r allt f\u00f6r m\u00e5nga finner tr\u00f6st. After-worken, vinpimplandet fr\u00e5n de l\u00f6mska bag-in-boxarna, de fashionabla drinkarna, allt detta sammantaget g\u00f6r mediearbetaren extra s\u00e5rbar.<\/em><\/p>\n<p style=\"text-align: center;\"><a href=\"http:\/\/www.susannavaris.com\/blogg\/wp-content\/uploads\/2011\/08\/DSC_0542-60.jpg\"><img loading=\"lazy\" decoding=\"async\" class=\"aligncenter size-full wp-image-1747\" title=\"DSC_0542-60\" src=\"http:\/\/www.susannavaris.com\/blogg\/wp-content\/uploads\/2011\/08\/DSC_0542-60.jpg\" alt=\"\" width=\"419\" height=\"677\" srcset=\"http:\/\/www.susannavaris.com\/blogg\/wp-content\/uploads\/2011\/08\/DSC_0542-60.jpg 419w, http:\/\/www.susannavaris.com\/blogg\/wp-content\/uploads\/2011\/08\/DSC_0542-60-185x300.jpg 185w\" sizes=\"auto, (max-width: 419px) 100vw, 419px\" \/><\/a><em>Det finns dock hj\u00e4lp att f\u00e5. Barnstolen p\u00e5 cykeln g\u00f6r mig dock lite extra illa till mods&#8230;<\/em><\/p>\n<p style=\"text-align: center;\"><a href=\"http:\/\/www.susannavaris.com\/blogg\/wp-content\/uploads\/2011\/08\/DSC_0545-60.jpg\"><img loading=\"lazy\" decoding=\"async\" class=\"aligncenter size-large wp-image-1748\" title=\"DSC_0545-60\" src=\"http:\/\/www.susannavaris.com\/blogg\/wp-content\/uploads\/2011\/08\/DSC_0545-60-778x1024.jpg\" alt=\"\" width=\"640\" height=\"842\" srcset=\"http:\/\/www.susannavaris.com\/blogg\/wp-content\/uploads\/2011\/08\/DSC_0545-60-778x1024.jpg 778w, http:\/\/www.susannavaris.com\/blogg\/wp-content\/uploads\/2011\/08\/DSC_0545-60-228x300.jpg 228w, http:\/\/www.susannavaris.com\/blogg\/wp-content\/uploads\/2011\/08\/DSC_0545-60.jpg 1242w\" sizes=\"auto, (max-width: 640px) 100vw, 640px\" \/><\/a><a href=\"http:\/\/www.susannavaris.com\/blogg\/wp-content\/uploads\/2011\/08\/DSC_0546-60.jpg\"><img loading=\"lazy\" decoding=\"async\" class=\"aligncenter size-large wp-image-1749\" title=\"DSC_0546-60\" src=\"http:\/\/www.susannavaris.com\/blogg\/wp-content\/uploads\/2011\/08\/DSC_0546-60-747x1024.jpg\" alt=\"\" width=\"640\" height=\"877\" srcset=\"http:\/\/www.susannavaris.com\/blogg\/wp-content\/uploads\/2011\/08\/DSC_0546-60-747x1024.jpg 747w, http:\/\/www.susannavaris.com\/blogg\/wp-content\/uploads\/2011\/08\/DSC_0546-60-218x300.jpg 218w, http:\/\/www.susannavaris.com\/blogg\/wp-content\/uploads\/2011\/08\/DSC_0546-60.jpg 1327w\" sizes=\"auto, (max-width: 640px) 100vw, 640px\" \/><\/a><a href=\"http:\/\/www.susannavaris.com\/blogg\/wp-content\/uploads\/2011\/08\/DSC_0547-60.jpg\"><img loading=\"lazy\" decoding=\"async\" class=\"aligncenter size-large wp-image-1750\" title=\"DSC_0547-60\" src=\"http:\/\/www.susannavaris.com\/blogg\/wp-content\/uploads\/2011\/08\/DSC_0547-60-682x1024.jpg\" alt=\"\" width=\"640\" height=\"960\" srcset=\"http:\/\/www.susannavaris.com\/blogg\/wp-content\/uploads\/2011\/08\/DSC_0547-60-682x1024.jpg 682w, http:\/\/www.susannavaris.com\/blogg\/wp-content\/uploads\/2011\/08\/DSC_0547-60-199x300.jpg 199w, http:\/\/www.susannavaris.com\/blogg\/wp-content\/uploads\/2011\/08\/DSC_0547-60.jpg 1843w\" sizes=\"auto, (max-width: 640px) 100vw, 640px\" \/><\/a><em>Vandaliseringen \u00e4r, som redan konstaterats, omfattande. Ungdomens rastl\u00f6shet innanf\u00f6r tullmurarna leder till en frustration som m\u00e5ste f\u00e5 sitt utlopp. F\u00f6r\u00e4ldrarna \u00e4r kanske fr\u00e5nvarande p\u00e5 sina arbetsplatser, d\u00e4r de tvingas tillbringa m\u00e5nga och l\u00e5nga timmar. Ofta \u00e4r man dessutom tvungen att ta med sig arbetet hem. F\u00f6rslavningen av svaga grupper i samh\u00e4llet hittar alltid nya former.<\/em><\/p>\n<p style=\"text-align: center;\"><a href=\"http:\/\/www.susannavaris.com\/blogg\/wp-content\/uploads\/2011\/08\/DSC_0549-60.jpg\"><img loading=\"lazy\" decoding=\"async\" class=\"aligncenter size-large wp-image-1751\" title=\"DSC_0549-60\" src=\"http:\/\/www.susannavaris.com\/blogg\/wp-content\/uploads\/2011\/08\/DSC_0549-60-1024x682.jpg\" alt=\"\" width=\"640\" height=\"426\" srcset=\"http:\/\/www.susannavaris.com\/blogg\/wp-content\/uploads\/2011\/08\/DSC_0549-60-1024x682.jpg 1024w, http:\/\/www.susannavaris.com\/blogg\/wp-content\/uploads\/2011\/08\/DSC_0549-60-300x199.jpg 300w\" sizes=\"auto, (max-width: 640px) 100vw, 640px\" \/><\/a><em>En av alla dessa butiker med begagnat. M\u00e5nga inv\u00e5nare har inte, trots sitt h\u00e5rda slit, r\u00e5d att handla nytt.<\/em><\/p>\n<p style=\"text-align: center;\">Pl\u00f6tsligt ser vi en hel samling av traktens inv\u00e5nare p\u00e5 en uteservering. Jag k\u00e4nner att hj\u00e4rtat b\u00f6rjar klappa fortare. Jag blir varse mina egna f\u00f6rdomar. Att mediem\u00e4nniskor enbart skulle vara ute efter att strimla m\u00e4nniskors integritet till slamsor i jakten p\u00e5 f\u00f6rs\u00e4ljning av l\u00f6snummer m\u00e5ste ju vara en f\u00f6rdom. S\u00e5 dumt av mig att ens t\u00e4nka p\u00e5 en s\u00e5dan klyscha. Jag tar mod till mig och vi passerar klungan utan att n\u00e5got h\u00e4nder. Det \u00e4r alltid lika roligt n\u00e4r man kan punktera en f\u00f6rutfattad mening.<\/p>\n<p style=\"text-align: center;\"><a href=\"http:\/\/www.susannavaris.com\/blogg\/wp-content\/uploads\/2011\/08\/DSC_0550-60.jpg\"><img loading=\"lazy\" decoding=\"async\" class=\"aligncenter size-large wp-image-1752\" title=\"DSC_0550-60\" src=\"http:\/\/www.susannavaris.com\/blogg\/wp-content\/uploads\/2011\/08\/DSC_0550-60-682x1024.jpg\" alt=\"\" width=\"640\" height=\"960\" srcset=\"http:\/\/www.susannavaris.com\/blogg\/wp-content\/uploads\/2011\/08\/DSC_0550-60-682x1024.jpg 682w, http:\/\/www.susannavaris.com\/blogg\/wp-content\/uploads\/2011\/08\/DSC_0550-60-199x300.jpg 199w, http:\/\/www.susannavaris.com\/blogg\/wp-content\/uploads\/2011\/08\/DSC_0550-60.jpg 1843w\" sizes=\"auto, (max-width: 640px) 100vw, 640px\" \/><\/a><a href=\"http:\/\/www.susannavaris.com\/blogg\/wp-content\/uploads\/2011\/08\/DSC_0552-60.jpg\"><img loading=\"lazy\" decoding=\"async\" class=\"aligncenter size-large wp-image-1753\" title=\"DSC_0552-60\" src=\"http:\/\/www.susannavaris.com\/blogg\/wp-content\/uploads\/2011\/08\/DSC_0552-60-1024x682.jpg\" alt=\"\" width=\"640\" height=\"426\" srcset=\"http:\/\/www.susannavaris.com\/blogg\/wp-content\/uploads\/2011\/08\/DSC_0552-60-1024x682.jpg 1024w, http:\/\/www.susannavaris.com\/blogg\/wp-content\/uploads\/2011\/08\/DSC_0552-60-300x199.jpg 300w\" sizes=\"auto, (max-width: 640px) 100vw, 640px\" \/><\/a><em>LP-skivan lever kvar i dessa kvarter. M\u00e5nga har nog inte ens r\u00e5d med en cd-spelare&#8230;<\/em><\/p>\n<p style=\"text-align: center;\"><a href=\"http:\/\/www.susannavaris.com\/blogg\/wp-content\/uploads\/2011\/08\/DSC_0553-60.jpg\"><img loading=\"lazy\" decoding=\"async\" class=\"aligncenter size-large wp-image-1754\" title=\"DSC_0553-60\" src=\"http:\/\/www.susannavaris.com\/blogg\/wp-content\/uploads\/2011\/08\/DSC_0553-60-682x1024.jpg\" alt=\"\" width=\"640\" height=\"960\" srcset=\"http:\/\/www.susannavaris.com\/blogg\/wp-content\/uploads\/2011\/08\/DSC_0553-60-682x1024.jpg 682w, http:\/\/www.susannavaris.com\/blogg\/wp-content\/uploads\/2011\/08\/DSC_0553-60-199x300.jpg 199w, http:\/\/www.susannavaris.com\/blogg\/wp-content\/uploads\/2011\/08\/DSC_0553-60.jpg 1843w\" sizes=\"auto, (max-width: 640px) 100vw, 640px\" \/><\/a><em>Vi passerar \u00e4nnu en liten park d\u00e4r drogerna florerar helt \u00f6ppet&#8230;<\/em><\/p>\n<p style=\"text-align: center;\"><a href=\"http:\/\/www.susannavaris.com\/blogg\/wp-content\/uploads\/2011\/08\/DSC_0554-60.jpg\"><img loading=\"lazy\" decoding=\"async\" class=\"aligncenter size-large wp-image-1755\" title=\"DSC_0554-60\" src=\"http:\/\/www.susannavaris.com\/blogg\/wp-content\/uploads\/2011\/08\/DSC_0554-60-682x1024.jpg\" alt=\"\" width=\"640\" height=\"960\" srcset=\"http:\/\/www.susannavaris.com\/blogg\/wp-content\/uploads\/2011\/08\/DSC_0554-60-682x1024.jpg 682w, http:\/\/www.susannavaris.com\/blogg\/wp-content\/uploads\/2011\/08\/DSC_0554-60-199x300.jpg 199w, http:\/\/www.susannavaris.com\/blogg\/wp-content\/uploads\/2011\/08\/DSC_0554-60.jpg 1843w\" sizes=\"auto, (max-width: 640px) 100vw, 640px\" \/><\/a><em>N\u00e4r man saknar respekt f\u00f6r sig sj\u00e4lv, respekterar man inte sin egen n\u00e4rmilj\u00f6. H\u00e4r ett vandaliserat konstverk&#8230;<\/em><\/p>\n<p style=\"text-align: center;\"><a href=\"http:\/\/www.susannavaris.com\/blogg\/wp-content\/uploads\/2011\/08\/DSC_0555-60.jpg\"><img loading=\"lazy\" decoding=\"async\" class=\"aligncenter size-large wp-image-1756\" title=\"DSC_0555-60\" src=\"http:\/\/www.susannavaris.com\/blogg\/wp-content\/uploads\/2011\/08\/DSC_0555-60-1024x682.jpg\" alt=\"\" width=\"640\" height=\"426\" srcset=\"http:\/\/www.susannavaris.com\/blogg\/wp-content\/uploads\/2011\/08\/DSC_0555-60-1024x682.jpg 1024w, http:\/\/www.susannavaris.com\/blogg\/wp-content\/uploads\/2011\/08\/DSC_0555-60-300x199.jpg 300w\" sizes=\"auto, (max-width: 640px) 100vw, 640px\" \/><\/a><em>En av de stora huvudgatorna \u00e4r inte heller n\u00e5gon munter syn.<\/em><\/p>\n<p style=\"text-align: center;\"><a href=\"http:\/\/www.susannavaris.com\/blogg\/wp-content\/uploads\/2011\/08\/DSC_0556-60.jpg\"><img loading=\"lazy\" decoding=\"async\" class=\"aligncenter size-large wp-image-1757\" title=\"DSC_0556-60\" src=\"http:\/\/www.susannavaris.com\/blogg\/wp-content\/uploads\/2011\/08\/DSC_0556-60-1024x682.jpg\" alt=\"\" width=\"640\" height=\"426\" srcset=\"http:\/\/www.susannavaris.com\/blogg\/wp-content\/uploads\/2011\/08\/DSC_0556-60-1024x682.jpg 1024w, http:\/\/www.susannavaris.com\/blogg\/wp-content\/uploads\/2011\/08\/DSC_0556-60-300x199.jpg 300w\" sizes=\"auto, (max-width: 640px) 100vw, 640px\" \/><\/a><em>B\u00f6rjar stadsdelens m\u00e4n halka efter ekonomsikt? Det kanske kan vara anledningen till den stora m\u00e4ngden lattepappor?<\/em><\/p>\n<p style=\"text-align: center;\"><a href=\"http:\/\/www.susannavaris.com\/blogg\/wp-content\/uploads\/2011\/08\/DSC_0559-60.jpg\"><img loading=\"lazy\" decoding=\"async\" class=\"aligncenter size-large wp-image-1758\" title=\"DSC_0559-60\" src=\"http:\/\/www.susannavaris.com\/blogg\/wp-content\/uploads\/2011\/08\/DSC_0559-60-1024x682.jpg\" alt=\"\" width=\"640\" height=\"426\" srcset=\"http:\/\/www.susannavaris.com\/blogg\/wp-content\/uploads\/2011\/08\/DSC_0559-60-1024x682.jpg 1024w, http:\/\/www.susannavaris.com\/blogg\/wp-content\/uploads\/2011\/08\/DSC_0559-60-300x199.jpg 300w\" sizes=\"auto, (max-width: 640px) 100vw, 640px\" \/><\/a><em>Cykeln \u00e4r ett popul\u00e4rt transportmedel och man skulle i stadsdelen vilja sluta sig \u00e4nnu mera mot omv\u00e4rlden genom att f\u00f6rbjuda biltrafiken helt och h\u00e5llet. M\u00e5nga har n\u00e4ra till sina arbeten och har kanske inte ens r\u00e5d med en egen bil och det h\u00e4r blir ett s\u00e4tt att h\u00e4vda sig mot omv\u00e4rlden.<\/em><\/p>\n<p style=\"text-align: center;\"><a href=\"http:\/\/www.susannavaris.com\/blogg\/wp-content\/uploads\/2011\/08\/DSC_0560-60.jpg\"><img loading=\"lazy\" decoding=\"async\" class=\"aligncenter size-large wp-image-1759\" title=\"DSC_0560-60\" src=\"http:\/\/www.susannavaris.com\/blogg\/wp-content\/uploads\/2011\/08\/DSC_0560-60-682x1024.jpg\" alt=\"\" width=\"640\" height=\"960\" srcset=\"http:\/\/www.susannavaris.com\/blogg\/wp-content\/uploads\/2011\/08\/DSC_0560-60-682x1024.jpg 682w, http:\/\/www.susannavaris.com\/blogg\/wp-content\/uploads\/2011\/08\/DSC_0560-60-199x300.jpg 199w, http:\/\/www.susannavaris.com\/blogg\/wp-content\/uploads\/2011\/08\/DSC_0560-60.jpg 1843w\" sizes=\"auto, (max-width: 640px) 100vw, 640px\" \/><\/a><em>Det arrangeras gl\u00e4djande nog utflykter f\u00f6r dessa stadsbarn, s\u00e5 att de ska kunna ha m\u00f6jlighet till roliga aktiviteter utanf\u00f6r sitt bostadsomr\u00e5de.<\/em><\/p>\n<p style=\"text-align: center;\"><a href=\"http:\/\/www.susannavaris.com\/blogg\/wp-content\/uploads\/2011\/08\/DSC_0561-60.jpg\"><img loading=\"lazy\" decoding=\"async\" class=\"aligncenter size-large wp-image-1760\" title=\"DSC_0561-60\" src=\"http:\/\/www.susannavaris.com\/blogg\/wp-content\/uploads\/2011\/08\/DSC_0561-60-738x1024.jpg\" alt=\"\" width=\"640\" height=\"888\" srcset=\"http:\/\/www.susannavaris.com\/blogg\/wp-content\/uploads\/2011\/08\/DSC_0561-60-738x1024.jpg 738w, http:\/\/www.susannavaris.com\/blogg\/wp-content\/uploads\/2011\/08\/DSC_0561-60-216x300.jpg 216w, http:\/\/www.susannavaris.com\/blogg\/wp-content\/uploads\/2011\/08\/DSC_0561-60.jpg 745w\" sizes=\"auto, (max-width: 640px) 100vw, 640px\" \/><\/a><a href=\"http:\/\/www.susannavaris.com\/blogg\/wp-content\/uploads\/2011\/08\/DSC_0564-60.jpg\"><img loading=\"lazy\" decoding=\"async\" class=\"aligncenter size-large wp-image-1761\" title=\"DSC_0564-60\" src=\"http:\/\/www.susannavaris.com\/blogg\/wp-content\/uploads\/2011\/08\/DSC_0564-60-682x1024.jpg\" alt=\"\" width=\"640\" height=\"960\" srcset=\"http:\/\/www.susannavaris.com\/blogg\/wp-content\/uploads\/2011\/08\/DSC_0564-60-682x1024.jpg 682w, http:\/\/www.susannavaris.com\/blogg\/wp-content\/uploads\/2011\/08\/DSC_0564-60-199x300.jpg 199w, http:\/\/www.susannavaris.com\/blogg\/wp-content\/uploads\/2011\/08\/DSC_0564-60.jpg 1843w\" sizes=\"auto, (max-width: 640px) 100vw, 640px\" \/><\/a><em>Tecknen p\u00e5 fattigdom finns \u00f6verallt.<\/em><\/p>\n<p style=\"text-align: center;\"><a href=\"http:\/\/www.susannavaris.com\/blogg\/wp-content\/uploads\/2011\/08\/DSC_0567-60.jpg\"><img loading=\"lazy\" decoding=\"async\" class=\"aligncenter size-large wp-image-1762\" title=\"DSC_0567-60\" src=\"http:\/\/www.susannavaris.com\/blogg\/wp-content\/uploads\/2011\/08\/DSC_0567-60-1024x682.jpg\" alt=\"\" width=\"640\" height=\"426\" srcset=\"http:\/\/www.susannavaris.com\/blogg\/wp-content\/uploads\/2011\/08\/DSC_0567-60-1024x682.jpg 1024w, http:\/\/www.susannavaris.com\/blogg\/wp-content\/uploads\/2011\/08\/DSC_0567-60-300x199.jpg 300w\" sizes=\"auto, (max-width: 640px) 100vw, 640px\" \/><\/a><a href=\"http:\/\/www.susannavaris.com\/blogg\/wp-content\/uploads\/2011\/08\/DSC_0568-60.jpg\"><img loading=\"lazy\" decoding=\"async\" class=\"aligncenter size-large wp-image-1763\" title=\"DSC_0568-60\" src=\"http:\/\/www.susannavaris.com\/blogg\/wp-content\/uploads\/2011\/08\/DSC_0568-60-1024x682.jpg\" alt=\"\" width=\"640\" height=\"426\" srcset=\"http:\/\/www.susannavaris.com\/blogg\/wp-content\/uploads\/2011\/08\/DSC_0568-60-1024x682.jpg 1024w, http:\/\/www.susannavaris.com\/blogg\/wp-content\/uploads\/2011\/08\/DSC_0568-60-300x199.jpg 300w\" sizes=\"auto, (max-width: 640px) 100vw, 640px\" \/><\/a><a href=\"http:\/\/www.susannavaris.com\/blogg\/wp-content\/uploads\/2011\/08\/DSC_0573-60.jpg\"><img loading=\"lazy\" decoding=\"async\" class=\"aligncenter size-large wp-image-1764\" title=\"DSC_0573-60\" src=\"http:\/\/www.susannavaris.com\/blogg\/wp-content\/uploads\/2011\/08\/DSC_0573-60-1024x682.jpg\" alt=\"\" width=\"640\" height=\"426\" srcset=\"http:\/\/www.susannavaris.com\/blogg\/wp-content\/uploads\/2011\/08\/DSC_0573-60-1024x682.jpg 1024w, http:\/\/www.susannavaris.com\/blogg\/wp-content\/uploads\/2011\/08\/DSC_0573-60-300x199.jpg 300w\" sizes=\"auto, (max-width: 640px) 100vw, 640px\" \/><\/a><a href=\"http:\/\/www.susannavaris.com\/blogg\/wp-content\/uploads\/2011\/08\/DSC_0574-60.jpg\"><img loading=\"lazy\" decoding=\"async\" class=\"aligncenter size-large wp-image-1765\" title=\"DSC_0574-60\" src=\"http:\/\/www.susannavaris.com\/blogg\/wp-content\/uploads\/2011\/08\/DSC_0574-60-682x1024.jpg\" alt=\"\" width=\"640\" height=\"960\" srcset=\"http:\/\/www.susannavaris.com\/blogg\/wp-content\/uploads\/2011\/08\/DSC_0574-60-682x1024.jpg 682w, http:\/\/www.susannavaris.com\/blogg\/wp-content\/uploads\/2011\/08\/DSC_0574-60-199x300.jpg 199w, http:\/\/www.susannavaris.com\/blogg\/wp-content\/uploads\/2011\/08\/DSC_0574-60.jpg 1843w\" sizes=\"auto, (max-width: 640px) 100vw, 640px\" \/><\/a><em>Varje por i dessa stenv\u00e4ggar andas av armod.<\/em><\/p>\n<p style=\"text-align: center;\"><a href=\"http:\/\/www.susannavaris.com\/blogg\/wp-content\/uploads\/2011\/08\/DSC_0581-60.jpg\"><img loading=\"lazy\" decoding=\"async\" class=\"aligncenter size-large wp-image-1766\" title=\"DSC_0581-60\" src=\"http:\/\/www.susannavaris.com\/blogg\/wp-content\/uploads\/2011\/08\/DSC_0581-60-1024x682.jpg\" alt=\"\" width=\"640\" height=\"426\" srcset=\"http:\/\/www.susannavaris.com\/blogg\/wp-content\/uploads\/2011\/08\/DSC_0581-60-1024x682.jpg 1024w, http:\/\/www.susannavaris.com\/blogg\/wp-content\/uploads\/2011\/08\/DSC_0581-60-300x199.jpg 300w\" sizes=\"auto, (max-width: 640px) 100vw, 640px\" \/><\/a><a href=\"http:\/\/www.susannavaris.com\/blogg\/wp-content\/uploads\/2011\/08\/DSC_0580-60.jpg\"><img loading=\"lazy\" decoding=\"async\" class=\"aligncenter size-large wp-image-1767\" title=\"DSC_0580-60\" src=\"http:\/\/www.susannavaris.com\/blogg\/wp-content\/uploads\/2011\/08\/DSC_0580-60-682x1024.jpg\" alt=\"\" width=\"640\" height=\"960\" srcset=\"http:\/\/www.susannavaris.com\/blogg\/wp-content\/uploads\/2011\/08\/DSC_0580-60-682x1024.jpg 682w, http:\/\/www.susannavaris.com\/blogg\/wp-content\/uploads\/2011\/08\/DSC_0580-60-199x300.jpg 199w, http:\/\/www.susannavaris.com\/blogg\/wp-content\/uploads\/2011\/08\/DSC_0580-60.jpg 1843w\" sizes=\"auto, (max-width: 640px) 100vw, 640px\" \/><\/a><a href=\"http:\/\/www.susannavaris.com\/blogg\/wp-content\/uploads\/2011\/08\/DSC_0588-60.jpg\"><img loading=\"lazy\" decoding=\"async\" class=\"aligncenter size-large wp-image-1768\" title=\"DSC_0588-60\" src=\"http:\/\/www.susannavaris.com\/blogg\/wp-content\/uploads\/2011\/08\/DSC_0588-60-834x1024.jpg\" alt=\"\" width=\"640\" height=\"785\" srcset=\"http:\/\/www.susannavaris.com\/blogg\/wp-content\/uploads\/2011\/08\/DSC_0588-60-834x1024.jpg 834w, http:\/\/www.susannavaris.com\/blogg\/wp-content\/uploads\/2011\/08\/DSC_0588-60-244x300.jpg 244w, http:\/\/www.susannavaris.com\/blogg\/wp-content\/uploads\/2011\/08\/DSC_0588-60.jpg 1063w\" sizes=\"auto, (max-width: 640px) 100vw, 640px\" \/><\/a><em>Pl\u00f6tsligt h\u00e4nder det, horder och horder av stadsdelens inv\u00e5nare rusar fram p\u00e5 gatan p\u00e5 sina cyklar. De bofasta \u00e5terv\u00e4nder till sina hem.<\/em><\/p>\n<p style=\"text-align: center;\"><a href=\"http:\/\/www.susannavaris.com\/blogg\/wp-content\/uploads\/2011\/08\/DSC_0591-60.jpg\"><img loading=\"lazy\" decoding=\"async\" class=\"aligncenter size-large wp-image-1769\" title=\"DSC_0591-60\" src=\"http:\/\/www.susannavaris.com\/blogg\/wp-content\/uploads\/2011\/08\/DSC_0591-60-700x1024.jpg\" alt=\"\" width=\"640\" height=\"936\" srcset=\"http:\/\/www.susannavaris.com\/blogg\/wp-content\/uploads\/2011\/08\/DSC_0591-60-700x1024.jpg 700w, http:\/\/www.susannavaris.com\/blogg\/wp-content\/uploads\/2011\/08\/DSC_0591-60-205x300.jpg 205w, http:\/\/www.susannavaris.com\/blogg\/wp-content\/uploads\/2011\/08\/DSC_0591-60.jpg 906w\" sizes=\"auto, (max-width: 640px) 100vw, 640px\" \/><\/a><em>Snart \u00e4r det dags f\u00f6r Ahmed att st\u00e4nga sin butik och bege sig hem\u00e5t till f\u00f6rorten.<\/em><\/p>\n<p style=\"text-align: center;\"><a href=\"http:\/\/www.susannavaris.com\/blogg\/wp-content\/uploads\/2011\/08\/DSC_0593-60.jpg\"><img loading=\"lazy\" decoding=\"async\" class=\"aligncenter size-large wp-image-1770\" title=\"DSC_0593-60\" src=\"http:\/\/www.susannavaris.com\/blogg\/wp-content\/uploads\/2011\/08\/DSC_0593-60-1024x682.jpg\" alt=\"\" width=\"640\" height=\"426\" srcset=\"http:\/\/www.susannavaris.com\/blogg\/wp-content\/uploads\/2011\/08\/DSC_0593-60-1024x682.jpg 1024w, http:\/\/www.susannavaris.com\/blogg\/wp-content\/uploads\/2011\/08\/DSC_0593-60-300x199.jpg 300w\" sizes=\"auto, (max-width: 640px) 100vw, 640px\" \/><\/a><em>Polisen \u00e4r st\u00e4ndigt i beredskap.<\/em><\/p>\n<p style=\"text-align: center;\">N\u00e5gra sista bilder innan vi beger oss hem\u00e5t:<\/p>\n<p style=\"text-align: center;\"><a href=\"http:\/\/www.susannavaris.com\/blogg\/wp-content\/uploads\/2011\/08\/DSC_0594-60.jpg\"><img loading=\"lazy\" decoding=\"async\" class=\"aligncenter size-large wp-image-1771\" title=\"DSC_0594-60\" src=\"http:\/\/www.susannavaris.com\/blogg\/wp-content\/uploads\/2011\/08\/DSC_0594-60-682x1024.jpg\" alt=\"\" width=\"640\" height=\"960\" srcset=\"http:\/\/www.susannavaris.com\/blogg\/wp-content\/uploads\/2011\/08\/DSC_0594-60-682x1024.jpg 682w, http:\/\/www.susannavaris.com\/blogg\/wp-content\/uploads\/2011\/08\/DSC_0594-60-199x300.jpg 199w, http:\/\/www.susannavaris.com\/blogg\/wp-content\/uploads\/2011\/08\/DSC_0594-60.jpg 1843w\" sizes=\"auto, (max-width: 640px) 100vw, 640px\" \/><\/a><a href=\"http:\/\/www.susannavaris.com\/blogg\/wp-content\/uploads\/2011\/08\/DSC_0595-60.jpg\"><img loading=\"lazy\" decoding=\"async\" class=\"aligncenter size-large wp-image-1772\" title=\"DSC_0595-60\" src=\"http:\/\/www.susannavaris.com\/blogg\/wp-content\/uploads\/2011\/08\/DSC_0595-60-682x1024.jpg\" alt=\"\" width=\"640\" height=\"960\" srcset=\"http:\/\/www.susannavaris.com\/blogg\/wp-content\/uploads\/2011\/08\/DSC_0595-60-682x1024.jpg 682w, http:\/\/www.susannavaris.com\/blogg\/wp-content\/uploads\/2011\/08\/DSC_0595-60-199x300.jpg 199w, http:\/\/www.susannavaris.com\/blogg\/wp-content\/uploads\/2011\/08\/DSC_0595-60.jpg 1843w\" sizes=\"auto, (max-width: 640px) 100vw, 640px\" \/><\/a><a href=\"http:\/\/www.susannavaris.com\/blogg\/wp-content\/uploads\/2011\/08\/DSC_0596-60.jpg\"><img loading=\"lazy\" decoding=\"async\" class=\"aligncenter size-large wp-image-1773\" title=\"DSC_0596-60\" src=\"http:\/\/www.susannavaris.com\/blogg\/wp-content\/uploads\/2011\/08\/DSC_0596-60-682x1024.jpg\" alt=\"\" width=\"640\" height=\"960\" srcset=\"http:\/\/www.susannavaris.com\/blogg\/wp-content\/uploads\/2011\/08\/DSC_0596-60-682x1024.jpg 682w, http:\/\/www.susannavaris.com\/blogg\/wp-content\/uploads\/2011\/08\/DSC_0596-60-199x300.jpg 199w, http:\/\/www.susannavaris.com\/blogg\/wp-content\/uploads\/2011\/08\/DSC_0596-60.jpg 1843w\" sizes=\"auto, (max-width: 640px) 100vw, 640px\" \/><\/a><\/p>\n<p style=\"text-align: center;\">Upplevelsen har varit b\u00e5de l\u00e4rorik och skakande. Erfarenheten av en annan kultur, m\u00e4nniskor med andra traditioner och v\u00e4rderingar har gett mig nya perspektiv. Jag f\u00f6rst\u00e5r nu att det inte \u00e4r s\u00e5 enkelt att bryta givna m\u00f6nster, att bryta sig loss. Men n\u00e5gonstans n\u00e4r jag \u00e4nd\u00e5 ett hopp f\u00f6r dessa m\u00e4nniskor. Om vi alla i samh\u00e4llet tar v\u00e5rt ansvar och visar att vi v\u00e4lkomnar de h\u00e4r m\u00e4nniskorna, kan vi kanske bryta deras isolering.<\/p>\n<p style=\"text-align: center;\">(OBS!! F\u00f6r den ironi- och satir-immuna; det h\u00e4r \u00e4r ironi och satir.)<\/p>\n<p style=\"text-align: center;\">Skrivet efter n\u00e5gra f\u00f6r m\u00e5nga l\u00e4sta f\u00f6rortsbashande kr\u00f6nikor och artiklar i de stora, tongivande tidningarna. Jag tackar nu senast Bengt Olsson p\u00e5 DN f\u00f6r inspirationen till denna bloggvandring. Med lite allvar, men mest humor.<\/p>\n<p style=\"text-align: center;\">\n","protected":false},"excerpt":{"rendered":"<p>Pl\u00f6tsligt h\u00f6rs sirenerna p\u00e5 ett utryckningsfordon och vi f\u00e5r hoppa undan f\u00f6r en polisbil som i full fart k\u00f6r f\u00f6rbi. En hund sk\u00e4ller hj\u00e4rtsk\u00e4rande p\u00e5 n\u00e5gon g\u00e5rd. Under hela v\u00e5r vandring hinner vi bevittna tv\u00e5 utryckningar, en av en polisbil &hellip; <a href=\"http:\/\/www.susannavaris.com\/blogg\/2011\/08\/en-rundvandring-i-innanforskapets-stockholm-del-ii\/\">Forts\u00e4tt l\u00e4sa <span class=\"meta-nav\">&rarr;<\/span><\/a><\/p>\n","protected":false},"author":1,"featured_media":1746,"comment_status":"open","ping_status":"open","sticky":false,"template":"","format":"standard","meta":{"footnotes":""},"categories":[589,1,590],"tags":[526,525],"class_list":["post-1743","post","type-post","status-publish","format-standard","has-post-thumbnail","hentry","category-medier","category-okategoriserade","category-politik","tag-sodermalm","tag-stockholm"],"_links":{"self":[{"href":"http:\/\/www.susannavaris.com\/blogg\/wp-json\/wp\/v2\/posts\/1743","targetHints":{"allow":["GET"]}}],"collection":[{"href":"http:\/\/www.susannavaris.com\/blogg\/wp-json\/wp\/v2\/posts"}],"about":[{"href":"http:\/\/www.susannavaris.com\/blogg\/wp-json\/wp\/v2\/types\/post"}],"author":[{"embeddable":true,"href":"http:\/\/www.susannavaris.com\/blogg\/wp-json\/wp\/v2\/users\/1"}],"replies":[{"embeddable":true,"href":"http:\/\/www.susannavaris.com\/blogg\/wp-json\/wp\/v2\/comments?post=1743"}],"version-history":[{"count":6,"href":"http:\/\/www.susannavaris.com\/blogg\/wp-json\/wp\/v2\/posts\/1743\/revisions"}],"predecessor-version":[{"id":2043,"href":"http:\/\/www.susannavaris.com\/blogg\/wp-json\/wp\/v2\/posts\/1743\/revisions\/2043"}],"wp:featuredmedia":[{"embeddable":true,"href":"http:\/\/www.susannavaris.com\/blogg\/wp-json\/wp\/v2\/media\/1746"}],"wp:attachment":[{"href":"http:\/\/www.susannavaris.com\/blogg\/wp-json\/wp\/v2\/media?parent=1743"}],"wp:term":[{"taxonomy":"category","embeddable":true,"href":"http:\/\/www.susannavaris.com\/blogg\/wp-json\/wp\/v2\/categories?post=1743"},{"taxonomy":"post_tag","embeddable":true,"href":"http:\/\/www.susannavaris.com\/blogg\/wp-json\/wp\/v2\/tags?post=1743"}],"curies":[{"name":"wp","href":"https:\/\/api.w.org\/{rel}","templated":true}]}}