{"id":1778,"date":"2011-08-13T12:40:46","date_gmt":"2011-08-13T10:40:46","guid":{"rendered":"http:\/\/www.susannavaris.com\/blogg\/?p=1778"},"modified":"2023-02-15T11:43:55","modified_gmt":"2023-02-15T10:43:55","slug":"konst-vid-cern","status":"publish","type":"post","link":"http:\/\/www.susannavaris.com\/blogg\/2011\/08\/konst-vid-cern\/","title":{"rendered":"Konst vid CERN"},"content":{"rendered":"<div class=\"wp-block-image\">\n<figure class=\"aligncenter size-large\"><img loading=\"lazy\" decoding=\"async\" width=\"1024\" height=\"726\" src=\"http:\/\/www.susannavaris.com\/blogg\/wp-content\/uploads\/2023\/02\/000-Alicelead3-1024x726.jpg\" alt=\"\" class=\"wp-image-17940\" title=\"cern1011252_18-A5-at-72-dpi\" srcset=\"http:\/\/www.susannavaris.com\/blogg\/wp-content\/uploads\/2023\/02\/000-Alicelead3-1024x726.jpg 1024w, http:\/\/www.susannavaris.com\/blogg\/wp-content\/uploads\/2023\/02\/000-Alicelead3-300x213.jpg 300w, http:\/\/www.susannavaris.com\/blogg\/wp-content\/uploads\/2023\/02\/000-Alicelead3-768x544.jpg 768w, http:\/\/www.susannavaris.com\/blogg\/wp-content\/uploads\/2023\/02\/000-Alicelead3.jpg 1496w\" sizes=\"auto, (max-width: 1024px) 100vw, 1024px\" \/><figcaption class=\"wp-element-caption\">One of the LHC&#8217;s first lead-ion collisions, as recorded by the ALICE detector. <a href=\"https:\/\/commons.wikimedia.org\/w\/index.php?title=User:Pcharito&amp;action=edit&amp;redlink=1\">Pcharito<\/a> &#8211; Own work &#8211; Wikipedia \/ <a rel=\"noreferrer noopener\" href=\"https:\/\/creativecommons.org\/licenses\/by-sa\/3.0\" target=\"_blank\">CC BY-SA 3.0<\/a> <\/figcaption><\/figure>\n<\/div>\n\n<div class=\"wp-block-image\">\n<figure class=\"aligncenter size-full\"><img loading=\"lazy\" decoding=\"async\" width=\"600\" height=\"477\" src=\"http:\/\/www.susannavaris.com\/blogg\/wp-content\/uploads\/2023\/02\/000-ALICE_pPb_event.jpg\" alt=\"\" class=\"wp-image-17942\" title=\"cern1011252_09-A5-at-72-dpi\" srcset=\"http:\/\/www.susannavaris.com\/blogg\/wp-content\/uploads\/2023\/02\/000-ALICE_pPb_event.jpg 600w, http:\/\/www.susannavaris.com\/blogg\/wp-content\/uploads\/2023\/02\/000-ALICE_pPb_event-300x239.jpg 300w\" sizes=\"auto, (max-width: 600px) 100vw, 600px\" \/><\/figure>\n<\/div>\n\n\n<p class=\"has-text-align-center\">Proton-Lead ion collision recorded by the ALICE Experiment on 13 September 2012 at a center of mass energy per colliding nucleon-nucleon pair of 5.02 TeV. <a href=\"https:\/\/commons.wikimedia.org\/w\/index.php?title=User:Pcharito&amp;action=edit&amp;redlink=1\">Pcharito<\/a> &#8211; Own work \/ Wikipedia \/ <a rel=\"noreferrer noopener\" href=\"https:\/\/creativecommons.org\/licenses\/by-sa\/3.0\" target=\"_blank\">CC BY-SA 3.0<\/a><\/p>\n\n\n\n<p class=\"has-text-align-center\"><a href=\"http:\/\/public.web.cern.ch\/public\/\">http:\/\/public.web.cern.ch\/public\/<\/a><\/p>\n\n\n\n<p>CERN (European Organization for Nuclear Research), det europeiska centret f\u00f6r nukle\u00e4r forskning (inte k\u00e4rnkraftsforskning, som de flesta tidningarna har \u00f6versatt det med), \u00e4r ju ett fascinerande st\u00e4lle f\u00f6r m\u00e5nga. Inte minst efter Dan Browns b\u00f6cker <em>Da Vinci-koden<\/em> och <em>\u00c4nglar och demoner<\/em>, d\u00e4r en b\u00e4rande ingrediens i handlingen \u00e4r de svarta h\u00e5len, producerade vid CERN, som hotar att sluka upp hela v\u00e5r existens.<\/p>\n\n\n\n<p>M\u00e5nga konstn\u00e4rer och musiker har redan inspirerats av verksamheten vid CERN och nu kommer en ny satsning p\u00e5 tv\u00e4rkulturellt m\u00f6te mellan konst och vetenskap. Tv\u00e5 konstprojekt per \u00e5r ska ges tillf\u00e4lle att arbeta vid CERN.<\/p>\n\n\n\n<p>Cern:s generaldirekt\u00f6r Rolf Heuer s\u00e4ger till Reuters:<\/p>\n\n\n\n<p>&#8221;Konsten och forskningen \u00e4r ouppl\u00f6sligt knutna till varandra: B\u00e5da \u00e4r s\u00e4tt att utforska v\u00e5r existens, vad det inneb\u00e4r att vara m\u00e4nniska och vilken v\u00e5r plats \u00e4r i universum.&#8221;<\/p>\n\n\n<div class=\"wp-block-image\">\n<figure class=\"aligncenter size-large\"><img loading=\"lazy\" decoding=\"async\" width=\"730\" height=\"1024\" src=\"http:\/\/www.susannavaris.com\/blogg\/wp-content\/uploads\/2023\/02\/000-800px-Interview_with_Rolf-Dieter_Heuer_2009_-_8-730x1024.jpg\" alt=\"\" class=\"wp-image-17944\" title=\"cern0809001_01-A4-at-144-dpi.preview\" srcset=\"http:\/\/www.susannavaris.com\/blogg\/wp-content\/uploads\/2023\/02\/000-800px-Interview_with_Rolf-Dieter_Heuer_2009_-_8-730x1024.jpg 730w, http:\/\/www.susannavaris.com\/blogg\/wp-content\/uploads\/2023\/02\/000-800px-Interview_with_Rolf-Dieter_Heuer_2009_-_8-214x300.jpg 214w, http:\/\/www.susannavaris.com\/blogg\/wp-content\/uploads\/2023\/02\/000-800px-Interview_with_Rolf-Dieter_Heuer_2009_-_8-768x1077.jpg 768w, http:\/\/www.susannavaris.com\/blogg\/wp-content\/uploads\/2023\/02\/000-800px-Interview_with_Rolf-Dieter_Heuer_2009_-_8.jpg 800w\" sizes=\"auto, (max-width: 730px) 100vw, 730px\" \/><figcaption class=\"wp-element-caption\">Rolf-Dieter Heuer, the Director-General of CERN from 2009 to date. CERN\/Maximilien Brice &#8211; <a href=\"https:\/\/cds.cern.ch\/record\/1154951\">https:\/\/cds.cern.ch\/record\/1154951<\/a> \/ <a rel=\"noreferrer noopener\" href=\"https:\/\/creativecommons.org\/licenses\/by-sa\/3.0\" target=\"_blank\">CC BY-SA 3.0<\/a><\/figcaption><\/figure>\n<\/div>\n\n\n<p class=\"has-text-align-center\"><em>Rolf Heuer<\/em><\/p>\n\n\n\n<p class=\"has-text-align-center\">Av n\u00e5gon anledning associerar jag till Lady Gagas video f\u00f6r l\u00e5ten <em>Born this Way<\/em>, d\u00e4r hon som en slags utomjordisk drottning f\u00f6der fram ett gott och ett ont m\u00e4nniskosl\u00e4kte.<\/p>\n\n\n\n<figure class=\"wp-block-embed is-type-video is-provider-youtube wp-block-embed-youtube wp-embed-aspect-16-9 wp-has-aspect-ratio\"><div class=\"wp-block-embed__wrapper\">\n<iframe loading=\"lazy\" title=\"Lady Gaga - Born This Way (Official Music Video)\" width=\"640\" height=\"360\" src=\"https:\/\/www.youtube.com\/embed\/wV1FrqwZyKw?feature=oembed\" frameborder=\"0\" allow=\"accelerometer; autoplay; clipboard-write; encrypted-media; gyroscope; picture-in-picture; web-share\" referrerpolicy=\"strict-origin-when-cross-origin\" allowfullscreen><\/iframe>\n<\/div><\/figure>\n\n\n\n<p class=\"has-text-align-center\"><em>Lady Gaga, Born This Way<\/em><\/p>\n","protected":false},"excerpt":{"rendered":"<p>Proton-Lead ion collision recorded by the ALICE Experiment on 13 September 2012 at a center of mass energy per colliding nucleon-nucleon pair of 5.02 TeV. Pcharito &#8211; Own work \/ Wikipedia \/ CC BY-SA 3.0 http:\/\/public.web.cern.ch\/public\/ CERN (European Organization for &hellip; <a href=\"http:\/\/www.susannavaris.com\/blogg\/2011\/08\/konst-vid-cern\/\">Forts\u00e4tt l\u00e4sa <span class=\"meta-nav\">&rarr;<\/span><\/a><\/p>\n","protected":false},"author":1,"featured_media":1780,"comment_status":"open","ping_status":"open","sticky":false,"template":"","format":"standard","meta":{"footnotes":""},"categories":[3,1,117],"tags":[530,531,533,527,17,529,18,532,528],"class_list":["post-1778","post","type-post","status-publish","format-standard","has-post-thumbnail","hentry","category-konst","category-okategoriserade","category-vetenskap","tag-bly","tag-blyjon","tag-born-this-way","tag-cern","tag-konst-2","tag-konstprojekt","tag-lady-gaga-2","tag-nuklear-forskning","tag-rolf-heuer"],"_links":{"self":[{"href":"http:\/\/www.susannavaris.com\/blogg\/wp-json\/wp\/v2\/posts\/1778","targetHints":{"allow":["GET"]}}],"collection":[{"href":"http:\/\/www.susannavaris.com\/blogg\/wp-json\/wp\/v2\/posts"}],"about":[{"href":"http:\/\/www.susannavaris.com\/blogg\/wp-json\/wp\/v2\/types\/post"}],"author":[{"embeddable":true,"href":"http:\/\/www.susannavaris.com\/blogg\/wp-json\/wp\/v2\/users\/1"}],"replies":[{"embeddable":true,"href":"http:\/\/www.susannavaris.com\/blogg\/wp-json\/wp\/v2\/comments?post=1778"}],"version-history":[{"count":8,"href":"http:\/\/www.susannavaris.com\/blogg\/wp-json\/wp\/v2\/posts\/1778\/revisions"}],"predecessor-version":[{"id":17948,"href":"http:\/\/www.susannavaris.com\/blogg\/wp-json\/wp\/v2\/posts\/1778\/revisions\/17948"}],"wp:featuredmedia":[{"embeddable":true,"href":"http:\/\/www.susannavaris.com\/blogg\/wp-json\/wp\/v2\/media\/1780"}],"wp:attachment":[{"href":"http:\/\/www.susannavaris.com\/blogg\/wp-json\/wp\/v2\/media?parent=1778"}],"wp:term":[{"taxonomy":"category","embeddable":true,"href":"http:\/\/www.susannavaris.com\/blogg\/wp-json\/wp\/v2\/categories?post=1778"},{"taxonomy":"post_tag","embeddable":true,"href":"http:\/\/www.susannavaris.com\/blogg\/wp-json\/wp\/v2\/tags?post=1778"}],"curies":[{"name":"wp","href":"https:\/\/api.w.org\/{rel}","templated":true}]}}