{"id":181,"date":"2011-05-11T22:19:37","date_gmt":"2011-05-11T20:19:37","guid":{"rendered":"http:\/\/www.susannavaris.com\/blogg\/?p=181"},"modified":"2023-02-13T15:19:01","modified_gmt":"2023-02-13T14:19:01","slug":"en-liten-somndans","status":"publish","type":"post","link":"http:\/\/www.susannavaris.com\/blogg\/2011\/05\/en-liten-somndans\/","title":{"rendered":"En liten s\u00f6mndans"},"content":{"rendered":"\n<p class=\"has-text-align-center\">Hj\u00e4rtat dunkar som vanligt i br\u00f6stkorgen lite f\u00f6r snabbt, lite f\u00f6r kraftigt. jag hoppas att jag f\u00e5r sova inatt. D\u00e4rf\u00f6r k\u00f6r jag en liten s\u00f6mndans h\u00e4r p\u00e5 bloggen.<\/p>\n\n\n<div class=\"wp-block-image\">\n<figure class=\"aligncenter size-full\"><img loading=\"lazy\" decoding=\"async\" width=\"302\" height=\"300\" src=\"http:\/\/www.susannavaris.com\/blogg\/wp-content\/uploads\/2023\/02\/000-Marilyn_Manson_-_Eat_Me_Drink_Me.png\" alt=\"\" class=\"wp-image-17641\" title=\"manson 240\" srcset=\"http:\/\/www.susannavaris.com\/blogg\/wp-content\/uploads\/2023\/02\/000-Marilyn_Manson_-_Eat_Me_Drink_Me.png 302w, http:\/\/www.susannavaris.com\/blogg\/wp-content\/uploads\/2023\/02\/000-Marilyn_Manson_-_Eat_Me_Drink_Me-300x298.png 300w, http:\/\/www.susannavaris.com\/blogg\/wp-content\/uploads\/2023\/02\/000-Marilyn_Manson_-_Eat_Me_Drink_Me-150x150.png 150w\" sizes=\"auto, (max-width: 302px) 100vw, 302px\" \/><figcaption class=\"wp-element-caption\">Photo: Wikipedia\/fair use<\/figcaption><\/figure>\n<\/div>\n\n\n<p class=\"has-text-align-center\"><em>www.marilynmanson.com<\/em><\/p>\n\n\n\n<p class=\"has-text-align-center\">Bachs <em>Air <\/em>och Beethovens <em>M\u00e5nskenssonaten <\/em>i all \u00e4ra, men musik som jag helst lyssnar till om jag beh\u00f6ver koppla av eller sova kommer ifr\u00e5n (surprise!), Marilyn Manson. Hans mest utsk\u00e4llda album <em>Eat Me Drink Me<\/em>, \u00e4r f\u00f6r mig den optimala avslappningsmusiken. Dessutom \u00e4r den den indirekta anledningen till att jag b\u00f6rjade m\u00e5la och teckna igen. Mer om det n\u00e4r min hj\u00e4rna k\u00e4nns mer anv\u00e4ndbar.<\/p>\n\n\n\n<figure class=\"wp-block-image size-large\"><a href=\"http:\/\/www.susannavaris.com\/blogg\/wp-content\/uploads\/2023\/02\/Bild-borttagen-2-scaled.jpg\"><img loading=\"lazy\" decoding=\"async\" width=\"1024\" height=\"1024\" src=\"http:\/\/www.susannavaris.com\/blogg\/wp-content\/uploads\/2023\/02\/Bild-borttagen-2-1024x1024.jpg\" alt=\"\" class=\"wp-image-17623\" srcset=\"http:\/\/www.susannavaris.com\/blogg\/wp-content\/uploads\/2023\/02\/Bild-borttagen-2-1024x1024.jpg 1024w, http:\/\/www.susannavaris.com\/blogg\/wp-content\/uploads\/2023\/02\/Bild-borttagen-2-300x300.jpg 300w, http:\/\/www.susannavaris.com\/blogg\/wp-content\/uploads\/2023\/02\/Bild-borttagen-2-150x150.jpg 150w, http:\/\/www.susannavaris.com\/blogg\/wp-content\/uploads\/2023\/02\/Bild-borttagen-2-768x768.jpg 768w, http:\/\/www.susannavaris.com\/blogg\/wp-content\/uploads\/2023\/02\/Bild-borttagen-2-1536x1536.jpg 1536w, http:\/\/www.susannavaris.com\/blogg\/wp-content\/uploads\/2023\/02\/Bild-borttagen-2-2048x2048.jpg 2048w\" sizes=\"auto, (max-width: 1024px) 100vw, 1024px\" \/><\/a><\/figure>\n\n\n\n<p class=\"has-text-align-center\"><em>Foton av Nela Koenig<\/em>: https:\/\/www.nelakoenig.com\/marilyn-manson\/<\/p>\n\n\n\n<p class=\"has-text-align-center\"><\/p>\n","protected":false},"excerpt":{"rendered":"<p>Hj\u00e4rtat dunkar som vanligt i br\u00f6stkorgen lite f\u00f6r snabbt, lite f\u00f6r kraftigt. jag hoppas att jag f\u00e5r sova inatt. D\u00e4rf\u00f6r k\u00f6r jag en liten s\u00f6mndans h\u00e4r p\u00e5 bloggen. www.marilynmanson.com Bachs Air och Beethovens M\u00e5nskenssonaten i all \u00e4ra, men musik som &hellip; <a href=\"http:\/\/www.susannavaris.com\/blogg\/2011\/05\/en-liten-somndans\/\">Forts\u00e4tt l\u00e4sa <span class=\"meta-nav\">&rarr;<\/span><\/a><\/p>\n","protected":false},"author":1,"featured_media":0,"comment_status":"open","ping_status":"open","sticky":false,"template":"","format":"standard","meta":{"footnotes":""},"categories":[12,1],"tags":[48,50,51,16,52,49],"class_list":["post-181","post","type-post","status-publish","format-standard","hentry","category-marilyn-manson","category-okategoriserade","tag-blod","tag-eat-me-drink-me","tag-insomnia","tag-marilyn-manson-2","tag-somnloshet","tag-vampyr"],"_links":{"self":[{"href":"http:\/\/www.susannavaris.com\/blogg\/wp-json\/wp\/v2\/posts\/181","targetHints":{"allow":["GET"]}}],"collection":[{"href":"http:\/\/www.susannavaris.com\/blogg\/wp-json\/wp\/v2\/posts"}],"about":[{"href":"http:\/\/www.susannavaris.com\/blogg\/wp-json\/wp\/v2\/types\/post"}],"author":[{"embeddable":true,"href":"http:\/\/www.susannavaris.com\/blogg\/wp-json\/wp\/v2\/users\/1"}],"replies":[{"embeddable":true,"href":"http:\/\/www.susannavaris.com\/blogg\/wp-json\/wp\/v2\/comments?post=181"}],"version-history":[{"count":11,"href":"http:\/\/www.susannavaris.com\/blogg\/wp-json\/wp\/v2\/posts\/181\/revisions"}],"predecessor-version":[{"id":17643,"href":"http:\/\/www.susannavaris.com\/blogg\/wp-json\/wp\/v2\/posts\/181\/revisions\/17643"}],"wp:attachment":[{"href":"http:\/\/www.susannavaris.com\/blogg\/wp-json\/wp\/v2\/media?parent=181"}],"wp:term":[{"taxonomy":"category","embeddable":true,"href":"http:\/\/www.susannavaris.com\/blogg\/wp-json\/wp\/v2\/categories?post=181"},{"taxonomy":"post_tag","embeddable":true,"href":"http:\/\/www.susannavaris.com\/blogg\/wp-json\/wp\/v2\/tags?post=181"}],"curies":[{"name":"wp","href":"https:\/\/api.w.org\/{rel}","templated":true}]}}