{"id":1813,"date":"2011-08-15T12:44:33","date_gmt":"2011-08-15T10:44:33","guid":{"rendered":"http:\/\/www.susannavaris.com\/blogg\/?p=1813"},"modified":"2023-02-15T21:09:35","modified_gmt":"2023-02-15T20:09:35","slug":"dagens-gratulationer","status":"publish","type":"post","link":"http:\/\/www.susannavaris.com\/blogg\/2011\/08\/dagens-gratulationer\/","title":{"rendered":"Dagens gratulationer"},"content":{"rendered":"<div class=\"wp-block-image\">\n<figure class=\"aligncenter size-large\"><img loading=\"lazy\" decoding=\"async\" width=\"724\" height=\"1024\" src=\"http:\/\/www.susannavaris.com\/blogg\/wp-content\/uploads\/2023\/02\/000-Baltikum-724x1024.png\" alt=\"\" class=\"wp-image-17954\" title=\"baltikum28103\" srcset=\"http:\/\/www.susannavaris.com\/blogg\/wp-content\/uploads\/2023\/02\/000-Baltikum-724x1024.png 724w, http:\/\/www.susannavaris.com\/blogg\/wp-content\/uploads\/2023\/02\/000-Baltikum-212x300.png 212w, http:\/\/www.susannavaris.com\/blogg\/wp-content\/uploads\/2023\/02\/000-Baltikum-768x1087.png 768w, http:\/\/www.susannavaris.com\/blogg\/wp-content\/uploads\/2023\/02\/000-Baltikum.png 800w\" sizes=\"auto, (max-width: 724px) 100vw, 724px\" \/><figcaption class=\"wp-element-caption\">De baltiska l\u00e4nderna. <a href=\"https:\/\/commons.wikimedia.org\/wiki\/User:Cattette\">Cattette<\/a> &#8211; Eget arbete \/ Wikipedia \/ <a rel=\"noreferrer noopener\" href=\"https:\/\/creativecommons.org\/licenses\/by-sa\/4.0\" target=\"_blank\">CC BY-SA 4.0<\/a><\/figcaption><\/figure>\n<\/div>\n\n\n<p class=\"has-text-align-center\"><em>De baltiska staterna<\/em><\/p>\n\n\n\n<p>&#8230;g\u00e5r till de baltiska staterna, vars 20-\u00e5riga frihetsdag h\u00f6gtidigh\u00e5lls idag!<\/p>\n\n\n\n<p>Bl a DN uppm\u00e4rksammar detta med en artikel p\u00e5 ledarsidan som gl\u00e4djande nog och f\u00f6r ovanlighetens skull (f\u00f6r ett svenskt medium) skriver n\u00e5got mera nyanserat om Sveriges roll under krigs\u00e5ren.<\/p>\n\n\n\n<p><a href=\"http:\/\/www.dn.se\/ledare\/huvudledare\/den-baltiska-laxan\">http:\/\/www.dn.se\/ledare\/huvudledare\/den-baltiska-laxan<\/a><\/p>\n\n\n<div class=\"wp-block-image\">\n<figure class=\"aligncenter\"><a href=\"http:\/\/www.susannavaris.com\/blogg\/wp-content\/uploads\/2011\/08\/riga201002-024.jpg\"><img loading=\"lazy\" decoding=\"async\" width=\"768\" height=\"1024\" src=\"http:\/\/www.susannavaris.com\/blogg\/wp-content\/uploads\/2011\/08\/riga201002-024-768x1024.jpg\" alt=\"\" class=\"wp-image-1815\" title=\"riga201002 024\" srcset=\"http:\/\/www.susannavaris.com\/blogg\/wp-content\/uploads\/2011\/08\/riga201002-024-768x1024.jpg 768w, http:\/\/www.susannavaris.com\/blogg\/wp-content\/uploads\/2011\/08\/riga201002-024-225x300.jpg 225w\" sizes=\"auto, (max-width: 768px) 100vw, 768px\" \/><\/a><\/figure>\n<\/div>\n\n\n<p class=\"has-text-align-center\"><em>Frihetsmonumentet i Riga<\/em><\/p>\n\n\n<div class=\"wp-block-image\">\n<figure class=\"aligncenter\"><a href=\"http:\/\/www.susannavaris.com\/blogg\/wp-content\/uploads\/2011\/08\/riga201002-026.jpg\"><img loading=\"lazy\" decoding=\"async\" width=\"1024\" height=\"768\" src=\"http:\/\/www.susannavaris.com\/blogg\/wp-content\/uploads\/2011\/08\/riga201002-026-1024x768.jpg\" alt=\"\" class=\"wp-image-1816\" title=\"riga201002 026\" srcset=\"http:\/\/www.susannavaris.com\/blogg\/wp-content\/uploads\/2011\/08\/riga201002-026-1024x768.jpg 1024w, http:\/\/www.susannavaris.com\/blogg\/wp-content\/uploads\/2011\/08\/riga201002-026-300x225.jpg 300w\" sizes=\"auto, (max-width: 1024px) 100vw, 1024px\" \/><\/a><\/figure>\n<\/div>\n\n\n<p class=\"has-text-align-center\"><em>Gamla stan i Riga<\/em><\/p>\n\n\n<div class=\"wp-block-image\">\n<figure class=\"aligncenter\"><a href=\"http:\/\/www.susannavaris.com\/blogg\/wp-content\/uploads\/2011\/08\/riga201002-030.jpg\"><img loading=\"lazy\" decoding=\"async\" width=\"1024\" height=\"768\" src=\"http:\/\/www.susannavaris.com\/blogg\/wp-content\/uploads\/2011\/08\/riga201002-030-1024x768.jpg\" alt=\"\" class=\"wp-image-1817\" title=\"riga201002 030\" srcset=\"http:\/\/www.susannavaris.com\/blogg\/wp-content\/uploads\/2011\/08\/riga201002-030-1024x768.jpg 1024w, http:\/\/www.susannavaris.com\/blogg\/wp-content\/uploads\/2011\/08\/riga201002-030-300x225.jpg 300w\" sizes=\"auto, (max-width: 1024px) 100vw, 1024px\" \/><\/a><\/figure>\n<\/div>\n\n\n<p class=\"has-text-align-center\"><em>P\u00e5 ett kaf\u00e9 i Riga. (Mina bilder fr\u00e5n Tallin-resorna ligger i &#8221;det stora skanningsprojektet i det sk arbetsrummet&#8230;)<\/em><\/p>\n","protected":false},"excerpt":{"rendered":"<p>De baltiska staterna &#8230;g\u00e5r till de baltiska staterna, vars 20-\u00e5riga frihetsdag h\u00f6gtidigh\u00e5lls idag! Bl a DN uppm\u00e4rksammar detta med en artikel p\u00e5 ledarsidan som gl\u00e4djande nog och f\u00f6r ovanlighetens skull (f\u00f6r ett svenskt medium) skriver n\u00e5got mera nyanserat om Sveriges &hellip; <a href=\"http:\/\/www.susannavaris.com\/blogg\/2011\/08\/dagens-gratulationer\/\">Forts\u00e4tt l\u00e4sa <span class=\"meta-nav\">&rarr;<\/span><\/a><\/p>\n","protected":false},"author":1,"featured_media":0,"comment_status":"open","ping_status":"open","sticky":false,"template":"","format":"standard","meta":{"footnotes":""},"categories":[674,1,590],"tags":[],"class_list":["post-1813","post","type-post","status-publish","format-standard","hentry","category-historia","category-okategoriserade","category-politik"],"_links":{"self":[{"href":"http:\/\/www.susannavaris.com\/blogg\/wp-json\/wp\/v2\/posts\/1813","targetHints":{"allow":["GET"]}}],"collection":[{"href":"http:\/\/www.susannavaris.com\/blogg\/wp-json\/wp\/v2\/posts"}],"about":[{"href":"http:\/\/www.susannavaris.com\/blogg\/wp-json\/wp\/v2\/types\/post"}],"author":[{"embeddable":true,"href":"http:\/\/www.susannavaris.com\/blogg\/wp-json\/wp\/v2\/users\/1"}],"replies":[{"embeddable":true,"href":"http:\/\/www.susannavaris.com\/blogg\/wp-json\/wp\/v2\/comments?post=1813"}],"version-history":[{"count":5,"href":"http:\/\/www.susannavaris.com\/blogg\/wp-json\/wp\/v2\/posts\/1813\/revisions"}],"predecessor-version":[{"id":17956,"href":"http:\/\/www.susannavaris.com\/blogg\/wp-json\/wp\/v2\/posts\/1813\/revisions\/17956"}],"wp:attachment":[{"href":"http:\/\/www.susannavaris.com\/blogg\/wp-json\/wp\/v2\/media?parent=1813"}],"wp:term":[{"taxonomy":"category","embeddable":true,"href":"http:\/\/www.susannavaris.com\/blogg\/wp-json\/wp\/v2\/categories?post=1813"},{"taxonomy":"post_tag","embeddable":true,"href":"http:\/\/www.susannavaris.com\/blogg\/wp-json\/wp\/v2\/tags?post=1813"}],"curies":[{"name":"wp","href":"https:\/\/api.w.org\/{rel}","templated":true}]}}