{"id":1855,"date":"2011-08-20T23:16:45","date_gmt":"2011-08-20T21:16:45","guid":{"rendered":"http:\/\/www.susannavaris.com\/blogg\/?p=1855"},"modified":"2011-08-20T23:16:45","modified_gmt":"2011-08-20T21:16:45","slug":"20-augusti-2011","status":"publish","type":"post","link":"http:\/\/www.susannavaris.com\/blogg\/2011\/08\/20-augusti-2011\/","title":{"rendered":"20. augusti 2011"},"content":{"rendered":"<p>Idag har det varit en innedag, det har regnat hela natten och n\u00e4stan hela dagen. Fortsatt skissande p\u00e5 mitt nya Manson-portr\u00e4tt&#8230;efter mycket om och men blev skissen klar och jag har \u00e4ven b\u00f6rjat m\u00e5la. St\u00f6rre delen av dagen gick till detta.<\/p>\n<p>Alla dessa Manson-portr\u00e4tt, varf\u00f6r g\u00f6r jag dem? Jag har besvarat den fr\u00e5gan otaliga g\u00e5nger och \u00e4ven skrivit om det i tidigare inl\u00e4gg. Min inspiration och passion till hans konstn\u00e4rskap var till b\u00f6rjan n\u00e4stan som en f\u00f6r\u00e4lskelse. Jag tycker fortfarande om att avbilda honom och det r\u00e4cker f\u00f6r mig. Alla portr\u00e4tten har inte n\u00e5gra st\u00f6rre tankar eller djup bakom sig, men en del finns det en slags symbolism i. En del har jag mest gjort f\u00f6r att \u00f6va upp min f\u00f6rm\u00e5ga igen, jag hade ju ett 15 \u00e5r l\u00e5ngt uppeh\u00e5ll i mitt skapande (som jag tack vare Marilyn Manson och Mia M\u00e4kil\u00e4 rycktes upp ur&#8230;)<\/p>\n<p>Den jag h\u00e5ller p\u00e5 med nu \u00e4r enkom f\u00f6r att jag vill testa akvarellm\u00e5lning i svartvit f\u00e4rgskala.<\/p>\n<p>S\u00e5 vad \u00e4r konst? Det tog l\u00e5ng tid f\u00f6r mig att b\u00f6rja kalla mig sj\u00e4lv f\u00f6r konstn\u00e4r, men jag k\u00e4nner mig bekv\u00e4m med den beteckningen nu. Mina tankar om vad konst \u00e4r f\u00e5r inte plats i detta inl\u00e4gg, men en kort version \u00e4r: konsten sitter i betraktarens \u00f6ga.<\/p>\n<p style=\"text-align: center;\"><a href=\"http:\/\/www.susannavaris.com\/blogg\/wp-content\/uploads\/2011\/08\/DSC_0610-60.jpg\"><img loading=\"lazy\" decoding=\"async\" class=\"aligncenter size-large wp-image-1856\" title=\"DSC_0610-60\" src=\"http:\/\/www.susannavaris.com\/blogg\/wp-content\/uploads\/2011\/08\/DSC_0610-60-1024x682.jpg\" alt=\"\" width=\"640\" height=\"426\" srcset=\"http:\/\/www.susannavaris.com\/blogg\/wp-content\/uploads\/2011\/08\/DSC_0610-60-1024x682.jpg 1024w, http:\/\/www.susannavaris.com\/blogg\/wp-content\/uploads\/2011\/08\/DSC_0610-60-300x199.jpg 300w\" sizes=\"auto, (max-width: 640px) 100vw, 640px\" \/><\/a><em>Dagens arbete<\/em><\/p>\n","protected":false},"excerpt":{"rendered":"<p>Idag har det varit en innedag, det har regnat hela natten och n\u00e4stan hela dagen. Fortsatt skissande p\u00e5 mitt nya Manson-portr\u00e4tt&#8230;efter mycket om och men blev skissen klar och jag har \u00e4ven b\u00f6rjat m\u00e5la. St\u00f6rre delen av dagen gick till &hellip; <a href=\"http:\/\/www.susannavaris.com\/blogg\/2011\/08\/20-augusti-2011\/\">Forts\u00e4tt l\u00e4sa <span class=\"meta-nav\">&rarr;<\/span><\/a><\/p>\n","protected":false},"author":1,"featured_media":1856,"comment_status":"open","ping_status":"open","sticky":false,"template":"","format":"standard","meta":{"footnotes":""},"categories":[7,13,3,12,1],"tags":[553,17,16,414,236],"class_list":["post-1855","post","type-post","status-publish","format-standard","has-post-thumbnail","hentry","category-egna-verk","category-inspiration","category-konst","category-marilyn-manson","category-okategoriserade","tag-akvarellmalning","tag-konst-2","tag-marilyn-manson-2","tag-mia-makila","tag-mm"],"_links":{"self":[{"href":"http:\/\/www.susannavaris.com\/blogg\/wp-json\/wp\/v2\/posts\/1855","targetHints":{"allow":["GET"]}}],"collection":[{"href":"http:\/\/www.susannavaris.com\/blogg\/wp-json\/wp\/v2\/posts"}],"about":[{"href":"http:\/\/www.susannavaris.com\/blogg\/wp-json\/wp\/v2\/types\/post"}],"author":[{"embeddable":true,"href":"http:\/\/www.susannavaris.com\/blogg\/wp-json\/wp\/v2\/users\/1"}],"replies":[{"embeddable":true,"href":"http:\/\/www.susannavaris.com\/blogg\/wp-json\/wp\/v2\/comments?post=1855"}],"version-history":[{"count":3,"href":"http:\/\/www.susannavaris.com\/blogg\/wp-json\/wp\/v2\/posts\/1855\/revisions"}],"predecessor-version":[{"id":1859,"href":"http:\/\/www.susannavaris.com\/blogg\/wp-json\/wp\/v2\/posts\/1855\/revisions\/1859"}],"wp:featuredmedia":[{"embeddable":true,"href":"http:\/\/www.susannavaris.com\/blogg\/wp-json\/wp\/v2\/media\/1856"}],"wp:attachment":[{"href":"http:\/\/www.susannavaris.com\/blogg\/wp-json\/wp\/v2\/media?parent=1855"}],"wp:term":[{"taxonomy":"category","embeddable":true,"href":"http:\/\/www.susannavaris.com\/blogg\/wp-json\/wp\/v2\/categories?post=1855"},{"taxonomy":"post_tag","embeddable":true,"href":"http:\/\/www.susannavaris.com\/blogg\/wp-json\/wp\/v2\/tags?post=1855"}],"curies":[{"name":"wp","href":"https:\/\/api.w.org\/{rel}","templated":true}]}}