{"id":1864,"date":"2011-08-22T21:40:44","date_gmt":"2011-08-22T19:40:44","guid":{"rendered":"http:\/\/www.susannavaris.com\/blogg\/?p=1864"},"modified":"2023-02-15T22:01:57","modified_gmt":"2023-02-15T21:01:57","slug":"vintermingel","status":"publish","type":"post","link":"http:\/\/www.susannavaris.com\/blogg\/2011\/08\/vintermingel\/","title":{"rendered":"Vintermingel"},"content":{"rendered":"\n<p>L\u00f6nearbetet har \u00e5ter kommit ig\u00e5ng och jag \u00e4r alldeles f\u00f6r tr\u00f6tt f\u00f6r att skriva n\u00e5got av vikt. Ist\u00e4llet blir det en tillbakablick.<\/p>\n\n\n\n<p>F\u00f6rra sommaren halkade jag in p\u00e5 n\u00e5gon sorts inbjudningslista och har under vintern och v\u00e5ren f\u00e5tt delta i allehanda roliga events. M\u00e5nga av dessa var specifikt riktade till bloggare, men eftersom jag ingen fungerande blogg hade d\u00e5, f\u00e5r jag k\u00f6ra en repris\/sammanfattning nu. (Den nya sortens marknadsf\u00f6ring, som vi vet, g\u00e5r genom bl a dessa kanaler; bloggm\u00f6ten och bloggare som sedan skriver om produkten i fr\u00e5ga.)<\/p>\n\n\n\n<p>Den f\u00f6rsta var Hallwyllska palatset som under h\u00f6sten startade dramatiserade rundvandringar i v\u00e5ningarna, med anst\u00e4llda och sk\u00e5despelare som agerade den gamla tidens tj\u00e4nstefolk. Invigningen, som jag var bjuden till, var riktigt sp\u00e4nnande, d\u00e5 den utspelades p\u00e5 kv\u00e4llen. Atmosf\u00e4ren var lite som i ett varuhus efter st\u00e4ngningsdags och vi fick \u00e4ven se delar som vanligtvis inte ing\u00e5r i visningen.<\/p>\n\n\n<div class=\"wp-block-image\">\n<figure class=\"aligncenter\"><a href=\"http:\/\/www.susannavaris.com\/blogg\/wp-content\/uploads\/2011\/08\/Hallwyl_Huset.jpg\"><img loading=\"lazy\" decoding=\"async\" width=\"492\" height=\"398\" src=\"http:\/\/www.susannavaris.com\/blogg\/wp-content\/uploads\/2011\/08\/Hallwyl_Huset.jpg\" alt=\"\" class=\"wp-image-1865\" title=\"Hallwyl_Huset\" srcset=\"http:\/\/www.susannavaris.com\/blogg\/wp-content\/uploads\/2011\/08\/Hallwyl_Huset.jpg 492w, http:\/\/www.susannavaris.com\/blogg\/wp-content\/uploads\/2011\/08\/Hallwyl_Huset-300x242.jpg 300w\" sizes=\"auto, (max-width: 492px) 100vw, 492px\" \/><\/a><\/figure>\n<\/div>\n\n\n<p class=\"has-text-align-center\"><em>Huset som tiden gl\u00f6mde<\/em><\/p>\n\n\n<div class=\"wp-block-image\">\n<figure class=\"aligncenter\"><a href=\"http:\/\/www.susannavaris.com\/blogg\/wp-content\/uploads\/2011\/08\/hallwyllska01.jpg\"><img loading=\"lazy\" decoding=\"async\" width=\"729\" height=\"488\" src=\"http:\/\/www.susannavaris.com\/blogg\/wp-content\/uploads\/2011\/08\/hallwyllska01.jpg\" alt=\"\" class=\"wp-image-1866\" title=\"hallwyllska01\" srcset=\"http:\/\/www.susannavaris.com\/blogg\/wp-content\/uploads\/2011\/08\/hallwyllska01.jpg 729w, http:\/\/www.susannavaris.com\/blogg\/wp-content\/uploads\/2011\/08\/hallwyllska01-300x200.jpg 300w\" sizes=\"auto, (max-width: 729px) 100vw, 729px\" \/><\/a><\/figure>\n<\/div>\n\n\n<p class=\"has-text-align-center\"><em>Jag th om statyn&#8230;<\/em><\/p>\n\n\n<div class=\"wp-block-image\">\n<figure class=\"aligncenter\"><a href=\"http:\/\/www.susannavaris.com\/blogg\/wp-content\/uploads\/2011\/08\/hallwylfotooknd06.jpg\"><img loading=\"lazy\" decoding=\"async\" width=\"729\" height=\"488\" src=\"http:\/\/www.susannavaris.com\/blogg\/wp-content\/uploads\/2011\/08\/hallwylfotooknd06.jpg\" alt=\"\" class=\"wp-image-1950\" title=\"hallwylfotooknd06\" srcset=\"http:\/\/www.susannavaris.com\/blogg\/wp-content\/uploads\/2011\/08\/hallwylfotooknd06.jpg 729w, http:\/\/www.susannavaris.com\/blogg\/wp-content\/uploads\/2011\/08\/hallwylfotooknd06-300x200.jpg 300w\" sizes=\"auto, (max-width: 729px) 100vw, 729px\" \/><\/a><\/figure>\n<\/div>\n\n\n<p class=\"has-text-align-center\"><\/p>\n\n\n<div class=\"wp-block-image\">\n<figure class=\"aligncenter\"><a href=\"http:\/\/www.susannavaris.com\/blogg\/wp-content\/uploads\/2011\/08\/hallwyllska02.jpg\"><img loading=\"lazy\" decoding=\"async\" width=\"640\" height=\"384\" src=\"http:\/\/www.susannavaris.com\/blogg\/wp-content\/uploads\/2011\/08\/hallwyllska02.jpg\" alt=\"\" class=\"wp-image-1867\" title=\"hallwyllska02\" srcset=\"http:\/\/www.susannavaris.com\/blogg\/wp-content\/uploads\/2011\/08\/hallwyllska02.jpg 640w, http:\/\/www.susannavaris.com\/blogg\/wp-content\/uploads\/2011\/08\/hallwyllska02-300x180.jpg 300w\" sizes=\"auto, (max-width: 640px) 100vw, 640px\" \/><\/a><\/figure>\n<\/div>\n\n\n<p class=\"has-text-align-center\"><em>Fotat med min telefon&#8230;tj\u00e4nstefolk in action<\/em><\/p>\n\n\n<div class=\"wp-block-image\">\n<figure class=\"aligncenter\"><a href=\"http:\/\/www.susannavaris.com\/blogg\/wp-content\/uploads\/2011\/08\/hallwyl60skuggeco02.jpg\"><img loading=\"lazy\" decoding=\"async\" width=\"1024\" height=\"748\" src=\"http:\/\/www.susannavaris.com\/blogg\/wp-content\/uploads\/2011\/08\/hallwyl60skuggeco02-1024x748.jpg\" alt=\"\" class=\"wp-image-1869\" title=\"hallwyl60skuggeco02\" srcset=\"http:\/\/www.susannavaris.com\/blogg\/wp-content\/uploads\/2011\/08\/hallwyl60skuggeco02-1024x748.jpg 1024w, http:\/\/www.susannavaris.com\/blogg\/wp-content\/uploads\/2011\/08\/hallwyl60skuggeco02-300x219.jpg 300w\" sizes=\"auto, (max-width: 1024px) 100vw, 1024px\" \/><\/a><\/figure>\n<\/div>\n\n\n<p class=\"has-text-align-center\"><em>Godsaker f\u00f6rbereds&#8230;(foto:Skuggeco)<\/em><\/p>\n\n\n<div class=\"wp-block-image\">\n<figure class=\"aligncenter size-large\"><img loading=\"lazy\" decoding=\"async\" width=\"1024\" height=\"1024\" src=\"http:\/\/www.susannavaris.com\/blogg\/wp-content\/uploads\/2023\/02\/Bild-borttagen-1024x1024.jpg\" alt=\"\" class=\"wp-image-17619\" title=\"hallwylizzasblog04\" srcset=\"http:\/\/www.susannavaris.com\/blogg\/wp-content\/uploads\/2023\/02\/Bild-borttagen-1024x1024.jpg 1024w, http:\/\/www.susannavaris.com\/blogg\/wp-content\/uploads\/2023\/02\/Bild-borttagen-300x300.jpg 300w, http:\/\/www.susannavaris.com\/blogg\/wp-content\/uploads\/2023\/02\/Bild-borttagen-150x150.jpg 150w, http:\/\/www.susannavaris.com\/blogg\/wp-content\/uploads\/2023\/02\/Bild-borttagen-768x768.jpg 768w, http:\/\/www.susannavaris.com\/blogg\/wp-content\/uploads\/2023\/02\/Bild-borttagen-1536x1536.jpg 1536w, http:\/\/www.susannavaris.com\/blogg\/wp-content\/uploads\/2023\/02\/Bild-borttagen-2048x2048.jpg 2048w\" sizes=\"auto, (max-width: 1024px) 100vw, 1024px\" \/><\/figure>\n<\/div>\n\n\n<p class=\"has-text-align-center\"><em>Nom nom nom&#8230;(foto:Izzasblogg)<\/em><\/p>\n\n\n<div class=\"wp-block-image\">\n<figure class=\"aligncenter\"><a href=\"http:\/\/www.susannavaris.com\/blogg\/wp-content\/uploads\/2011\/08\/hallwyl60skuggeco03.jpg\"><img loading=\"lazy\" decoding=\"async\" width=\"685\" height=\"1024\" src=\"http:\/\/www.susannavaris.com\/blogg\/wp-content\/uploads\/2011\/08\/hallwyl60skuggeco03-685x1024.jpg\" alt=\"\" class=\"wp-image-1871\" title=\"hallwyl60skuggeco03\" srcset=\"http:\/\/www.susannavaris.com\/blogg\/wp-content\/uploads\/2011\/08\/hallwyl60skuggeco03-685x1024.jpg 685w, http:\/\/www.susannavaris.com\/blogg\/wp-content\/uploads\/2011\/08\/hallwyl60skuggeco03-200x300.jpg 200w, http:\/\/www.susannavaris.com\/blogg\/wp-content\/uploads\/2011\/08\/hallwyl60skuggeco03.jpg 1555w\" sizes=\"auto, (max-width: 685px) 100vw, 685px\" \/><\/a><\/figure>\n<\/div>\n\n\n<p class=\"has-text-align-center\"><em>Mottagningskommit\u00e9n med Sophie Adolfsson och Tommie X (foto:Skuggeco)<\/em><\/p>\n\n\n<div class=\"wp-block-image\">\n<figure class=\"aligncenter\"><a href=\"http:\/\/www.susannavaris.com\/blogg\/wp-content\/uploads\/2011\/08\/hallwylska-012.jpg\"><img loading=\"lazy\" decoding=\"async\" width=\"1024\" height=\"768\" src=\"http:\/\/www.susannavaris.com\/blogg\/wp-content\/uploads\/2011\/08\/hallwylska-012-1024x768.jpg\" alt=\"\" class=\"wp-image-1872\" title=\"hallwylska 012\" srcset=\"http:\/\/www.susannavaris.com\/blogg\/wp-content\/uploads\/2011\/08\/hallwylska-012-1024x768.jpg 1024w, http:\/\/www.susannavaris.com\/blogg\/wp-content\/uploads\/2011\/08\/hallwylska-012-300x225.jpg 300w\" sizes=\"auto, (max-width: 1024px) 100vw, 1024px\" \/><\/a><\/figure>\n<\/div>\n\n\n<p class=\"has-text-align-center\"><em>En tack till v\u00e5ra sponsorer&#8230;<\/em><\/p>\n\n\n\n<p class=\"has-text-align-center\">N\u00e4sta tillst\u00e4llning blev invigningen f\u00f6r Medelhavsmus\u00e9:ets utst\u00e4llning Vita L\u00f6gner.<\/p>\n\n\n<div class=\"wp-block-image\">\n<figure class=\"aligncenter\"><a href=\"http:\/\/www.susannavaris.com\/blogg\/wp-content\/uploads\/2011\/08\/medelhavs05.jpg\"><img loading=\"lazy\" decoding=\"async\" width=\"199\" height=\"300\" src=\"http:\/\/www.susannavaris.com\/blogg\/wp-content\/uploads\/2011\/08\/medelhavs05.jpg\" alt=\"\" class=\"wp-image-1873\" title=\"medelhavs05\"\/><\/a><\/figure>\n<\/div>\n\n<div class=\"wp-block-image\">\n<figure class=\"aligncenter\"><a href=\"http:\/\/www.susannavaris.com\/blogg\/wp-content\/uploads\/2011\/08\/medelhavs01.jpg\"><img loading=\"lazy\" decoding=\"async\" width=\"720\" height=\"482\" src=\"http:\/\/www.susannavaris.com\/blogg\/wp-content\/uploads\/2011\/08\/medelhavs01.jpg\" alt=\"\" class=\"wp-image-1874\" title=\"medelhavs01\" srcset=\"http:\/\/www.susannavaris.com\/blogg\/wp-content\/uploads\/2011\/08\/medelhavs01.jpg 720w, http:\/\/www.susannavaris.com\/blogg\/wp-content\/uploads\/2011\/08\/medelhavs01-300x200.jpg 300w\" sizes=\"auto, (max-width: 720px) 100vw, 720px\" \/><\/a><\/figure>\n<\/div>\n\n\n<p class=\"has-text-align-center\"><em>Moderskan och jag blir fotade, v\u00e4rdinnan Linda Skugge i mitten. (Foto:Skuggeco)<\/em><\/p>\n\n\n<div class=\"wp-block-image\">\n<figure class=\"aligncenter\"><a href=\"http:\/\/www.susannavaris.com\/blogg\/wp-content\/uploads\/2011\/08\/medelhavs02.jpg\"><img loading=\"lazy\" decoding=\"async\" width=\"720\" height=\"482\" src=\"http:\/\/www.susannavaris.com\/blogg\/wp-content\/uploads\/2011\/08\/medelhavs02.jpg\" alt=\"\" class=\"wp-image-1875\" title=\"medelhavs02\" srcset=\"http:\/\/www.susannavaris.com\/blogg\/wp-content\/uploads\/2011\/08\/medelhavs02.jpg 720w, http:\/\/www.susannavaris.com\/blogg\/wp-content\/uploads\/2011\/08\/medelhavs02-300x200.jpg 300w\" sizes=\"auto, (max-width: 720px) 100vw, 720px\" \/><\/a><\/figure>\n<\/div>\n\n\n<p class=\"has-text-align-center\"><em>\u00d6nskem\u00e5let var att vi skulle b\u00e4ra n\u00e5gonting f\u00e4rgglatt och jag valde att dressa upp mig till ett trafikljus. Min v\u00e4ninna Louise hade mage att p\u00e5st\u00e5 att scarfen \u00e4r en tantscarf&#8230;(visserligen \u00e4rvd fr\u00e5n farmor, men&#8230;mummel mummel&#8230;) (Foto:Skuggeco)<\/em><\/p>\n\n\n<div class=\"wp-block-image\">\n<figure class=\"aligncenter\"><a href=\"http:\/\/www.susannavaris.com\/blogg\/wp-content\/uploads\/2011\/08\/vita60cawamedia04.jpg\"><img loading=\"lazy\" decoding=\"async\" width=\"1024\" height=\"768\" src=\"http:\/\/www.susannavaris.com\/blogg\/wp-content\/uploads\/2011\/08\/vita60cawamedia04-1024x768.jpg\" alt=\"\" class=\"wp-image-1878\" title=\"vita60cawamedia04\" srcset=\"http:\/\/www.susannavaris.com\/blogg\/wp-content\/uploads\/2011\/08\/vita60cawamedia04-1024x768.jpg 1024w, http:\/\/www.susannavaris.com\/blogg\/wp-content\/uploads\/2011\/08\/vita60cawamedia04-300x225.jpg 300w\" sizes=\"auto, (max-width: 1024px) 100vw, 1024px\" \/><\/a><\/figure>\n<\/div>\n\n\n<p class=\"has-text-align-center\"><em>Vilka sitter v\u00e4l vid f\u00f6nstret? (Foto:Cawamedia)<\/em><\/p>\n\n\n<div class=\"wp-block-image\">\n<figure class=\"aligncenter\"><a href=\"http:\/\/www.susannavaris.com\/blogg\/wp-content\/uploads\/2011\/08\/medelhavs06.jpg\"><img loading=\"lazy\" decoding=\"async\" width=\"288\" height=\"480\" src=\"http:\/\/www.susannavaris.com\/blogg\/wp-content\/uploads\/2011\/08\/medelhavs06.jpg\" alt=\"\" class=\"wp-image-1879\" title=\"medelhavs06\" srcset=\"http:\/\/www.susannavaris.com\/blogg\/wp-content\/uploads\/2011\/08\/medelhavs06.jpg 288w, http:\/\/www.susannavaris.com\/blogg\/wp-content\/uploads\/2011\/08\/medelhavs06-180x300.jpg 180w\" sizes=\"auto, (max-width: 288px) 100vw, 288px\" \/><\/a><\/figure>\n<\/div>\n\n\n<p class=\"has-text-align-center\"><em>Jag snodde \u00e5t mig ett mobilfoto p\u00e5 Linda&#8230;<\/em><\/p>\n\n\n<div class=\"wp-block-image\">\n<figure class=\"aligncenter\"><a href=\"http:\/\/www.susannavaris.com\/blogg\/wp-content\/uploads\/2011\/08\/vita01.jpg\"><img loading=\"lazy\" decoding=\"async\" width=\"288\" height=\"480\" src=\"http:\/\/www.susannavaris.com\/blogg\/wp-content\/uploads\/2011\/08\/vita01.jpg\" alt=\"\" class=\"wp-image-1880\" title=\"vita01\" srcset=\"http:\/\/www.susannavaris.com\/blogg\/wp-content\/uploads\/2011\/08\/vita01.jpg 288w, http:\/\/www.susannavaris.com\/blogg\/wp-content\/uploads\/2011\/08\/vita01-180x300.jpg 180w\" sizes=\"auto, (max-width: 288px) 100vw, 288px\" \/><\/a><\/figure>\n<\/div>\n\n\n<p class=\"has-text-align-center\"><em>Utst\u00e4llningen var mycket intressant och visade exempel p\u00e5 de antika statyer vi vanligtvis f\u00f6rest\u00e4ller oss som vita, men som oftast var f\u00e4rgglatt m\u00e5lade.<\/em><\/p>\n\n\n<div class=\"wp-block-image\">\n<figure class=\"aligncenter\"><a href=\"http:\/\/www.susannavaris.com\/blogg\/wp-content\/uploads\/2011\/08\/vita60cawamedia02.jpg\"><img loading=\"lazy\" decoding=\"async\" width=\"768\" height=\"1024\" src=\"http:\/\/www.susannavaris.com\/blogg\/wp-content\/uploads\/2011\/08\/vita60cawamedia02-768x1024.jpg\" alt=\"\" class=\"wp-image-1881\" title=\"vita60cawamedia02\" srcset=\"http:\/\/www.susannavaris.com\/blogg\/wp-content\/uploads\/2011\/08\/vita60cawamedia02-768x1024.jpg 768w, http:\/\/www.susannavaris.com\/blogg\/wp-content\/uploads\/2011\/08\/vita60cawamedia02-225x300.jpg 225w, http:\/\/www.susannavaris.com\/blogg\/wp-content\/uploads\/2011\/08\/vita60cawamedia02.jpg 1800w\" sizes=\"auto, (max-width: 768px) 100vw, 768px\" \/><\/a><\/figure>\n<\/div>\n\n\n<p class=\"has-text-align-center\"><em>Och vilka spatserar v\u00e4l i bakgrunden, strax th om statyn? (Foto:Cawamedia)<\/em><\/p>\n\n\n\n<p class=\"has-text-align-center\">Sedan var det dags f\u00f6r Dansens Hus. F\u00f6rest\u00e4llningen Ekmans triptyk med Cullbergbaletten skulle premi\u00e4rvisas och fotografering var f\u00f6rbjudet under f\u00f6rest\u00e4llningen.<\/p>\n\n\n<div class=\"wp-block-image\">\n<figure class=\"aligncenter\"><a href=\"http:\/\/www.susannavaris.com\/blogg\/wp-content\/uploads\/2011\/08\/cullberg01.jpg\"><img loading=\"lazy\" decoding=\"async\" width=\"720\" height=\"482\" src=\"http:\/\/www.susannavaris.com\/blogg\/wp-content\/uploads\/2011\/08\/cullberg01.jpg\" alt=\"\" class=\"wp-image-1882\" title=\"cullberg01\" srcset=\"http:\/\/www.susannavaris.com\/blogg\/wp-content\/uploads\/2011\/08\/cullberg01.jpg 720w, http:\/\/www.susannavaris.com\/blogg\/wp-content\/uploads\/2011\/08\/cullberg01-300x200.jpg 300w\" sizes=\"auto, (max-width: 720px) 100vw, 720px\" \/><\/a><\/figure>\n<\/div>\n\n\n<p class=\"has-text-align-center\"><em>Borta till h\u00f6ger&#8230;mingling with myself<\/em><\/p>\n\n\n<div class=\"wp-block-image\">\n<figure class=\"aligncenter\"><a href=\"http:\/\/www.susannavaris.com\/blogg\/wp-content\/uploads\/2011\/08\/cullberg02.jpg\"><img loading=\"lazy\" decoding=\"async\" width=\"720\" height=\"482\" src=\"http:\/\/www.susannavaris.com\/blogg\/wp-content\/uploads\/2011\/08\/cullberg02.jpg\" alt=\"\" class=\"wp-image-1883\" title=\"cullberg02\" srcset=\"http:\/\/www.susannavaris.com\/blogg\/wp-content\/uploads\/2011\/08\/cullberg02.jpg 720w, http:\/\/www.susannavaris.com\/blogg\/wp-content\/uploads\/2011\/08\/cullberg02-300x200.jpg 300w\" sizes=\"auto, (max-width: 720px) 100vw, 720px\" \/><\/a><\/figure>\n<\/div>\n\n\n<p class=\"has-text-align-center\"><em>Fj\u00e4derfoto<\/em><\/p>\n\n\n<div class=\"wp-block-image\">\n<figure class=\"aligncenter\"><a href=\"http:\/\/www.susannavaris.com\/blogg\/wp-content\/uploads\/2011\/08\/cullberg03.jpg\"><img loading=\"lazy\" decoding=\"async\" width=\"720\" height=\"540\" src=\"http:\/\/www.susannavaris.com\/blogg\/wp-content\/uploads\/2011\/08\/cullberg03.jpg\" alt=\"\" class=\"wp-image-1884\" title=\"cullberg03\" srcset=\"http:\/\/www.susannavaris.com\/blogg\/wp-content\/uploads\/2011\/08\/cullberg03.jpg 720w, http:\/\/www.susannavaris.com\/blogg\/wp-content\/uploads\/2011\/08\/cullberg03-300x225.jpg 300w\" sizes=\"auto, (max-width: 720px) 100vw, 720px\" \/><\/a><\/figure>\n<\/div>\n\n\n<p class=\"has-text-align-center\"><em>F\u00f6rst ber\u00e4ttade koreografen Alexander Ekman om sin skapelse. Marie Serneholt, som \u00e4r skolkamrat, eller var det tom klasskamrat med Ekman, sitter i raden strax nedanf\u00f6r mig. Jag l\u00e4ngst upp th, som vanligt.<\/em><\/p>\n\n\n<div class=\"wp-block-image\">\n<figure class=\"aligncenter\"><a href=\"http:\/\/www.susannavaris.com\/blogg\/wp-content\/uploads\/2011\/08\/cullberg04.jpg\"><img loading=\"lazy\" decoding=\"async\" width=\"288\" height=\"480\" src=\"http:\/\/www.susannavaris.com\/blogg\/wp-content\/uploads\/2011\/08\/cullberg04.jpg\" alt=\"\" class=\"wp-image-1885\" title=\"cullberg04\" srcset=\"http:\/\/www.susannavaris.com\/blogg\/wp-content\/uploads\/2011\/08\/cullberg04.jpg 288w, http:\/\/www.susannavaris.com\/blogg\/wp-content\/uploads\/2011\/08\/cullberg04-180x300.jpg 180w\" sizes=\"auto, (max-width: 288px) 100vw, 288px\" \/><\/a><\/figure>\n<\/div>\n\n\n<p class=\"has-text-align-center\"><em>Alexander Ekman med intervjuare.<\/em><\/p>\n\n\n<div class=\"wp-block-image\">\n<figure class=\"aligncenter\"><a href=\"http:\/\/www.susannavaris.com\/blogg\/wp-content\/uploads\/2011\/08\/73291_445556056834_725571834_5857637_177986_n.jpg\"><img loading=\"lazy\" decoding=\"async\" width=\"720\" height=\"482\" src=\"http:\/\/www.susannavaris.com\/blogg\/wp-content\/uploads\/2011\/08\/73291_445556056834_725571834_5857637_177986_n.jpg\" alt=\"\" class=\"wp-image-1902\" title=\"73291_445556056834_725571834_5857637_177986_n\" srcset=\"http:\/\/www.susannavaris.com\/blogg\/wp-content\/uploads\/2011\/08\/73291_445556056834_725571834_5857637_177986_n.jpg 720w, http:\/\/www.susannavaris.com\/blogg\/wp-content\/uploads\/2011\/08\/73291_445556056834_725571834_5857637_177986_n-300x200.jpg 300w\" sizes=\"auto, (max-width: 720px) 100vw, 720px\" \/><\/a><\/figure>\n<\/div>\n\n\n<p class=\"has-text-align-center\"><em>Foto:Skuggego<\/em><\/p>\n\n\n\n<p class=\"has-text-align-center\">Katti Hoflin, som jag satt bredvid p\u00e5 f\u00f6rest\u00e4llningen och Linda Skugge. Katti fr\u00e5gade mig i halvleken om vad jag tyckte. Jag minns inte riktigt vad jag sa, modern dans \u00e4r inte min paradgren, men jag vill minnas att det var n\u00e5got om de hastiga klippen och det mycket snabba fl\u00f6det av intryck. Jag f\u00f6reslog att det kanske hade en avsikt att spegla just snabbheten i intrycken vi numera f\u00e5r, fr\u00e4mst genom internet. Uppm\u00e4rksamhetsspannet \u00e4r nu s\u00e5 minimalt.<\/p>\n\n\n<div class=\"wp-block-image\">\n<figure class=\"aligncenter size-large\"><img loading=\"lazy\" decoding=\"async\" width=\"1024\" height=\"1024\" src=\"http:\/\/www.susannavaris.com\/blogg\/wp-content\/uploads\/2023\/02\/Bild-borttagen-1024x1024.jpg\" alt=\"\" class=\"wp-image-17619\" title=\"Ekmans Triptyk Cullbergbaletten15 mars 2010\" srcset=\"http:\/\/www.susannavaris.com\/blogg\/wp-content\/uploads\/2023\/02\/Bild-borttagen-1024x1024.jpg 1024w, http:\/\/www.susannavaris.com\/blogg\/wp-content\/uploads\/2023\/02\/Bild-borttagen-300x300.jpg 300w, http:\/\/www.susannavaris.com\/blogg\/wp-content\/uploads\/2023\/02\/Bild-borttagen-150x150.jpg 150w, http:\/\/www.susannavaris.com\/blogg\/wp-content\/uploads\/2023\/02\/Bild-borttagen-768x768.jpg 768w, http:\/\/www.susannavaris.com\/blogg\/wp-content\/uploads\/2023\/02\/Bild-borttagen-1536x1536.jpg 1536w, http:\/\/www.susannavaris.com\/blogg\/wp-content\/uploads\/2023\/02\/Bild-borttagen-2048x2048.jpg 2048w\" sizes=\"auto, (max-width: 1024px) 100vw, 1024px\" \/><\/figure>\n<\/div>\n\n\n<p class=\"has-text-align-center\"><em>Sista partiet, med en naken man med elvismask, som rullar sig \u00f6ver scenen till Blue Moon fl\u00f6g h\u00f6gt \u00f6ver min arma skalle.<\/em><\/p>\n\n\n<div class=\"wp-block-image\">\n<figure class=\"aligncenter\"><a href=\"http:\/\/www.susannavaris.com\/blogg\/wp-content\/uploads\/2011\/08\/cullberg05.jpg\"><img loading=\"lazy\" decoding=\"async\" width=\"288\" height=\"480\" src=\"http:\/\/www.susannavaris.com\/blogg\/wp-content\/uploads\/2011\/08\/cullberg05.jpg\" alt=\"\" class=\"wp-image-1889\" title=\"cullberg05\" srcset=\"http:\/\/www.susannavaris.com\/blogg\/wp-content\/uploads\/2011\/08\/cullberg05.jpg 288w, http:\/\/www.susannavaris.com\/blogg\/wp-content\/uploads\/2011\/08\/cullberg05-180x300.jpg 180w\" sizes=\"auto, (max-width: 288px) 100vw, 288px\" \/><\/a><\/figure>\n<\/div>\n\n\n<p class=\"has-text-align-center\"><em>Hemma igen<\/em><\/p>\n\n\n<div class=\"wp-block-image\">\n<figure class=\"aligncenter\"><a href=\"http:\/\/www.susannavaris.com\/blogg\/wp-content\/uploads\/2011\/08\/cullberg101019-013.jpg\"><img loading=\"lazy\" decoding=\"async\" width=\"1024\" height=\"768\" src=\"http:\/\/www.susannavaris.com\/blogg\/wp-content\/uploads\/2011\/08\/cullberg101019-013-1024x768.jpg\" alt=\"\" class=\"wp-image-1890\" title=\"cullberg101019 013\" srcset=\"http:\/\/www.susannavaris.com\/blogg\/wp-content\/uploads\/2011\/08\/cullberg101019-013-1024x768.jpg 1024w, http:\/\/www.susannavaris.com\/blogg\/wp-content\/uploads\/2011\/08\/cullberg101019-013-300x225.jpg 300w\" sizes=\"auto, (max-width: 1024px) 100vw, 1024px\" \/><\/a><\/figure>\n<\/div>\n\n\n<p class=\"has-text-align-center\"><em>Och s\u00e5 ett tack till v\u00e5ra sponsorer. Vi fick \u00e4ven gratisbiljetter till en ytterligare dansf\u00f6rest\u00e4llning&#8230;<\/em><\/p>\n\n\n<div class=\"wp-block-image\">\n<figure class=\"aligncenter size-large\"><img loading=\"lazy\" decoding=\"async\" width=\"1024\" height=\"1024\" src=\"http:\/\/www.susannavaris.com\/blogg\/wp-content\/uploads\/2023\/02\/Bild-borttagen-1024x1024.jpg\" alt=\"\" class=\"wp-image-17619\" title=\"4AlainBuffard3_630x360\" srcset=\"http:\/\/www.susannavaris.com\/blogg\/wp-content\/uploads\/2023\/02\/Bild-borttagen-1024x1024.jpg 1024w, http:\/\/www.susannavaris.com\/blogg\/wp-content\/uploads\/2023\/02\/Bild-borttagen-300x300.jpg 300w, http:\/\/www.susannavaris.com\/blogg\/wp-content\/uploads\/2023\/02\/Bild-borttagen-150x150.jpg 150w, http:\/\/www.susannavaris.com\/blogg\/wp-content\/uploads\/2023\/02\/Bild-borttagen-768x768.jpg 768w, http:\/\/www.susannavaris.com\/blogg\/wp-content\/uploads\/2023\/02\/Bild-borttagen-1536x1536.jpg 1536w, http:\/\/www.susannavaris.com\/blogg\/wp-content\/uploads\/2023\/02\/Bild-borttagen-2048x2048.jpg 2048w\" sizes=\"auto, (max-width: 1024px) 100vw, 1024px\" \/><\/figure>\n<\/div>\n\n\n<p class=\"has-text-align-center\"><em>Vi (jag) valde PI:ES Alain Buffard (Not) a Love Song. Det kunde inte ha blivit b\u00e4ttre. Uffe, som till en b\u00f6rjan var&#8230;hrm&#8230;ganska skeptisk, tyckte att f\u00f6rest\u00e4llningen var fantastisk. Jag tror att kombinationen briljant musik, allt fr\u00e5n portugisisk fado till punk, briljanta musiker och briljant dans fick honom p\u00e5 fall. F\u00f6r min egen del ingick \u00e4ven mode som en krydda. Tv\u00e5 \u00e5ldrande divor som b\u00f6kar sig genom Chanel och Dior&#8230;oemotst\u00e5ndligt.<\/em><\/p>\n\n\n\n<p class=\"has-text-align-center\">N\u00e4sta katt till rakning var en bloggfrukost p\u00e5 Clarion hotel, Ringv\u00e4gen. Non Smoking Generation ville uppm\u00e4rksamma att r\u00f6kningen nu \u00e5ter \u00f6kar bland ungdomar och fr\u00e4mst bland unga flickor. Ett antal bloggare var inbjudna f\u00f6r att informeras och diskutera. \u00c4ven Sveriges st\u00f6rsta bloggerska Kissie d\u00f6k upp till slut.<\/p>\n\n\n<div class=\"wp-block-image\">\n<figure class=\"aligncenter\"><a href=\"http:\/\/www.susannavaris.com\/blogg\/wp-content\/uploads\/2011\/08\/nonsmoking01.jpg\"><img loading=\"lazy\" decoding=\"async\" width=\"768\" height=\"1024\" src=\"http:\/\/www.susannavaris.com\/blogg\/wp-content\/uploads\/2011\/08\/nonsmoking01-768x1024.jpg\" alt=\"\" class=\"wp-image-1892\" title=\"nonsmoking01\" srcset=\"http:\/\/www.susannavaris.com\/blogg\/wp-content\/uploads\/2011\/08\/nonsmoking01-768x1024.jpg 768w, http:\/\/www.susannavaris.com\/blogg\/wp-content\/uploads\/2011\/08\/nonsmoking01-225x300.jpg 225w, http:\/\/www.susannavaris.com\/blogg\/wp-content\/uploads\/2011\/08\/nonsmoking01.jpg 1536w\" sizes=\"auto, (max-width: 768px) 100vw, 768px\" \/><\/a><\/figure>\n<\/div>\n\n<div class=\"wp-block-image\">\n<figure class=\"aligncenter\"><a href=\"http:\/\/www.susannavaris.com\/blogg\/wp-content\/uploads\/2011\/08\/nonsmoking03.jpg\"><img loading=\"lazy\" decoding=\"async\" width=\"540\" height=\"720\" src=\"http:\/\/www.susannavaris.com\/blogg\/wp-content\/uploads\/2011\/08\/nonsmoking03.jpg\" alt=\"\" class=\"wp-image-1893\" title=\"nonsmoking03\" srcset=\"http:\/\/www.susannavaris.com\/blogg\/wp-content\/uploads\/2011\/08\/nonsmoking03.jpg 540w, http:\/\/www.susannavaris.com\/blogg\/wp-content\/uploads\/2011\/08\/nonsmoking03-225x300.jpg 225w\" sizes=\"auto, (max-width: 540px) 100vw, 540px\" \/><\/a><\/figure>\n<\/div>\n\n\n<p class=\"has-text-align-center\"><em>Underbar fika-\/frukostbuff\u00e9. (Foto \u00f6verst:Skuggeco)<\/em><\/p>\n\n\n<div class=\"wp-block-image\">\n<figure class=\"aligncenter size-large\"><img loading=\"lazy\" decoding=\"async\" width=\"1024\" height=\"1024\" src=\"http:\/\/www.susannavaris.com\/blogg\/wp-content\/uploads\/2023\/02\/Bild-borttagen-1024x1024.jpg\" alt=\"\" class=\"wp-image-17619\" title=\"Non smoke 011pocketh\u00e4xan\" srcset=\"http:\/\/www.susannavaris.com\/blogg\/wp-content\/uploads\/2023\/02\/Bild-borttagen-1024x1024.jpg 1024w, http:\/\/www.susannavaris.com\/blogg\/wp-content\/uploads\/2023\/02\/Bild-borttagen-300x300.jpg 300w, http:\/\/www.susannavaris.com\/blogg\/wp-content\/uploads\/2023\/02\/Bild-borttagen-150x150.jpg 150w, http:\/\/www.susannavaris.com\/blogg\/wp-content\/uploads\/2023\/02\/Bild-borttagen-768x768.jpg 768w, http:\/\/www.susannavaris.com\/blogg\/wp-content\/uploads\/2023\/02\/Bild-borttagen-1536x1536.jpg 1536w, http:\/\/www.susannavaris.com\/blogg\/wp-content\/uploads\/2023\/02\/Bild-borttagen-2048x2048.jpg 2048w\" sizes=\"auto, (max-width: 1024px) 100vw, 1024px\" \/><\/figure>\n<\/div>\n\n\n<p class=\"has-text-align-center\"><em>Bloggare samlade f\u00f6r f\u00f6redrag. Jag borta i h\u00f6ger h\u00f6rn, bakom tjejen i ljusbl\u00e5tt. (Foto:Pocketh\u00e4xan)<\/em><\/p>\n\n\n<div class=\"wp-block-image\">\n<figure class=\"aligncenter size-large\"><img loading=\"lazy\" decoding=\"async\" width=\"1024\" height=\"1024\" src=\"http:\/\/www.susannavaris.com\/blogg\/wp-content\/uploads\/2023\/02\/Bild-borttagen-1024x1024.jpg\" alt=\"\" class=\"wp-image-17619\" title=\"nonsmokingkattakvack01\" srcset=\"http:\/\/www.susannavaris.com\/blogg\/wp-content\/uploads\/2023\/02\/Bild-borttagen-1024x1024.jpg 1024w, http:\/\/www.susannavaris.com\/blogg\/wp-content\/uploads\/2023\/02\/Bild-borttagen-300x300.jpg 300w, http:\/\/www.susannavaris.com\/blogg\/wp-content\/uploads\/2023\/02\/Bild-borttagen-150x150.jpg 150w, http:\/\/www.susannavaris.com\/blogg\/wp-content\/uploads\/2023\/02\/Bild-borttagen-768x768.jpg 768w, http:\/\/www.susannavaris.com\/blogg\/wp-content\/uploads\/2023\/02\/Bild-borttagen-1536x1536.jpg 1536w, http:\/\/www.susannavaris.com\/blogg\/wp-content\/uploads\/2023\/02\/Bild-borttagen-2048x2048.jpg 2048w\" sizes=\"auto, (max-width: 1024px) 100vw, 1024px\" \/><\/figure>\n<\/div>\n\n\n<p class=\"has-text-align-center\"><em>Inneh\u00e5llet i en cigarrett. (Foto:Kattakvack)<\/em><\/p>\n\n\n<div class=\"wp-block-image\">\n<figure class=\"aligncenter\"><a href=\"http:\/\/www.susannavaris.com\/blogg\/wp-content\/uploads\/2011\/08\/clarion20101123094943_kissie.jpg\"><img loading=\"lazy\" decoding=\"async\" width=\"720\" height=\"540\" src=\"http:\/\/www.susannavaris.com\/blogg\/wp-content\/uploads\/2011\/08\/clarion20101123094943_kissie.jpg\" alt=\"\" class=\"wp-image-1896\" title=\"clarion20101123094943_kissie\" srcset=\"http:\/\/www.susannavaris.com\/blogg\/wp-content\/uploads\/2011\/08\/clarion20101123094943_kissie.jpg 720w, http:\/\/www.susannavaris.com\/blogg\/wp-content\/uploads\/2011\/08\/clarion20101123094943_kissie-300x225.jpg 300w\" sizes=\"auto, (max-width: 720px) 100vw, 720px\" \/><\/a><\/figure>\n<\/div>\n\n\n<p class=\"has-text-align-center\"><em>Kissie har anl\u00e4nt.<\/em><\/p>\n\n\n<div class=\"wp-block-image\">\n<figure class=\"aligncenter\"><a href=\"http:\/\/www.susannavaris.com\/blogg\/wp-content\/uploads\/2011\/08\/nonsmoking02.jpg\"><img loading=\"lazy\" decoding=\"async\" width=\"1024\" height=\"768\" src=\"http:\/\/www.susannavaris.com\/blogg\/wp-content\/uploads\/2011\/08\/nonsmoking02-1024x768.jpg\" alt=\"\" class=\"wp-image-1897\" title=\"nonsmoking02\" srcset=\"http:\/\/www.susannavaris.com\/blogg\/wp-content\/uploads\/2011\/08\/nonsmoking02-1024x768.jpg 1024w, http:\/\/www.susannavaris.com\/blogg\/wp-content\/uploads\/2011\/08\/nonsmoking02-300x225.jpg 300w\" sizes=\"auto, (max-width: 1024px) 100vw, 1024px\" \/><\/a><\/figure>\n<\/div>\n\n\n<p class=\"has-text-align-center\"><em>\u00c5terigen, tack till v\u00e5ra sponsorer.<\/em><\/p>\n\n\n\n<p class=\"has-text-align-center\">Jag skrev en del p\u00e5 Facebook om det h\u00e4r eventet och tobaksindustrins raffinerade metoder att sl\u00e5 klorna i nya, unga finansi\u00e4rer. En bland m\u00e5nga unga tjejer popul\u00e4r figur, Robert Pattison fr\u00e5n Twilight, har inga bet\u00e4nkligheter mot att posera med en cigg mellan vampyrt\u00e4nderna om betalningen \u00e4r r\u00e4tt. Jag trodde att el\u00e4ndet stannade d\u00e4r, men \u00e4ven Lady Gaga, som p\u00e5 fotona till sin senaste singel \u00e4r utkl\u00e4dd till en grabb, accentuerar detta med en cigg. Bedr\u00f6vligt. Jag m\u00e5ste v\u00e4l skriva till henne.<\/p>\n\n\n\n<p class=\"has-text-align-center\">Jag kan bara hoppas att det d\u00e4r m\u00f6tet hade n\u00e5gon effekt p\u00e5 de bloggare som var d\u00e4r, jag fick en k\u00e4nsla av att ingen riktigt brydde sig. De flesta var ju unga och som vi vet \u00e4r man od\u00f6dlig d\u00e5. Man kommer med all s\u00e4kerhet inte att bli gammal eller drabbas av sjukdom och d\u00f6, det \u00e4r det v\u00e4l bara gamla m\u00e4nniskor som g\u00f6r? En av mina yngre v\u00e4nner p\u00e5 Facebook tog dock fasta p\u00e5 det jag skrev och verkade \u00e5tminstone t\u00e4nka om och det \u00e4r ju alltid en person. Jag \u00e4r och har verkligen inte varit n\u00e5gon renlevnadsm\u00e4nniska, men r\u00f6kning \u00e4r verkligen och i sitt v\u00e4sen On\u00f6digt. Jag r\u00f6kte i ca tio \u00e5r, mot slutet \u00f6ver tv\u00e5 paket per dag, tills en dag d\u00e5 jag inte l\u00e4ngre begrep varf\u00f6r jag skulle betala pengar f\u00f6r att m\u00e5 d\u00e5ligt. &nbsp;Men f\u00f6r en ung tjej, vars allt \u00f6verskuggande doktrin \u00e4r smalhet, r\u00e4cker det med hotet om fem kilo plus om man slutar f\u00f6r att man ska forts\u00e4tta. Jag f\u00e5r nog skriva ett separat inl\u00e4gg om det&#8230;<\/p>\n\n\n\n<p class=\"has-text-align-center\">N\u00e4sta event blev riktigt storslaget! Mitt i vinterns sn\u00f6kaos firade Panos Emporio 25 \u00e5r. V\u00e4dret var verkligen fruktansv\u00e4rt, taxibilarna fastnade i backen och vi fick promenera upp till Skeppsholmskyrkan, men tillst\u00e4llningen blev desto roligare!<\/p>\n\n\n<div class=\"wp-block-image\">\n<figure class=\"aligncenter\"><a href=\"http:\/\/www.susannavaris.com\/blogg\/wp-content\/uploads\/2011\/08\/panos02.jpg\"><img loading=\"lazy\" decoding=\"async\" width=\"720\" height=\"482\" src=\"http:\/\/www.susannavaris.com\/blogg\/wp-content\/uploads\/2011\/08\/panos02.jpg\" alt=\"\" class=\"wp-image-1898\" title=\"panos02\" srcset=\"http:\/\/www.susannavaris.com\/blogg\/wp-content\/uploads\/2011\/08\/panos02.jpg 720w, http:\/\/www.susannavaris.com\/blogg\/wp-content\/uploads\/2011\/08\/panos02-300x200.jpg 300w\" sizes=\"auto, (max-width: 720px) 100vw, 720px\" \/><\/a><\/figure>\n<\/div>\n\n\n<p class=\"has-text-align-center\"><em>N\u00e5got av dr\u00e4nkta r\u00e5ttor&#8230;<\/em><\/p>\n\n\n<div class=\"wp-block-image\">\n<figure class=\"aligncenter\"><a href=\"http:\/\/www.susannavaris.com\/blogg\/wp-content\/uploads\/2011\/08\/panos05-60.jpg\"><img loading=\"lazy\" decoding=\"async\" width=\"682\" height=\"1024\" src=\"http:\/\/www.susannavaris.com\/blogg\/wp-content\/uploads\/2011\/08\/panos05-60-682x1024.jpg\" alt=\"\" class=\"wp-image-1900\" title=\"panos05-60\" srcset=\"http:\/\/www.susannavaris.com\/blogg\/wp-content\/uploads\/2011\/08\/panos05-60-682x1024.jpg 682w, http:\/\/www.susannavaris.com\/blogg\/wp-content\/uploads\/2011\/08\/panos05-60-199x300.jpg 199w, http:\/\/www.susannavaris.com\/blogg\/wp-content\/uploads\/2011\/08\/panos05-60.jpg 1843w\" sizes=\"auto, (max-width: 682px) 100vw, 682px\" \/><\/a><\/figure>\n<\/div>\n\n\n<p class=\"has-text-align-center\"><em>Moderskan var s\u00e5 fin i sin vintage-paljett&#8230;<\/em><\/p>\n\n\n<div class=\"wp-block-image\">\n<figure class=\"aligncenter\"><a href=\"http:\/\/www.susannavaris.com\/blogg\/wp-content\/uploads\/2011\/08\/panos06-60.jpg\"><img loading=\"lazy\" decoding=\"async\" width=\"682\" height=\"1024\" src=\"http:\/\/www.susannavaris.com\/blogg\/wp-content\/uploads\/2011\/08\/panos06-60-682x1024.jpg\" alt=\"\" class=\"wp-image-1904\" title=\"panos06-60\" srcset=\"http:\/\/www.susannavaris.com\/blogg\/wp-content\/uploads\/2011\/08\/panos06-60-682x1024.jpg 682w, http:\/\/www.susannavaris.com\/blogg\/wp-content\/uploads\/2011\/08\/panos06-60-199x300.jpg 199w, http:\/\/www.susannavaris.com\/blogg\/wp-content\/uploads\/2011\/08\/panos06-60.jpg 1843w\" sizes=\"auto, (max-width: 682px) 100vw, 682px\" \/><\/a><\/figure>\n<\/div>\n\n\n<p class=\"has-text-align-center\"><em>\u00c5tervinning och utveckling<\/em><\/p>\n\n\n<div class=\"wp-block-image\">\n<figure class=\"aligncenter\"><a href=\"http:\/\/www.susannavaris.com\/blogg\/wp-content\/uploads\/2011\/08\/panos07-60.jpg\"><img loading=\"lazy\" decoding=\"async\" width=\"682\" height=\"1024\" src=\"http:\/\/www.susannavaris.com\/blogg\/wp-content\/uploads\/2011\/08\/panos07-60-682x1024.jpg\" alt=\"\" class=\"wp-image-1905\" title=\"panos07-60\" srcset=\"http:\/\/www.susannavaris.com\/blogg\/wp-content\/uploads\/2011\/08\/panos07-60-682x1024.jpg 682w, http:\/\/www.susannavaris.com\/blogg\/wp-content\/uploads\/2011\/08\/panos07-60-199x300.jpg 199w, http:\/\/www.susannavaris.com\/blogg\/wp-content\/uploads\/2011\/08\/panos07-60.jpg 1843w\" sizes=\"auto, (max-width: 682px) 100vw, 682px\" \/><\/a><\/figure>\n<\/div>\n\n\n<p class=\"has-text-align-center\"><em>Och s\u00e5 snodde jag \u00e5t mig en bild. Tommie X och Linda. Of\u00f6rsk\u00e4mt snygga, som alltid.<\/em><\/p>\n\n\n<div class=\"wp-block-image\">\n<figure class=\"aligncenter\"><a href=\"http:\/\/www.susannavaris.com\/blogg\/wp-content\/uploads\/2011\/08\/panos08-60.jpg\"><img loading=\"lazy\" decoding=\"async\" width=\"682\" height=\"1024\" src=\"http:\/\/www.susannavaris.com\/blogg\/wp-content\/uploads\/2011\/08\/panos08-60-682x1024.jpg\" alt=\"\" class=\"wp-image-1906\" title=\"panos08-60\" srcset=\"http:\/\/www.susannavaris.com\/blogg\/wp-content\/uploads\/2011\/08\/panos08-60-682x1024.jpg 682w, http:\/\/www.susannavaris.com\/blogg\/wp-content\/uploads\/2011\/08\/panos08-60-199x300.jpg 199w, http:\/\/www.susannavaris.com\/blogg\/wp-content\/uploads\/2011\/08\/panos08-60.jpg 1843w\" sizes=\"auto, (max-width: 682px) 100vw, 682px\" \/><\/a><\/figure>\n<\/div>\n\n\n<p class=\"has-text-align-center\"><em>Helt fantastisk mat&#8230;renstek, suver\u00e4nt god potatissallad&#8230;<\/em><\/p>\n\n\n<div class=\"wp-block-image\">\n<figure class=\"aligncenter\"><a href=\"http:\/\/www.susannavaris.com\/blogg\/wp-content\/uploads\/2011\/08\/panos10-60.jpg\"><img loading=\"lazy\" decoding=\"async\" width=\"496\" height=\"1024\" src=\"http:\/\/www.susannavaris.com\/blogg\/wp-content\/uploads\/2011\/08\/panos10-60-496x1024.jpg\" alt=\"\" class=\"wp-image-1907\" title=\"panos10-60\" srcset=\"http:\/\/www.susannavaris.com\/blogg\/wp-content\/uploads\/2011\/08\/panos10-60-496x1024.jpg 496w, http:\/\/www.susannavaris.com\/blogg\/wp-content\/uploads\/2011\/08\/panos10-60-145x300.jpg 145w, http:\/\/www.susannavaris.com\/blogg\/wp-content\/uploads\/2011\/08\/panos10-60.jpg 1003w\" sizes=\"auto, (max-width: 496px) 100vw, 496px\" \/><\/a><\/figure>\n<\/div>\n\n\n<p class=\"has-text-align-center\"><em>Glamour och glitter var temat&#8230;<\/em><\/p>\n\n\n<div class=\"wp-block-image\">\n<figure class=\"aligncenter\"><a href=\"http:\/\/www.susannavaris.com\/blogg\/wp-content\/uploads\/2011\/08\/panos11-60.jpg\"><img loading=\"lazy\" decoding=\"async\" width=\"682\" height=\"1024\" src=\"http:\/\/www.susannavaris.com\/blogg\/wp-content\/uploads\/2011\/08\/panos11-60-682x1024.jpg\" alt=\"\" class=\"wp-image-1908\" title=\"panos11-60\" srcset=\"http:\/\/www.susannavaris.com\/blogg\/wp-content\/uploads\/2011\/08\/panos11-60-682x1024.jpg 682w, http:\/\/www.susannavaris.com\/blogg\/wp-content\/uploads\/2011\/08\/panos11-60-199x300.jpg 199w, http:\/\/www.susannavaris.com\/blogg\/wp-content\/uploads\/2011\/08\/panos11-60.jpg 1843w\" sizes=\"auto, (max-width: 682px) 100vw, 682px\" \/><\/a><\/figure>\n<\/div>\n\n\n<p class=\"has-text-align-center\"><em>Pl\u00f6tsligt st\u00e5r Maria Montazami d\u00e4r! I all sin underbarhet! Moderskan st\u00f6rtar fram och presenterar sig sj\u00e4lv och sedan mig, jag tar henne i hand och stammar n\u00e5got om att hon \u00e4r fantastisk och ber om en bild med moderskan. Sj\u00e4lvklart, h\u00e5ll v\u00e4skan h\u00e4r och s\u00e5 st\u00e4ller vi oss s\u00e5&#8230;Maria \u00e4r verkligen underbar \u00e4ven utanf\u00f6r tv-rutan.<\/em><\/p>\n\n\n<div class=\"wp-block-image\">\n<figure class=\"aligncenter\"><a href=\"http:\/\/www.susannavaris.com\/blogg\/wp-content\/uploads\/2011\/08\/panos60DSC_0049.jpg\"><img loading=\"lazy\" decoding=\"async\" width=\"1024\" height=\"682\" src=\"http:\/\/www.susannavaris.com\/blogg\/wp-content\/uploads\/2011\/08\/panos60DSC_0049-1024x682.jpg\" alt=\"\" class=\"wp-image-1909\" title=\"panos60DSC_0049\" srcset=\"http:\/\/www.susannavaris.com\/blogg\/wp-content\/uploads\/2011\/08\/panos60DSC_0049-1024x682.jpg 1024w, http:\/\/www.susannavaris.com\/blogg\/wp-content\/uploads\/2011\/08\/panos60DSC_0049-300x199.jpg 300w\" sizes=\"auto, (max-width: 1024px) 100vw, 1024px\" \/><\/a><\/figure>\n<\/div>\n\n\n<p class=\"has-text-align-center\"><em>Sekunden efter st\u00f6rtar Alla fram och vill fotas med henne&#8230; :)<\/em><\/p>\n\n\n<div class=\"wp-block-image\">\n<figure class=\"aligncenter\"><a href=\"http:\/\/www.susannavaris.com\/blogg\/wp-content\/uploads\/2011\/08\/panos09-60.jpg\"><img loading=\"lazy\" decoding=\"async\" width=\"1024\" height=\"682\" src=\"http:\/\/www.susannavaris.com\/blogg\/wp-content\/uploads\/2011\/08\/panos09-60-1024x682.jpg\" alt=\"\" class=\"wp-image-1910\" title=\"panos09-60\" srcset=\"http:\/\/www.susannavaris.com\/blogg\/wp-content\/uploads\/2011\/08\/panos09-60-1024x682.jpg 1024w, http:\/\/www.susannavaris.com\/blogg\/wp-content\/uploads\/2011\/08\/panos09-60-300x199.jpg 300w\" sizes=\"auto, (max-width: 1024px) 100vw, 1024px\" \/><\/a><\/figure>\n<\/div>\n\n\n<p class=\"has-text-align-center\"><em>Panos Papadopoulos himself g\u00f6r entr\u00e9 med en passande entourage av baddr\u00e4ktsmodeller.<\/em><\/p>\n\n\n<div class=\"wp-block-image\">\n<figure class=\"aligncenter\"><a href=\"http:\/\/www.susannavaris.com\/blogg\/wp-content\/uploads\/2011\/08\/panos01.jpg\"><img loading=\"lazy\" decoding=\"async\" width=\"720\" height=\"482\" src=\"http:\/\/www.susannavaris.com\/blogg\/wp-content\/uploads\/2011\/08\/panos01.jpg\" alt=\"\" class=\"wp-image-1911\" title=\"panos01\" srcset=\"http:\/\/www.susannavaris.com\/blogg\/wp-content\/uploads\/2011\/08\/panos01.jpg 720w, http:\/\/www.susannavaris.com\/blogg\/wp-content\/uploads\/2011\/08\/panos01-300x200.jpg 300w\" sizes=\"auto, (max-width: 720px) 100vw, 720px\" \/><\/a><\/figure>\n<\/div>\n\n<div class=\"wp-block-image\">\n<figure class=\"aligncenter\"><a href=\"http:\/\/www.susannavaris.com\/blogg\/wp-content\/uploads\/2011\/08\/panos03.jpg\"><img loading=\"lazy\" decoding=\"async\" width=\"720\" height=\"482\" src=\"http:\/\/www.susannavaris.com\/blogg\/wp-content\/uploads\/2011\/08\/panos03.jpg\" alt=\"\" class=\"wp-image-1912\" title=\"panos03\" srcset=\"http:\/\/www.susannavaris.com\/blogg\/wp-content\/uploads\/2011\/08\/panos03.jpg 720w, http:\/\/www.susannavaris.com\/blogg\/wp-content\/uploads\/2011\/08\/panos03-300x200.jpg 300w\" sizes=\"auto, (max-width: 720px) 100vw, 720px\" \/><\/a><\/figure>\n<\/div>\n\n\n<p class=\"has-text-align-center\"><em>En annan Hollywoodfru modellar (Foton:Skuggeco)<\/em><\/p>\n\n\n<div class=\"wp-block-image\">\n<figure class=\"aligncenter\"><a href=\"http:\/\/www.susannavaris.com\/blogg\/wp-content\/uploads\/2011\/08\/panos13finest.jpg\"><img loading=\"lazy\" decoding=\"async\" width=\"729\" height=\"484\" src=\"http:\/\/www.susannavaris.com\/blogg\/wp-content\/uploads\/2011\/08\/panos13finest.jpg\" alt=\"\" class=\"wp-image-1913\" title=\"panos13finest\" srcset=\"http:\/\/www.susannavaris.com\/blogg\/wp-content\/uploads\/2011\/08\/panos13finest.jpg 729w, http:\/\/www.susannavaris.com\/blogg\/wp-content\/uploads\/2011\/08\/panos13finest-300x199.jpg 300w\" sizes=\"auto, (max-width: 729px) 100vw, 729px\" \/><\/a><\/figure>\n<\/div>\n\n<div class=\"wp-block-image\">\n<figure class=\"aligncenter\"><a href=\"http:\/\/www.susannavaris.com\/blogg\/wp-content\/uploads\/2011\/08\/panos12-60.jpg\"><img loading=\"lazy\" decoding=\"async\" width=\"1024\" height=\"682\" src=\"http:\/\/www.susannavaris.com\/blogg\/wp-content\/uploads\/2011\/08\/panos12-60-1024x682.jpg\" alt=\"\" class=\"wp-image-1914\" title=\"panos12-60\" srcset=\"http:\/\/www.susannavaris.com\/blogg\/wp-content\/uploads\/2011\/08\/panos12-60-1024x682.jpg 1024w, http:\/\/www.susannavaris.com\/blogg\/wp-content\/uploads\/2011\/08\/panos12-60-300x199.jpg 300w\" sizes=\"auto, (max-width: 1024px) 100vw, 1024px\" \/><\/a><\/figure>\n<\/div>\n\n\n<p class=\"has-text-align-center\"><em>Tack till sponsorerna och tack till Panos f\u00f6r den tjusiga v\u00e4skan allting kom i!<\/em><\/p>\n\n\n\n<p class=\"has-text-align-center\">V\u00e5rens evenemang var ocks\u00e5 en sp\u00f6khistoria, vilket ju passar mig utm\u00e4rkt. Beskrivningen var Bellmansmus\u00e9et p\u00e5 L\u00e5ngholmen. Jag hade varit p\u00e5 L\u00e5ngholmen f\u00f6rut (80-talet kanske), men i m\u00f6rkret s\u00e5g inga katter ut som de skulle. Jag tog den bron jag k\u00e4nde till och hamnade mellan ett b\u00e5tupplag och f\u00e4ngelset. En trevlig f\u00f6rbipasserande visade mig \u00e5t r\u00e4tt h\u00e5ll och efter m\u00e5nga fladdrande presenningar och slutna innerg\u00e5rdar hittade jag \u00e4ntligen fram.<\/p>\n\n\n<div class=\"wp-block-image\">\n<figure class=\"aligncenter\"><a href=\"http:\/\/www.susannavaris.com\/blogg\/wp-content\/uploads\/2011\/08\/sanningen01.jpg\"><img loading=\"lazy\" decoding=\"async\" width=\"565\" height=\"1024\" src=\"http:\/\/www.susannavaris.com\/blogg\/wp-content\/uploads\/2011\/08\/sanningen01-565x1024.jpg\" alt=\"\" class=\"wp-image-1915\" title=\"sanningen01\" srcset=\"http:\/\/www.susannavaris.com\/blogg\/wp-content\/uploads\/2011\/08\/sanningen01-565x1024.jpg 565w, http:\/\/www.susannavaris.com\/blogg\/wp-content\/uploads\/2011\/08\/sanningen01-165x300.jpg 165w, http:\/\/www.susannavaris.com\/blogg\/wp-content\/uploads\/2011\/08\/sanningen01.jpg 595w\" sizes=\"auto, (max-width: 565px) 100vw, 565px\" \/><\/a><\/figure>\n<\/div>\n\n<div class=\"wp-block-image\">\n<figure class=\"aligncenter\"><a href=\"http:\/\/www.susannavaris.com\/blogg\/wp-content\/uploads\/2011\/08\/alice60DSC_0176.jpg\"><img loading=\"lazy\" decoding=\"async\" width=\"1024\" height=\"682\" src=\"http:\/\/www.susannavaris.com\/blogg\/wp-content\/uploads\/2011\/08\/alice60DSC_0176-1024x682.jpg\" alt=\"\" class=\"wp-image-1917\" title=\"alice60DSC_0176\" srcset=\"http:\/\/www.susannavaris.com\/blogg\/wp-content\/uploads\/2011\/08\/alice60DSC_0176-1024x682.jpg 1024w, http:\/\/www.susannavaris.com\/blogg\/wp-content\/uploads\/2011\/08\/alice60DSC_0176-300x199.jpg 300w\" sizes=\"auto, (max-width: 1024px) 100vw, 1024px\" \/><\/a><\/figure>\n<\/div>\n\n\n<p class=\"has-text-align-center\"><em>Bellmansmus\u00e9et<\/em><\/p>\n\n\n<div class=\"wp-block-image\">\n<figure class=\"aligncenter\"><a href=\"http:\/\/www.susannavaris.com\/blogg\/wp-content\/uploads\/2011\/08\/alice60Skugge04.jpg\"><img loading=\"lazy\" decoding=\"async\" width=\"600\" height=\"399\" src=\"http:\/\/www.susannavaris.com\/blogg\/wp-content\/uploads\/2011\/08\/alice60Skugge04.jpg\" alt=\"\" class=\"wp-image-1919\" title=\"alice60Skugge04\" srcset=\"http:\/\/www.susannavaris.com\/blogg\/wp-content\/uploads\/2011\/08\/alice60Skugge04.jpg 600w, http:\/\/www.susannavaris.com\/blogg\/wp-content\/uploads\/2011\/08\/alice60Skugge04-300x199.jpg 300w\" sizes=\"auto, (max-width: 600px) 100vw, 600px\" \/><\/a><\/figure>\n<\/div>\n\n\n<p class=\"has-text-align-center\"><em>Your\u00b4s truly, tredje fr\u00e5n h\u00f6ger (Foto:Skuggeco)<\/em><\/p>\n\n\n<div class=\"wp-block-image\">\n<figure class=\"aligncenter\"><a href=\"http:\/\/www.susannavaris.com\/blogg\/wp-content\/uploads\/2011\/08\/alice60Skugge08.jpg\"><img loading=\"lazy\" decoding=\"async\" width=\"678\" height=\"1024\" src=\"http:\/\/www.susannavaris.com\/blogg\/wp-content\/uploads\/2011\/08\/alice60Skugge08-678x1024.jpg\" alt=\"\" class=\"wp-image-1920\" title=\"alice60Skugge08\" srcset=\"http:\/\/www.susannavaris.com\/blogg\/wp-content\/uploads\/2011\/08\/alice60Skugge08-678x1024.jpg 678w, http:\/\/www.susannavaris.com\/blogg\/wp-content\/uploads\/2011\/08\/alice60Skugge08-198x300.jpg 198w, http:\/\/www.susannavaris.com\/blogg\/wp-content\/uploads\/2011\/08\/alice60Skugge08.jpg 1469w\" sizes=\"auto, (max-width: 678px) 100vw, 678px\" \/><\/a><\/figure>\n<\/div>\n\n\n<p class=\"has-text-align-center\"><em>V\u00e4ntan&#8230; (Foto:Skuggeco)<\/em><\/p>\n\n\n<div class=\"wp-block-image\">\n<figure class=\"aligncenter\"><a href=\"http:\/\/www.susannavaris.com\/blogg\/wp-content\/uploads\/2011\/08\/alice60Skugge05.jpg\"><img loading=\"lazy\" decoding=\"async\" width=\"600\" height=\"399\" src=\"http:\/\/www.susannavaris.com\/blogg\/wp-content\/uploads\/2011\/08\/alice60Skugge05.jpg\" alt=\"\" class=\"wp-image-1921\" title=\"alice60Skugge05\" srcset=\"http:\/\/www.susannavaris.com\/blogg\/wp-content\/uploads\/2011\/08\/alice60Skugge05.jpg 600w, http:\/\/www.susannavaris.com\/blogg\/wp-content\/uploads\/2011\/08\/alice60Skugge05-300x199.jpg 300w\" sizes=\"auto, (max-width: 600px) 100vw, 600px\" \/><\/a><\/figure>\n<\/div>\n\n\n<p class=\"has-text-align-center\"><em>Bellmansmus\u00e9et (Foto:Skuggeco)<\/em><\/p>\n\n\n<div class=\"wp-block-image\">\n<figure class=\"aligncenter\"><a href=\"http:\/\/www.susannavaris.com\/blogg\/wp-content\/uploads\/2011\/08\/alice60DSC_0191.jpg\"><img loading=\"lazy\" decoding=\"async\" width=\"682\" height=\"1024\" src=\"http:\/\/www.susannavaris.com\/blogg\/wp-content\/uploads\/2011\/08\/alice60DSC_0191-682x1024.jpg\" alt=\"\" class=\"wp-image-1923\" title=\"alice60DSC_0191\" srcset=\"http:\/\/www.susannavaris.com\/blogg\/wp-content\/uploads\/2011\/08\/alice60DSC_0191-682x1024.jpg 682w, http:\/\/www.susannavaris.com\/blogg\/wp-content\/uploads\/2011\/08\/alice60DSC_0191-199x300.jpg 199w, http:\/\/www.susannavaris.com\/blogg\/wp-content\/uploads\/2011\/08\/alice60DSC_0191.jpg 1843w\" sizes=\"auto, (max-width: 682px) 100vw, 682px\" \/><\/a><\/figure>\n<\/div>\n\n<div class=\"wp-block-image\">\n<figure class=\"aligncenter\"><a href=\"http:\/\/www.susannavaris.com\/blogg\/wp-content\/uploads\/2011\/08\/alice60DSC_0192.jpg\"><img loading=\"lazy\" decoding=\"async\" width=\"682\" height=\"1024\" src=\"http:\/\/www.susannavaris.com\/blogg\/wp-content\/uploads\/2011\/08\/alice60DSC_0192-682x1024.jpg\" alt=\"\" class=\"wp-image-1924\" title=\"alice60DSC_0192\" srcset=\"http:\/\/www.susannavaris.com\/blogg\/wp-content\/uploads\/2011\/08\/alice60DSC_0192-682x1024.jpg 682w, http:\/\/www.susannavaris.com\/blogg\/wp-content\/uploads\/2011\/08\/alice60DSC_0192-199x300.jpg 199w, http:\/\/www.susannavaris.com\/blogg\/wp-content\/uploads\/2011\/08\/alice60DSC_0192.jpg 1843w\" sizes=\"auto, (max-width: 682px) 100vw, 682px\" \/><\/a><\/figure>\n<\/div>\n\n\n<p class=\"has-text-align-center\"><em>Huset var omsorgsfullt dekorerat f\u00f6r kv\u00e4llens tema.<\/em><\/p>\n\n\n<div class=\"wp-block-image\">\n<figure class=\"aligncenter\"><a href=\"http:\/\/www.susannavaris.com\/blogg\/wp-content\/uploads\/2011\/08\/aliceSkugge01.jpg\"><img loading=\"lazy\" decoding=\"async\" width=\"678\" height=\"1024\" src=\"http:\/\/www.susannavaris.com\/blogg\/wp-content\/uploads\/2011\/08\/aliceSkugge01-678x1024.jpg\" alt=\"\" class=\"wp-image-1925\" title=\"aliceSkugge01\" srcset=\"http:\/\/www.susannavaris.com\/blogg\/wp-content\/uploads\/2011\/08\/aliceSkugge01-678x1024.jpg 678w, http:\/\/www.susannavaris.com\/blogg\/wp-content\/uploads\/2011\/08\/aliceSkugge01-198x300.jpg 198w, http:\/\/www.susannavaris.com\/blogg\/wp-content\/uploads\/2011\/08\/aliceSkugge01.jpg 1469w\" sizes=\"auto, (max-width: 678px) 100vw, 678px\" \/><\/a><\/figure>\n<\/div>\n\n\n<p class=\"has-text-align-center\"><em>Jag sitter med Sanna Eklund, manusf\u00f6rfattare till bl a Parlamentet, st\u00e5uppkomiker, bloggare, och&#8230;<\/em><\/p>\n\n\n<div class=\"wp-block-image\">\n<figure class=\"aligncenter\"><a href=\"http:\/\/www.susannavaris.com\/blogg\/wp-content\/uploads\/2011\/08\/sanningen02-60.jpg\"><img loading=\"lazy\" decoding=\"async\" width=\"1024\" height=\"682\" src=\"http:\/\/www.susannavaris.com\/blogg\/wp-content\/uploads\/2011\/08\/sanningen02-60-1024x682.jpg\" alt=\"\" class=\"wp-image-1926\" title=\"sanningen02-60\" srcset=\"http:\/\/www.susannavaris.com\/blogg\/wp-content\/uploads\/2011\/08\/sanningen02-60-1024x682.jpg 1024w, http:\/\/www.susannavaris.com\/blogg\/wp-content\/uploads\/2011\/08\/sanningen02-60-300x199.jpg 300w\" sizes=\"auto, (max-width: 1024px) 100vw, 1024px\" \/><\/a><\/figure>\n<\/div>\n\n\n<p class=\"has-text-align-center\">&#8230;Emma-Lou Pesonen, samt Janne Siponen.<\/p>\n\n\n\n<p class=\"has-text-align-center\"><a href=\"http:\/\/www.susannaeklund.se\/\">http:\/\/www.susannaeklund.se\/<\/a><\/p>\n\n\n\n<p class=\"has-text-align-center\"><a href=\"http:\/\/emmalou.myshowroom.se\/\">http:\/\/emmalou.myshowroom.se\/<\/a><\/p>\n\n\n\n<p class=\"has-text-align-center\"><a href=\"http:\/\/www.nattstad.se\/janne.siponen\">http:\/\/www.nattstad.se\/janne.siponen<\/a><\/p>\n\n\n<div class=\"wp-block-image\">\n<figure class=\"aligncenter\"><a href=\"http:\/\/www.susannavaris.com\/blogg\/wp-content\/uploads\/2011\/08\/sanningen05-60.jpg\"><img loading=\"lazy\" decoding=\"async\" width=\"1024\" height=\"682\" src=\"http:\/\/www.susannavaris.com\/blogg\/wp-content\/uploads\/2011\/08\/sanningen05-60-1024x682.jpg\" alt=\"\" class=\"wp-image-1930\" title=\"sanningen05-60\" srcset=\"http:\/\/www.susannavaris.com\/blogg\/wp-content\/uploads\/2011\/08\/sanningen05-60-1024x682.jpg 1024w, http:\/\/www.susannavaris.com\/blogg\/wp-content\/uploads\/2011\/08\/sanningen05-60-300x199.jpg 300w\" sizes=\"auto, (max-width: 1024px) 100vw, 1024px\" \/><\/a><\/figure>\n<\/div>\n\n\n<p class=\"has-text-align-center\"><em>Alfabeta<\/em><\/p>\n\n\n<div class=\"wp-block-image\">\n<figure class=\"aligncenter\"><a href=\"http:\/\/www.susannavaris.com\/blogg\/wp-content\/uploads\/2011\/08\/sanningen03-60.jpg\"><img loading=\"lazy\" decoding=\"async\" width=\"682\" height=\"1024\" src=\"http:\/\/www.susannavaris.com\/blogg\/wp-content\/uploads\/2011\/08\/sanningen03-60-682x1024.jpg\" alt=\"\" class=\"wp-image-1931\" title=\"sanningen03-60\" srcset=\"http:\/\/www.susannavaris.com\/blogg\/wp-content\/uploads\/2011\/08\/sanningen03-60-682x1024.jpg 682w, http:\/\/www.susannavaris.com\/blogg\/wp-content\/uploads\/2011\/08\/sanningen03-60-199x300.jpg 199w, http:\/\/www.susannavaris.com\/blogg\/wp-content\/uploads\/2011\/08\/sanningen03-60.jpg 1843w\" sizes=\"auto, (max-width: 682px) 100vw, 682px\" \/><\/a><\/figure>\n<\/div>\n\n\n<p class=\"has-text-align-center\"><em>Lo Kauppi l\u00e4ser<\/em><\/p>\n\n\n<div class=\"wp-block-image\">\n<figure class=\"aligncenter\"><a href=\"http:\/\/www.susannavaris.com\/blogg\/wp-content\/uploads\/2011\/08\/sanningen06-60.jpg\"><img loading=\"lazy\" decoding=\"async\" width=\"769\" height=\"1024\" src=\"http:\/\/www.susannavaris.com\/blogg\/wp-content\/uploads\/2011\/08\/sanningen06-60-769x1024.jpg\" alt=\"\" class=\"wp-image-1932\" title=\"sanningen06-60\" srcset=\"http:\/\/www.susannavaris.com\/blogg\/wp-content\/uploads\/2011\/08\/sanningen06-60-769x1024.jpg 769w, http:\/\/www.susannavaris.com\/blogg\/wp-content\/uploads\/2011\/08\/sanningen06-60-225x300.jpg 225w, http:\/\/www.susannavaris.com\/blogg\/wp-content\/uploads\/2011\/08\/sanningen06-60.jpg 1304w\" sizes=\"auto, (max-width: 769px) 100vw, 769px\" \/><\/a><\/figure>\n<\/div>\n\n<div class=\"wp-block-image\">\n<figure class=\"aligncenter\"><a href=\"http:\/\/www.susannavaris.com\/blogg\/wp-content\/uploads\/2011\/08\/sanningen07-60.jpg\"><img loading=\"lazy\" decoding=\"async\" width=\"1024\" height=\"682\" src=\"http:\/\/www.susannavaris.com\/blogg\/wp-content\/uploads\/2011\/08\/sanningen07-60-1024x682.jpg\" alt=\"\" class=\"wp-image-1933\" title=\"sanningen07-60\" srcset=\"http:\/\/www.susannavaris.com\/blogg\/wp-content\/uploads\/2011\/08\/sanningen07-60-1024x682.jpg 1024w, http:\/\/www.susannavaris.com\/blogg\/wp-content\/uploads\/2011\/08\/sanningen07-60-300x199.jpg 300w\" sizes=\"auto, (max-width: 1024px) 100vw, 1024px\" \/><\/a><\/figure>\n<\/div>\n\n\n<p class=\"has-text-align-center\"><em>F\u00f6rfattarinnan p\u00e5 inspelning fr\u00e5n Australien<\/em><\/p>\n\n\n<div class=\"wp-block-image\">\n<figure class=\"aligncenter\"><a href=\"http:\/\/www.susannavaris.com\/blogg\/wp-content\/uploads\/2011\/08\/sanningen09-60.jpg\"><img loading=\"lazy\" decoding=\"async\" width=\"682\" height=\"1024\" src=\"http:\/\/www.susannavaris.com\/blogg\/wp-content\/uploads\/2011\/08\/sanningen09-60-682x1024.jpg\" alt=\"\" class=\"wp-image-1934\" title=\"sanningen09-60\" srcset=\"http:\/\/www.susannavaris.com\/blogg\/wp-content\/uploads\/2011\/08\/sanningen09-60-682x1024.jpg 682w, http:\/\/www.susannavaris.com\/blogg\/wp-content\/uploads\/2011\/08\/sanningen09-60-199x300.jpg 199w, http:\/\/www.susannavaris.com\/blogg\/wp-content\/uploads\/2011\/08\/sanningen09-60.jpg 1843w\" sizes=\"auto, (max-width: 682px) 100vw, 682px\" \/><\/a><\/figure>\n<\/div>\n\n\n<p class=\"has-text-align-center\"><em>Lo Kauppi<\/em><\/p>\n\n\n<div class=\"wp-block-image\">\n<figure class=\"aligncenter\"><a href=\"http:\/\/www.susannavaris.com\/blogg\/wp-content\/uploads\/2011\/08\/sanningen08-60.jpg\"><img loading=\"lazy\" decoding=\"async\" width=\"682\" height=\"1024\" src=\"http:\/\/www.susannavaris.com\/blogg\/wp-content\/uploads\/2011\/08\/sanningen08-60-682x1024.jpg\" alt=\"\" class=\"wp-image-1935\" title=\"sanningen08-60\" srcset=\"http:\/\/www.susannavaris.com\/blogg\/wp-content\/uploads\/2011\/08\/sanningen08-60-682x1024.jpg 682w, http:\/\/www.susannavaris.com\/blogg\/wp-content\/uploads\/2011\/08\/sanningen08-60-199x300.jpg 199w, http:\/\/www.susannavaris.com\/blogg\/wp-content\/uploads\/2011\/08\/sanningen08-60.jpg 1843w\" sizes=\"auto, (max-width: 682px) 100vw, 682px\" \/><\/a><\/figure>\n<\/div>\n\n\n<p class=\"has-text-align-center\"><em>Sista bilden innan min mycket ljusk\u00e4nsliga Nikon gav upp fullst\u00e4ndigt&#8230;<\/em><\/p>\n\n\n<div class=\"wp-block-image\">\n<figure class=\"aligncenter\"><a href=\"http:\/\/www.susannavaris.com\/blogg\/wp-content\/uploads\/2011\/08\/sanningen10-60.jpg\"><img loading=\"lazy\" decoding=\"async\" width=\"1024\" height=\"682\" src=\"http:\/\/www.susannavaris.com\/blogg\/wp-content\/uploads\/2011\/08\/sanningen10-60-1024x682.jpg\" alt=\"\" class=\"wp-image-1936\" title=\"sanningen10-60\" srcset=\"http:\/\/www.susannavaris.com\/blogg\/wp-content\/uploads\/2011\/08\/sanningen10-60-1024x682.jpg 1024w, http:\/\/www.susannavaris.com\/blogg\/wp-content\/uploads\/2011\/08\/sanningen10-60-300x199.jpg 300w\" sizes=\"auto, (max-width: 1024px) 100vw, 1024px\" \/><\/a><\/figure>\n<\/div>\n\n\n<p class=\"has-text-align-center\"><em>Och vi gl\u00f6mmer inte; tack till v\u00e5ra sponsorer!<\/em><\/p>\n\n\n\n<p class=\"has-text-align-center\">Ett stort tack till Linda f\u00f6r alla dessa events! Det har varit j\u00e4tteroligt!<\/p>\n\n\n\n<p class=\"has-text-align-center\"><a href=\"http:\/\/www.skuggeco.se\/\">http:\/\/www.skuggeco.se\/<\/a><\/p>\n\n\n\n<p class=\"has-text-align-center\">&nbsp;<\/p>\n","protected":false},"excerpt":{"rendered":"<p>L\u00f6nearbetet har \u00e5ter kommit ig\u00e5ng och jag \u00e4r alldeles f\u00f6r tr\u00f6tt f\u00f6r att skriva n\u00e5got av vikt. Ist\u00e4llet blir det en tillbakablick. F\u00f6rra sommaren halkade jag in p\u00e5 n\u00e5gon sorts inbjudningslista och har under vintern och v\u00e5ren f\u00e5tt delta i &hellip; <a href=\"http:\/\/www.susannavaris.com\/blogg\/2011\/08\/vintermingel\/\">Forts\u00e4tt l\u00e4sa <span class=\"meta-nav\">&rarr;<\/span><\/a><\/p>\n","protected":false},"author":1,"featured_media":1908,"comment_status":"open","ping_status":"open","sticky":false,"template":"","format":"standard","meta":{"footnotes":""},"categories":[555,674,589,1],"tags":[561,560,554,4908,558,564,237,556,262,559,562,563,557],"class_list":["post-1864","post","type-post","status-publish","format-standard","has-post-thumbnail","hentry","category-events","category-historia","category-medier","category-okategoriserade","tag-cullbergbaletten","tag-dansens-hus","tag-event","tag-events","tag-hallwyllska","tag-hollywoodfruar","tag-kissie","tag-linda-skugge","tag-maria-montazami","tag-medelhavsmuseet","tag-non-smoking-generation","tag-panos-emporio","tag-skuggeco"],"_links":{"self":[{"href":"http:\/\/www.susannavaris.com\/blogg\/wp-json\/wp\/v2\/posts\/1864","targetHints":{"allow":["GET"]}}],"collection":[{"href":"http:\/\/www.susannavaris.com\/blogg\/wp-json\/wp\/v2\/posts"}],"about":[{"href":"http:\/\/www.susannavaris.com\/blogg\/wp-json\/wp\/v2\/types\/post"}],"author":[{"embeddable":true,"href":"http:\/\/www.susannavaris.com\/blogg\/wp-json\/wp\/v2\/users\/1"}],"replies":[{"embeddable":true,"href":"http:\/\/www.susannavaris.com\/blogg\/wp-json\/wp\/v2\/comments?post=1864"}],"version-history":[{"count":24,"href":"http:\/\/www.susannavaris.com\/blogg\/wp-json\/wp\/v2\/posts\/1864\/revisions"}],"predecessor-version":[{"id":17968,"href":"http:\/\/www.susannavaris.com\/blogg\/wp-json\/wp\/v2\/posts\/1864\/revisions\/17968"}],"wp:featuredmedia":[{"embeddable":true,"href":"http:\/\/www.susannavaris.com\/blogg\/wp-json\/wp\/v2\/media\/1908"}],"wp:attachment":[{"href":"http:\/\/www.susannavaris.com\/blogg\/wp-json\/wp\/v2\/media?parent=1864"}],"wp:term":[{"taxonomy":"category","embeddable":true,"href":"http:\/\/www.susannavaris.com\/blogg\/wp-json\/wp\/v2\/categories?post=1864"},{"taxonomy":"post_tag","embeddable":true,"href":"http:\/\/www.susannavaris.com\/blogg\/wp-json\/wp\/v2\/tags?post=1864"}],"curies":[{"name":"wp","href":"https:\/\/api.w.org\/{rel}","templated":true}]}}