{"id":1953,"date":"2011-08-26T12:27:03","date_gmt":"2011-08-26T10:27:03","guid":{"rendered":"http:\/\/www.susannavaris.com\/blogg\/?p=1953"},"modified":"2011-09-01T11:24:00","modified_gmt":"2011-09-01T09:24:00","slug":"oroligheter","status":"publish","type":"post","link":"http:\/\/www.susannavaris.com\/blogg\/2011\/08\/oroligheter\/","title":{"rendered":"Oroligheter"},"content":{"rendered":"<p>Veckan har g\u00e5tt i orons tecken. L\u00f6nearbetet \u00e4r, som konstaterat, i g\u00e5ng och anpassningen till skifttiderna har g\u00e5tt tr\u00f6gt. En gammal oro fr\u00e5n v\u00e5ren v\u00e4cks till liv, hur kommer situationen att utvecklas? Jag hade en mycket obehaglig h\u00e4ndelse p\u00e5 jobbet och nu \u00e4r jag tillbaka i samma milj\u00f6. Kommer det att bli lugnt i h\u00f6st, kommer jag att kunna k\u00e4nna mig trygg? Vi har nya larm och efter att jag ig\u00e5r testade mitt, k\u00e4nner jag mig n\u00e5got lugnare.<\/p>\n<p>P\u00e5 arbetet har allt hittills fortl\u00f6pt stillsamt, men l\u00f6nehelg st\u00e5r f\u00f6r d\u00f6rren. Kombinerat med en festival i S\u00f6dert\u00e4lje&#8230;<\/p>\n<p>Slut p\u00e5 jobbsnacket nu, det blir s\u00e5 mycket av s\u00e5dant redan p\u00e5 facebook och annanstans. Jag ska f\u00f6rs\u00f6ka h\u00e5lla bloggen n\u00e5gorlunda fredad fr\u00e5n det.<\/p>\n<p style=\"text-align: center;\"><a href=\"http:\/\/www.susannavaris.com\/blogg\/wp-content\/uploads\/2011\/08\/DSC_0619-60.jpg\"><img loading=\"lazy\" decoding=\"async\" class=\"aligncenter size-large wp-image-1954\" title=\"DSC_0619-60\" src=\"http:\/\/www.susannavaris.com\/blogg\/wp-content\/uploads\/2011\/08\/DSC_0619-60-682x1024.jpg\" alt=\"\" width=\"640\" height=\"960\" srcset=\"http:\/\/www.susannavaris.com\/blogg\/wp-content\/uploads\/2011\/08\/DSC_0619-60-682x1024.jpg 682w, http:\/\/www.susannavaris.com\/blogg\/wp-content\/uploads\/2011\/08\/DSC_0619-60-199x300.jpg 199w, http:\/\/www.susannavaris.com\/blogg\/wp-content\/uploads\/2011\/08\/DSC_0619-60.jpg 1843w\" sizes=\"auto, (max-width: 640px) 100vw, 640px\" \/><\/a><a href=\"http:\/\/www.susannavaris.com\/blogg\/wp-content\/uploads\/2011\/08\/DSC_0618-60.jpg\"><img loading=\"lazy\" decoding=\"async\" class=\"aligncenter size-large wp-image-1955\" title=\"DSC_0618-60\" src=\"http:\/\/www.susannavaris.com\/blogg\/wp-content\/uploads\/2011\/08\/DSC_0618-60-1024x682.jpg\" alt=\"\" width=\"640\" height=\"426\" srcset=\"http:\/\/www.susannavaris.com\/blogg\/wp-content\/uploads\/2011\/08\/DSC_0618-60-1024x682.jpg 1024w, http:\/\/www.susannavaris.com\/blogg\/wp-content\/uploads\/2011\/08\/DSC_0618-60-300x199.jpg 300w\" sizes=\"auto, (max-width: 640px) 100vw, 640px\" \/><\/a><em>Ny f\u00e4gring p\u00e5 balkongen till h\u00f6sten&#8230;<\/em><\/p>\n<p>Sedan uppstod det en konflikt, \u00e4ven den p\u00e5 Facebook. En f\u00f6r mig ok\u00e4nd konstn\u00e4r laddade sent en kv\u00e4ll upp en bild till en gruppsida. Jag k\u00e4nde och k\u00e4nner, som sagt, inte konstn\u00e4ren nu heller, hans profilbild visade inte n\u00e5got ansikte, men den hade den lilla norska flaggsymbolen som m\u00e5nga nu har p\u00e5 sina bilder. Bilden visade en maskerad, muskul\u00f6s man med en stor, blodig yxa som han h\u00f6ll upp. Texten till bilden ber\u00e4ttade om en m\u00f6rdarmaskin.<\/p>\n<p>Jag var fruktansv\u00e4rt tr\u00f6tt vid tillf\u00e4llet och reagerade ganska h\u00e4ftigt p\u00e5 den bilden. Jag ville veta hur han t\u00e4nkte n\u00e4r han lade upp den och speciellt med tanke p\u00e5 den norska flaggan och det &#8221;kamouflerade&#8221; ansiktet p\u00e5 profilbilden. Han bad om urs\u00e4kt och tog ned bilden. Det skulle handla om n\u00e5gon slags teater. Jag ville inte k\u00f6pa f\u00f6rklaringen och fortsatte att envisas. Jag blev i min tr\u00f6tthet ganska spydig och gick \u00e4ven till personangrepp, n\u00e5got jag inte borde ha gjort. Jag borde i alla situationer kunna skilja p\u00e5 person och verk. Men jag var egentligen ute efter en vettig motivering till hur man t\u00e4nker med en s\u00e5dan bild- och textkombination. Om det nu var rekvisita, film eller teater, var jag \u00e4nd\u00e5 intresserad av varf\u00f6r man s\u00e5 snart efter tragedierna i Norge h\u00e5ller p\u00e5 med en upps\u00e4ttning som utg\u00e5r fr\u00e5n en ensam, muskul\u00f6s, maskerad, m\u00f6rdarmaskin? Vid det h\u00e4r laget hade \u00e4ven en anh\u00f6rig till konstn\u00e4ren lagt sig i och skrev meddelanden parallellt.<\/p>\n<p>Figuren som bilden f\u00f6rest\u00e4llde k\u00e4nns igen fr\u00e5n fr\u00e4mst spel- och actionfilmsv\u00e4rlden. \u00c4ven vit makt-milj\u00f6n brukar anv\u00e4nda sig av samma sorts figur och i samma f\u00e4rgskala som den h\u00e4r bilden; vitt, svart och r\u00f6tt. \u00d6verdimensionerad kropp, underdimensionerad hj\u00e4rna. En k\u00e4nslol\u00f6s m\u00f6rdarmaskin med alltid v\u00e4rre vapen. Den h\u00e4r figuren har sin dragningskraft p\u00e5 en, kanske fr\u00e4mst, ton\u00e5rig publik.<\/p>\n<p>Hade den bilden funnits annanstans, hade jag s\u00e4kert inte reagerat speciellt, men i just den gruppen f\u00f6r konstn\u00e4rer brukar de teman som visas vara v\u00e4ldigt annorlunda (abstrakt, landskap, kvinnofigurer, portr\u00e4tt, symboler, etc&#8230;). Jag var helt enkelt of\u00f6rberedd. Och \u00f6vertr\u00f6tt.<\/p>\n<p>Han bad om urs\u00e4kt f\u00f6r publiceringen och jag bad om urs\u00e4kt f\u00f6r min i \u00f6verkant spydiga ton. H\u00e4r kunde det hela sluta, men en s\u00e5dan konfliktsituation brukar s\u00e4tta sig hos mig. Jag har sovit halvd\u00e5ligt och varit sp\u00e4nd sedan dess. Trots att jag bett om urs\u00e4kt \u00e4r jag inte sj\u00e4lv n\u00f6jd med mitt beteende och det gnager mig.<\/p>\n<p>Det \u00e4r lite underligt att just jag reagerade s\u00e5 starkt. Jag h\u00e5ller ju sj\u00e4lv p\u00e5 med skr\u00e4ck i min konst och \u00e4r den sista att ropa p\u00e5 censur. Jag ville heller inte att bilden (f\u00f6r min del) skulle tas bort, det jag ville ha var en bakgrund och ett resonemang kring den. Nu togs bilden bort med en urs\u00e4kt och en h\u00e4nvisning till best\u00e4llningsjobb och teater.<\/p>\n<p>Men \u00e4ven konstn\u00e4rliga uttryck kan ha sin tid och sitt sammanhang. Filmpremi\u00e4rer har \u00e4ndrats p\u00e5 grund av att h\u00e4ndelser i omv\u00e4rlden har gjort dem ol\u00e4mpliga just vid tillf\u00e4llet. Konsten ska inte censureras med det finns mer och mindre l\u00e4mpliga tillf\u00e4llen f\u00f6r den, speciellt om den \u00e4r provokativ.<\/p>\n","protected":false},"excerpt":{"rendered":"<p>Veckan har g\u00e5tt i orons tecken. L\u00f6nearbetet \u00e4r, som konstaterat, i g\u00e5ng och anpassningen till skifttiderna har g\u00e5tt tr\u00f6gt. En gammal oro fr\u00e5n v\u00e5ren v\u00e4cks till liv, hur kommer situationen att utvecklas? Jag hade en mycket obehaglig h\u00e4ndelse p\u00e5 jobbet &hellip; <a href=\"http:\/\/www.susannavaris.com\/blogg\/2011\/08\/oroligheter\/\">Forts\u00e4tt l\u00e4sa <span class=\"meta-nav\">&rarr;<\/span><\/a><\/p>\n","protected":false},"author":1,"featured_media":1955,"comment_status":"open","ping_status":"open","sticky":false,"template":"","format":"standard","meta":{"footnotes":""},"categories":[3,589,1],"tags":[214,565,566],"class_list":["post-1953","post","type-post","status-publish","format-standard","has-post-thumbnail","hentry","category-konst","category-medier","category-okategoriserade","tag-balkong","tag-censur","tag-facebook"],"_links":{"self":[{"href":"http:\/\/www.susannavaris.com\/blogg\/wp-json\/wp\/v2\/posts\/1953","targetHints":{"allow":["GET"]}}],"collection":[{"href":"http:\/\/www.susannavaris.com\/blogg\/wp-json\/wp\/v2\/posts"}],"about":[{"href":"http:\/\/www.susannavaris.com\/blogg\/wp-json\/wp\/v2\/types\/post"}],"author":[{"embeddable":true,"href":"http:\/\/www.susannavaris.com\/blogg\/wp-json\/wp\/v2\/users\/1"}],"replies":[{"embeddable":true,"href":"http:\/\/www.susannavaris.com\/blogg\/wp-json\/wp\/v2\/comments?post=1953"}],"version-history":[{"count":5,"href":"http:\/\/www.susannavaris.com\/blogg\/wp-json\/wp\/v2\/posts\/1953\/revisions"}],"predecessor-version":[{"id":1959,"href":"http:\/\/www.susannavaris.com\/blogg\/wp-json\/wp\/v2\/posts\/1953\/revisions\/1959"}],"wp:featuredmedia":[{"embeddable":true,"href":"http:\/\/www.susannavaris.com\/blogg\/wp-json\/wp\/v2\/media\/1955"}],"wp:attachment":[{"href":"http:\/\/www.susannavaris.com\/blogg\/wp-json\/wp\/v2\/media?parent=1953"}],"wp:term":[{"taxonomy":"category","embeddable":true,"href":"http:\/\/www.susannavaris.com\/blogg\/wp-json\/wp\/v2\/categories?post=1953"},{"taxonomy":"post_tag","embeddable":true,"href":"http:\/\/www.susannavaris.com\/blogg\/wp-json\/wp\/v2\/tags?post=1953"}],"curies":[{"name":"wp","href":"https:\/\/api.w.org\/{rel}","templated":true}]}}