{"id":1982,"date":"2011-08-28T22:58:44","date_gmt":"2011-08-28T20:58:44","guid":{"rendered":"http:\/\/www.susannavaris.com\/blogg\/?p=1982"},"modified":"2011-09-21T10:32:26","modified_gmt":"2011-09-21T08:32:26","slug":"staten-och-kapitalet","status":"publish","type":"post","link":"http:\/\/www.susannavaris.com\/blogg\/2011\/08\/staten-och-kapitalet\/","title":{"rendered":"Staten och Kapitalet"},"content":{"rendered":"<p style=\"text-align: center;\"><a href=\"http:\/\/www.susannavaris.com\/blogg\/wp-content\/uploads\/2011\/08\/Cervenka-l\u00e4mnar-DN-f\u00f6r-SvD.jpeg\"><img loading=\"lazy\" decoding=\"async\" class=\"aligncenter size-full wp-image-1983\" title=\"Cervenka l\u00e4mnar DN f\u00f6r SvD\" src=\"http:\/\/www.susannavaris.com\/blogg\/wp-content\/uploads\/2011\/08\/Cervenka-l\u00e4mnar-DN-f\u00f6r-SvD.jpeg\" alt=\"\" width=\"180\" height=\"275\" \/><\/a><em>Andreas Cervenka<\/em><\/p>\n<p>Andreas Cervenka skriver i en mycket intressant artikel i dagens Svenska Dagbladet om symbiosen mellan staten och banksektorn. Detta givande och tagande, som under industrialismens uppg\u00e5ng har st\u00e5tt f\u00f6r blodfl\u00f6det i samh\u00e4llsorganismen. H\u00e5ller alltihopa p\u00e5 att bita sig sj\u00e4lvt i svansen?<\/p>\n<p><a href=\"http:\/\/www.svd.se\/naringsliv\/andreas-cervenkas-analys-en-osund-allians_6418098.svd\">http:\/\/www.svd.se\/naringsliv\/andreas-cervenkas-analys-en-osund-allians_6418098.svd<\/a><\/p>\n<p style=\"text-align: center;\"><a href=\"http:\/\/www.susannavaris.com\/blogg\/wp-content\/uploads\/2011\/08\/bankwood-bank.jpg\"><img loading=\"lazy\" decoding=\"async\" class=\"aligncenter size-full wp-image-1984\" title=\"bankwood-bank\" src=\"http:\/\/www.susannavaris.com\/blogg\/wp-content\/uploads\/2011\/08\/bankwood-bank.jpg\" alt=\"\" width=\"375\" height=\"500\" srcset=\"http:\/\/www.susannavaris.com\/blogg\/wp-content\/uploads\/2011\/08\/bankwood-bank.jpg 375w, http:\/\/www.susannavaris.com\/blogg\/wp-content\/uploads\/2011\/08\/bankwood-bank-225x300.jpg 225w\" sizes=\"auto, (max-width: 375px) 100vw, 375px\" \/><\/a><em>Illusioner och f\u00f6rv\u00e4ntningar?<\/em><\/p>\n<p>Marknadsekonomin \u00e4r ett bristf\u00e4lligt system. De ekonomiska teorierna utg\u00e5r fr\u00e5n en fullkomligt egennyttig och rationell individ. Jag skulle vilja m\u00f6ta en s\u00e5dan. Vid n\u00e4rmare eftertanke skulle jag inte vilja m\u00f6ta en s\u00e5dan. De baserar sig ocks\u00e5 p\u00e5 m\u00e4nskligt, kollektivt handlande, som vi k\u00e4nner till \u00e4r mycket sv\u00e5rf\u00f6ruts\u00e4gbart. S\u00e4rskilt om man sn\u00e4var in fr\u00e5n de mera generella trenderna. M\u00e4nniskan \u00e4r p\u00e5 samma g\u00e5ng individ och del av ett kollektiv. Jag inbillar mig dock, eftersom jag inte \u00e4r n\u00e5gon ekonom, att den moderna forskningen i ekonomi i stor utstr\u00e4ckning just behandlar psykologi, beteendevetenskap och antropologi bl a \u00a0p\u00e5 olika s\u00e4tt.<\/p>\n<p>Mycket stora utmaningar ligger i utvecklingen av det marknadsekonomiska systemet, den fria marknaden \u00e4r inte en fungerande storhet i fr\u00e5ga om stabilitet och leder, om den f\u00e5r fullst\u00e4ndigt fritt spelutrymme, till ett antal j\u00e4ttelika monopol och en mycket koncentrerad makt. Men det demokratiska, marknadsekonomiska systemet \u00e4r det b\u00e4sta vi har, n\u00e4r det g\u00e4ller att skapa v\u00e4lst\u00e5nd och frihet \u00e5t m\u00e4nniskor. En maktfullkomlig stat, som en hel del av de andra, mera skr\u00e4ckinjagande varianterna har baserats p\u00e5, \u00e4r en \u00e4nnu v\u00e4rre herre.<\/p>\n<p style=\"text-align: center;\"><a href=\"http:\/\/www.susannavaris.com\/blogg\/wp-content\/uploads\/2011\/08\/711540-ebba-gr\u00f6n-staten-kapitalet-ung-kt.jpg\"><img loading=\"lazy\" decoding=\"async\" class=\"aligncenter size-full wp-image-1985\" title=\"711540-ebba-gr\u00f6n-staten--kapitalet--ung--kt\" src=\"http:\/\/www.susannavaris.com\/blogg\/wp-content\/uploads\/2011\/08\/711540-ebba-gr\u00f6n-staten-kapitalet-ung-kt.jpg\" alt=\"\" width=\"565\" height=\"570\" srcset=\"http:\/\/www.susannavaris.com\/blogg\/wp-content\/uploads\/2011\/08\/711540-ebba-gr\u00f6n-staten-kapitalet-ung-kt.jpg 565w, http:\/\/www.susannavaris.com\/blogg\/wp-content\/uploads\/2011\/08\/711540-ebba-gr\u00f6n-staten-kapitalet-ung-kt-150x150.jpg 150w, http:\/\/www.susannavaris.com\/blogg\/wp-content\/uploads\/2011\/08\/711540-ebba-gr\u00f6n-staten-kapitalet-ung-kt-297x300.jpg 297w\" sizes=\"auto, (max-width: 565px) 100vw, 565px\" \/><\/a><em>F\u00f6r\u00e5ldrat?<\/em><\/p>\n<p>&nbsp;<\/p>\n","protected":false},"excerpt":{"rendered":"<p>Andreas Cervenka Andreas Cervenka skriver i en mycket intressant artikel i dagens Svenska Dagbladet om symbiosen mellan staten och banksektorn. Detta givande och tagande, som under industrialismens uppg\u00e5ng har st\u00e5tt f\u00f6r blodfl\u00f6det i samh\u00e4llsorganismen. H\u00e5ller alltihopa p\u00e5 att bita sig &hellip; <a href=\"http:\/\/www.susannavaris.com\/blogg\/2011\/08\/staten-och-kapitalet\/\">Forts\u00e4tt l\u00e4sa <span class=\"meta-nav\">&rarr;<\/span><\/a><\/p>\n","protected":false},"author":1,"featured_media":1985,"comment_status":"open","ping_status":"open","sticky":false,"template":"","format":"standard","meta":{"footnotes":""},"categories":[674,1,590,403,117],"tags":[572,574,575,571,573,570,504],"class_list":["post-1982","post","type-post","status-publish","format-standard","has-post-thumbnail","hentry","category-historia","category-okategoriserade","category-politik","category-pseudovetenskap","category-vetenskap","tag-andreas-cervenka","tag-bank","tag-banksektorn","tag-ebba-gron","tag-ekonomi","tag-staten-och-kapitalet","tag-svd"],"_links":{"self":[{"href":"http:\/\/www.susannavaris.com\/blogg\/wp-json\/wp\/v2\/posts\/1982","targetHints":{"allow":["GET"]}}],"collection":[{"href":"http:\/\/www.susannavaris.com\/blogg\/wp-json\/wp\/v2\/posts"}],"about":[{"href":"http:\/\/www.susannavaris.com\/blogg\/wp-json\/wp\/v2\/types\/post"}],"author":[{"embeddable":true,"href":"http:\/\/www.susannavaris.com\/blogg\/wp-json\/wp\/v2\/users\/1"}],"replies":[{"embeddable":true,"href":"http:\/\/www.susannavaris.com\/blogg\/wp-json\/wp\/v2\/comments?post=1982"}],"version-history":[{"count":10,"href":"http:\/\/www.susannavaris.com\/blogg\/wp-json\/wp\/v2\/posts\/1982\/revisions"}],"predecessor-version":[{"id":2476,"href":"http:\/\/www.susannavaris.com\/blogg\/wp-json\/wp\/v2\/posts\/1982\/revisions\/2476"}],"wp:featuredmedia":[{"embeddable":true,"href":"http:\/\/www.susannavaris.com\/blogg\/wp-json\/wp\/v2\/media\/1985"}],"wp:attachment":[{"href":"http:\/\/www.susannavaris.com\/blogg\/wp-json\/wp\/v2\/media?parent=1982"}],"wp:term":[{"taxonomy":"category","embeddable":true,"href":"http:\/\/www.susannavaris.com\/blogg\/wp-json\/wp\/v2\/categories?post=1982"},{"taxonomy":"post_tag","embeddable":true,"href":"http:\/\/www.susannavaris.com\/blogg\/wp-json\/wp\/v2\/tags?post=1982"}],"curies":[{"name":"wp","href":"https:\/\/api.w.org\/{rel}","templated":true}]}}