{"id":1994,"date":"2011-08-29T21:18:58","date_gmt":"2011-08-29T19:18:58","guid":{"rendered":"http:\/\/www.susannavaris.com\/blogg\/?p=1994"},"modified":"2011-08-29T21:18:58","modified_gmt":"2011-08-29T19:18:58","slug":"nya-planer","status":"publish","type":"post","link":"http:\/\/www.susannavaris.com\/blogg\/2011\/08\/nya-planer\/","title":{"rendered":"Nya planer"},"content":{"rendered":"<p><a href=\"http:\/\/www.susannavaris.com\/blogg\/wp-content\/uploads\/2011\/08\/DSC_0154-60.jpg\"><img loading=\"lazy\" decoding=\"async\" class=\"aligncenter size-large wp-image-1995\" title=\"DSC_0154-60\" src=\"http:\/\/www.susannavaris.com\/blogg\/wp-content\/uploads\/2011\/08\/DSC_0154-60-676x1024.jpg\" alt=\"\" width=\"640\" height=\"969\" srcset=\"http:\/\/www.susannavaris.com\/blogg\/wp-content\/uploads\/2011\/08\/DSC_0154-60-676x1024.jpg 676w, http:\/\/www.susannavaris.com\/blogg\/wp-content\/uploads\/2011\/08\/DSC_0154-60-198x300.jpg 198w, http:\/\/www.susannavaris.com\/blogg\/wp-content\/uploads\/2011\/08\/DSC_0154-60.jpg 1418w\" sizes=\"auto, (max-width: 640px) 100vw, 640px\" \/><\/a><\/p>\n<p>Senaste dagarna och helgen har tillbringats i jobbets trygga h\u00e4rd, borta fr\u00e5n v\u00e4rldsliga frestelser och f\u00f6rd\u00e4rvligheter. Imorgon \u00e4r jag ledig och ska, f\u00f6rhoppningsvis, hinna med lite konstn\u00e4rligt skapande f\u00f6r omv\u00e4xlings skull.<\/p>\n<p>Jag planerar tv\u00e5 utst\u00e4llningar i framtiden, b\u00e5da kommer att ha ett tema. De \u00e4r teman som jag redan har arbetat p\u00e5, men som nu kommer att vidareutvecklas till hela, egna utst\u00e4llningar. F\u00f6rhoppningsvis. Det blir kr\u00e5kor, f\u00f6rbannelser, sp\u00f6khus, blodets arv och mystik med mera i den f\u00f6rsta utst\u00e4llningen. Den andra blir mer navelsk\u00e5dande; lite Dr Jekyll\/Mr Hyde, inre demoner&#8230;<\/p>\n<p>Den f\u00f6rsta hade varit perfekt till Halloween, men nu \u00e4r tiden f\u00f6r knapp. Jag kommer att satsa p\u00e5 troligtvis p\u00e5sken, ocks\u00e5 den en tid av h\u00e4xerier och dramatik i form av korsf\u00e4stelse.<\/p>\n<p>Men just nu blir det hollywoodfruar och ostbricka. Cider till.<\/p>\n","protected":false},"excerpt":{"rendered":"<p>Senaste dagarna och helgen har tillbringats i jobbets trygga h\u00e4rd, borta fr\u00e5n v\u00e4rldsliga frestelser och f\u00f6rd\u00e4rvligheter. Imorgon \u00e4r jag ledig och ska, f\u00f6rhoppningsvis, hinna med lite konstn\u00e4rligt skapande f\u00f6r omv\u00e4xlings skull. Jag planerar tv\u00e5 utst\u00e4llningar i framtiden, b\u00e5da kommer att &hellip; <a href=\"http:\/\/www.susannavaris.com\/blogg\/2011\/08\/nya-planer\/\">Forts\u00e4tt l\u00e4sa <span class=\"meta-nav\">&rarr;<\/span><\/a><\/p>\n","protected":false},"author":1,"featured_media":1995,"comment_status":"open","ping_status":"open","sticky":false,"template":"","format":"standard","meta":{"footnotes":""},"categories":[3,1,4],"tags":[313,576],"class_list":["post-1994","post","type-post","status-publish","format-standard","has-post-thumbnail","hentry","category-konst","category-okategoriserade","category-utstallning","tag-curse-of-the-crows","tag-demonhotel"],"_links":{"self":[{"href":"http:\/\/www.susannavaris.com\/blogg\/wp-json\/wp\/v2\/posts\/1994","targetHints":{"allow":["GET"]}}],"collection":[{"href":"http:\/\/www.susannavaris.com\/blogg\/wp-json\/wp\/v2\/posts"}],"about":[{"href":"http:\/\/www.susannavaris.com\/blogg\/wp-json\/wp\/v2\/types\/post"}],"author":[{"embeddable":true,"href":"http:\/\/www.susannavaris.com\/blogg\/wp-json\/wp\/v2\/users\/1"}],"replies":[{"embeddable":true,"href":"http:\/\/www.susannavaris.com\/blogg\/wp-json\/wp\/v2\/comments?post=1994"}],"version-history":[{"count":2,"href":"http:\/\/www.susannavaris.com\/blogg\/wp-json\/wp\/v2\/posts\/1994\/revisions"}],"predecessor-version":[{"id":1997,"href":"http:\/\/www.susannavaris.com\/blogg\/wp-json\/wp\/v2\/posts\/1994\/revisions\/1997"}],"wp:featuredmedia":[{"embeddable":true,"href":"http:\/\/www.susannavaris.com\/blogg\/wp-json\/wp\/v2\/media\/1995"}],"wp:attachment":[{"href":"http:\/\/www.susannavaris.com\/blogg\/wp-json\/wp\/v2\/media?parent=1994"}],"wp:term":[{"taxonomy":"category","embeddable":true,"href":"http:\/\/www.susannavaris.com\/blogg\/wp-json\/wp\/v2\/categories?post=1994"},{"taxonomy":"post_tag","embeddable":true,"href":"http:\/\/www.susannavaris.com\/blogg\/wp-json\/wp\/v2\/tags?post=1994"}],"curies":[{"name":"wp","href":"https:\/\/api.w.org\/{rel}","templated":true}]}}