{"id":1998,"date":"2011-08-30T12:50:18","date_gmt":"2011-08-30T10:50:18","guid":{"rendered":"http:\/\/www.susannavaris.com\/blogg\/?p=1998"},"modified":"2023-02-17T18:30:23","modified_gmt":"2023-02-17T17:30:23","slug":"dagens-blodtryckshojare-3","status":"publish","type":"post","link":"http:\/\/www.susannavaris.com\/blogg\/2011\/08\/dagens-blodtryckshojare-3\/","title":{"rendered":"Dagens blodtrycksh\u00f6jare&#8230;"},"content":{"rendered":"<div class=\"wp-block-image\">\n<figure class=\"aligncenter\"><a href=\"http:\/\/www.susannavaris.com\/blogg\/wp-content\/uploads\/2011\/08\/DSC_0620-60.jpg\"><img loading=\"lazy\" decoding=\"async\" width=\"780\" height=\"1024\" src=\"http:\/\/www.susannavaris.com\/blogg\/wp-content\/uploads\/2011\/08\/DSC_0620-60-780x1024.jpg\" alt=\"\" class=\"wp-image-1999\" title=\"DSC_0620-60\" srcset=\"http:\/\/www.susannavaris.com\/blogg\/wp-content\/uploads\/2011\/08\/DSC_0620-60-780x1024.jpg 780w, http:\/\/www.susannavaris.com\/blogg\/wp-content\/uploads\/2011\/08\/DSC_0620-60-228x300.jpg 228w, http:\/\/www.susannavaris.com\/blogg\/wp-content\/uploads\/2011\/08\/DSC_0620-60.jpg 1808w\" sizes=\"auto, (max-width: 780px) 100vw, 780px\" \/><\/a><\/figure>\n<\/div>\n\n\n<p class=\"has-text-align-center\"><em>N\u00e5gra av mina f\u00f6rsta LP-skivor. Boney M best\u00e4llde moderskan till mig <em>fr\u00e5n en skivklubb&nbsp;<\/em>efter entr\u00e4get tjat. ABBA fick jag efter l\u00e5ng v\u00e4ntan som julklapp 1976 (?). Blondie var den f\u00f6rsta skivan jag helt p\u00e5 egen hand \u00e5kte ner till stan och handlade f\u00f6r sparade veckopengar.<\/em><\/p>\n\n\n\n<p>&#8230;levereras av Anna Troberg, partiledare f\u00f6r Piratpartiet och Gustav Nipe, f\u00f6rbundsordf\u00f6rande f\u00f6r Ung Pirat.<\/p>\n\n\n\n<p><a href=\"http:\/\/www.dn.se\/debatt\/sluta-straffa-fildelare\">http:\/\/www.dn.se\/debatt\/sluta-straffa-fildelare<\/a><\/p>\n\n\n\n<p>De juridiska resonemangen kring bl a termen &#8221;st\u00f6ld&#8221; l\u00e4mnar jag d\u00e4rh\u00e4n i detta inl\u00e4gg, s\u00e5 \u00e4ven diskussionen om behovet av nya aff\u00e4rsmodeller f\u00f6r kultursektorn. Vad jag fr\u00e4mst reagerar mot \u00e4r framst\u00e4llningen i debattartikeln. De exemplifierade individerna som nu st\u00e5r \u00e5talade f\u00f6r upphovsr\u00e4ttsintr\u00e5ng m\u00e5las upp som vanliga hedersknyfflar som den onda och giriga industrin nu vill f\u00f6rst\u00f6ra livet f\u00f6r. En dramaturgi h\u00e4mtad fr\u00e5n vilken b-film som helst, skurken ska vara genomond, hj\u00e4lten of\u00f6rvitlig och of\u00f6rskyllt anklagad.<\/p>\n\n\n<div class=\"wp-block-image\">\n<figure class=\"aligncenter size-full\"><img loading=\"lazy\" decoding=\"async\" width=\"624\" height=\"900\" src=\"http:\/\/www.susannavaris.com\/blogg\/wp-content\/uploads\/2023\/02\/000-Anna_Troberg_3.jpg\" alt=\"\" class=\"wp-image-17977\" title=\"anna_troberg123\" srcset=\"http:\/\/www.susannavaris.com\/blogg\/wp-content\/uploads\/2023\/02\/000-Anna_Troberg_3.jpg 624w, http:\/\/www.susannavaris.com\/blogg\/wp-content\/uploads\/2023\/02\/000-Anna_Troberg_3-208x300.jpg 208w\" sizes=\"auto, (max-width: 624px) 100vw, 624px\" \/><figcaption class=\"wp-element-caption\">Carl Johan Rehbinder &#8211; <a href=\"http:\/\/www.annatroberg.com\/wp-content\/uploads\/2010\/02\/at1.jpg\">http:\/\/www.annatroberg.com\/wp-content\/uploads\/2010\/02\/at1.jpg<\/a>. Wikipedia \/ <a href=\"https:\/\/commons.wikimedia.org\/wiki\/File:Anna_Troberg_3.jpg\">Public Domain<\/a><\/figcaption><\/figure>\n<\/div>\n\n\n<p class=\"has-text-align-center\"><em>Anna Troberg<\/em><\/p>\n\n\n\n<p>Men det som riktigt f\u00e5r frukosten att v\u00e4nda sig i magen \u00e4r f\u00f6ljande:<\/p>\n\n\n\n<p>&#8221;Sexton\u00e5ringen i Uppsala och femton\u00e5ringen i G\u00f6teborg och alla de andra miljontals svenskar som kulturdelar skadar ingen. de \u00e4r inte ett hot mot n\u00e5gon. De g\u00f6r bara det m\u00e4nniskor gjort i alla tider. De delar kultur med sina medm\u00e4nniskor. De g\u00f6r n\u00e5got som berikar deras medm\u00e4nniskor. Det \u00e4r dessutom en n\u00f6dv\u00e4ndighet f\u00f6r kulturens sj\u00e4lva existens. Odelad kultur \u00e4r kultur som ingen ser, ingen \u00e4lskar och ingen k\u00f6per. Delad kultur hittar sin publik, blir \u00e4lskad och k\u00f6ps.&#8221;<\/p>\n\n\n\n<p>Fildelarna skadar ingen. Verkligen? Vad s\u00e4gs om eventuellt den eller de personer som skapat verket ifr\u00e5ga?<\/p>\n\n\n\n<p>F\u00f6rutom de \u00f6versl\u00e4tande orden om att &#8221;miljontals&#8221; svenskar fildelar och att m\u00e4nniskor alltid har delat kultur med sina medm\u00e4nniskor (m\u00e4nniskor har alltid m\u00f6rdat, v\u00e5ldtagit och plundrat varandra ocks\u00e5), s\u00e5 ska vi nu hylla fildelaren som den som egentligen b\u00e4r upp kulturen. Det \u00e4r n\u00e4mligen fildelaren som berikar sina medm\u00e4nniskor genom sin fildelning (!!!)<\/p>\n\n\n\n<p>Jag har alltid inbillat mig att det \u00e4r musikern, artisten, konstn\u00e4ren, filmskaparen som berikar sina medm\u00e4nniskors liv med sitt kulturskapande&#8230;t\u00e4nk s\u00e5 fel jag haft. Ge mig numret till n\u00e4rmaste glada fildelare s\u00e5 ska jag ringa upp honom\/henne och ber\u00e4tta hur tacksam jag \u00e4r f\u00f6r hans stora kulturg\u00e4rning.<\/p>\n\n\n\n<p>Dessutom \u00e4r tydligen fildelningen n\u00f6dv\u00e4ndig f\u00f6r sj\u00e4lva kulturens existens. (Jag vet inte om jag ska skratta eller gr\u00e5ta n\u00e4r jag l\u00e4ser all den h\u00e4r mytomaniska sm\u00f6rjan&#8230;) Jag har best\u00e4mt f\u00f6r mig att det har existerat kultur f\u00f6re 1995. Fildelaren inbillar sig s\u00e4kert att det formligen skulle ha sprutat kultur ur alla samh\u00e4llets porer om enbart den filantropiska lilla skaran vid sina datorer existerat genom v\u00e4rldshistorien.<\/p>\n\n\n<div class=\"wp-block-image\">\n<figure class=\"aligncenter size-full\"><img loading=\"lazy\" decoding=\"async\" width=\"480\" height=\"720\" src=\"http:\/\/www.susannavaris.com\/blogg\/wp-content\/uploads\/2023\/02\/000-Nipe_Lkpg.jpg\" alt=\"\" class=\"wp-image-17979\" title=\"Demonstrationstag_25_Gustav_Nipe_Piratpartiet_Skriker\" srcset=\"http:\/\/www.susannavaris.com\/blogg\/wp-content\/uploads\/2023\/02\/000-Nipe_Lkpg.jpg 480w, http:\/\/www.susannavaris.com\/blogg\/wp-content\/uploads\/2023\/02\/000-Nipe_Lkpg-200x300.jpg 200w\" sizes=\"auto, (max-width: 480px) 100vw, 480px\" \/><figcaption class=\"wp-element-caption\"><a href=\"https:\/\/commons.wikimedia.org\/wiki\/User:Quispiam\">Quispiam<\/a> &#8211; Eget arbete<br><a href=\"https:\/\/commons.wikimedia.org\/w\/index.php?title=Gustav_Nipe&amp;action=edit&amp;redlink=1\">Gustav Nipe<\/a> i ett demonstrationst\u00e5g f\u00f6r <a href=\"https:\/\/commons.wikimedia.org\/w\/index.php?title=Piratpartiet&amp;action=edit&amp;redlink=1\">Piratpartiet<\/a> i <a href=\"https:\/\/commons.wikimedia.org\/wiki\/Link%C3%B6ping\">Link\u00f6ping<\/a>, <a href=\"https:\/\/commons.wikimedia.org\/w\/index.php?title=F%C3%B6rsta_maj&amp;action=edit&amp;redlink=1\">f\u00f6rsta maj<\/a> <a href=\"https:\/\/commons.wikimedia.org\/wiki\/2011\">2011<\/a>. Wikipedia \/ <a rel=\"noreferrer noopener\" href=\"http:\/\/creativecommons.org\/publicdomain\/zero\/1.0\/deed.en\" target=\"_blank\">CC0<\/a><\/figcaption><\/figure>\n<\/div>\n\n\n<p class=\"has-text-align-center\"><em>Gustav Nipe<\/em><\/p>\n\n\n\n<p>&#8221;Odelad kultur \u00e4r kultur som ingen ser, ingen \u00e4lskar och ingen k\u00f6per.&#8221; Nej, det finns tydligen ingen gr\u00e4ns f\u00f6r inbilskheten och vanf\u00f6rest\u00e4llningarna. N\u00e4tet i sig inneb\u00e4r en fantastisk m\u00f6jlighet f\u00f6r kulturskapare att visa upp sina verk, vad fildelaren g\u00f6r \u00e4r fortfarande ett intr\u00e5ng i deras r\u00e4ttigheter, ingenting annat. Den filantropiske fildelaren beh\u00f6ver ju enbart tipsa sin kompis om t ex den och den gruppen och denne kan sj\u00e4lv ta del av artistens verk genom n\u00e4tet. (P\u00e5 den gamla goda tiden h\u00e4ngde de musikintresserade i klungor vid musikaff\u00e4rernas diskar med h\u00f6rlurar och provlyssnade).&nbsp;Men s\u00e5 klart beh\u00f6vs det v\u00e4l en hel film eller ett helt album numera f\u00f6r att vara riktigt s\u00e4ker p\u00e5 att man inte beh\u00f6ver k\u00f6pa just den. Eftersom man redan r\u00e5kar ha den.<\/p>\n\n\n\n<p>I sista meningen av stycket ovan sl\u00e5r man sedan fast att fildelningen \u00e4r den faktor som \u00e4r en f\u00f6ruts\u00e4ttning f\u00f6r att kultur k\u00f6ps. Ja herregud.<\/p>\n\n\n\n<p>Sedan forts\u00e4tter debattartikeln med en gr\u00e5tvals om de stackars fildelande kulturhj\u00e4ltarnas liv, som den onda industrin s\u00f6ker \u00f6del\u00e4gga (&#8221;personliga tragedier&#8221;&#8230;ja jisses&#8230;).<\/p>\n\n\n\n<p>Piratpartiet och Ung Pirat f\u00e5r i lugn och ro leva i den f\u00f6rvr\u00e4ngda verklighet de verkar uppleva, men det \u00e4r riktigt smakl\u00f6st att f\u00f6rs\u00f6ka kl\u00e4 sig i n\u00e5gon sorts kulturhj\u00e4ltars kl\u00e4der. Det \u00e4r konstn\u00e4rer och kulturskapare som skapar den berikande kulturen, fildelaren parasiterar p\u00e5 det arbetet och ingenting annat.<\/p>\n","protected":false},"excerpt":{"rendered":"<p>N\u00e5gra av mina f\u00f6rsta LP-skivor. Boney M best\u00e4llde moderskan till mig fr\u00e5n en skivklubb&nbsp;efter entr\u00e4get tjat. ABBA fick jag efter l\u00e5ng v\u00e4ntan som julklapp 1976 (?). Blondie var den f\u00f6rsta skivan jag helt p\u00e5 egen hand \u00e5kte ner till stan &hellip; <a href=\"http:\/\/www.susannavaris.com\/blogg\/2011\/08\/dagens-blodtryckshojare-3\/\">Forts\u00e4tt l\u00e4sa <span class=\"meta-nav\">&rarr;<\/span><\/a><\/p>\n","protected":false},"author":1,"featured_media":1999,"comment_status":"open","ping_status":"open","sticky":false,"template":"","format":"standard","meta":{"footnotes":""},"categories":[178,589,590],"tags":[175,577,578,579],"class_list":["post-1998","post","type-post","status-publish","format-standard","has-post-thumbnail","hentry","category-blodtryckshojare","category-medier","category-politik","tag-dn","tag-fildelning","tag-piratpartiet","tag-ung-pirat"],"_links":{"self":[{"href":"http:\/\/www.susannavaris.com\/blogg\/wp-json\/wp\/v2\/posts\/1998","targetHints":{"allow":["GET"]}}],"collection":[{"href":"http:\/\/www.susannavaris.com\/blogg\/wp-json\/wp\/v2\/posts"}],"about":[{"href":"http:\/\/www.susannavaris.com\/blogg\/wp-json\/wp\/v2\/types\/post"}],"author":[{"embeddable":true,"href":"http:\/\/www.susannavaris.com\/blogg\/wp-json\/wp\/v2\/users\/1"}],"replies":[{"embeddable":true,"href":"http:\/\/www.susannavaris.com\/blogg\/wp-json\/wp\/v2\/comments?post=1998"}],"version-history":[{"count":9,"href":"http:\/\/www.susannavaris.com\/blogg\/wp-json\/wp\/v2\/posts\/1998\/revisions"}],"predecessor-version":[{"id":17980,"href":"http:\/\/www.susannavaris.com\/blogg\/wp-json\/wp\/v2\/posts\/1998\/revisions\/17980"}],"wp:featuredmedia":[{"embeddable":true,"href":"http:\/\/www.susannavaris.com\/blogg\/wp-json\/wp\/v2\/media\/1999"}],"wp:attachment":[{"href":"http:\/\/www.susannavaris.com\/blogg\/wp-json\/wp\/v2\/media?parent=1998"}],"wp:term":[{"taxonomy":"category","embeddable":true,"href":"http:\/\/www.susannavaris.com\/blogg\/wp-json\/wp\/v2\/categories?post=1998"},{"taxonomy":"post_tag","embeddable":true,"href":"http:\/\/www.susannavaris.com\/blogg\/wp-json\/wp\/v2\/tags?post=1998"}],"curies":[{"name":"wp","href":"https:\/\/api.w.org\/{rel}","templated":true}]}}