{"id":20,"date":"2011-05-06T14:24:39","date_gmt":"2011-05-06T12:24:39","guid":{"rendered":"http:\/\/www.susannavaris.com\/blogg\/?p=20"},"modified":"2023-02-13T14:14:05","modified_gmt":"2023-02-13T13:14:05","slug":"lust-och-last-nationalmuseum","status":"publish","type":"post","link":"http:\/\/www.susannavaris.com\/blogg\/2011\/05\/lust-och-last-nationalmuseum\/","title":{"rendered":"Lust och last Nationalmuseum"},"content":{"rendered":"\n<p class=\"has-text-align-center\">&nbsp;<\/p>\n\n\n<div class=\"wp-block-image\">\n<figure class=\"aligncenter\"><a href=\"http:\/\/www.susannavaris.com\/blogg\/wp-content\/uploads\/2011\/05\/nationalmuseum0503-03.jpg\"><img decoding=\"async\" src=\"http:\/\/www.susannavaris.com\/blogg\/wp-content\/uploads\/2011\/05\/nationalmuseum0503-03.jpg\" alt=\"\" class=\"wp-image-22\" title=\"nationalmuseum0503-03\"\/><\/a><\/figure>\n<\/div>\n\n\n<p class=\"has-text-align-center\"><\/p>\n\n\n\n<p class=\"has-text-align-center\">I tisdags bl\u00e5ste det ishavsvindar samt regnade sm\u00e5spik, katter, hundar och fula k\u00e4rringar, n\u00e4r Uffe och jag bes\u00f6kte Nationalmus\u00e9ets utst\u00e4llning Lust och Last. Snusk och skabrositeter hade utlovats och vi skulle tom f\u00e5 testa v\u00e5ra moraliska gr\u00e4nser. S\u00e5dant \u00e4r ju alltid intressant.<\/p>\n\n\n\n<p class=\"has-text-align-center\">Vi samlade krafter p\u00e5 Nationalmus\u00e9ets underbara restaurang och tog oss r\u00f6dkindade an utmaningen. Jag vet inte om de r\u00f6da kinderna beh\u00f6ll sin f\u00e4rg, eller om v\u00e5ra blickar var s\u00e5 mycket mera glansiga \u00e4n innan, n\u00e4r vi efter n\u00e5gon timma stegade ut fr\u00e5n utst\u00e4llningen. Jag antar att vi som har vuxit upp med framv\u00e4xten det \u00f6versexualiserade mediala samh\u00e4llet inte blir s\u00e5 l\u00e4tt chockade.<\/p>\n\n\n<div class=\"wp-block-image\">\n<figure class=\"aligncenter\"><a href=\"http:\/\/www.susannavaris.com\/blogg\/wp-content\/uploads\/2011\/05\/lustolastLarsNilssonHe_was_an_assman.jpg\"><img loading=\"lazy\" decoding=\"async\" width=\"243\" height=\"300\" src=\"http:\/\/www.susannavaris.com\/blogg\/wp-content\/uploads\/2011\/05\/lustolastLarsNilssonHe_was_an_assman-243x300.jpg\" alt=\"\" class=\"wp-image-25\" title=\"LN11He was an assman\" srcset=\"http:\/\/www.susannavaris.com\/blogg\/wp-content\/uploads\/2011\/05\/lustolastLarsNilssonHe_was_an_assman-243x300.jpg 243w, http:\/\/www.susannavaris.com\/blogg\/wp-content\/uploads\/2011\/05\/lustolastLarsNilssonHe_was_an_assman.jpg 282w\" sizes=\"auto, (max-width: 243px) 100vw, 243px\" \/><\/a><\/figure>\n<\/div>\n\n\n<p class=\"has-text-align-center\"><em>Lars Nilssons &#8221;He Was An Assman, I Guess&#8221; var rolig att se live. Foto: Nationalmuseum<br><\/em><\/p>\n\n\n\n<p class=\"has-text-align-center\">Jag hade innan l\u00e4st indignerade recensioner fr\u00e5n genusmedvetna, f\u00f6retr\u00e4desvis kvinnliga skribenter p\u00e5 v\u00e4nsterkanten om bristen p\u00e5 genusperspektiv, queerteori och annat, som jag \u00e4r ganska s\u00e4ker p\u00e5 de flesta av konstn\u00e4rerna bakom de visade verken aldrig kommit i kontakt med. Andra skribenter tyckte att mus\u00e9et var besv\u00e4rande pedagogiskt i just sina f\u00f6rs\u00f6k att s\u00e4tta den \u00e4ldre konsten i ett sammanhang. Min \u00e5sikt \u00e4r att, speciellt om man inhandlade utst\u00e4llningskatalogen och tog del av den (vilket man kanske tom borde ha gjort f\u00f6re bes\u00f6ket), fick en bra miniutbildning i hur relationen till sex, nakenhet och inte minst, den kvinnliga kroppen har sett ut genom seklerna i den svenska och v\u00e4sterl\u00e4ndska, fr\u00e4mst europeiska konsten. Jag tycker att sj\u00e4lva faktumet att den sk &#8221;manliga blicken&#8221; \u00e4r dominerande i verken som presenteras, illustrerar tydligt hur just den n\u00e4mnda relationen har sett ut.<\/p>\n\n\n<div class=\"wp-block-image\">\n<figure class=\"aligncenter\"><a href=\"http:\/\/www.susannavaris.com\/blogg\/wp-content\/uploads\/2011\/05\/lust_och_last_4_jpg_943455a.jpg\"><img loading=\"lazy\" decoding=\"async\" width=\"300\" height=\"168\" src=\"http:\/\/www.susannavaris.com\/blogg\/wp-content\/uploads\/2011\/05\/lust_och_last_4_jpg_943455a-300x168.jpg\" alt=\"\" class=\"wp-image-26\" title=\"lust_och_last_4_jpg_943455a\" srcset=\"http:\/\/www.susannavaris.com\/blogg\/wp-content\/uploads\/2011\/05\/lust_och_last_4_jpg_943455a-300x168.jpg 300w, http:\/\/www.susannavaris.com\/blogg\/wp-content\/uploads\/2011\/05\/lust_och_last_4_jpg_943455a.jpg 704w\" sizes=\"auto, (max-width: 300px) 100vw, 300px\" \/><\/a><\/figure>\n<\/div>\n\n\n<p class=\"has-text-align-center\"><em>Carl August Ehrensw\u00e4rds &#8221;G\u00f6r Alla R\u00e4tt&#8221;. De b\u00e5da herrarna Johan Tobias Sergel och Carl August Ehresw\u00e4rds verk fanns i l\u00e5nga serier och tillh\u00f6rde de mer bisarra inslagen. Foto: Nationalmuseum<br><\/em><\/p>\n\n\n<div class=\"wp-block-image\">\n<figure class=\"aligncenter\"><a href=\"http:\/\/www.susannavaris.com\/blogg\/wp-content\/uploads\/2011\/05\/Lust_o_Last_07_HR.jpg\"><img decoding=\"async\" src=\"http:\/\/www.susannavaris.com\/blogg\/wp-content\/uploads\/2011\/05\/Lust_o_Last_07_HR.jpg\" alt=\"\" class=\"wp-image-27\" title=\"Lust och Last, Nationalmuseum, Stockholm.\"\/><\/a><\/figure>\n<\/div>\n\n\n<p class=\"has-text-align-center\"> Queerperspektiv? Foto: Nationalmuseum<\/p>\n\n\n<div class=\"wp-block-image\">\n<figure class=\"aligncenter\"><a href=\"http:\/\/www.susannavaris.com\/blogg\/wp-content\/uploads\/2011\/05\/lustolastDavid_von_Michelangelo.jpg\"><img loading=\"lazy\" decoding=\"async\" width=\"536\" height=\"1024\" src=\"http:\/\/www.susannavaris.com\/blogg\/wp-content\/uploads\/2011\/05\/lustolastDavid_von_Michelangelo-536x1024.jpg\" alt=\"\" class=\"wp-image-34\" title=\"lustolastDavid_von_Michelangelo\" srcset=\"http:\/\/www.susannavaris.com\/blogg\/wp-content\/uploads\/2011\/05\/lustolastDavid_von_Michelangelo-536x1024.jpg 536w, http:\/\/www.susannavaris.com\/blogg\/wp-content\/uploads\/2011\/05\/lustolastDavid_von_Michelangelo-157x300.jpg 157w, http:\/\/www.susannavaris.com\/blogg\/wp-content\/uploads\/2011\/05\/lustolastDavid_von_Michelangelo.jpg 1071w\" sizes=\"auto, (max-width: 536px) 100vw, 536px\" \/><\/a><\/figure>\n<\/div>\n\n\n<p class=\"has-text-align-center\"><\/p>\n\n\n\n<p class=\"has-text-align-center\"><em>Michelangelos &#8221;David&#8221; ing\u00e5r inte i utst\u00e4llningen mer \u00e4n som kopia. Under 1800-talet pysslade man tydligen med att t\u00e4cka \u00f6ver k\u00f6nen p\u00e5 statyer med fikonl\u00f6v och i England hade man tom en fd jurist, som \u00e5kte runt i Europa och inventerade fikonl\u00f6v. Foto: Nationalmuseum<br><\/em><\/p>\n\n\n\n<p class=\"has-text-align-center\">Som yngre minns jag att jag just reflekterade \u00f6ver dominansen av kvinnliga, mycket ofta nakna och sexuella, objekt i konsten. Min reaktion var att m\u00e5la mannen som objekt. D\u00e5 m\u00e5lade jag s\u00e5ngaren Sebastian Bach fr\u00e5n sleaze\/pudelrockbandet Skid Row i en utmanande pose, men tydligt \u00e5tsmitande jeans. Jag har fortsatt med mina portr\u00e4tt p\u00e5 framf\u00f6r allt Marilyn Manson, som jag anv\u00e4nt som objekt och musa. Intressant att notera \u00e4r dock, att dessa b\u00e5da herrar har en hel del femininitet \u00f6ver sig, i alla fall p\u00e5 pappret&#8230;jag vet inte sj\u00e4lv varf\u00f6r det har blivit s\u00e5. Jag \u00f6nskar att allt fler kvinnliga konstn\u00e4rer avbildar mannen som objekt.<\/p>\n\n\n<div class=\"wp-block-image\">\n<figure class=\"aligncenter\"><a href=\"http:\/\/www.susannavaris.com\/blogg\/wp-content\/uploads\/2011\/05\/Sebastian-Bach-oil-1991-crop.jpg\"><img loading=\"lazy\" decoding=\"async\" width=\"815\" height=\"1024\" src=\"http:\/\/www.susannavaris.com\/blogg\/wp-content\/uploads\/2011\/05\/Sebastian-Bach-oil-1991-crop-815x1024.jpg\" alt=\"\" class=\"wp-image-29\" title=\"Sebastian Bach oil 1991 crop\" srcset=\"http:\/\/www.susannavaris.com\/blogg\/wp-content\/uploads\/2011\/05\/Sebastian-Bach-oil-1991-crop-815x1024.jpg 815w, http:\/\/www.susannavaris.com\/blogg\/wp-content\/uploads\/2011\/05\/Sebastian-Bach-oil-1991-crop-238x300.jpg 238w\" sizes=\"auto, (max-width: 815px) 100vw, 815px\" \/><\/a><\/figure>\n<\/div>\n\n\n<p class=\"has-text-align-center\"><em>&#8221;Sebastian Bach&#8221;, Susanna Varis 1991<\/em><\/p>\n\n\n\n<p class=\"has-text-align-center\">En annan reflektion \u00e4r, att under tider av h\u00e5rdare moralisk sn\u00e5lbl\u00e5st och kanske framf\u00f6r allt starkare dominans av den kristna kyrkan, tycks den f\u00f6rtryckta sexualiteten vilja pocka p\u00e5 \u00e4n mer i konsten. Kyrkan har genom sin sexual- och kvinnoskr\u00e4ck genom seklerna l\u00e4mnat djupa sp\u00e5r b\u00e5de i samh\u00e4llsmedvetandet och konsten. De antika gudarna, som ocks\u00e5 lyfts fram som exempel i utst\u00e4llningen, avbildades ofta helt eller n\u00e4stan nakna och i komprometterande positioner. Kristna motiv inneh\u00e5ller mera s\u00e4llan nakenhet eller sexualitet, om det inte \u00e4r en f\u00f6rfasad Susanna i badet eller den &#8221;fallna kvinnan&#8221;, ofta i form av Maria Magdalena.<\/p>\n\n\n\n<figure class=\"wp-block-image size-large\"><a href=\"http:\/\/www.susannavaris.com\/blogg\/wp-content\/uploads\/2023\/02\/Bild-borttagen-1-scaled.jpg\"><img loading=\"lazy\" decoding=\"async\" width=\"1024\" height=\"1024\" src=\"http:\/\/www.susannavaris.com\/blogg\/wp-content\/uploads\/2023\/02\/Bild-borttagen-1-1024x1024.jpg\" alt=\"\" class=\"wp-image-17620\" srcset=\"http:\/\/www.susannavaris.com\/blogg\/wp-content\/uploads\/2023\/02\/Bild-borttagen-1-1024x1024.jpg 1024w, http:\/\/www.susannavaris.com\/blogg\/wp-content\/uploads\/2023\/02\/Bild-borttagen-1-300x300.jpg 300w, http:\/\/www.susannavaris.com\/blogg\/wp-content\/uploads\/2023\/02\/Bild-borttagen-1-150x150.jpg 150w, http:\/\/www.susannavaris.com\/blogg\/wp-content\/uploads\/2023\/02\/Bild-borttagen-1-768x768.jpg 768w, http:\/\/www.susannavaris.com\/blogg\/wp-content\/uploads\/2023\/02\/Bild-borttagen-1-1536x1536.jpg 1536w, http:\/\/www.susannavaris.com\/blogg\/wp-content\/uploads\/2023\/02\/Bild-borttagen-1-2048x2048.jpg 2048w\" sizes=\"auto, (max-width: 1024px) 100vw, 1024px\" \/><\/a><\/figure>\n\n\n\n<p class=\"has-text-align-center\"><em>Fiskande, nakna putti i tidig kristen konst. Golvutsmyckning i basilikan i Aquileia<\/em><\/p>\n\n\n<div class=\"wp-block-image\">\n<figure class=\"aligncenter\"><a href=\"http:\/\/www.susannavaris.com\/blogg\/wp-content\/uploads\/2011\/05\/DSC_0156.jpg\"><img decoding=\"async\" src=\"http:\/\/www.susannavaris.com\/blogg\/wp-content\/uploads\/2011\/05\/DSC_0156.jpg\" alt=\"\" class=\"wp-image-31\" title=\"DSC_0156\"\/><\/a><\/figure>\n<\/div>\n\n\n<p class=\"has-text-align-center\"><em>&#8221;Susanna i Badet&#8221;, Kunsthistorisches Museum Wien<\/em><\/p>\n\n\n<div class=\"wp-block-image\">\n<figure class=\"aligncenter\"><a href=\"http:\/\/www.susannavaris.com\/blogg\/wp-content\/uploads\/2011\/05\/DSC_0181.jpg\"><img decoding=\"async\" src=\"http:\/\/www.susannavaris.com\/blogg\/wp-content\/uploads\/2011\/05\/DSC_0181.jpg\" alt=\"\" class=\"wp-image-32\" title=\"DSC_0181\"\/><\/a><\/figure>\n<\/div>\n\n\n<p class=\"has-text-align-center\"><em>Maria Magdalena i Kunsthistorisches Museum, Wien<\/em><\/p>\n\n\n<div class=\"wp-block-image\">\n<figure class=\"aligncenter size-large\"><img loading=\"lazy\" decoding=\"async\" width=\"1024\" height=\"1024\" src=\"http:\/\/www.susannavaris.com\/blogg\/wp-content\/uploads\/2023\/02\/Bild-borttagen-1024x1024.jpg\" alt=\"\" class=\"wp-image-17619\" title=\"lustolastmadonna-interview-magazine-crucifix-05\" srcset=\"http:\/\/www.susannavaris.com\/blogg\/wp-content\/uploads\/2023\/02\/Bild-borttagen-1024x1024.jpg 1024w, http:\/\/www.susannavaris.com\/blogg\/wp-content\/uploads\/2023\/02\/Bild-borttagen-300x300.jpg 300w, http:\/\/www.susannavaris.com\/blogg\/wp-content\/uploads\/2023\/02\/Bild-borttagen-150x150.jpg 150w, http:\/\/www.susannavaris.com\/blogg\/wp-content\/uploads\/2023\/02\/Bild-borttagen-768x768.jpg 768w, http:\/\/www.susannavaris.com\/blogg\/wp-content\/uploads\/2023\/02\/Bild-borttagen-1536x1536.jpg 1536w, http:\/\/www.susannavaris.com\/blogg\/wp-content\/uploads\/2023\/02\/Bild-borttagen-2048x2048.jpg 2048w\" sizes=\"auto, (max-width: 1024px) 100vw, 1024px\" \/><\/figure>\n<\/div>\n\n\n<p class=\"has-text-align-center\"><em>Madonna i &nbsp;tidningen Interviw. Madonna \u00e4r en av de artister som redan tidigt i sin karri\u00e4r utmanat de kyrkliga f\u00f6rest\u00e4llningarna ang\u00e5ende nakenhet, sexualitet och kvinnan som en sexuell varelse. Jag minns att hon p\u00e5 80-talet sade att krucifix var i hennes \u00f6gon sexiga, &#8221;Det \u00e4r ju en naken man p\u00e5 dem&#8230;&#8221;<\/em><\/p>\n","protected":false},"excerpt":{"rendered":"<p>&nbsp; I tisdags bl\u00e5ste det ishavsvindar samt regnade sm\u00e5spik, katter, hundar och fula k\u00e4rringar, n\u00e4r Uffe och jag bes\u00f6kte Nationalmus\u00e9ets utst\u00e4llning Lust och Last. Snusk och skabrositeter hade utlovats och vi skulle tom f\u00e5 testa v\u00e5ra moraliska gr\u00e4nser. S\u00e5dant \u00e4r &hellip; <a href=\"http:\/\/www.susannavaris.com\/blogg\/2011\/05\/lust-och-last-nationalmuseum\/\">Forts\u00e4tt l\u00e4sa <span class=\"meta-nav\">&rarr;<\/span><\/a><\/p>\n","protected":false},"author":1,"featured_media":0,"comment_status":"open","ping_status":"open","sticky":false,"template":"","format":"standard","meta":{"footnotes":""},"categories":[181,259,4],"tags":[35,33,17,39,36,40,32,21,37,38,34],"class_list":["post-20","post","type-post","status-publish","format-standard","hentry","category-feminism","category-genusvetenskap","category-utstallning","tag-carl-august-ehrensward","tag-david","tag-konst-2","tag-kunsthistorisches-museum","tag-lars-nilsson","tag-madonna","tag-michelangelo","tag-nationalmuseum","tag-sebastian-bach","tag-susanna-i-badet","tag-tobias-sergel"],"_links":{"self":[{"href":"http:\/\/www.susannavaris.com\/blogg\/wp-json\/wp\/v2\/posts\/20","targetHints":{"allow":["GET"]}}],"collection":[{"href":"http:\/\/www.susannavaris.com\/blogg\/wp-json\/wp\/v2\/posts"}],"about":[{"href":"http:\/\/www.susannavaris.com\/blogg\/wp-json\/wp\/v2\/types\/post"}],"author":[{"embeddable":true,"href":"http:\/\/www.susannavaris.com\/blogg\/wp-json\/wp\/v2\/users\/1"}],"replies":[{"embeddable":true,"href":"http:\/\/www.susannavaris.com\/blogg\/wp-json\/wp\/v2\/comments?post=20"}],"version-history":[{"count":9,"href":"http:\/\/www.susannavaris.com\/blogg\/wp-json\/wp\/v2\/posts\/20\/revisions"}],"predecessor-version":[{"id":17621,"href":"http:\/\/www.susannavaris.com\/blogg\/wp-json\/wp\/v2\/posts\/20\/revisions\/17621"}],"wp:attachment":[{"href":"http:\/\/www.susannavaris.com\/blogg\/wp-json\/wp\/v2\/media?parent=20"}],"wp:term":[{"taxonomy":"category","embeddable":true,"href":"http:\/\/www.susannavaris.com\/blogg\/wp-json\/wp\/v2\/categories?post=20"},{"taxonomy":"post_tag","embeddable":true,"href":"http:\/\/www.susannavaris.com\/blogg\/wp-json\/wp\/v2\/tags?post=20"}],"curies":[{"name":"wp","href":"https:\/\/api.w.org\/{rel}","templated":true}]}}