{"id":2008,"date":"2011-08-31T19:04:59","date_gmt":"2011-08-31T17:04:59","guid":{"rendered":"http:\/\/www.susannavaris.com\/blogg\/?p=2008"},"modified":"2023-02-17T18:43:29","modified_gmt":"2023-02-17T17:43:29","slug":"vykort-till-linderborg","status":"publish","type":"post","link":"http:\/\/www.susannavaris.com\/blogg\/2011\/08\/vykort-till-linderborg\/","title":{"rendered":"Vykort till Linderborg"},"content":{"rendered":"<div class=\"wp-block-image\">\n<figure class=\"aligncenter size-large\"><img loading=\"lazy\" decoding=\"async\" width=\"1024\" height=\"768\" src=\"http:\/\/www.susannavaris.com\/blogg\/wp-content\/uploads\/2023\/02\/000-1280px-Refugees_receive_aid_following_drought_5962300216-1024x768.jpg\" alt=\"\" class=\"wp-image-17982\" title=\"dadaabkenya\" srcset=\"http:\/\/www.susannavaris.com\/blogg\/wp-content\/uploads\/2023\/02\/000-1280px-Refugees_receive_aid_following_drought_5962300216-1024x768.jpg 1024w, http:\/\/www.susannavaris.com\/blogg\/wp-content\/uploads\/2023\/02\/000-1280px-Refugees_receive_aid_following_drought_5962300216-300x225.jpg 300w, http:\/\/www.susannavaris.com\/blogg\/wp-content\/uploads\/2023\/02\/000-1280px-Refugees_receive_aid_following_drought_5962300216-768x576.jpg 768w, http:\/\/www.susannavaris.com\/blogg\/wp-content\/uploads\/2023\/02\/000-1280px-Refugees_receive_aid_following_drought_5962300216.jpg 1280w\" sizes=\"auto, (max-width: 1024px) 100vw, 1024px\" \/><figcaption class=\"wp-element-caption\">Refugees at the Dadaab camp in Kenya. (L. Meserve\/USAID). <a href=\"https:\/\/www.flickr.com\/people\/57424551@N06\">USAID Africa Bureau<\/a> &#8211; <a href=\"https:\/\/www.flickr.com\/photos\/usaidafrica\/5962300216\/\">Refugees receive aid following drought<\/a> Uploaded by <a href=\"https:\/\/commons.wikimedia.org\/wiki\/User:Elitre\">Elitre<\/a> \/ Wikipedia \/ <a href=\"https:\/\/commons.wikimedia.org\/wiki\/File:Refugees_receive_aid_following_drought_(5962300216).jpg\">Public Domain<\/a><\/figcaption><\/figure>\n<\/div>\n\n\n<p class=\"has-text-align-center\"><em>Dadaab, Kenya.<\/em><\/p>\n\n\n\n<p>IKEA foundation sk\u00e4nker 62 miljoner dollar, ca 390 miljoner kronor till flyktingarna i v\u00e4rldens st\u00f6rsta flyktingl\u00e4ger i Dadaab, Kenya.<\/p>\n\n\n\n<p>Undrar hur mycket den gamle kommunist-kamraten Bj\u00f6rn Nalle Wahlroos t\u00e4nker sk\u00e4nka? Aprop\u00e5 det h\u00e4r med att en viss m\u00e4nniskosyn f\u00f6r alltid ligger inpr\u00e4glad hos en person&#8230;<\/p>\n\n\n\n<p>\u00c5sa Linderborg utvecklar tankeg\u00e5ngen h\u00e4r:<\/p>\n\n\n\n<p><a href=\"http:\/\/blogg.aftonbladet.se\/kulturbloggen\/2011\/08\/ingvar-mein-kampfrad\">http:\/\/blogg.aftonbladet.se\/kulturbloggen\/2011\/08\/ingvar-mein-kampfrad<\/a><\/p>\n\n\n<div class=\"wp-block-image\">\n<figure class=\"aligncenter size-large\"><img loading=\"lazy\" decoding=\"async\" width=\"1024\" height=\"738\" src=\"http:\/\/www.susannavaris.com\/blogg\/wp-content\/uploads\/2023\/02\/000-Wahlroos-Salmen-1969-1024x738.jpg\" alt=\"\" class=\"wp-image-17984\" title=\"dadaabnalle\" srcset=\"http:\/\/www.susannavaris.com\/blogg\/wp-content\/uploads\/2023\/02\/000-Wahlroos-Salmen-1969-1024x738.jpg 1024w, http:\/\/www.susannavaris.com\/blogg\/wp-content\/uploads\/2023\/02\/000-Wahlroos-Salmen-1969-300x216.jpg 300w, http:\/\/www.susannavaris.com\/blogg\/wp-content\/uploads\/2023\/02\/000-Wahlroos-Salmen-1969-768x554.jpg 768w, http:\/\/www.susannavaris.com\/blogg\/wp-content\/uploads\/2023\/02\/000-Wahlroos-Salmen-1969-1536x1107.jpg 1536w, http:\/\/www.susannavaris.com\/blogg\/wp-content\/uploads\/2023\/02\/000-Wahlroos-Salmen-1969.jpg 1888w\" sizes=\"auto, (max-width: 1024px) 100vw, 1024px\" \/><figcaption class=\"wp-element-caption\"><br><br>Bj\u00f6rn Wahlroos (vas.) ja Leif Salm\u00e9n Teiniliiton mielenosoituksessa kouluhallituksen luona Helsingiss\u00e4, Esplanadin puistossa, vuonna 1969 (mahdollisesti 31.1.1969). Caj Bremer \/ Helsingin Sanomat &#8211; <a href=\"http:\/\/hs.mediadelivery.fi\/img\/1920\/ffcbd87183fad06e3e74fec78307d43d.jpg\">http:\/\/hs.mediadelivery.fi\/img\/1920\/ffcbd87183fad06e3e74fec78307d43d.jpg<\/a> \/ Wikipedia \/ <a href=\"https:\/\/commons.wikimedia.org\/wiki\/File:Wahlroos-Salmen-1969.jpg\">Public Domain<\/a><\/figcaption><\/figure>\n<\/div>\n\n\n<p class=\"has-text-align-center\"><em>Bj\u00f6rn Wahlroos som ung kommunist. Foto: Caj Bremer<\/em><\/p>\n\n\n<div class=\"wp-block-image\">\n<figure class=\"aligncenter size-full\"><img loading=\"lazy\" decoding=\"async\" width=\"1024\" height=\"960\" src=\"http:\/\/www.susannavaris.com\/blogg\/wp-content\/uploads\/2023\/02\/000-Bjorn_Wahlroos-10.jpg\" alt=\"\" class=\"wp-image-17987\" title=\"dadaabBj_rn-Wahlroos469x2_178011b\" srcset=\"http:\/\/www.susannavaris.com\/blogg\/wp-content\/uploads\/2023\/02\/000-Bjorn_Wahlroos-10.jpg 1024w, http:\/\/www.susannavaris.com\/blogg\/wp-content\/uploads\/2023\/02\/000-Bjorn_Wahlroos-10-300x281.jpg 300w, http:\/\/www.susannavaris.com\/blogg\/wp-content\/uploads\/2023\/02\/000-Bjorn_Wahlroos-10-768x720.jpg 768w\" sizes=\"auto, (max-width: 1024px) 100vw, 1024px\" \/><figcaption class=\"wp-element-caption\"><a href=\"https:\/\/commons.wikimedia.org\/wiki\/User:Motopark\">Motopark<\/a> &#8211; Own work. Wikipedia \/ <a rel=\"noreferrer noopener\" href=\"https:\/\/creativecommons.org\/licenses\/by-sa\/4.0\" target=\"_blank\">CC BY-SA 4.0<\/a><\/figcaption><\/figure>\n<\/div>\n\n\n<p class=\"has-text-align-center\"><em>Bj\u00f6rn Wahlroos som finansman. <\/em><\/p>\n\n\n<div class=\"wp-block-image\">\n<figure class=\"aligncenter size-large\"><img loading=\"lazy\" decoding=\"async\" width=\"1024\" height=\"671\" src=\"http:\/\/www.susannavaris.com\/blogg\/wp-content\/uploads\/2023\/02\/000-Joensuun_kartano_Aminne_herrgard1-1024x671.jpg\" alt=\"\" class=\"wp-image-17991\" title=\"dadaabjoensuunk1135235518283\" srcset=\"http:\/\/www.susannavaris.com\/blogg\/wp-content\/uploads\/2023\/02\/000-Joensuun_kartano_Aminne_herrgard1-1024x671.jpg 1024w, http:\/\/www.susannavaris.com\/blogg\/wp-content\/uploads\/2023\/02\/000-Joensuun_kartano_Aminne_herrgard1-300x197.jpg 300w, http:\/\/www.susannavaris.com\/blogg\/wp-content\/uploads\/2023\/02\/000-Joensuun_kartano_Aminne_herrgard1-768x504.jpg 768w, http:\/\/www.susannavaris.com\/blogg\/wp-content\/uploads\/2023\/02\/000-Joensuun_kartano_Aminne_herrgard1-1536x1007.jpg 1536w, http:\/\/www.susannavaris.com\/blogg\/wp-content\/uploads\/2023\/02\/000-Joensuun_kartano_Aminne_herrgard1.jpg 1920w\" sizes=\"auto, (max-width: 1024px) 100vw, 1024px\" \/><figcaption class=\"wp-element-caption\">Joensuun kartanon p\u00e4\u00e4rakennuksen julkisivu. <a href=\"https:\/\/commons.wikimedia.org\/wiki\/User:Abc10\">Abc10<\/a> &#8211; Oma teos. Wikipedia \/ <a rel=\"noreferrer noopener\" href=\"https:\/\/creativecommons.org\/licenses\/by-sa\/4.0\" target=\"_blank\">CC BY-SA 4.0<\/a><\/figcaption><\/figure>\n<\/div>\n\n\n<p class=\"has-text-align-center\"><em>H\u00e4r bor Nalle. Joensuu gods i Halikko, Finland. Tillh\u00f6rde familjen Armfeldt en g\u00e5ng i tiden. <\/em><\/p>\n","protected":false},"excerpt":{"rendered":"<p>Dadaab, Kenya. IKEA foundation sk\u00e4nker 62 miljoner dollar, ca 390 miljoner kronor till flyktingarna i v\u00e4rldens st\u00f6rsta flyktingl\u00e4ger i Dadaab, Kenya. Undrar hur mycket den gamle kommunist-kamraten Bj\u00f6rn Nalle Wahlroos t\u00e4nker sk\u00e4nka? Aprop\u00e5 det h\u00e4r med att en viss m\u00e4nniskosyn &hellip; <a href=\"http:\/\/www.susannavaris.com\/blogg\/2011\/08\/vykort-till-linderborg\/\">Forts\u00e4tt l\u00e4sa <span class=\"meta-nav\">&rarr;<\/span><\/a><\/p>\n","protected":false},"author":1,"featured_media":2013,"comment_status":"open","ping_status":"open","sticky":false,"template":"","format":"standard","meta":{"footnotes":""},"categories":[674,589,1,590],"tags":[149,225,581,273,582,580],"class_list":["post-2008","post","type-post","status-publish","format-standard","has-post-thumbnail","hentry","category-historia","category-medier","category-okategoriserade","category-politik","tag-aftonbladet","tag-asa-linderborg","tag-bjorn-wahlroos","tag-ikea","tag-joensuun-kartano","tag-kamprad"],"_links":{"self":[{"href":"http:\/\/www.susannavaris.com\/blogg\/wp-json\/wp\/v2\/posts\/2008","targetHints":{"allow":["GET"]}}],"collection":[{"href":"http:\/\/www.susannavaris.com\/blogg\/wp-json\/wp\/v2\/posts"}],"about":[{"href":"http:\/\/www.susannavaris.com\/blogg\/wp-json\/wp\/v2\/types\/post"}],"author":[{"embeddable":true,"href":"http:\/\/www.susannavaris.com\/blogg\/wp-json\/wp\/v2\/users\/1"}],"replies":[{"embeddable":true,"href":"http:\/\/www.susannavaris.com\/blogg\/wp-json\/wp\/v2\/comments?post=2008"}],"version-history":[{"count":9,"href":"http:\/\/www.susannavaris.com\/blogg\/wp-json\/wp\/v2\/posts\/2008\/revisions"}],"predecessor-version":[{"id":17993,"href":"http:\/\/www.susannavaris.com\/blogg\/wp-json\/wp\/v2\/posts\/2008\/revisions\/17993"}],"wp:featuredmedia":[{"embeddable":true,"href":"http:\/\/www.susannavaris.com\/blogg\/wp-json\/wp\/v2\/media\/2013"}],"wp:attachment":[{"href":"http:\/\/www.susannavaris.com\/blogg\/wp-json\/wp\/v2\/media?parent=2008"}],"wp:term":[{"taxonomy":"category","embeddable":true,"href":"http:\/\/www.susannavaris.com\/blogg\/wp-json\/wp\/v2\/categories?post=2008"},{"taxonomy":"post_tag","embeddable":true,"href":"http:\/\/www.susannavaris.com\/blogg\/wp-json\/wp\/v2\/tags?post=2008"}],"curies":[{"name":"wp","href":"https:\/\/api.w.org\/{rel}","templated":true}]}}