{"id":2009,"date":"2011-08-31T16:01:46","date_gmt":"2011-08-31T14:01:46","guid":{"rendered":"http:\/\/www.susannavaris.com\/blogg\/?p=2009"},"modified":"2011-08-31T16:01:46","modified_gmt":"2011-08-31T14:01:46","slug":"nasdukar-tack","status":"publish","type":"post","link":"http:\/\/www.susannavaris.com\/blogg\/2011\/08\/nasdukar-tack\/","title":{"rendered":"N\u00e4sdukar tack"},"content":{"rendered":"<p><a href=\"http:\/\/www.susannavaris.com\/blogg\/wp-content\/uploads\/2011\/08\/2011augusti-030.jpg\"><img loading=\"lazy\" decoding=\"async\" class=\"aligncenter size-large wp-image-2010\" title=\"2011augusti 030\" src=\"http:\/\/www.susannavaris.com\/blogg\/wp-content\/uploads\/2011\/08\/2011augusti-030-768x1024.jpg\" alt=\"\" width=\"640\" height=\"853\" srcset=\"http:\/\/www.susannavaris.com\/blogg\/wp-content\/uploads\/2011\/08\/2011augusti-030-768x1024.jpg 768w, http:\/\/www.susannavaris.com\/blogg\/wp-content\/uploads\/2011\/08\/2011augusti-030-225x300.jpg 225w\" sizes=\"auto, (max-width: 640px) 100vw, 640px\" \/><\/a><\/p>\n<p style=\"text-align: center;\"><em>Dagens tema: snor.<\/em><\/p>\n<p style=\"text-align: center;\">Ligger hemma och \u00e4r f\u00f6rkyld. Smider lite planer f\u00f6r framtiden mellan de prickiga, sm\u00e5 elefanterna som dansar f\u00f6rbi synf\u00e4ltet. Det \u00e4r mycket som borde hinnas denna vinter, jag f\u00e5r kanske prioritera n\u00e5got till \u00e5ret d\u00e4rp\u00e5. Det k\u00e4nns sp\u00e4nnande med de nya id\u00e9:erna, vi f\u00e5r se vart de leder&#8230;<\/p>\n","protected":false},"excerpt":{"rendered":"<p>Dagens tema: snor. Ligger hemma och \u00e4r f\u00f6rkyld. Smider lite planer f\u00f6r framtiden mellan de prickiga, sm\u00e5 elefanterna som dansar f\u00f6rbi synf\u00e4ltet. Det \u00e4r mycket som borde hinnas denna vinter, jag f\u00e5r kanske prioritera n\u00e5got till \u00e5ret d\u00e4rp\u00e5. Det k\u00e4nns &hellip; <a href=\"http:\/\/www.susannavaris.com\/blogg\/2011\/08\/nasdukar-tack\/\">Forts\u00e4tt l\u00e4sa <span class=\"meta-nav\">&rarr;<\/span><\/a><\/p>\n","protected":false},"author":1,"featured_media":0,"comment_status":"open","ping_status":"open","sticky":false,"template":"","format":"standard","meta":{"footnotes":""},"categories":[1],"tags":[],"class_list":["post-2009","post","type-post","status-publish","format-standard","hentry","category-okategoriserade"],"_links":{"self":[{"href":"http:\/\/www.susannavaris.com\/blogg\/wp-json\/wp\/v2\/posts\/2009","targetHints":{"allow":["GET"]}}],"collection":[{"href":"http:\/\/www.susannavaris.com\/blogg\/wp-json\/wp\/v2\/posts"}],"about":[{"href":"http:\/\/www.susannavaris.com\/blogg\/wp-json\/wp\/v2\/types\/post"}],"author":[{"embeddable":true,"href":"http:\/\/www.susannavaris.com\/blogg\/wp-json\/wp\/v2\/users\/1"}],"replies":[{"embeddable":true,"href":"http:\/\/www.susannavaris.com\/blogg\/wp-json\/wp\/v2\/comments?post=2009"}],"version-history":[{"count":2,"href":"http:\/\/www.susannavaris.com\/blogg\/wp-json\/wp\/v2\/posts\/2009\/revisions"}],"predecessor-version":[{"id":2012,"href":"http:\/\/www.susannavaris.com\/blogg\/wp-json\/wp\/v2\/posts\/2009\/revisions\/2012"}],"wp:attachment":[{"href":"http:\/\/www.susannavaris.com\/blogg\/wp-json\/wp\/v2\/media?parent=2009"}],"wp:term":[{"taxonomy":"category","embeddable":true,"href":"http:\/\/www.susannavaris.com\/blogg\/wp-json\/wp\/v2\/categories?post=2009"},{"taxonomy":"post_tag","embeddable":true,"href":"http:\/\/www.susannavaris.com\/blogg\/wp-json\/wp\/v2\/tags?post=2009"}],"curies":[{"name":"wp","href":"https:\/\/api.w.org\/{rel}","templated":true}]}}