{"id":206,"date":"2011-05-12T19:30:48","date_gmt":"2011-05-12T17:30:48","guid":{"rendered":"http:\/\/www.susannavaris.com\/blogg\/?p=206"},"modified":"2023-02-13T15:28:49","modified_gmt":"2023-02-13T14:28:49","slug":"marilyn-mansons-maleri","status":"publish","type":"post","link":"http:\/\/www.susannavaris.com\/blogg\/2011\/05\/marilyn-mansons-maleri\/","title":{"rendered":"Marilyn Mansons m\u00e5leri"},"content":{"rendered":"\n<p class=\"has-text-align-center\">N\u00e5got som inspirerade mig mycket, var ett youtube-klipp fr\u00e5n ett gammalt MTV-program med Marilyn Manson. I det visades hur han f\u00f6rst str\u00f6k vatten \u00f6ver ett helt akvarellpapper och d\u00e4refter anv\u00e4nde f\u00e4rger. Jag hade dittills alltid m\u00e5lat p\u00e5 torrt papper och med extremt lite vatten \u00f6verhuvudtaget.<\/p>\n\n\n\n<p class=\"has-text-align-center\"><a href=\"http:\/\/www.youtube.com\/watch?v=gBa7M9DXUNQ\">http:\/\/www.youtube.com\/watch?v=gBa7M9DXUNQ<\/a><\/p>\n\n\n\n<p class=\"has-text-align-center\">Jag b\u00f6rjade och har allt sedan dess fortsatt med att m\u00e5la p\u00e5 bl\u00f6tt underlag. \u00c5tminstone delvist. Kontrollerade f\u00e4lt med v\u00e4ta. Man kan f\u00e5 fram fantastiska effekter p\u00e5 det viset.<\/p>\n\n\n\n<p class=\"has-text-align-center\">Nu blev jag v\u00e4ldigt \u00f6verv\u00e4ldigad av hela paketet Marilyn Manson, d\u00e5 jag f\u00f6rst b\u00f6rjade s\u00e4tta mig in i hans karri\u00e4r efter den \u00f6desdigra konserten i december 2007. B\u00e5de mycket av tematiken, motiven och filosofin bakom hans konst och sj\u00e4lva utf\u00f6randet. Jag anser Marilyn Manson vara ett konstverk i sig, vilket han ju kaxigt p\u00e5st\u00e5r i en l\u00e5t &#8221;&#8230;now I\u00b4m not an artist I\u00b4m a fucking work of art&#8230;&#8221;<\/p>\n\n\n<div class=\"wp-block-image\">\n<figure class=\"aligncenter size-large\"><img loading=\"lazy\" decoding=\"async\" width=\"1024\" height=\"1024\" src=\"http:\/\/www.susannavaris.com\/blogg\/wp-content\/uploads\/2023\/02\/Bild-borttagen-2-1024x1024.jpg\" alt=\"\" class=\"wp-image-17623\" title=\"death\" srcset=\"http:\/\/www.susannavaris.com\/blogg\/wp-content\/uploads\/2023\/02\/Bild-borttagen-2-1024x1024.jpg 1024w, http:\/\/www.susannavaris.com\/blogg\/wp-content\/uploads\/2023\/02\/Bild-borttagen-2-300x300.jpg 300w, http:\/\/www.susannavaris.com\/blogg\/wp-content\/uploads\/2023\/02\/Bild-borttagen-2-150x150.jpg 150w, http:\/\/www.susannavaris.com\/blogg\/wp-content\/uploads\/2023\/02\/Bild-borttagen-2-768x768.jpg 768w, http:\/\/www.susannavaris.com\/blogg\/wp-content\/uploads\/2023\/02\/Bild-borttagen-2-1536x1536.jpg 1536w, http:\/\/www.susannavaris.com\/blogg\/wp-content\/uploads\/2023\/02\/Bild-borttagen-2-2048x2048.jpg 2048w\" sizes=\"auto, (max-width: 1024px) 100vw, 1024px\" \/><\/figure>\n<\/div>\n\n\n<p class=\"has-text-align-center\"><\/p>\n\n\n\n<p class=\"has-text-align-center\"><em>Death Enjoys the Fruits of His Labor<\/em> (kan ist\u00e4llet ses h\u00e4r: https:\/\/www.mansonwiki.com\/wiki\/Death_Enjoys_the_Fruits_of_His_Labor)<\/p>\n\n\n<div class=\"wp-block-image\">\n<figure class=\"aligncenter size-large\"><img loading=\"lazy\" decoding=\"async\" width=\"1024\" height=\"1024\" src=\"http:\/\/www.susannavaris.com\/blogg\/wp-content\/uploads\/2023\/02\/Bild-borttagen-2-1024x1024.jpg\" alt=\"\" class=\"wp-image-17623\" title=\"mmarthugh\" srcset=\"http:\/\/www.susannavaris.com\/blogg\/wp-content\/uploads\/2023\/02\/Bild-borttagen-2-1024x1024.jpg 1024w, http:\/\/www.susannavaris.com\/blogg\/wp-content\/uploads\/2023\/02\/Bild-borttagen-2-300x300.jpg 300w, http:\/\/www.susannavaris.com\/blogg\/wp-content\/uploads\/2023\/02\/Bild-borttagen-2-150x150.jpg 150w, http:\/\/www.susannavaris.com\/blogg\/wp-content\/uploads\/2023\/02\/Bild-borttagen-2-768x768.jpg 768w, http:\/\/www.susannavaris.com\/blogg\/wp-content\/uploads\/2023\/02\/Bild-borttagen-2-1536x1536.jpg 1536w, http:\/\/www.susannavaris.com\/blogg\/wp-content\/uploads\/2023\/02\/Bild-borttagen-2-2048x2048.jpg 2048w\" sizes=\"auto, (max-width: 1024px) 100vw, 1024px\" \/><\/figure>\n<\/div>\n\n\n<p class=\"has-text-align-center\"><em>The Enabler<\/em><\/p>\n\n\n<div class=\"wp-block-image\">\n<figure class=\"aligncenter size-large\"><img loading=\"lazy\" decoding=\"async\" width=\"1024\" height=\"1024\" src=\"http:\/\/www.susannavaris.com\/blogg\/wp-content\/uploads\/2023\/02\/Bild-borttagen-2-1024x1024.jpg\" alt=\"\" class=\"wp-image-17623\" title=\"mmart03\" srcset=\"http:\/\/www.susannavaris.com\/blogg\/wp-content\/uploads\/2023\/02\/Bild-borttagen-2-1024x1024.jpg 1024w, http:\/\/www.susannavaris.com\/blogg\/wp-content\/uploads\/2023\/02\/Bild-borttagen-2-300x300.jpg 300w, http:\/\/www.susannavaris.com\/blogg\/wp-content\/uploads\/2023\/02\/Bild-borttagen-2-150x150.jpg 150w, http:\/\/www.susannavaris.com\/blogg\/wp-content\/uploads\/2023\/02\/Bild-borttagen-2-768x768.jpg 768w, http:\/\/www.susannavaris.com\/blogg\/wp-content\/uploads\/2023\/02\/Bild-borttagen-2-1536x1536.jpg 1536w, http:\/\/www.susannavaris.com\/blogg\/wp-content\/uploads\/2023\/02\/Bild-borttagen-2-2048x2048.jpg 2048w\" sizes=\"auto, (max-width: 1024px) 100vw, 1024px\" \/><\/figure>\n<\/div>\n\n\n<p class=\"has-text-align-center\"><em>Faunadestia<\/em><\/p>\n\n\n<div class=\"wp-block-image\">\n<figure class=\"aligncenter size-large\"><img loading=\"lazy\" decoding=\"async\" width=\"1024\" height=\"1024\" src=\"http:\/\/www.susannavaris.com\/blogg\/wp-content\/uploads\/2023\/02\/Bild-borttagen-2-1024x1024.jpg\" alt=\"\" class=\"wp-image-17623\" title=\"mmart01johnthebeaten\" srcset=\"http:\/\/www.susannavaris.com\/blogg\/wp-content\/uploads\/2023\/02\/Bild-borttagen-2-1024x1024.jpg 1024w, http:\/\/www.susannavaris.com\/blogg\/wp-content\/uploads\/2023\/02\/Bild-borttagen-2-300x300.jpg 300w, http:\/\/www.susannavaris.com\/blogg\/wp-content\/uploads\/2023\/02\/Bild-borttagen-2-150x150.jpg 150w, http:\/\/www.susannavaris.com\/blogg\/wp-content\/uploads\/2023\/02\/Bild-borttagen-2-768x768.jpg 768w, http:\/\/www.susannavaris.com\/blogg\/wp-content\/uploads\/2023\/02\/Bild-borttagen-2-1536x1536.jpg 1536w, http:\/\/www.susannavaris.com\/blogg\/wp-content\/uploads\/2023\/02\/Bild-borttagen-2-2048x2048.jpg 2048w\" sizes=\"auto, (max-width: 1024px) 100vw, 1024px\" \/><\/figure>\n<\/div>\n\n\n<p class=\"has-text-align-center\"><em>Statue of Limitations<\/em><\/p>\n\n\n\n<p class=\"has-text-align-center\">Marilyn Mansons konst best\u00e5r av m\u00e5nga olika element: musiken, videorna, karakt\u00e4rerna, m\u00e5leriet, fotot, koncepten, filosofin.<\/p>\n\n\n\n<p class=\"has-text-align-center\">P\u00e5 hemsidan kan man ta del av mer konst:<\/p>\n\n\n\n<p class=\"has-text-align-center\"><a href=\"http:\/\/www.marilynmanson.com\/\">http:\/\/www.marilynmanson.com\/<\/a><\/p>\n\n\n<div class=\"wp-block-image\">\n<figure class=\"aligncenter size-large\"><img loading=\"lazy\" decoding=\"async\" width=\"1024\" height=\"1024\" src=\"http:\/\/www.susannavaris.com\/blogg\/wp-content\/uploads\/2023\/02\/Bild-borttagen-1-1024x1024.jpg\" alt=\"\" class=\"wp-image-17620\" title=\"mmart06\" srcset=\"http:\/\/www.susannavaris.com\/blogg\/wp-content\/uploads\/2023\/02\/Bild-borttagen-1-1024x1024.jpg 1024w, http:\/\/www.susannavaris.com\/blogg\/wp-content\/uploads\/2023\/02\/Bild-borttagen-1-300x300.jpg 300w, http:\/\/www.susannavaris.com\/blogg\/wp-content\/uploads\/2023\/02\/Bild-borttagen-1-150x150.jpg 150w, http:\/\/www.susannavaris.com\/blogg\/wp-content\/uploads\/2023\/02\/Bild-borttagen-1-768x768.jpg 768w, http:\/\/www.susannavaris.com\/blogg\/wp-content\/uploads\/2023\/02\/Bild-borttagen-1-1536x1536.jpg 1536w, http:\/\/www.susannavaris.com\/blogg\/wp-content\/uploads\/2023\/02\/Bild-borttagen-1-2048x2048.jpg 2048w\" sizes=\"auto, (max-width: 1024px) 100vw, 1024px\" \/><\/figure>\n<\/div>\n\n\n<p class=\"has-text-align-center\"><em>Dita<\/em><\/p>\n\n\n<div class=\"wp-block-image\">\n<figure class=\"aligncenter size-large\"><img loading=\"lazy\" decoding=\"async\" width=\"1024\" height=\"1024\" src=\"http:\/\/www.susannavaris.com\/blogg\/wp-content\/uploads\/2023\/02\/Bild-borttagen-1-1024x1024.jpg\" alt=\"\" class=\"wp-image-17620\" title=\"mmartdeutschk\u00e4mpferin\" srcset=\"http:\/\/www.susannavaris.com\/blogg\/wp-content\/uploads\/2023\/02\/Bild-borttagen-1-1024x1024.jpg 1024w, http:\/\/www.susannavaris.com\/blogg\/wp-content\/uploads\/2023\/02\/Bild-borttagen-1-300x300.jpg 300w, http:\/\/www.susannavaris.com\/blogg\/wp-content\/uploads\/2023\/02\/Bild-borttagen-1-150x150.jpg 150w, http:\/\/www.susannavaris.com\/blogg\/wp-content\/uploads\/2023\/02\/Bild-borttagen-1-768x768.jpg 768w, http:\/\/www.susannavaris.com\/blogg\/wp-content\/uploads\/2023\/02\/Bild-borttagen-1-1536x1536.jpg 1536w, http:\/\/www.susannavaris.com\/blogg\/wp-content\/uploads\/2023\/02\/Bild-borttagen-1-2048x2048.jpg 2048w\" sizes=\"auto, (max-width: 1024px) 100vw, 1024px\" \/><\/figure>\n<\/div>\n\n\n<p class=\"has-text-align-center\"><em>Die Deutsche Kampferin<\/em><\/p>\n\n\n\n<p class=\"has-text-align-center\">Marilyn Manson anv\u00e4nder \u00e4ven starka f\u00e4rger i sina m\u00e5lningar, enligt hans mening \u00e4r det mer av en utmaning att ta en barnl\u00e5da med vattenf\u00e4rger \u00e4n att anv\u00e4nda tjusiga proffsprodukter.<\/p>\n\n\n\n<p class=\"has-text-align-center\">Videor, filosofi etc kan studeras p\u00e5 sidan:<\/p>\n\n\n\n<p class=\"has-text-align-center\"><a href=\"http:\/\/www.nachtkabarett.com\/Grotesque\">http:\/\/www.nachtkabarett.com\/Grotesque<\/a><\/p>\n","protected":false},"excerpt":{"rendered":"<p>N\u00e5got som inspirerade mig mycket, var ett youtube-klipp fr\u00e5n ett gammalt MTV-program med Marilyn Manson. I det visades hur han f\u00f6rst str\u00f6k vatten \u00f6ver ett helt akvarellpapper och d\u00e4refter anv\u00e4nde f\u00e4rger. Jag hade dittills alltid m\u00e5lat p\u00e5 torrt papper och &hellip; <a href=\"http:\/\/www.susannavaris.com\/blogg\/2011\/05\/marilyn-mansons-maleri\/\">Forts\u00e4tt l\u00e4sa <span class=\"meta-nav\">&rarr;<\/span><\/a><\/p>\n","protected":false},"author":1,"featured_media":0,"comment_status":"open","ping_status":"open","sticky":false,"template":"","format":"standard","meta":{"footnotes":""},"categories":[13,3,12],"tags":[31,45,16,46,44],"class_list":["post-206","post","type-post","status-publish","format-standard","hentry","category-inspiration","category-konst","category-marilyn-manson","tag-akvarell","tag-dita-von-teese","tag-marilyn-manson-2","tag-marilyn-manson-art","tag-mtv"],"_links":{"self":[{"href":"http:\/\/www.susannavaris.com\/blogg\/wp-json\/wp\/v2\/posts\/206","targetHints":{"allow":["GET"]}}],"collection":[{"href":"http:\/\/www.susannavaris.com\/blogg\/wp-json\/wp\/v2\/posts"}],"about":[{"href":"http:\/\/www.susannavaris.com\/blogg\/wp-json\/wp\/v2\/types\/post"}],"author":[{"embeddable":true,"href":"http:\/\/www.susannavaris.com\/blogg\/wp-json\/wp\/v2\/users\/1"}],"replies":[{"embeddable":true,"href":"http:\/\/www.susannavaris.com\/blogg\/wp-json\/wp\/v2\/comments?post=206"}],"version-history":[{"count":11,"href":"http:\/\/www.susannavaris.com\/blogg\/wp-json\/wp\/v2\/posts\/206\/revisions"}],"predecessor-version":[{"id":17647,"href":"http:\/\/www.susannavaris.com\/blogg\/wp-json\/wp\/v2\/posts\/206\/revisions\/17647"}],"wp:attachment":[{"href":"http:\/\/www.susannavaris.com\/blogg\/wp-json\/wp\/v2\/media?parent=206"}],"wp:term":[{"taxonomy":"category","embeddable":true,"href":"http:\/\/www.susannavaris.com\/blogg\/wp-json\/wp\/v2\/categories?post=206"},{"taxonomy":"post_tag","embeddable":true,"href":"http:\/\/www.susannavaris.com\/blogg\/wp-json\/wp\/v2\/tags?post=206"}],"curies":[{"name":"wp","href":"https:\/\/api.w.org\/{rel}","templated":true}]}}