{"id":2086,"date":"2011-09-02T14:00:13","date_gmt":"2011-09-02T12:00:13","guid":{"rendered":"http:\/\/www.susannavaris.com\/blogg\/?p=2086"},"modified":"2011-09-02T14:00:13","modified_gmt":"2011-09-02T12:00:13","slug":"reklamplaga","status":"publish","type":"post","link":"http:\/\/www.susannavaris.com\/blogg\/2011\/09\/reklamplaga\/","title":{"rendered":"Reklampl\u00e5ga"},"content":{"rendered":"<p style=\"text-align: center;\"><a href=\"http:\/\/www.susannavaris.com\/blogg\/wp-content\/uploads\/2011\/09\/comhem468.png\"><img loading=\"lazy\" decoding=\"async\" class=\"aligncenter size-full wp-image-2087\" title=\"comhem468\" src=\"http:\/\/www.susannavaris.com\/blogg\/wp-content\/uploads\/2011\/09\/comhem468.png\" alt=\"\" width=\"468\" height=\"200\" srcset=\"http:\/\/www.susannavaris.com\/blogg\/wp-content\/uploads\/2011\/09\/comhem468.png 468w, http:\/\/www.susannavaris.com\/blogg\/wp-content\/uploads\/2011\/09\/comhem468-300x128.png 300w\" sizes=\"auto, (max-width: 468px) 100vw, 468px\" \/><\/a><em>Foto:\u00a0<a href=\"http:\/\/www.dagensmedia.se\/\">http:\/\/www.dagensmedia.se\/<\/a><\/em><\/p>\n<p>Vem kom p\u00e5 tanken att anv\u00e4nda de tv\u00e5 gaphalsarna till b\u00e4bisar i Comhems reklamfilm???? Vad har jag gjort f\u00f6r ont? F\u00f6rs\u00f6ker Comhem med psykologisk krigsf\u00f6ring bryta ner motst\u00e5ndet och tvinga mig att bli kund? Jag byter kanal, gl\u00f6mmer bort att jag bytte, missar delar av programmet&#8230;eller f\u00f6rs\u00f6ker titta p\u00e5 n\u00e5gonting p\u00e5 TV3 play, blir tv\u00e5ngsmatad med den gapiga duon vid varje paus, utan m\u00f6jlighet att spola f\u00f6rbi. Den d\u00e4r filmen var inte ens gullig de f\u00f6rsta 15 sekunderna.<\/p>\n","protected":false},"excerpt":{"rendered":"<p>Foto:\u00a0http:\/\/www.dagensmedia.se\/ Vem kom p\u00e5 tanken att anv\u00e4nda de tv\u00e5 gaphalsarna till b\u00e4bisar i Comhems reklamfilm???? Vad har jag gjort f\u00f6r ont? F\u00f6rs\u00f6ker Comhem med psykologisk krigsf\u00f6ring bryta ner motst\u00e5ndet och tvinga mig att bli kund? Jag byter kanal, gl\u00f6mmer bort &hellip; <a href=\"http:\/\/www.susannavaris.com\/blogg\/2011\/09\/reklamplaga\/\">Forts\u00e4tt l\u00e4sa <span class=\"meta-nav\">&rarr;<\/span><\/a><\/p>\n","protected":false},"author":1,"featured_media":0,"comment_status":"open","ping_status":"open","sticky":false,"template":"","format":"standard","meta":{"footnotes":""},"categories":[589,1,384],"tags":[593,287,594],"class_list":["post-2086","post","type-post","status-publish","format-standard","hentry","category-medier","category-okategoriserade","category-tv","tag-comhem","tag-reklam","tag-reklamfilm"],"_links":{"self":[{"href":"http:\/\/www.susannavaris.com\/blogg\/wp-json\/wp\/v2\/posts\/2086","targetHints":{"allow":["GET"]}}],"collection":[{"href":"http:\/\/www.susannavaris.com\/blogg\/wp-json\/wp\/v2\/posts"}],"about":[{"href":"http:\/\/www.susannavaris.com\/blogg\/wp-json\/wp\/v2\/types\/post"}],"author":[{"embeddable":true,"href":"http:\/\/www.susannavaris.com\/blogg\/wp-json\/wp\/v2\/users\/1"}],"replies":[{"embeddable":true,"href":"http:\/\/www.susannavaris.com\/blogg\/wp-json\/wp\/v2\/comments?post=2086"}],"version-history":[{"count":2,"href":"http:\/\/www.susannavaris.com\/blogg\/wp-json\/wp\/v2\/posts\/2086\/revisions"}],"predecessor-version":[{"id":2089,"href":"http:\/\/www.susannavaris.com\/blogg\/wp-json\/wp\/v2\/posts\/2086\/revisions\/2089"}],"wp:attachment":[{"href":"http:\/\/www.susannavaris.com\/blogg\/wp-json\/wp\/v2\/media?parent=2086"}],"wp:term":[{"taxonomy":"category","embeddable":true,"href":"http:\/\/www.susannavaris.com\/blogg\/wp-json\/wp\/v2\/categories?post=2086"},{"taxonomy":"post_tag","embeddable":true,"href":"http:\/\/www.susannavaris.com\/blogg\/wp-json\/wp\/v2\/tags?post=2086"}],"curies":[{"name":"wp","href":"https:\/\/api.w.org\/{rel}","templated":true}]}}