{"id":2123,"date":"2011-09-04T17:16:32","date_gmt":"2011-09-04T15:16:32","guid":{"rendered":"http:\/\/www.susannavaris.com\/blogg\/?p=2123"},"modified":"2011-09-04T17:16:32","modified_gmt":"2011-09-04T15:16:32","slug":"4-september-2011","status":"publish","type":"post","link":"http:\/\/www.susannavaris.com\/blogg\/2011\/09\/4-september-2011\/","title":{"rendered":"4. september 2011"},"content":{"rendered":"<p style=\"text-align: center;\"><a href=\"http:\/\/www.susannavaris.com\/blogg\/wp-content\/uploads\/2011\/09\/vanhatalo011.jpg\"><img loading=\"lazy\" decoding=\"async\" class=\"aligncenter size-full wp-image-2124\" title=\"vanhatalo011\" src=\"http:\/\/www.susannavaris.com\/blogg\/wp-content\/uploads\/2011\/09\/vanhatalo011.jpg\" alt=\"\" width=\"409\" height=\"276\" srcset=\"http:\/\/www.susannavaris.com\/blogg\/wp-content\/uploads\/2011\/09\/vanhatalo011.jpg 409w, http:\/\/www.susannavaris.com\/blogg\/wp-content\/uploads\/2011\/09\/vanhatalo011-300x202.jpg 300w\" sizes=\"auto, (max-width: 409px) 100vw, 409px\" \/><\/a><em>En av platserna f\u00f6r h\u00e4ndelserna som inspirerat till Curse of the Crows- och Haunted House-serien.<\/em><\/p>\n<p>Nu \u00e4r ett galleri s\u00e5 gott som bokat f\u00f6r n\u00e4sta \u00e5r kring p\u00e5sk. Helgen f\u00f6re och fram tom onsdag p\u00e5skveckan kommer det att bli en utst\u00e4llning p\u00e5 tema Curse of the Crows; skelett i garderoben, sj\u00e4lens m\u00f6rkaste skrymslen, \u00e5ngestfyllda familjerelationer i en v\u00e4lb\u00e4rgad familj, bosatt i ett hus hems\u00f6kt av andar. Lite bl\u00e4dder i familjealbumet med andra ord. Utst\u00e4llningen kommer att visas i gamla stan i Stockholm, vilket jag tycker blir en perfekt inramning. Galleristen var mycket entusiastisk \u00f6ver mina m\u00e5lningar och andra verk och det \u00e4r ju alltid roligt&#8230; :)<\/p>\n<p>Helgen har f\u00f6r \u00f6vrigt g\u00e5tt i f\u00f6rkylningens tecken och balkongen har \u00e5terigen blivit platsen att h\u00e5lla till p\u00e5. V\u00e4dret har farit superbt och det \u00e4r sk\u00f6nt att kunna suga i sig det sista av v\u00e4rmen och solen f\u00f6re vintern. Jag har m\u00f6blerat om bland blommorna inf\u00f6r sensommaren\/h\u00f6sten, i hopp om att f\u00f6rl\u00e4nga balkongs\u00e4songen och st\u00e4llt dit ett par lyktor som blir vackra nu n\u00e4r kv\u00e4llarna b\u00f6rjar bli m\u00f6rkare.<\/p>\n<p style=\"text-align: center;\"><a href=\"http:\/\/www.susannavaris.com\/blogg\/wp-content\/uploads\/2011\/09\/DSC_0633-60.jpg\"><img loading=\"lazy\" decoding=\"async\" class=\"aligncenter size-large wp-image-2125\" title=\"DSC_0633-60\" src=\"http:\/\/www.susannavaris.com\/blogg\/wp-content\/uploads\/2011\/09\/DSC_0633-60-682x1024.jpg\" alt=\"\" width=\"640\" height=\"960\" srcset=\"http:\/\/www.susannavaris.com\/blogg\/wp-content\/uploads\/2011\/09\/DSC_0633-60-682x1024.jpg 682w, http:\/\/www.susannavaris.com\/blogg\/wp-content\/uploads\/2011\/09\/DSC_0633-60-199x300.jpg 199w, http:\/\/www.susannavaris.com\/blogg\/wp-content\/uploads\/2011\/09\/DSC_0633-60.jpg 1843w\" sizes=\"auto, (max-width: 640px) 100vw, 640px\" \/><\/a><a href=\"http:\/\/www.susannavaris.com\/blogg\/wp-content\/uploads\/2011\/09\/DSC_0634-60.jpg\"><img loading=\"lazy\" decoding=\"async\" class=\"aligncenter size-large wp-image-2126\" title=\"DSC_0634-60\" src=\"http:\/\/www.susannavaris.com\/blogg\/wp-content\/uploads\/2011\/09\/DSC_0634-60-682x1024.jpg\" alt=\"\" width=\"640\" height=\"960\" srcset=\"http:\/\/www.susannavaris.com\/blogg\/wp-content\/uploads\/2011\/09\/DSC_0634-60-682x1024.jpg 682w, http:\/\/www.susannavaris.com\/blogg\/wp-content\/uploads\/2011\/09\/DSC_0634-60-199x300.jpg 199w, http:\/\/www.susannavaris.com\/blogg\/wp-content\/uploads\/2011\/09\/DSC_0634-60.jpg 1843w\" sizes=\"auto, (max-width: 640px) 100vw, 640px\" \/><\/a><em>Balkonglivet forts\u00e4tter&#8230;<\/em><\/p>\n","protected":false},"excerpt":{"rendered":"<p>En av platserna f\u00f6r h\u00e4ndelserna som inspirerat till Curse of the Crows- och Haunted House-serien. Nu \u00e4r ett galleri s\u00e5 gott som bokat f\u00f6r n\u00e4sta \u00e5r kring p\u00e5sk. Helgen f\u00f6re och fram tom onsdag p\u00e5skveckan kommer det att bli en &hellip; <a href=\"http:\/\/www.susannavaris.com\/blogg\/2011\/09\/4-september-2011\/\">Forts\u00e4tt l\u00e4sa <span class=\"meta-nav\">&rarr;<\/span><\/a><\/p>\n","protected":false},"author":1,"featured_media":0,"comment_status":"open","ping_status":"open","sticky":false,"template":"","format":"standard","meta":{"footnotes":""},"categories":[7,213,3,1,4],"tags":[214,313,95],"class_list":["post-2123","post","type-post","status-publish","format-standard","hentry","category-egna-verk","category-inredning","category-konst","category-okategoriserade","category-utstallning","tag-balkong","tag-curse-of-the-crows","tag-gamla-stan"],"_links":{"self":[{"href":"http:\/\/www.susannavaris.com\/blogg\/wp-json\/wp\/v2\/posts\/2123","targetHints":{"allow":["GET"]}}],"collection":[{"href":"http:\/\/www.susannavaris.com\/blogg\/wp-json\/wp\/v2\/posts"}],"about":[{"href":"http:\/\/www.susannavaris.com\/blogg\/wp-json\/wp\/v2\/types\/post"}],"author":[{"embeddable":true,"href":"http:\/\/www.susannavaris.com\/blogg\/wp-json\/wp\/v2\/users\/1"}],"replies":[{"embeddable":true,"href":"http:\/\/www.susannavaris.com\/blogg\/wp-json\/wp\/v2\/comments?post=2123"}],"version-history":[{"count":2,"href":"http:\/\/www.susannavaris.com\/blogg\/wp-json\/wp\/v2\/posts\/2123\/revisions"}],"predecessor-version":[{"id":2128,"href":"http:\/\/www.susannavaris.com\/blogg\/wp-json\/wp\/v2\/posts\/2123\/revisions\/2128"}],"wp:attachment":[{"href":"http:\/\/www.susannavaris.com\/blogg\/wp-json\/wp\/v2\/media?parent=2123"}],"wp:term":[{"taxonomy":"category","embeddable":true,"href":"http:\/\/www.susannavaris.com\/blogg\/wp-json\/wp\/v2\/categories?post=2123"},{"taxonomy":"post_tag","embeddable":true,"href":"http:\/\/www.susannavaris.com\/blogg\/wp-json\/wp\/v2\/tags?post=2123"}],"curies":[{"name":"wp","href":"https:\/\/api.w.org\/{rel}","templated":true}]}}