{"id":2296,"date":"2011-09-13T16:30:04","date_gmt":"2011-09-13T14:30:04","guid":{"rendered":"http:\/\/www.susannavaris.com\/blogg\/?p=2296"},"modified":"2011-09-13T16:30:04","modified_gmt":"2011-09-13T14:30:04","slug":"salt-och-inramat","status":"publish","type":"post","link":"http:\/\/www.susannavaris.com\/blogg\/2011\/09\/salt-och-inramat\/","title":{"rendered":"S\u00e5lt och inramat"},"content":{"rendered":"<p>Ibland f\u00e5r jag bilder p\u00e5 konstverk som jag har s\u00e5lt\u00a0skickade till mig fr\u00e5n k\u00f6parna. Det \u00e4r alltid lite roligt att se hur &#8221;b\u00e4bisarna&#8221; h\u00e4nger i sina nya hem och hur de har blivit inramade.<\/p>\n<p style=\"text-align: center;\"><a href=\"http:\/\/www.susannavaris.com\/blogg\/wp-content\/uploads\/2011\/09\/framedandsold25.jpg\"><img loading=\"lazy\" decoding=\"async\" class=\"aligncenter size-full wp-image-2297\" title=\"framedandsold25\" src=\"http:\/\/www.susannavaris.com\/blogg\/wp-content\/uploads\/2011\/09\/framedandsold25.jpg\" alt=\"\" width=\"600\" height=\"800\" srcset=\"http:\/\/www.susannavaris.com\/blogg\/wp-content\/uploads\/2011\/09\/framedandsold25.jpg 600w, http:\/\/www.susannavaris.com\/blogg\/wp-content\/uploads\/2011\/09\/framedandsold25-225x300.jpg 225w\" sizes=\"auto, (max-width: 600px) 100vw, 600px\" \/><\/a><em>En tidig best\u00e4llning. Tv\u00e5 sm\u00e5, franska flickor vid namn Lisa och Carla&#8230;verkade bli n\u00f6jda&#8230; :)\u00a0<\/em><\/p>\n<p style=\"text-align: center;\"><a href=\"http:\/\/www.susannavaris.com\/blogg\/wp-content\/uploads\/2011\/09\/framedsold14.jpg\"><img loading=\"lazy\" decoding=\"async\" class=\"aligncenter size-full wp-image-2298\" title=\"framedsold14\" src=\"http:\/\/www.susannavaris.com\/blogg\/wp-content\/uploads\/2011\/09\/framedsold14.jpg\" alt=\"\" width=\"410\" height=\"450\" srcset=\"http:\/\/www.susannavaris.com\/blogg\/wp-content\/uploads\/2011\/09\/framedsold14.jpg 410w, http:\/\/www.susannavaris.com\/blogg\/wp-content\/uploads\/2011\/09\/framedsold14-273x300.jpg 273w\" sizes=\"auto, (max-width: 410px) 100vw, 410px\" \/><\/a><em>\u00c4ven detta en tidig best\u00e4llning i olja.<\/em><\/p>\n<p style=\"text-align: center;\"><a href=\"http:\/\/www.susannavaris.com\/blogg\/wp-content\/uploads\/2011\/09\/framedsold17.jpg\"><img loading=\"lazy\" decoding=\"async\" class=\"aligncenter size-full wp-image-2299\" title=\"framedsold17\" src=\"http:\/\/www.susannavaris.com\/blogg\/wp-content\/uploads\/2011\/09\/framedsold17.jpg\" alt=\"\" width=\"180\" height=\"240\" \/><\/a><em>En akvarell p\u00e5 Nina Hagen fr\u00e5n 80-talet&#8230;<\/em><\/p>\n<p style=\"text-align: center;\"><a href=\"http:\/\/www.susannavaris.com\/blogg\/wp-content\/uploads\/2011\/09\/framedsold13.jpg\"><img loading=\"lazy\" decoding=\"async\" class=\"aligncenter size-full wp-image-2300\" title=\"framedsold13\" src=\"http:\/\/www.susannavaris.com\/blogg\/wp-content\/uploads\/2011\/09\/framedsold13.jpg\" alt=\"\" width=\"599\" height=\"799\" srcset=\"http:\/\/www.susannavaris.com\/blogg\/wp-content\/uploads\/2011\/09\/framedsold13.jpg 599w, http:\/\/www.susannavaris.com\/blogg\/wp-content\/uploads\/2011\/09\/framedsold13-224x300.jpg 224w\" sizes=\"auto, (max-width: 599px) 100vw, 599px\" \/><\/a><em>En best\u00e4llning fr\u00e5n en numera v\u00e4n och konstn\u00e4rskollega till mig&#8230;Kat Starchild<\/em><\/p>\n<p style=\"text-align: center;\"><a href=\"http:\/\/www.susannavaris.com\/blogg\/wp-content\/uploads\/2011\/09\/framedsold20.jpg\"><img loading=\"lazy\" decoding=\"async\" class=\"aligncenter size-full wp-image-2301\" title=\"framedsold20\" src=\"http:\/\/www.susannavaris.com\/blogg\/wp-content\/uploads\/2011\/09\/framedsold20.jpg\" alt=\"\" width=\"540\" height=\"720\" srcset=\"http:\/\/www.susannavaris.com\/blogg\/wp-content\/uploads\/2011\/09\/framedsold20.jpg 540w, http:\/\/www.susannavaris.com\/blogg\/wp-content\/uploads\/2011\/09\/framedsold20-225x300.jpg 225w\" sizes=\"auto, (max-width: 540px) 100vw, 540px\" \/><\/a><em>En kopia av en oljem\u00e5lning som k\u00f6paren fick som bonus&#8230;hon \u00e4r en trogen kund!<\/em><\/p>\n<p style=\"text-align: center;\"><a href=\"http:\/\/www.susannavaris.com\/blogg\/wp-content\/uploads\/2011\/09\/framedsold22.jpg\"><img loading=\"lazy\" decoding=\"async\" class=\"aligncenter size-full wp-image-2302\" title=\"framedsold22\" src=\"http:\/\/www.susannavaris.com\/blogg\/wp-content\/uploads\/2011\/09\/framedsold22.jpg\" alt=\"\" width=\"262\" height=\"497\" srcset=\"http:\/\/www.susannavaris.com\/blogg\/wp-content\/uploads\/2011\/09\/framedsold22.jpg 262w, http:\/\/www.susannavaris.com\/blogg\/wp-content\/uploads\/2011\/09\/framedsold22-158x300.jpg 158w\" sizes=\"auto, (max-width: 262px) 100vw, 262px\" \/><\/a><em>Kopian h\u00e4nger under en samling Ross Halfin-fotografier p\u00e5 Marilyn Manson&#8230;<\/em><\/p>\n<p style=\"text-align: center;\"><a href=\"http:\/\/www.susannavaris.com\/blogg\/wp-content\/uploads\/2011\/09\/framedsold06.jpg\"><img loading=\"lazy\" decoding=\"async\" class=\"aligncenter size-full wp-image-2303\" title=\"framedsold06\" src=\"http:\/\/www.susannavaris.com\/blogg\/wp-content\/uploads\/2011\/09\/framedsold06.jpg\" alt=\"\" width=\"720\" height=\"540\" srcset=\"http:\/\/www.susannavaris.com\/blogg\/wp-content\/uploads\/2011\/09\/framedsold06.jpg 720w, http:\/\/www.susannavaris.com\/blogg\/wp-content\/uploads\/2011\/09\/framedsold06-300x225.jpg 300w\" sizes=\"auto, (max-width: 720px) 100vw, 720px\" \/><\/a><em>Mina andra verk h\u00e4nger bland t ex \u00e4kta Marilyn Manson-litografier, som till v\u00e4nster i bilden (Fleurs de M\u00e0l). Ett till Ross Halfin-fotografi tv under mina verk.<\/em><\/p>\n<p style=\"text-align: center;\"><a href=\"http:\/\/www.susannavaris.com\/blogg\/wp-content\/uploads\/2011\/09\/framedsold04.jpg\"><img loading=\"lazy\" decoding=\"async\" class=\"aligncenter size-full wp-image-2304\" title=\"framedsold04\" src=\"http:\/\/www.susannavaris.com\/blogg\/wp-content\/uploads\/2011\/09\/framedsold04.jpg\" alt=\"\" width=\"403\" height=\"348\" srcset=\"http:\/\/www.susannavaris.com\/blogg\/wp-content\/uploads\/2011\/09\/framedsold04.jpg 403w, http:\/\/www.susannavaris.com\/blogg\/wp-content\/uploads\/2011\/09\/framedsold04-300x259.jpg 300w\" sizes=\"auto, (max-width: 403px) 100vw, 403px\" \/><\/a><a href=\"http:\/\/www.susannavaris.com\/blogg\/wp-content\/uploads\/2011\/09\/framedsold21.jpg\"><img loading=\"lazy\" decoding=\"async\" class=\"aligncenter size-full wp-image-2306\" title=\"framedsold21\" src=\"http:\/\/www.susannavaris.com\/blogg\/wp-content\/uploads\/2011\/09\/framedsold21.jpg\" alt=\"\" width=\"540\" height=\"720\" srcset=\"http:\/\/www.susannavaris.com\/blogg\/wp-content\/uploads\/2011\/09\/framedsold21.jpg 540w, http:\/\/www.susannavaris.com\/blogg\/wp-content\/uploads\/2011\/09\/framedsold21-225x300.jpg 225w\" sizes=\"auto, (max-width: 540px) 100vw, 540px\" \/><\/a><em>Min kund har snart en lika stor Manson-samling som jag sj\u00e4lv&#8230; :)<\/em><\/p>\n<p style=\"text-align: center;\"><a href=\"http:\/\/www.susannavaris.com\/blogg\/wp-content\/uploads\/2011\/09\/framedsold10.jpg\"><img loading=\"lazy\" decoding=\"async\" class=\"aligncenter size-large wp-image-2307\" title=\"framedsold10\" src=\"http:\/\/www.susannavaris.com\/blogg\/wp-content\/uploads\/2011\/09\/framedsold10-768x1024.jpg\" alt=\"\" width=\"640\" height=\"853\" srcset=\"http:\/\/www.susannavaris.com\/blogg\/wp-content\/uploads\/2011\/09\/framedsold10-768x1024.jpg 768w, http:\/\/www.susannavaris.com\/blogg\/wp-content\/uploads\/2011\/09\/framedsold10-225x300.jpg 225w\" sizes=\"auto, (max-width: 640px) 100vw, 640px\" \/><\/a><em>L\u00e5netavlor; mitt gamla sj\u00e4lvportr\u00e4tt och We have to Talk This Through<\/em><\/p>\n<p style=\"text-align: center;\"><a href=\"http:\/\/www.susannavaris.com\/blogg\/wp-content\/uploads\/2011\/09\/framedsold12.jpg\"><img loading=\"lazy\" decoding=\"async\" class=\"aligncenter size-full wp-image-2308\" title=\"framedsold12\" src=\"http:\/\/www.susannavaris.com\/blogg\/wp-content\/uploads\/2011\/09\/framedsold12.jpg\" alt=\"\" width=\"600\" height=\"800\" srcset=\"http:\/\/www.susannavaris.com\/blogg\/wp-content\/uploads\/2011\/09\/framedsold12.jpg 600w, http:\/\/www.susannavaris.com\/blogg\/wp-content\/uploads\/2011\/09\/framedsold12-225x300.jpg 225w\" sizes=\"auto, (max-width: 600px) 100vw, 600px\" \/><\/a><em>Coronation II och den nya \u00e4garen.<\/em><\/p>\n<p style=\"text-align: center;\"><a href=\"http:\/\/www.susannavaris.com\/blogg\/wp-content\/uploads\/2011\/09\/framedsold16.jpg\"><img loading=\"lazy\" decoding=\"async\" class=\"aligncenter size-full wp-image-2309\" title=\"framedsold16\" src=\"http:\/\/www.susannavaris.com\/blogg\/wp-content\/uploads\/2011\/09\/framedsold16.jpg\" alt=\"\" width=\"240\" height=\"320\" srcset=\"http:\/\/www.susannavaris.com\/blogg\/wp-content\/uploads\/2011\/09\/framedsold16.jpg 240w, http:\/\/www.susannavaris.com\/blogg\/wp-content\/uploads\/2011\/09\/framedsold16-225x300.jpg 225w\" sizes=\"auto, (max-width: 240px) 100vw, 240px\" \/><\/a><em>Portr\u00e4tt p\u00e5 en v\u00e4ninna i hennes k\u00f6k.<\/em><\/p>\n<p style=\"text-align: center;\"><a href=\"http:\/\/www.susannavaris.com\/blogg\/wp-content\/uploads\/2011\/09\/framedsold18.jpg\"><img loading=\"lazy\" decoding=\"async\" class=\"aligncenter size-full wp-image-2310\" title=\"framedsold18\" src=\"http:\/\/www.susannavaris.com\/blogg\/wp-content\/uploads\/2011\/09\/framedsold18.jpg\" alt=\"\" width=\"283\" height=\"338\" srcset=\"http:\/\/www.susannavaris.com\/blogg\/wp-content\/uploads\/2011\/09\/framedsold18.jpg 283w, http:\/\/www.susannavaris.com\/blogg\/wp-content\/uploads\/2011\/09\/framedsold18-251x300.jpg 251w\" sizes=\"auto, (max-width: 283px) 100vw, 283px\" \/><\/a><em>Piece of Me i sitt nya hem.<\/em><\/p>\n<p style=\"text-align: center;\"><a href=\"http:\/\/www.susannavaris.com\/blogg\/wp-content\/uploads\/2011\/09\/framedsold08.jpg\"><img loading=\"lazy\" decoding=\"async\" class=\"aligncenter size-full wp-image-2311\" title=\"framedsold08\" src=\"http:\/\/www.susannavaris.com\/blogg\/wp-content\/uploads\/2011\/09\/framedsold08.jpg\" alt=\"\" width=\"640\" height=\"480\" srcset=\"http:\/\/www.susannavaris.com\/blogg\/wp-content\/uploads\/2011\/09\/framedsold08.jpg 640w, http:\/\/www.susannavaris.com\/blogg\/wp-content\/uploads\/2011\/09\/framedsold08-300x225.jpg 300w\" sizes=\"auto, (max-width: 640px) 100vw, 640px\" \/><\/a><em>En liten vykortstavla hos en konstn\u00e4rskollega.<\/em><\/p>\n<p style=\"text-align: center;\"><a href=\"http:\/\/www.susannavaris.com\/blogg\/wp-content\/uploads\/2011\/09\/framedsold07.jpg\"><img loading=\"lazy\" decoding=\"async\" class=\"aligncenter size-full wp-image-2312\" title=\"framedsold07\" src=\"http:\/\/www.susannavaris.com\/blogg\/wp-content\/uploads\/2011\/09\/framedsold07.jpg\" alt=\"\" width=\"493\" height=\"699\" srcset=\"http:\/\/www.susannavaris.com\/blogg\/wp-content\/uploads\/2011\/09\/framedsold07.jpg 493w, http:\/\/www.susannavaris.com\/blogg\/wp-content\/uploads\/2011\/09\/framedsold07-211x300.jpg 211w\" sizes=\"auto, (max-width: 493px) 100vw, 493px\" \/><\/a><em>Mother and Daughter i USA.<\/em><\/p>\n<p style=\"text-align: center;\"><a href=\"http:\/\/www.susannavaris.com\/blogg\/wp-content\/uploads\/2011\/09\/framedsold09.jpg\"><img loading=\"lazy\" decoding=\"async\" class=\"aligncenter size-full wp-image-2313\" title=\"framedsold09\" src=\"http:\/\/www.susannavaris.com\/blogg\/wp-content\/uploads\/2011\/09\/framedsold09.jpg\" alt=\"\" width=\"767\" height=\"1021\" srcset=\"http:\/\/www.susannavaris.com\/blogg\/wp-content\/uploads\/2011\/09\/framedsold09.jpg 767w, http:\/\/www.susannavaris.com\/blogg\/wp-content\/uploads\/2011\/09\/framedsold09-225x300.jpg 225w\" sizes=\"auto, (max-width: 767px) 100vw, 767px\" \/><\/a><em>Enigma of Elizabeth Bathory II i Wien.<\/em><\/p>\n","protected":false},"excerpt":{"rendered":"<p>Ibland f\u00e5r jag bilder p\u00e5 konstverk som jag har s\u00e5lt\u00a0skickade till mig fr\u00e5n k\u00f6parna. Det \u00e4r alltid lite roligt att se hur &#8221;b\u00e4bisarna&#8221; h\u00e4nger i sina nya hem och hur de har blivit inramade. En tidig best\u00e4llning. Tv\u00e5 sm\u00e5, franska &hellip; <a href=\"http:\/\/www.susannavaris.com\/blogg\/2011\/09\/salt-och-inramat\/\">Forts\u00e4tt l\u00e4sa <span class=\"meta-nav\">&rarr;<\/span><\/a><\/p>\n","protected":false},"author":1,"featured_media":0,"comment_status":"open","ping_status":"open","sticky":false,"template":"","format":"standard","meta":{"footnotes":""},"categories":[7,3,12,1],"tags":[628,625,76,632,626,634,630,16,629,631,635,633,624,627],"class_list":["post-2296","post","type-post","status-publish","format-standard","hentry","category-egna-verk","category-konst","category-marilyn-manson","category-okategoriserade","tag-bless-me-father","tag-coronation-ii","tag-kat-starchild","tag-kat7cat","tag-king-of-hearts","tag-louise","tag-lucem-ferre-i","tag-marilyn-manson-2","tag-mother-and-child","tag-mr-manson","tag-nieces","tag-nina-hagen","tag-piece-of-me","tag-stripe"],"_links":{"self":[{"href":"http:\/\/www.susannavaris.com\/blogg\/wp-json\/wp\/v2\/posts\/2296","targetHints":{"allow":["GET"]}}],"collection":[{"href":"http:\/\/www.susannavaris.com\/blogg\/wp-json\/wp\/v2\/posts"}],"about":[{"href":"http:\/\/www.susannavaris.com\/blogg\/wp-json\/wp\/v2\/types\/post"}],"author":[{"embeddable":true,"href":"http:\/\/www.susannavaris.com\/blogg\/wp-json\/wp\/v2\/users\/1"}],"replies":[{"embeddable":true,"href":"http:\/\/www.susannavaris.com\/blogg\/wp-json\/wp\/v2\/comments?post=2296"}],"version-history":[{"count":3,"href":"http:\/\/www.susannavaris.com\/blogg\/wp-json\/wp\/v2\/posts\/2296\/revisions"}],"predecessor-version":[{"id":2316,"href":"http:\/\/www.susannavaris.com\/blogg\/wp-json\/wp\/v2\/posts\/2296\/revisions\/2316"}],"wp:attachment":[{"href":"http:\/\/www.susannavaris.com\/blogg\/wp-json\/wp\/v2\/media?parent=2296"}],"wp:term":[{"taxonomy":"category","embeddable":true,"href":"http:\/\/www.susannavaris.com\/blogg\/wp-json\/wp\/v2\/categories?post=2296"},{"taxonomy":"post_tag","embeddable":true,"href":"http:\/\/www.susannavaris.com\/blogg\/wp-json\/wp\/v2\/tags?post=2296"}],"curies":[{"name":"wp","href":"https:\/\/api.w.org\/{rel}","templated":true}]}}