{"id":2497,"date":"2011-09-23T11:46:06","date_gmt":"2011-09-23T09:46:06","guid":{"rendered":"http:\/\/www.susannavaris.com\/blogg\/?p=2497"},"modified":"2011-09-23T20:15:07","modified_gmt":"2011-09-23T18:15:07","slug":"for-ovrigt-onskar-jag","status":"publish","type":"post","link":"http:\/\/www.susannavaris.com\/blogg\/2011\/09\/for-ovrigt-onskar-jag\/","title":{"rendered":"F\u00f6r \u00f6vrigt \u00f6nskar jag&#8230;"},"content":{"rendered":"<p style=\"text-align: center;\"><a href=\"http:\/\/www.susannavaris.com\/blogg\/wp-content\/uploads\/2011\/09\/poirier_martinsson.jpg\"><img loading=\"lazy\" decoding=\"async\" class=\"aligncenter size-full wp-image-2500\" title=\"POIRIER\" src=\"http:\/\/www.susannavaris.com\/blogg\/wp-content\/uploads\/2011\/09\/poirier_martinsson.jpg\" alt=\"\" width=\"410\" height=\"195\" srcset=\"http:\/\/www.susannavaris.com\/blogg\/wp-content\/uploads\/2011\/09\/poirier_martinsson.jpg 410w, http:\/\/www.susannavaris.com\/blogg\/wp-content\/uploads\/2011\/09\/poirier_martinsson-300x142.jpg 300w\" sizes=\"auto, (max-width: 410px) 100vw, 410px\" \/><\/a><em>Roland Poirier Martinsson. Foto: Ronny Johansson\/Pressens Bild<\/em><\/p>\n<p>&#8230;att alla kolumnister och skribenter som nu g\u00e5tt i taket \u00f6ver Roland Poirier Martinssons artikel i Svenska Dagbladet &#8221;Vi borde prata om feminismen&#8221;, skulle s\u00e4tta sig in i vad genusteorierna g\u00e5r ut p\u00e5 och vad deras f\u00f6retr\u00e4dare numera sysslar med, bland annat p\u00e5 Lunds universitet som n\u00e4mns i artikeln.<\/p>\n<p style=\"text-align: center;\"><a href=\"http:\/\/www.susannavaris.com\/blogg\/wp-content\/uploads\/2011\/09\/Anna_Larsson_734221a.png\"><img loading=\"lazy\" decoding=\"async\" class=\"aligncenter size-full wp-image-2499\" title=\"Anna_Larsson_734221a\" src=\"http:\/\/www.susannavaris.com\/blogg\/wp-content\/uploads\/2011\/09\/Anna_Larsson_734221a.png\" alt=\"\" width=\"485\" height=\"168\" srcset=\"http:\/\/www.susannavaris.com\/blogg\/wp-content\/uploads\/2011\/09\/Anna_Larsson_734221a.png 485w, http:\/\/www.susannavaris.com\/blogg\/wp-content\/uploads\/2011\/09\/Anna_Larsson_734221a-300x103.png 300w\" sizes=\"auto, (max-width: 485px) 100vw, 485px\" \/><\/a><em>Anna Laestadius Larsson. Foto: SvD<\/em><\/p>\n<p>T ex Anna Laestadius Larsson p\u00e5 Svd:<\/p>\n<p><a href=\"http:\/\/www.svd.se\/nyheter\/inrikes\/dags-att-reda-ut-tokigheterna_6472922.svd\">http:\/\/www.svd.se\/nyheter\/inrikes\/dags-att-reda-ut-tokigheterna_6472922.svd<\/a><\/p>\n<p>I dagens DN skriver Hanna Hellqvist p\u00e5 samma tema. H\u00e4r finns Roland Poirier Martinssons artikel:<\/p>\n<p><a href=\"http:\/\/www.svd.se\/opinion\/ledarsidan\/vi-borde-prata-om-feminismen_6460944.svd\">http:\/\/www.svd.se\/opinion\/ledarsidan\/vi-borde-prata-om-feminismen_6460944.svd<\/a><\/p>\n<p style=\"text-align: center;\"><a href=\"http:\/\/www.susannavaris.com\/blogg\/wp-content\/uploads\/2011\/09\/tanja-kth-5-ny1.jpg\"><img loading=\"lazy\" decoding=\"async\" class=\"aligncenter size-large wp-image-2509\" title=\"tanja-kth-5-ny1\" src=\"http:\/\/www.susannavaris.com\/blogg\/wp-content\/uploads\/2011\/09\/tanja-kth-5-ny1-680x1024.jpg\" alt=\"\" width=\"640\" height=\"963\" srcset=\"http:\/\/www.susannavaris.com\/blogg\/wp-content\/uploads\/2011\/09\/tanja-kth-5-ny1-680x1024.jpg 680w, http:\/\/www.susannavaris.com\/blogg\/wp-content\/uploads\/2011\/09\/tanja-kth-5-ny1-199x300.jpg 199w, http:\/\/www.susannavaris.com\/blogg\/wp-content\/uploads\/2011\/09\/tanja-kth-5-ny1.jpg 1424w\" sizes=\"auto, (max-width: 640px) 100vw, 640px\" \/><\/a><em>Tanja Bergkvist undervisar numera teknologer p\u00e5 Farkost- och Samh\u00e4llsbyggnads-programmen p\u00e5 min gamla skola KTH\u00a0i geometri och algebra. Foto fr\u00e5n Tanja Bergkvists blogg.\u00a0<\/em><\/p>\n<p>Jag har skrivit om detta f\u00f6rut p\u00e5 denna bloggen och all material och underlag f\u00f6r att skapa sig en uppfattning finns hos Tanja Bergkvist:<\/p>\n<p><a href=\"http:\/\/tanjabergkvist.wordpress.com\/\">http:\/\/tanjabergkvist.wordpress.com\/<\/a><\/p>\n<p>Eller t ex mitt tidigare inl\u00e4gg:<\/p>\n<p><a href=\"http:\/\/www.susannavaris.com\/blogg\/2011\/07\/tanka-fritt-ar-stort-men-tanka-ratt-ar-storre\/\">http:\/\/www.susannavaris.com\/blogg\/2011\/07\/tanka-fritt-ar-stort-men-tanka-ratt-ar-storre\/<\/a><\/p>\n<p>Om n\u00e5gon nu fortfarande inbillar sig att den moderna feminismen och dess avknoppning &#8221;genusvetenskapen&#8221; handlar om allas lika r\u00e4ttigheter och skyldigheter kan bli n\u00e5got \u00f6verraskad.<\/p>\n<p>F\u00f6r mig personligen \u00e4r det om\u00f6jligt att f\u00f6rsvara en l\u00e4ra, som t ex vill inf\u00f6ra en politiskt\/ideologiskt styrd undervisning i alla \u00e4mnen (\u00e4ven de naturvetenskapliga), en l\u00e4ra som s\u00e4tter en ideologisk agenda h\u00f6gre \u00e4n s\u00f6kandet efter den vetenskapliga sanningen och den akademiska friheten. En l\u00e4ra som dessutom utg\u00e5r ifr\u00e5n att all traditionell vetenskap, inklusive dess metoder, \u00e4r f\u00f6rkastlig, eftersom den \u00e4r till \u00f6verv\u00e4gande del \u00e4r skapad av m\u00e4n. En l\u00e4ra som vill pyssla med relativa och situationsberoende sanningar. En l\u00e4ra som genom en inbillad moralisk \u00f6verh\u00f6ghet anser sig kunna s\u00e4tta sig sj\u00e4lvt \u00f6ver allt och alla i samh\u00e4llet.<\/p>\n<p>Nej, d\u00e4r tackar jag f\u00f6r kaffet.<\/p>\n<p>Jag skulle \u00f6nska att de som m\u00e5nar om feminismen skulle se vad den numera best\u00e5r av och st\u00e4lla sig fr\u00e5gan: \u00c4r det det h\u00e4r vi ville att det skulle vara? Om svaret \u00e4r ja, kan ni r\u00e4kna bort mig fullst\u00e4ndigt.<\/p>\n<p>Och h\u00e4r hoppas jag att Roland Poirier Martinsson \u00a0har r\u00e4tt, att denna form av feminism \u00e4r en trend som kommer att sj\u00e4lvd\u00f6. Kampen f\u00f6r allas lika r\u00e4ttigheter och skyldigheter ska vi f\u00f6r alltid f\u00f6ra och kampen f\u00f6r de m\u00e4nskliga r\u00e4ttigheterna.<\/p>\n<p>&nbsp;<\/p>\n","protected":false},"excerpt":{"rendered":"<p>Roland Poirier Martinsson. Foto: Ronny Johansson\/Pressens Bild &#8230;att alla kolumnister och skribenter som nu g\u00e5tt i taket \u00f6ver Roland Poirier Martinssons artikel i Svenska Dagbladet &#8221;Vi borde prata om feminismen&#8221;, skulle s\u00e4tta sig in i vad genusteorierna g\u00e5r ut p\u00e5 &hellip; <a href=\"http:\/\/www.susannavaris.com\/blogg\/2011\/09\/for-ovrigt-onskar-jag\/\">Forts\u00e4tt l\u00e4sa <span class=\"meta-nav\">&rarr;<\/span><\/a><\/p>\n","protected":false},"author":1,"featured_media":0,"comment_status":"open","ping_status":"open","sticky":false,"template":"","format":"standard","meta":{"footnotes":""},"categories":[178,181,8,259,1,403,117],"tags":[685,4900,4899,686,429,684,151],"class_list":["post-2497","post","type-post","status-publish","format-standard","hentry","category-blodtryckshojare","category-feminism","category-for-ovrigt-anser-jag-att","category-genusvetenskap","category-okategoriserade","category-pseudovetenskap","category-vetenskap","tag-anna-laestadius-larsson","tag-feminism","tag-genus","tag-hanna-hellqvist","tag-lunds-universitet","tag-roland-poirier-martinsson","tag-tanja-bergkvist"],"_links":{"self":[{"href":"http:\/\/www.susannavaris.com\/blogg\/wp-json\/wp\/v2\/posts\/2497","targetHints":{"allow":["GET"]}}],"collection":[{"href":"http:\/\/www.susannavaris.com\/blogg\/wp-json\/wp\/v2\/posts"}],"about":[{"href":"http:\/\/www.susannavaris.com\/blogg\/wp-json\/wp\/v2\/types\/post"}],"author":[{"embeddable":true,"href":"http:\/\/www.susannavaris.com\/blogg\/wp-json\/wp\/v2\/users\/1"}],"replies":[{"embeddable":true,"href":"http:\/\/www.susannavaris.com\/blogg\/wp-json\/wp\/v2\/comments?post=2497"}],"version-history":[{"count":10,"href":"http:\/\/www.susannavaris.com\/blogg\/wp-json\/wp\/v2\/posts\/2497\/revisions"}],"predecessor-version":[{"id":2510,"href":"http:\/\/www.susannavaris.com\/blogg\/wp-json\/wp\/v2\/posts\/2497\/revisions\/2510"}],"wp:attachment":[{"href":"http:\/\/www.susannavaris.com\/blogg\/wp-json\/wp\/v2\/media?parent=2497"}],"wp:term":[{"taxonomy":"category","embeddable":true,"href":"http:\/\/www.susannavaris.com\/blogg\/wp-json\/wp\/v2\/categories?post=2497"},{"taxonomy":"post_tag","embeddable":true,"href":"http:\/\/www.susannavaris.com\/blogg\/wp-json\/wp\/v2\/tags?post=2497"}],"curies":[{"name":"wp","href":"https:\/\/api.w.org\/{rel}","templated":true}]}}