{"id":2512,"date":"2011-09-24T10:42:31","date_gmt":"2011-09-24T08:42:31","guid":{"rendered":"http:\/\/www.susannavaris.com\/blogg\/?p=2512"},"modified":"2011-09-24T10:42:31","modified_gmt":"2011-09-24T08:42:31","slug":"inkopslista","status":"publish","type":"post","link":"http:\/\/www.susannavaris.com\/blogg\/2011\/09\/inkopslista\/","title":{"rendered":"Ink\u00f6pslista"},"content":{"rendered":"<p><a href=\"http:\/\/www.susannavaris.com\/blogg\/wp-content\/uploads\/2011\/09\/Fragments.jpg\"><img loading=\"lazy\" decoding=\"async\" class=\"aligncenter size-full wp-image-2515\" title=\"Fragments\" src=\"http:\/\/www.susannavaris.com\/blogg\/wp-content\/uploads\/2011\/09\/Fragments.jpg\" alt=\"\" width=\"385\" height=\"500\" srcset=\"http:\/\/www.susannavaris.com\/blogg\/wp-content\/uploads\/2011\/09\/Fragments.jpg 385w, http:\/\/www.susannavaris.com\/blogg\/wp-content\/uploads\/2011\/09\/Fragments-231x300.jpg 231w\" sizes=\"auto, (max-width: 385px) 100vw, 385px\" \/><\/a><\/p>\n<p>Tv\u00e5 av mina stora idoler \u00e4r aktuella i bokform; Nina Hagen med sin bok &#8221;Bek\u00e4nnelser&#8221; och Marilyn Monroe, vars anteckingar och poem nu getts ut i boken &#8221;Marilyn Monroe &#8211; Fragment&#8221;. Ann Heberlein hakar i DN upp sig p\u00e5 att den kvinnliga depressionen, till skillnad mot den manliga, betraktas som patetisk, sj\u00e4lvcentrerad och orsakad av ytligheter. Ulrika Stahre i Aftonbladet menar att det \u00e4r fel av Nina Hagen att ha en konsert p\u00e5 Berns, eftersom n\u00e4mnda etablissemang s\u00e4gs vara i konflikt med fackf\u00f6reningen Syndikalisterna. Suck.<\/p>\n<p>Enligt de moderna genusteoretikerna \u00e4r ju k\u00f6n n\u00e5gonting som g\u00f6rs. \u00c4r det d\u00e5 meningsfullt att forts\u00e4tta reproducera unkna klyschor i all o\u00e4ndlighet? Myten om den manliga, finare, melankolin? Dessa tankeg\u00e5ngar fanns visserligen kring f\u00f6rrf\u00f6rra sekelskiftet och fram\u00e5t modern tid, men \u00e4r de verkligen s\u00e5 relevanta fortfarande? I fr\u00e5ga om MarilynMonroe har jag aldrig uppfattat att hennes sk\u00f6rhet och psykiska problem skulle setts som patetiska eller orsakade av ytliga ting. Ses inte den supande, manlige stackaren p\u00e5 krogen som patetisk kanske? Jag blir mest matt av det st\u00e4ndiga j\u00e4mf\u00f6randet och kollektiviserandet. Den enformiga, k\u00f6nsfixerande och svartvita v\u00e4rlsbilden.<\/p>\n<p style=\"text-align: center;\"><a href=\"http:\/\/www.susannavaris.com\/blogg\/wp-content\/uploads\/2011\/09\/closetPub69.jpg\"><img loading=\"lazy\" decoding=\"async\" class=\"aligncenter size-full wp-image-2513\" title=\"closetPub69\" src=\"http:\/\/www.susannavaris.com\/blogg\/wp-content\/uploads\/2011\/09\/closetPub69.jpg\" alt=\"\" width=\"963\" height=\"954\" srcset=\"http:\/\/www.susannavaris.com\/blogg\/wp-content\/uploads\/2011\/09\/closetPub69.jpg 963w, http:\/\/www.susannavaris.com\/blogg\/wp-content\/uploads\/2011\/09\/closetPub69-150x150.jpg 150w, http:\/\/www.susannavaris.com\/blogg\/wp-content\/uploads\/2011\/09\/closetPub69-300x297.jpg 300w\" sizes=\"auto, (max-width: 963px) 100vw, 963px\" \/><\/a><em>Ytlig \u00e5ngest?<\/em><\/p>\n<p>Marilyn Monroe \u00e4r en legend i en n\u00e4rmast helt egen klass, hon \u00e4r inte l\u00e4ngre en person, hon \u00e4r en mytisk figur i klass med olika gudomligheter. Jag h\u00e5ller med Heberlein om att Joyce Carol Oates Marilyn i &#8221;Blonde&#8221; bet sig fast i ocks\u00e5 min uppfattning och f\u00f6rest\u00e4llning om Marilyn Monroe till den milda grad att den har med all s\u00e4kerhet blivit en del av min bild av Marilyn Monroe. Jag har genom \u00e5ren pl\u00f6jt igenom en hel del b\u00f6cker om filmikonen och det kommer att bli sp\u00e4nnande att l\u00e4sa \u00e4ven denna.<\/p>\n<p><a href=\"http:\/\/www.susannavaris.com\/blogg\/wp-content\/uploads\/2011\/09\/377913_Bekannelser.jpg\"><img loading=\"lazy\" decoding=\"async\" class=\"aligncenter size-full wp-image-2514\" title=\"377913_Bekannelser\" src=\"http:\/\/www.susannavaris.com\/blogg\/wp-content\/uploads\/2011\/09\/377913_Bekannelser.jpg\" alt=\"\" width=\"145\" height=\"222\" \/><\/a><\/p>\n<p>Nina Hagen har en del likheter med Marilyn Monroe. B\u00e5da \u00e4r\/var exhibitionister, k\u00e4rlekst\u00f6rstande, andligt s\u00f6kande och anv\u00e4nder sig av en del rollspel i sina liv och karri\u00e4rer. Men medan Monroe ville behaga och gjorde sitt b\u00e4sta f\u00f6r att passa in i en roll av en manlig fantasikvinna, \u00e4r Hagen en Pippi L\u00e5ngstrup-figur som inte l\u00e5ter sig begr\u00e4nsas av n\u00e5gra som helst konventioner.<\/p>\n<p>Nina Hagens nya bok s\u00e4gs handla mest om hennes v\u00e4g till Jesus och gud och mindre om det f\u00f6rmodat skandal\u00f6sa livet. \u00c4ven detta blir intressant att l\u00e4sa. Redan f\u00f6r tio, femton \u00e5r sedan verkade min gamla punkdrottning ha f\u00f6rirrat sig fullkomligt i en inte helt l\u00e4tt \u00f6versk\u00e5dlig tro som innefattade ufon, Jesus, hinduism och new age bland annat. Det ska bli roligt att se om boken kan g\u00f6ra det hela mer begripligt.<\/p>\n<p>Jag har s\u00e5 klart inhandlat biljetter till den kommande konserten p\u00e5 Berns. Syndikalisterna ger jag blanka katten i, jag har p\u00e5 min arbetsplats sett nog av deras arbetsmetodik. F\u00f6rutom fullst\u00e4ndig of\u00f6rm\u00e5ga att samarbeta med andra fackf\u00f6reningar och aktioner som snarare skadar dessa, samt nidteckningar p\u00e5 arbetsledare i medlemsbladet \u00e4r bara n\u00e5gra exempel. Enligt min uppfattning \u00e4r inte Syndikalisterna en seri\u00f6s organisation.<\/p>\n<p>Ulrika Stahre om Bek\u00e4nnelser:<\/p>\n<p><a href=\"http:\/\/www.aftonbladet.se\/kultur\/bokrecensioner\/article13654093.ab\">http:\/\/www.aftonbladet.se\/kultur\/bokrecensioner\/article13654093.ab<\/a><\/p>\n","protected":false},"excerpt":{"rendered":"<p>Tv\u00e5 av mina stora idoler \u00e4r aktuella i bokform; Nina Hagen med sin bok &#8221;Bek\u00e4nnelser&#8221; och Marilyn Monroe, vars anteckingar och poem nu getts ut i boken &#8221;Marilyn Monroe &#8211; Fragment&#8221;. Ann Heberlein hakar i DN upp sig p\u00e5 att &hellip; <a href=\"http:\/\/www.susannavaris.com\/blogg\/2011\/09\/inkopslista\/\">Forts\u00e4tt l\u00e4sa <span class=\"meta-nav\">&rarr;<\/span><\/a><\/p>\n","protected":false},"author":1,"featured_media":0,"comment_status":"open","ping_status":"open","sticky":false,"template":"","format":"standard","meta":{"footnotes":""},"categories":[181,9,110,259,674,285,1,303],"tags":[149,689,688,175,286,687,633,690],"class_list":["post-2512","post","type-post","status-publish","format-standard","hentry","category-feminism","category-film","category-foto","category-genusvetenskap","category-historia","category-marilyn-monroe","category-okategoriserade","category-religion","tag-aftonbladet","tag-ann-heberlein","tag-bekannelser","tag-dn","tag-marilyn-monroe-2","tag-marilyn-monroe-fragments","tag-nina-hagen","tag-ulrika-stahre"],"_links":{"self":[{"href":"http:\/\/www.susannavaris.com\/blogg\/wp-json\/wp\/v2\/posts\/2512","targetHints":{"allow":["GET"]}}],"collection":[{"href":"http:\/\/www.susannavaris.com\/blogg\/wp-json\/wp\/v2\/posts"}],"about":[{"href":"http:\/\/www.susannavaris.com\/blogg\/wp-json\/wp\/v2\/types\/post"}],"author":[{"embeddable":true,"href":"http:\/\/www.susannavaris.com\/blogg\/wp-json\/wp\/v2\/users\/1"}],"replies":[{"embeddable":true,"href":"http:\/\/www.susannavaris.com\/blogg\/wp-json\/wp\/v2\/comments?post=2512"}],"version-history":[{"count":2,"href":"http:\/\/www.susannavaris.com\/blogg\/wp-json\/wp\/v2\/posts\/2512\/revisions"}],"predecessor-version":[{"id":2517,"href":"http:\/\/www.susannavaris.com\/blogg\/wp-json\/wp\/v2\/posts\/2512\/revisions\/2517"}],"wp:attachment":[{"href":"http:\/\/www.susannavaris.com\/blogg\/wp-json\/wp\/v2\/media?parent=2512"}],"wp:term":[{"taxonomy":"category","embeddable":true,"href":"http:\/\/www.susannavaris.com\/blogg\/wp-json\/wp\/v2\/categories?post=2512"},{"taxonomy":"post_tag","embeddable":true,"href":"http:\/\/www.susannavaris.com\/blogg\/wp-json\/wp\/v2\/tags?post=2512"}],"curies":[{"name":"wp","href":"https:\/\/api.w.org\/{rel}","templated":true}]}}