{"id":2540,"date":"2011-09-27T20:34:30","date_gmt":"2011-09-27T18:34:30","guid":{"rendered":"http:\/\/www.susannavaris.com\/blogg\/?p=2540"},"modified":"2011-09-28T14:18:55","modified_gmt":"2011-09-28T12:18:55","slug":"nina-hagen-pa-berns","status":"publish","type":"post","link":"http:\/\/www.susannavaris.com\/blogg\/2011\/09\/nina-hagen-pa-berns\/","title":{"rendered":"Nina Hagen p\u00e5 Berns"},"content":{"rendered":"<p style=\"text-align: center;\"><a href=\"http:\/\/www.susannavaris.com\/blogg\/wp-content\/uploads\/2011\/09\/ninahagen-005.jpg\"><img loading=\"lazy\" decoding=\"async\" class=\"aligncenter size-large wp-image-2541\" title=\"ninahagen 005\" src=\"http:\/\/www.susannavaris.com\/blogg\/wp-content\/uploads\/2011\/09\/ninahagen-005-1024x768.jpg\" alt=\"\" width=\"640\" height=\"480\" srcset=\"http:\/\/www.susannavaris.com\/blogg\/wp-content\/uploads\/2011\/09\/ninahagen-005-1024x768.jpg 1024w, http:\/\/www.susannavaris.com\/blogg\/wp-content\/uploads\/2011\/09\/ninahagen-005-300x225.jpg 300w\" sizes=\"auto, (max-width: 640px) 100vw, 640px\" \/><\/a><em>Oskarpt l\u00e4ge. P\u00e5 Berns. Jag hade bara kompaktkameran med mig eftersom man ofta inte f\u00e5r ta med en systemkamera. Den h\u00e4r g\u00e5ngen hade det nog g\u00e5tt bra, det var ingen som kollade&#8230; Foto: Ulf Holm\u00e9n<\/em><\/p>\n<p>Jag b\u00f6rjar k\u00e4nna av normaltillst\u00e5ndet utarbetad igen. Sm\u00e5slut i rygg och axlar, mellanslut i huvudet, ibland helslut i t\u00e5lamodet&#8230;men trots \u00e5lderdomens gnagande i lemmarna och den allm\u00e4nna, begynnande alzheimer-light-k\u00e4nslan i huvudet, var det v\u00e4rt alla anstr\u00e4ngningar att bevittna Nina Hagens konsert p\u00e5 Berns Salonger ig\u00e5r kv\u00e4ll.<\/p>\n<p style=\"text-align: center;\"><a href=\"http:\/\/www.susannavaris.com\/blogg\/wp-content\/uploads\/2011\/09\/ninahagen-006.jpg\"><img loading=\"lazy\" decoding=\"async\" class=\"aligncenter size-large wp-image-2542\" title=\"ninahagen 006\" src=\"http:\/\/www.susannavaris.com\/blogg\/wp-content\/uploads\/2011\/09\/ninahagen-006-768x1024.jpg\" alt=\"\" width=\"640\" height=\"853\" srcset=\"http:\/\/www.susannavaris.com\/blogg\/wp-content\/uploads\/2011\/09\/ninahagen-006-768x1024.jpg 768w, http:\/\/www.susannavaris.com\/blogg\/wp-content\/uploads\/2011\/09\/ninahagen-006-225x300.jpg 225w\" sizes=\"auto, (max-width: 640px) 100vw, 640px\" \/><\/a><em>Konserten b\u00f6rjar alldeles strax&#8230;\u00a0<\/em><\/p>\n<p>Nina Hagen \u00e4r sig lik, r\u00f6sten har m\u00f6rknat n\u00e5got och gudstron har, som vi alla k\u00e4nner till, accentuerats. F\u00f6ljaktligen kom kv\u00e4llens konsert att ha en huvudperson; Jesus. Fr\u00e5n \u00f6ppningsl\u00e5ten <em>Personal Jesus<\/em>, till de akustiska extranumren sv\u00e4vade hans ande \u00f6ver spelningen och Nina Hagen omvandlade denna kv\u00e4ll Berns Salongers vackra lokal till sin h\u00f6gst personliga kyrka.<\/p>\n<p style=\"text-align: center;\"><a href=\"http:\/\/www.susannavaris.com\/blogg\/wp-content\/uploads\/2011\/09\/ninahagen-007.jpg\"><img loading=\"lazy\" decoding=\"async\" class=\"aligncenter size-large wp-image-2543\" title=\"ninahagen 007\" src=\"http:\/\/www.susannavaris.com\/blogg\/wp-content\/uploads\/2011\/09\/ninahagen-007-768x1024.jpg\" alt=\"\" width=\"640\" height=\"853\" srcset=\"http:\/\/www.susannavaris.com\/blogg\/wp-content\/uploads\/2011\/09\/ninahagen-007-768x1024.jpg 768w, http:\/\/www.susannavaris.com\/blogg\/wp-content\/uploads\/2011\/09\/ninahagen-007-225x300.jpg 225w\" sizes=\"auto, (max-width: 640px) 100vw, 640px\" \/><\/a><em><\/em><\/p>\n<p style=\"text-align: center;\"><em>St\u00e5plats inneb\u00e4r alltid en s\u00e5dan h\u00e4r situation; jag f\u00e5r st\u00e5 s\u00e5 l\u00e5ngt bak f\u00f6r att \u00f6ver huvudtaget se n\u00e5got, att det enda jag ser \u00e4r ett knappn\u00e5lshuvud&#8230;<\/em><\/p>\n<p style=\"text-align: center;\"><a href=\"http:\/\/www.susannavaris.com\/blogg\/wp-content\/uploads\/2011\/09\/110926jimmybjorkman04.jpg\"><img loading=\"lazy\" decoding=\"async\" class=\"aligncenter size-full wp-image-2544\" title=\"110926jimmybjorkman04\" src=\"http:\/\/www.susannavaris.com\/blogg\/wp-content\/uploads\/2011\/09\/110926jimmybjorkman04.jpg\" alt=\"\" width=\"465\" height=\"650\" srcset=\"http:\/\/www.susannavaris.com\/blogg\/wp-content\/uploads\/2011\/09\/110926jimmybjorkman04.jpg 465w, http:\/\/www.susannavaris.com\/blogg\/wp-content\/uploads\/2011\/09\/110926jimmybjorkman04-214x300.jpg 214w\" sizes=\"auto, (max-width: 465px) 100vw, 465px\" \/><\/a><em>S\u00e5 f\u00f6r att ni ska se hur Nina Hagen ser ut s\u00e5 har jag l\u00e5nat en bild. Foto: Jimmy Bj\u00f6rkman<\/em><\/p>\n<p style=\"text-align: center;\"><a href=\"http:\/\/www.jimmyb.se\/foto\/\">http:\/\/www.jimmyb.se\/foto\/<\/a><\/p>\n<p>Konserten pr\u00e4glades av en k\u00e4rleksfull och gemytlig k\u00e4nsla, bortsett fr\u00e5n vissa publikmedlemmar som med fink\u00e4nsligheten av en buffelhjord br\u00f6lade ur sig diverse musikaliska \u00f6nskem\u00e5l. ( &#8221;Unbehagen&#8221; skrek n\u00e5gon och Nina f\u00f6rklarade att hon inte har unbehagen eftersom hon inte menstruerar&#8230;&#8221;spela n\u00e5t gammalt&#8221; gapade n\u00e5gon annan ett flertal g\u00e5nger&#8230;) Stackars Nina. Visst kunde v\u00e4l den gemytliga k\u00e4nslan inne p\u00e5 Berns f\u00e5 folk att f\u00f6rv\u00e4xla konserten med en pubspelning p\u00e5 finlandsf\u00e4rjan, men ibland undrar jag vart respekten f\u00f6r artisters skapande och konst har tagit v\u00e4gen. Nina Hagen live \u00e4r ingen jukebox. F\u00f6r henne \u00e4r punken p\u00e5 m\u00e5nga s\u00e4tt ett passerat kapitel. Om hon vill uttrycka sig med gospel, blues, country eller vad \u00e4n det m\u00e5 vara, s\u00e5 \u00e4r det hennes konstn\u00e4rliga frihet och r\u00e4ttighet att g\u00f6ra det. Nina Hagen har alltid gjort det hon vill, hon hoppar inte p\u00e5 kommando. Hon hade redan blivit illa behandlad av tullen i G\u00f6teborg (som \u00d6st-Tyskland, enligt henne sj\u00e4lv) och en journalist hade ifr\u00e5gasatt hennes utseende aprop\u00e5 hennes \u00e5lder. Det k\u00e4nns pinsamt att vi i Sverige behandlar en underbar artist som Nina Hagen s\u00e5 uselt.<\/p>\n<p>Jag tyckte mycket om lugnet och blandningen i musikstilar. En hel del mellansnack med en r\u00f6d tr\u00e5d av k\u00e4rleks- och fredsbudskap kantade musiken. Nina Hagen hoppas f\u00f6r fred mellan Israel och Palestina, men ist\u00e4llet f\u00f6r att sp\u00e4 p\u00e5 med mera hat (t ex mot Israel), sjunger hon <em>Hava Nagila<\/em>. M\u00e5nga covers fr\u00e5n <em>Personal Jesus<\/em>-plattan ingick i repertoaren och till min stora f\u00f6rtjusning, ABBA:s <em>Like An Angel Passing Through My Room, My Way <\/em>fr\u00e5n n\u00e4mnda <em>Unbehagen<\/em>-plattan och\u00a0<em>Atomic Flash Deluxe <\/em>fr\u00e5n <em>Nina Hagen in Ekstasy, <\/em>men huvudsakligen gamla blues- och gospels\u00e5nger, varierade p\u00e5 klassiskt Nina Hagen-man\u00e9er med s\u00e4g, <em>H\u00e4r Kommer Pippi L\u00e5ngstrump<\/em> eller vad \u00e4n hon i stunden t\u00e4nker p\u00e5. Nina Hagens r\u00f6st \u00e4r i en klass f\u00f6r sig, den ger mig rysningar. Att bara f\u00e5 njuta av den i n\u00e5gon timma \u00e4r fantastiskt! Nina \u00e4r ocks\u00e5 en sann entertainer, hennes sm\u00e5 ber\u00e4ttelser i mellansnacken blir till teatraliska f\u00f6rest\u00e4llningar med karikatyrr\u00f6ster.<\/p>\n<p>Detta var min tredje konsert med Nina Hagen och alla har vi blivit \u00e4ldre och f\u00f6rhoppningsvis mognare. Nina Hagen beh\u00e5ller sitt barnasinne och orkar fortfarande h\u00e5lla fast vid sitt k\u00e4rleksbudskap. Hennes budskap \u00e4r mycket positivt och jag hoppas att jag ska kunna b\u00e4ra med mig n\u00e5got av det, trots den smygande cynismen. Jag hoppas \u00e4ven att jag p\u00e5 samma s\u00e4tt ska v\u00e5ga forts\u00e4tta uttrycka mig p\u00e5 alla de s\u00e4tt jag vill, s\u00e5 l\u00e4nge jag vill.<\/p>\n<p style=\"text-align: center;\"><a href=\"http:\/\/www.susannavaris.com\/blogg\/wp-content\/uploads\/2011\/09\/ninahagen-009.jpg\"><img loading=\"lazy\" decoding=\"async\" class=\"aligncenter size-large wp-image-2545\" title=\"ninahagen 009\" src=\"http:\/\/www.susannavaris.com\/blogg\/wp-content\/uploads\/2011\/09\/ninahagen-009-768x1024.jpg\" alt=\"\" width=\"640\" height=\"853\" srcset=\"http:\/\/www.susannavaris.com\/blogg\/wp-content\/uploads\/2011\/09\/ninahagen-009-768x1024.jpg 768w, http:\/\/www.susannavaris.com\/blogg\/wp-content\/uploads\/2011\/09\/ninahagen-009-225x300.jpg 225w\" sizes=\"auto, (max-width: 640px) 100vw, 640px\" \/><\/a><a href=\"http:\/\/www.susannavaris.com\/blogg\/wp-content\/uploads\/2011\/09\/ninahagen-010.jpg\"><img loading=\"lazy\" decoding=\"async\" class=\"aligncenter size-large wp-image-2546\" title=\"ninahagen 010\" src=\"http:\/\/www.susannavaris.com\/blogg\/wp-content\/uploads\/2011\/09\/ninahagen-010-1024x768.jpg\" alt=\"\" width=\"640\" height=\"480\" srcset=\"http:\/\/www.susannavaris.com\/blogg\/wp-content\/uploads\/2011\/09\/ninahagen-010-1024x768.jpg 1024w, http:\/\/www.susannavaris.com\/blogg\/wp-content\/uploads\/2011\/09\/ninahagen-010-300x225.jpg 300w\" sizes=\"auto, (max-width: 640px) 100vw, 640px\" \/><\/a><em>Konstfoton tagna efter konserten, framf\u00f6r Berns Katthavet. Foton: Susanna Varis<\/em><\/p>\n<p>01.10 rasade jag s\u00e5 i s\u00e4ng, f\u00f6r att idag \u00e5ter \u00e5ka tillbaka till Stockholm och Aba f\u00f6r att h\u00e4mta mina Fine Art gicl\u00e9e-tryck. Dom blev underbart fina&#8230;<\/p>\n<p style=\"text-align: center;\"><a href=\"http:\/\/www.susannavaris.com\/blogg\/wp-content\/uploads\/2011\/09\/110927aba-002.jpg\"><img loading=\"lazy\" decoding=\"async\" class=\"aligncenter size-large wp-image-2547\" title=\"110927aba 002\" src=\"http:\/\/www.susannavaris.com\/blogg\/wp-content\/uploads\/2011\/09\/110927aba-002-1024x768.jpg\" alt=\"\" width=\"640\" height=\"480\" srcset=\"http:\/\/www.susannavaris.com\/blogg\/wp-content\/uploads\/2011\/09\/110927aba-002-1024x768.jpg 1024w, http:\/\/www.susannavaris.com\/blogg\/wp-content\/uploads\/2011\/09\/110927aba-002-300x225.jpg 300w\" sizes=\"auto, (max-width: 640px) 100vw, 640px\" \/><\/a><em>Kvarterskrogen vid WGC. Micket myysig und j\u00e4ttegod mat! Idag blev det dagens lunch d\u00e4r igen&#8230; Foto. Susanna Varis<\/em><\/p>\n<p style=\"text-align: left;\"><a href=\"http:\/\/www.svd.se\/kultur\/scen\/nina-hagen-pa-berns-godispase-med-for-manga-smaker_6504772.svd\">http:\/\/www.svd.se\/kultur\/scen\/nina-hagen-pa-berns-godispase-med-for-manga-smaker_6504772.svd<\/a><\/p>\n<p style=\"text-align: left;\"><a href=\"http:\/\/kulturbloggen.com\/?p=41526\">http:\/\/kulturbloggen.com\/?p=41526<\/a><\/p>\n<p style=\"text-align: left;\"><a href=\"http:\/\/www.annatroberg.com\/2011\/09\/28\/nina-hagen-ar-som-en-excentrisk-faster\/\">http:\/\/www.annatroberg.com\/2011\/09\/28\/nina-hagen-ar-som-en-excentrisk-faster\/<\/a><\/p>\n","protected":false},"excerpt":{"rendered":"<p>Oskarpt l\u00e4ge. P\u00e5 Berns. Jag hade bara kompaktkameran med mig eftersom man ofta inte f\u00e5r ta med en systemkamera. Den h\u00e4r g\u00e5ngen hade det nog g\u00e5tt bra, det var ingen som kollade&#8230; Foto: Ulf Holm\u00e9n Jag b\u00f6rjar k\u00e4nna av normaltillst\u00e5ndet &hellip; <a href=\"http:\/\/www.susannavaris.com\/blogg\/2011\/09\/nina-hagen-pa-berns\/\">Forts\u00e4tt l\u00e4sa <span class=\"meta-nav\">&rarr;<\/span><\/a><\/p>\n","protected":false},"author":1,"featured_media":0,"comment_status":"open","ping_status":"open","sticky":false,"template":"","format":"standard","meta":{"footnotes":""},"categories":[555,1,590,303],"tags":[643,696,633,697],"class_list":["post-2540","post","type-post","status-publish","format-standard","hentry","category-events","category-okategoriserade","category-politik","category-religion","tag-aba","tag-berns","tag-nina-hagen","tag-personal-jesus"],"_links":{"self":[{"href":"http:\/\/www.susannavaris.com\/blogg\/wp-json\/wp\/v2\/posts\/2540","targetHints":{"allow":["GET"]}}],"collection":[{"href":"http:\/\/www.susannavaris.com\/blogg\/wp-json\/wp\/v2\/posts"}],"about":[{"href":"http:\/\/www.susannavaris.com\/blogg\/wp-json\/wp\/v2\/types\/post"}],"author":[{"embeddable":true,"href":"http:\/\/www.susannavaris.com\/blogg\/wp-json\/wp\/v2\/users\/1"}],"replies":[{"embeddable":true,"href":"http:\/\/www.susannavaris.com\/blogg\/wp-json\/wp\/v2\/comments?post=2540"}],"version-history":[{"count":10,"href":"http:\/\/www.susannavaris.com\/blogg\/wp-json\/wp\/v2\/posts\/2540\/revisions"}],"predecessor-version":[{"id":2557,"href":"http:\/\/www.susannavaris.com\/blogg\/wp-json\/wp\/v2\/posts\/2540\/revisions\/2557"}],"wp:attachment":[{"href":"http:\/\/www.susannavaris.com\/blogg\/wp-json\/wp\/v2\/media?parent=2540"}],"wp:term":[{"taxonomy":"category","embeddable":true,"href":"http:\/\/www.susannavaris.com\/blogg\/wp-json\/wp\/v2\/categories?post=2540"},{"taxonomy":"post_tag","embeddable":true,"href":"http:\/\/www.susannavaris.com\/blogg\/wp-json\/wp\/v2\/tags?post=2540"}],"curies":[{"name":"wp","href":"https:\/\/api.w.org\/{rel}","templated":true}]}}